{"id":28997,"date":"2023-11-17T14:26:31","date_gmt":"2023-11-17T13:26:31","guid":{"rendered":"https:\/\/www.article-marketing.eu\/comunicatistampa\/?p=28997"},"modified":"2023-11-17T14:26:31","modified_gmt":"2023-11-17T13:26:31","slug":"mi-riscatto-per-il-futuro-il-progetto-del-gruppo-fs-per-la-riabilitazione-dei-carcerati","status":"publish","type":"post","link":"https:\/\/www.article-marketing.eu\/comunicatistampa\/mi-riscatto-per-il-futuro-il-progetto-del-gruppo-fs-per-la-riabilitazione-dei-carcerati\/","title":{"rendered":"\u201cMi riscatto per il futuro\u201d: il progetto del Gruppo FS per la riabilitazione dei carcerati"},"content":{"rendered":"<p><em><strong>L\u2019impegno sociale del <a title=\"Al Gruppo FS il premio Robert F. Kennedy Human Rights Award\" href=\"https:\/\/finanza.lastampa.it\/News\/2023\/11\/09\/al-gruppo-fs-il-premio-robert-f-kennedy-human-rights-italia-2023\/MjE5XzIwMjMtMTEtMDlfVExC\">Gruppo FS<\/a> \u00e8 stato accreditato con un prestigioso riconoscimento internazionale: il Robert F. Kennedy Human Rights Award, dedicato a individui, organizzazioni o societ\u00e0 che perpetuano l\u2019eredit\u00e0 morale del grande politico.<\/strong><\/em><\/p>\n<p><strong>\u00a0<a title=\"Gruppo FS vincitore del premio dedicato a Robert F. Kennedy \" href=\"https:\/\/finanza.lastampa.it\/News\/2023\/11\/09\/al-gruppo-fs-il-premio-robert-f-kennedy-human-rights-italia-2023\/MjE5XzIwMjMtMTEtMDlfVExC\"><img loading=\"lazy\" decoding=\"async\" src=\"https:\/\/images.teleborsa.it\/t\/stabile\/165255.t.W300.H188.M4.jpg\" alt=\"Gruppo FS, realt\u00e0 leader nel sistema della mobilit\u00e0 italiana\" width=\"239\" height=\"150\" \/><\/a><\/strong><\/p>\n<h2>Gruppo FS tra i vincitori del prestigioso premio dedicato a Robert F. Kennedy<\/h2>\n<p>L&#8217;organizzazione no profit RFK Human Rights Italia, che porta avanti l&#8217;eredit\u00e0 morale del Senatore Robert F. Kennedy, ha assegnato il Premio Robert F. Kennedy Human Rights Award 2023 al <a title=\"Kennedy Human Rights Award, premiato il Gruppo FS \" href=\"https:\/\/finanza.lastampa.it\/News\/2023\/11\/09\/al-gruppo-fs-il-premio-robert-f-kennedy-human-rights-italia-2023\/MjE5XzIwMjMtMTEtMDlfVExC\"><strong>Gruppo FS<\/strong><\/a> per il suo impegno nella difesa dei diritti umani. Il premio \u00e8 stato ritirato dal Chief Human Resources Adriano Mureddu. Il progetto &#8220;Mi riscatto per il futuro&#8221; \u00e8 nato da un&#8217;intesa tra <strong>Gruppo FS<\/strong> e il Ministero della Giustizia, mirando a favorire l&#8217;istruzione, l&#8217;orientamento e la formazione professionale dei detenuti. Grazie a questo accordo, cinque detenuti della Casa di Reclusione di Milano Opera sono stati assunti con un contratto a tempo determinato da Trenitalia e Rete Ferroviaria Italiana. I risultati di questa importante iniziativa di inclusione sociale sono stati illustrati in una conferenza stampa a cui hanno partecipato l&#8217;AD del Gruppo, <strong>Luigi Ferraris<\/strong>, il Sottosegretario di Stato al Ministero della Giustizia, Andrea Ostellari, e il Capo del Dipartimento dell&#8217;Amministrazione Penitenziaria, Giovanni Russo.<\/p>\n<h2>Luigi Ferraris: \u201cIl Gruppo FS coinvolger\u00e0 sempre pi\u00f9 detenuti\u201d<\/h2>\n<p><strong>Luigi Ferraris<\/strong>, AD del <strong>Gruppo FS<\/strong>, ha espresso una profonda soddisfazione per il conferimento del prestigioso premio in un lungo videomessaggio, proiettato nel corso della serata di gala concomitante con le assegnazioni: \u201c<em>Siamo profondamente orgogliosi per questo prestigioso riconoscimento che premia Mi riscatto per il futuro, un progetto nato dalla collaborazione con il Ministero della Giustizia e il Dipartimento dell\u2019Amministrazione Penitenziaria per ribadire l\u2019importanza di una pena riabilitativa e rieducativa, in una prospettiva di reinserimento sociale<\/em>\u201d. L\u2019AD del <strong>Gruppo FS<\/strong> ha inoltre confermato l\u2019impegno a proseguire sulla strada della riabilitazione dei detenuti, contribuendo cos\u00ec al benessere della societ\u00e0 nel complesso. In futuro, secondo le anticipazioni, il numero di soggetti coinvolti aumenter\u00e0 notevolmente: \u201c<em>Ad oggi, gi\u00e0 i primi cinque detenuti della Casa di Reclusione di Milano Opera lavorano all\u2019interno dei nostri uffici e delle nostre stazioni: l\u2019obiettivo \u00e8 coinvolgere un numero sempre maggiore di penitenziari<\/em>\u201d.<\/p>\n","protected":false},"excerpt":{"rendered":"<p>L\u2019impegno sociale del Gruppo FS \u00e8 stato accreditato con un prestigioso riconoscimento internazionale: il Robert F. Kennedy Human Rights Award, dedicato a individui, organizzazioni o societ\u00e0 che perpetuano l\u2019eredit\u00e0 morale del grande politico. \u00a0 Gruppo FS tra i vincitori del prestigioso premio dedicato a Robert F. Kennedy L&#8217;organizzazione no profit RFK Human Rights Italia, che porta avanti l&#8217;eredit\u00e0 morale del Senatore Robert F. Kennedy, ha assegnato il Premio Robert F.<\/p>\n<p><a class=\"continue-reading\" href=\"https:\/\/www.article-marketing.eu\/comunicatistampa\/mi-riscatto-per-il-futuro-il-progetto-del-gruppo-fs-per-la-riabilitazione-dei-carcerati\/\">Continue reading&#8230;<\/a><\/p>\n","protected":false},"author":7203,"featured_media":0,"comment_status":"open","ping_status":"open","sticky":false,"template":"","format":"standard","meta":{"_monsterinsights_skip_tracking":false,"_monsterinsights_sitenote_active":false,"_monsterinsights_sitenote_note":"","_monsterinsights_sitenote_category":0,"footnotes":""},"categories":[362],"tags":[10013],"class_list":["post-28997","post","type-post","status-publish","format-standard","hentry","category-societa","tag-gruppo-fs"],"yoast_head":"<!-- This site is optimized with the Yoast SEO plugin v27.3 - https:\/\/yoast.com\/product\/yoast-seo-wordpress\/ -->\n<title>\u201cMi riscatto per il futuro\u201d: il progetto del Gruppo FS per la riabilitazione dei carcerati<\/title>\n<meta name=\"description\" content=\"Il progetto di Gruppo FS per la riabilitazione dei carcerati \u00e8 stato premiato con il Robert F. Kennedy Human Rights Awards\" \/>\n<meta name=\"robots\" content=\"index, follow, max-snippet:-1, max-image-preview:large, max-video-preview:-1\" \/>\n<link rel=\"canonical\" href=\"https:\/\/www.article-marketing.eu\/comunicatistampa\/mi-riscatto-per-il-futuro-il-progetto-del-gruppo-fs-per-la-riabilitazione-dei-carcerati\/\" \/>\n<meta property=\"og:locale\" content=\"it_IT\" \/>\n<meta property=\"og:type\" content=\"article\" \/>\n<meta property=\"og:title\" content=\"\u201cMi riscatto per il futuro\u201d: il progetto del Gruppo FS per la riabilitazione dei carcerati\" \/>\n<meta property=\"og:description\" content=\"Il progetto di Gruppo FS per la riabilitazione dei carcerati \u00e8 stato premiato con il Robert F. Kennedy Human Rights Awards\" \/>\n<meta property=\"og:url\" content=\"https:\/\/www.article-marketing.eu\/comunicatistampa\/mi-riscatto-per-il-futuro-il-progetto-del-gruppo-fs-per-la-riabilitazione-dei-carcerati\/\" \/>\n<meta property=\"og:site_name\" content=\"Article Marketing\" \/>\n<meta property=\"article:published_time\" content=\"2023-11-17T13:26:31+00:00\" \/>\n<meta property=\"og:image\" content=\"https:\/\/images.teleborsa.it\/t\/stabile\/165255.t.W300.H188.M4.jpg\" \/>\n<meta name=\"author\" content=\"gbofficeprnews\" \/>\n<meta name=\"twitter:card\" content=\"summary_large_image\" \/>\n<meta name=\"twitter:label1\" content=\"Scritto da\" \/>\n\t<meta name=\"twitter:data1\" content=\"gbofficeprnews\" \/>\n\t<meta name=\"twitter:label2\" content=\"Tempo di lettura stimato\" \/>\n\t<meta name=\"twitter:data2\" content=\"3 minuti\" \/>\n<script type=\"application\/ld+json\" class=\"yoast-schema-graph\">{\"@context\":\"https:\\\/\\\/schema.org\",\"@graph\":[{\"@type\":\"Article\",\"@id\":\"https:\\\/\\\/www.article-marketing.eu\\\/comunicatistampa\\\/mi-riscatto-per-il-futuro-il-progetto-del-gruppo-fs-per-la-riabilitazione-dei-carcerati\\\/#article\",\"isPartOf\":{\"@id\":\"https:\\\/\\\/www.article-marketing.eu\\\/comunicatistampa\\\/mi-riscatto-per-il-futuro-il-progetto-del-gruppo-fs-per-la-riabilitazione-dei-carcerati\\\/\"},\"author\":{\"name\":\"gbofficeprnews\",\"@id\":\"https:\\\/\\\/www.article-marketing.eu\\\/comunicatistampa\\\/#\\\/schema\\\/person\\\/00c541681af1a376511ed63d59ca096f\"},\"headline\":\"\u201cMi riscatto per il futuro\u201d: il progetto del Gruppo FS per la riabilitazione dei carcerati\",\"datePublished\":\"2023-11-17T13:26:31+00:00\",\"mainEntityOfPage\":{\"@id\":\"https:\\\/\\\/www.article-marketing.eu\\\/comunicatistampa\\\/mi-riscatto-per-il-futuro-il-progetto-del-gruppo-fs-per-la-riabilitazione-dei-carcerati\\\/\"},\"wordCount\":370,\"commentCount\":0,\"image\":{\"@id\":\"https:\\\/\\\/www.article-marketing.eu\\\/comunicatistampa\\\/mi-riscatto-per-il-futuro-il-progetto-del-gruppo-fs-per-la-riabilitazione-dei-carcerati\\\/#primaryimage\"},\"thumbnailUrl\":\"https:\\\/\\\/images.teleborsa.it\\\/t\\\/stabile\\\/165255.t.W300.H188.M4.jpg\",\"keywords\":[\"Gruppo FS\"],\"articleSection\":[\"Societ\u00e0\"],\"inLanguage\":\"it-IT\",\"potentialAction\":[{\"@type\":\"CommentAction\",\"name\":\"Comment\",\"target\":[\"https:\\\/\\\/www.article-marketing.eu\\\/comunicatistampa\\\/mi-riscatto-per-il-futuro-il-progetto-del-gruppo-fs-per-la-riabilitazione-dei-carcerati\\\/#respond\"]}]},{\"@type\":\"WebPage\",\"@id\":\"https:\\\/\\\/www.article-marketing.eu\\\/comunicatistampa\\\/mi-riscatto-per-il-futuro-il-progetto-del-gruppo-fs-per-la-riabilitazione-dei-carcerati\\\/\",\"url\":\"https:\\\/\\\/www.article-marketing.eu\\\/comunicatistampa\\\/mi-riscatto-per-il-futuro-il-progetto-del-gruppo-fs-per-la-riabilitazione-dei-carcerati\\\/\",\"name\":\"\u201cMi riscatto per il futuro\u201d: il progetto del Gruppo FS per la riabilitazione dei carcerati\",\"isPartOf\":{\"@id\":\"https:\\\/\\\/www.article-marketing.eu\\\/comunicatistampa\\\/#website\"},\"primaryImageOfPage\":{\"@id\":\"https:\\\/\\\/www.article-marketing.eu\\\/comunicatistampa\\\/mi-riscatto-per-il-futuro-il-progetto-del-gruppo-fs-per-la-riabilitazione-dei-carcerati\\\/#primaryimage\"},\"image\":{\"@id\":\"https:\\\/\\\/www.article-marketing.eu\\\/comunicatistampa\\\/mi-riscatto-per-il-futuro-il-progetto-del-gruppo-fs-per-la-riabilitazione-dei-carcerati\\\/#primaryimage\"},\"thumbnailUrl\":\"https:\\\/\\\/images.teleborsa.it\\\/t\\\/stabile\\\/165255.t.W300.H188.M4.jpg\",\"datePublished\":\"2023-11-17T13:26:31+00:00\",\"author\":{\"@id\":\"https:\\\/\\\/www.article-marketing.eu\\\/comunicatistampa\\\/#\\\/schema\\\/person\\\/00c541681af1a376511ed63d59ca096f\"},\"description\":\"Il progetto di Gruppo FS per la riabilitazione dei carcerati \u00e8 stato premiato con il Robert F. Kennedy Human Rights Awards\",\"breadcrumb\":{\"@id\":\"https:\\\/\\\/www.article-marketing.eu\\\/comunicatistampa\\\/mi-riscatto-per-il-futuro-il-progetto-del-gruppo-fs-per-la-riabilitazione-dei-carcerati\\\/#breadcrumb\"},\"inLanguage\":\"it-IT\",\"potentialAction\":[{\"@type\":\"ReadAction\",\"target\":[\"https:\\\/\\\/www.article-marketing.eu\\\/comunicatistampa\\\/mi-riscatto-per-il-futuro-il-progetto-del-gruppo-fs-per-la-riabilitazione-dei-carcerati\\\/\"]}]},{\"@type\":\"ImageObject\",\"inLanguage\":\"it-IT\",\"@id\":\"https:\\\/\\\/www.article-marketing.eu\\\/comunicatistampa\\\/mi-riscatto-per-il-futuro-il-progetto-del-gruppo-fs-per-la-riabilitazione-dei-carcerati\\\/#primaryimage\",\"url\":\"https:\\\/\\\/images.teleborsa.it\\\/t\\\/stabile\\\/165255.t.W300.H188.M4.jpg\",\"contentUrl\":\"https:\\\/\\\/images.teleborsa.it\\\/t\\\/stabile\\\/165255.t.W300.H188.M4.jpg\"},{\"@type\":\"BreadcrumbList\",\"@id\":\"https:\\\/\\\/www.article-marketing.eu\\\/comunicatistampa\\\/mi-riscatto-per-il-futuro-il-progetto-del-gruppo-fs-per-la-riabilitazione-dei-carcerati\\\/#breadcrumb\",\"itemListElement\":[{\"@type\":\"ListItem\",\"position\":1,\"name\":\"Home\",\"item\":\"https:\\\/\\\/www.article-marketing.eu\\\/comunicatistampa\\\/\"},{\"@type\":\"ListItem\",\"position\":2,\"name\":\"\u201cMi riscatto per il futuro\u201d: il progetto del Gruppo FS per la riabilitazione dei carcerati\"}]},{\"@type\":\"WebSite\",\"@id\":\"https:\\\/\\\/www.article-marketing.eu\\\/comunicatistampa\\\/#website\",\"url\":\"https:\\\/\\\/www.article-marketing.eu\\\/comunicatistampa\\\/\",\"name\":\"Article Marketing\",\"description\":\"article marketing &amp; press release\",\"potentialAction\":[{\"@type\":\"SearchAction\",\"target\":{\"@type\":\"EntryPoint\",\"urlTemplate\":\"https:\\\/\\\/www.article-marketing.eu\\\/comunicatistampa\\\/?s={search_term_string}\"},\"query-input\":{\"@type\":\"PropertyValueSpecification\",\"valueRequired\":true,\"valueName\":\"search_term_string\"}}],\"inLanguage\":\"it-IT\"},{\"@type\":\"Person\",\"@id\":\"https:\\\/\\\/www.article-marketing.eu\\\/comunicatistampa\\\/#\\\/schema\\\/person\\\/00c541681af1a376511ed63d59ca096f\",\"name\":\"gbofficeprnews\",\"image\":{\"@type\":\"ImageObject\",\"inLanguage\":\"it-IT\",\"@id\":\"https:\\\/\\\/secure.gravatar.com\\\/avatar\\\/6c895f4b9cd59fffe899c25f76b85bf0d427605c1f0d3b07c81e155c001265cf?s=96&d=mm&r=g\",\"url\":\"https:\\\/\\\/secure.gravatar.com\\\/avatar\\\/6c895f4b9cd59fffe899c25f76b85bf0d427605c1f0d3b07c81e155c001265cf?s=96&d=mm&r=g\",\"contentUrl\":\"https:\\\/\\\/secure.gravatar.com\\\/avatar\\\/6c895f4b9cd59fffe899c25f76b85bf0d427605c1f0d3b07c81e155c001265cf?s=96&d=mm&r=g\",\"caption\":\"gbofficeprnews\"},\"url\":\"https:\\\/\\\/www.article-marketing.eu\\\/comunicatistampa\\\/author\\\/gbofficeprnews\\\/\"}]}<\/script>\n<!-- \/ Yoast SEO plugin. -->","yoast_head_json":{"title":"\u201cMi riscatto per il futuro\u201d: il progetto del Gruppo FS per la riabilitazione dei carcerati","description":"Il progetto di Gruppo FS per la riabilitazione dei carcerati \u00e8 stato premiato con il Robert F. Kennedy Human Rights Awards","robots":{"index":"index","follow":"follow","max-snippet":"max-snippet:-1","max-image-preview":"max-image-preview:large","max-video-preview":"max-video-preview:-1"},"canonical":"https:\/\/www.article-marketing.eu\/comunicatistampa\/mi-riscatto-per-il-futuro-il-progetto-del-gruppo-fs-per-la-riabilitazione-dei-carcerati\/","og_locale":"it_IT","og_type":"article","og_title":"\u201cMi riscatto per il futuro\u201d: il progetto del Gruppo FS per la riabilitazione dei carcerati","og_description":"Il progetto di Gruppo FS per la riabilitazione dei carcerati \u00e8 stato premiato con il Robert F. Kennedy Human Rights Awards","og_url":"https:\/\/www.article-marketing.eu\/comunicatistampa\/mi-riscatto-per-il-futuro-il-progetto-del-gruppo-fs-per-la-riabilitazione-dei-carcerati\/","og_site_name":"Article Marketing","article_published_time":"2023-11-17T13:26:31+00:00","og_image":[{"url":"https:\/\/images.teleborsa.it\/t\/stabile\/165255.t.W300.H188.M4.jpg","type":"","width":"","height":""}],"author":"gbofficeprnews","twitter_card":"summary_large_image","twitter_misc":{"Scritto da":"gbofficeprnews","Tempo di lettura stimato":"3 minuti"},"schema":{"@context":"https:\/\/schema.org","@graph":[{"@type":"Article","@id":"https:\/\/www.article-marketing.eu\/comunicatistampa\/mi-riscatto-per-il-futuro-il-progetto-del-gruppo-fs-per-la-riabilitazione-dei-carcerati\/#article","isPartOf":{"@id":"https:\/\/www.article-marketing.eu\/comunicatistampa\/mi-riscatto-per-il-futuro-il-progetto-del-gruppo-fs-per-la-riabilitazione-dei-carcerati\/"},"author":{"name":"gbofficeprnews","@id":"https:\/\/www.article-marketing.eu\/comunicatistampa\/#\/schema\/person\/00c541681af1a376511ed63d59ca096f"},"headline":"\u201cMi riscatto per il futuro\u201d: il progetto del Gruppo FS per la riabilitazione dei carcerati","datePublished":"2023-11-17T13:26:31+00:00","mainEntityOfPage":{"@id":"https:\/\/www.article-marketing.eu\/comunicatistampa\/mi-riscatto-per-il-futuro-il-progetto-del-gruppo-fs-per-la-riabilitazione-dei-carcerati\/"},"wordCount":370,"commentCount":0,"image":{"@id":"https:\/\/www.article-marketing.eu\/comunicatistampa\/mi-riscatto-per-il-futuro-il-progetto-del-gruppo-fs-per-la-riabilitazione-dei-carcerati\/#primaryimage"},"thumbnailUrl":"https:\/\/images.teleborsa.it\/t\/stabile\/165255.t.W300.H188.M4.jpg","keywords":["Gruppo FS"],"articleSection":["Societ\u00e0"],"inLanguage":"it-IT","potentialAction":[{"@type":"CommentAction","name":"Comment","target":["https:\/\/www.article-marketing.eu\/comunicatistampa\/mi-riscatto-per-il-futuro-il-progetto-del-gruppo-fs-per-la-riabilitazione-dei-carcerati\/#respond"]}]},{"@type":"WebPage","@id":"https:\/\/www.article-marketing.eu\/comunicatistampa\/mi-riscatto-per-il-futuro-il-progetto-del-gruppo-fs-per-la-riabilitazione-dei-carcerati\/","url":"https:\/\/www.article-marketing.eu\/comunicatistampa\/mi-riscatto-per-il-futuro-il-progetto-del-gruppo-fs-per-la-riabilitazione-dei-carcerati\/","name":"\u201cMi riscatto per il futuro\u201d: il progetto del Gruppo FS per la riabilitazione dei carcerati","isPartOf":{"@id":"https:\/\/www.article-marketing.eu\/comunicatistampa\/#website"},"primaryImageOfPage":{"@id":"https:\/\/www.article-marketing.eu\/comunicatistampa\/mi-riscatto-per-il-futuro-il-progetto-del-gruppo-fs-per-la-riabilitazione-dei-carcerati\/#primaryimage"},"image":{"@id":"https:\/\/www.article-marketing.eu\/comunicatistampa\/mi-riscatto-per-il-futuro-il-progetto-del-gruppo-fs-per-la-riabilitazione-dei-carcerati\/#primaryimage"},"thumbnailUrl":"https:\/\/images.teleborsa.it\/t\/stabile\/165255.t.W300.H188.M4.jpg","datePublished":"2023-11-17T13:26:31+00:00","author":{"@id":"https:\/\/www.article-marketing.eu\/comunicatistampa\/#\/schema\/person\/00c541681af1a376511ed63d59ca096f"},"description":"Il progetto di Gruppo FS per la riabilitazione dei carcerati \u00e8 stato premiato con il Robert F. Kennedy Human Rights Awards","breadcrumb":{"@id":"https:\/\/www.article-marketing.eu\/comunicatistampa\/mi-riscatto-per-il-futuro-il-progetto-del-gruppo-fs-per-la-riabilitazione-dei-carcerati\/#breadcrumb"},"inLanguage":"it-IT","potentialAction":[{"@type":"ReadAction","target":["https:\/\/www.article-marketing.eu\/comunicatistampa\/mi-riscatto-per-il-futuro-il-progetto-del-gruppo-fs-per-la-riabilitazione-dei-carcerati\/"]}]},{"@type":"ImageObject","inLanguage":"it-IT","@id":"https:\/\/www.article-marketing.eu\/comunicatistampa\/mi-riscatto-per-il-futuro-il-progetto-del-gruppo-fs-per-la-riabilitazione-dei-carcerati\/#primaryimage","url":"https:\/\/images.teleborsa.it\/t\/stabile\/165255.t.W300.H188.M4.jpg","contentUrl":"https:\/\/images.teleborsa.it\/t\/stabile\/165255.t.W300.H188.M4.jpg"},{"@type":"BreadcrumbList","@id":"https:\/\/www.article-marketing.eu\/comunicatistampa\/mi-riscatto-per-il-futuro-il-progetto-del-gruppo-fs-per-la-riabilitazione-dei-carcerati\/#breadcrumb","itemListElement":[{"@type":"ListItem","position":1,"name":"Home","item":"https:\/\/www.article-marketing.eu\/comunicatistampa\/"},{"@type":"ListItem","position":2,"name":"\u201cMi riscatto per il futuro\u201d: il progetto del Gruppo FS per la riabilitazione dei carcerati"}]},{"@type":"WebSite","@id":"https:\/\/www.article-marketing.eu\/comunicatistampa\/#website","url":"https:\/\/www.article-marketing.eu\/comunicatistampa\/","name":"Article Marketing","description":"article marketing &amp; press release","potentialAction":[{"@type":"SearchAction","target":{"@type":"EntryPoint","urlTemplate":"https:\/\/www.article-marketing.eu\/comunicatistampa\/?s={search_term_string}"},"query-input":{"@type":"PropertyValueSpecification","valueRequired":true,"valueName":"search_term_string"}}],"inLanguage":"it-IT"},{"@type":"Person","@id":"https:\/\/www.article-marketing.eu\/comunicatistampa\/#\/schema\/person\/00c541681af1a376511ed63d59ca096f","name":"gbofficeprnews","image":{"@type":"ImageObject","inLanguage":"it-IT","@id":"https:\/\/secure.gravatar.com\/avatar\/6c895f4b9cd59fffe899c25f76b85bf0d427605c1f0d3b07c81e155c001265cf?s=96&d=mm&r=g","url":"https:\/\/secure.gravatar.com\/avatar\/6c895f4b9cd59fffe899c25f76b85bf0d427605c1f0d3b07c81e155c001265cf?s=96&d=mm&r=g","contentUrl":"https:\/\/secure.gravatar.com\/avatar\/6c895f4b9cd59fffe899c25f76b85bf0d427605c1f0d3b07c81e155c001265cf?s=96&d=mm&r=g","caption":"gbofficeprnews"},"url":"https:\/\/www.article-marketing.eu\/comunicatistampa\/author\/gbofficeprnews\/"}]}},"_links":{"self":[{"href":"https:\/\/www.article-marketing.eu\/comunicatistampa\/wp-json\/wp\/v2\/posts\/28997","targetHints":{"allow":["GET"]}}],"collection":[{"href":"https:\/\/www.article-marketing.eu\/comunicatistampa\/wp-json\/wp\/v2\/posts"}],"about":[{"href":"https:\/\/www.article-marketing.eu\/comunicatistampa\/wp-json\/wp\/v2\/types\/post"}],"author":[{"embeddable":true,"href":"https:\/\/www.article-marketing.eu\/comunicatistampa\/wp-json\/wp\/v2\/users\/7203"}],"replies":[{"embeddable":true,"href":"https:\/\/www.article-marketing.eu\/comunicatistampa\/wp-json\/wp\/v2\/comments?post=28997"}],"version-history":[{"count":2,"href":"https:\/\/www.article-marketing.eu\/comunicatistampa\/wp-json\/wp\/v2\/posts\/28997\/revisions"}],"predecessor-version":[{"id":29007,"href":"https:\/\/www.article-marketing.eu\/comunicatistampa\/wp-json\/wp\/v2\/posts\/28997\/revisions\/29007"}],"wp:attachment":[{"href":"https:\/\/www.article-marketing.eu\/comunicatistampa\/wp-json\/wp\/v2\/media?parent=28997"}],"wp:term":[{"taxonomy":"category","embeddable":true,"href":"https:\/\/www.article-marketing.eu\/comunicatistampa\/wp-json\/wp\/v2\/categories?post=28997"},{"taxonomy":"post_tag","embeddable":true,"href":"https:\/\/www.article-marketing.eu\/comunicatistampa\/wp-json\/wp\/v2\/tags?post=28997"}],"curies":[{"name":"wp","href":"https:\/\/api.w.org\/{rel}","templated":true}]}}