{"id":28999,"date":"2023-11-17T14:26:30","date_gmt":"2023-11-17T13:26:30","guid":{"rendered":"https:\/\/www.article-marketing.eu\/comunicatistampa\/?p=28999"},"modified":"2023-11-17T14:26:30","modified_gmt":"2023-11-17T13:26:30","slug":"federico-motta-editore-la-storia-millenaria-della-chiesa-in-unenciclopedia-illustrata","status":"publish","type":"post","link":"https:\/\/www.article-marketing.eu\/comunicatistampa\/federico-motta-editore-la-storia-millenaria-della-chiesa-in-unenciclopedia-illustrata\/","title":{"rendered":"Federico Motta Editore, la storia millenaria della Chiesa in un\u2019Enciclopedia illustrata"},"content":{"rendered":"<p><em><strong>Oggi intendiamo il Papa come una sorta di grande padre spirituale dell\u2019umanit\u00e0, in grado di andare oltre alle prospettive delle singole nazioni. Tuttavia, un tempo il Pontefice era pi\u00f9 simile a un monarca assoluto, con tanto di forze armate. <a title=\"Federico Motta Editore, storia e descrizione della Casa Editrice\" href=\"https:\/\/www.cultura360.eu\/tag\/federico-motta-editore\/\">Federico Motta Editore<\/a> traccia le tappe di questo percorso nella grande opera enciclopedica \u201cI protagonisti della Cristianit\u00e0\u201d.<\/strong><\/em><\/p>\n<p><strong>\u00a0<a title=\"Il profilo aziendale di Federico Motta Editore\" href=\"https:\/\/www.cultura360.eu\/tag\/federico-motta-editore\/\"><img loading=\"lazy\" decoding=\"async\" src=\"https:\/\/h2biz.net\/images\/Plats\/20181001182908.png\" alt=\"Federico Motta Editore\" width=\"263\" height=\"200\" \/><\/a><\/strong><\/p>\n<h2>Federico Motta Editore: il Concilio Vaticano II come spartiacque nella storia della Chiesa<\/h2>\n<p>La Chiesa Cattolica \u00e8 una delle istituzioni pi\u00f9 importanti della storia dell\u2019Occidente, e nel corso della sua storia ha cambiato in numerose occasioni volto e concezione del proprio ruolo. Lo attesta anche l\u2019Enciclopedia \u201cI protagonisti della Cristianit\u00e0\u201d, realizzata da <a title=\"La storia della Casa Editrice Federico Motta Editore\" href=\"https:\/\/www.cultura360.eu\/tag\/federico-motta-editore\/\"><strong>Federico Motta Editore<\/strong><\/a>, che documenta le numerose trasformazioni della Sede di Pietro e della sua guida, il Papa. Nell\u2019esteso e dettagliato approfondimento sulla figura del Pontefice, l\u2019Enciclopedia documenta l\u2019ascesa del Vescovo di Roma, che sarebbe presto divenuto il pi\u00f9 potente tra gli antichi patriarcati e infine guida dell\u2019intera Cristianit\u00e0 occidentale. Il Papa, in origine, non era affatto diverso dagli altri sovrani temporali: disponeva di una efficiente burocrazia, controllava delle forze armate e riceveva l\u2019obbedienza di diversi vassalli, allo stesso modo dei re e imperatori dell\u2019epoca. Il potere \u201ctemporale\u201d del Papato entrer\u00e0 tuttavia progressivamente in crisi con l\u2019emergere degli Stati nazionali. Si render\u00e0 dunque necessario un \u201caggiornamento\u201d: nello specifico, il Concilio Vaticano II, che <strong>Federico Motta Editore<\/strong> definisce come uno degli eventi pi\u00f9 importanti della storia dell\u2019umanit\u00e0, riformer\u00e0 la Chiesa e i suoi valori in una direzione pi\u00f9 universalista.<\/p>\n<h2>Federico Motta Editore: l\u2019ascesa dei Papi \u201cinternazionali\u201d approfondita nell\u2019Enciclopedia<\/h2>\n<p><strong>Federico Motta Editore<\/strong> evidenzia come il Concilio Vaticano II fu il primo veramente ecumenico, perch\u00e9 segn\u00f2 la partecipazione di un grandissimo numero di Vescovi africani e asiatici, provenienti da regioni in precedenza rappresentate dai missionari. Il Concilio reindirizz\u00f2 inoltre i valori della Chiesa in una direzione pi\u00f9 moderna, indebolendo il focus sulla dottrina e aumentando quello sull\u2019etica e sui diritti umani: \u201c<em>Con il Concilio Vaticano II si affermava una nuova ecclesiologia \u2013 pi\u00f9 comunitaria e meno monarchico-assolutistica \u2013 e la Chiesa cattolica non si concepiva pi\u00f9 come istituzionalmente isomorfa agli Stati nazionali ma, se mai, all\u2019ONU [\u2026], pertanto direttamente e fortemente impegnata per la pace e per la giustizia nel mondo<\/em>\u201d. Non a caso, sottolinea <strong>Federico Motta Editore<\/strong>, si apr\u00ec presto la stagione dei Papi non-italiani, in contrasto con il passato. Giovanni Paolo II ebbe un ruolo storico nel fare da mediatore nell\u2019epoca della Guerra Fredda; Benedetto XVI affront\u00f2 aspetti difficili dell\u2019eredit\u00e0 storica della Chiesa Cattolica; Francesco I \u00e8 invece il primo Santo Padre proveniente da un Paese del Sud del mondo. I nuovi Pontefici risiedono a Roma, ma compiono continui viaggi apostolici in parrocchie di tutto il mondo.<\/p>\n","protected":false},"excerpt":{"rendered":"<p>Oggi intendiamo il Papa come una sorta di grande padre spirituale dell\u2019umanit\u00e0, in grado di andare oltre alle prospettive delle singole nazioni. Tuttavia, un tempo il Pontefice era pi\u00f9 simile a un monarca assoluto, con tanto di forze armate. Federico Motta Editore traccia le tappe di questo percorso nella grande opera enciclopedica \u201cI protagonisti della Cristianit\u00e0\u201d. \u00a0 Federico Motta Editore: il Concilio Vaticano II come spartiacque nella storia della Chiesa<\/p>\n<p><a class=\"continue-reading\" href=\"https:\/\/www.article-marketing.eu\/comunicatistampa\/federico-motta-editore-la-storia-millenaria-della-chiesa-in-unenciclopedia-illustrata\/\">Continue reading&#8230;<\/a><\/p>\n","protected":false},"author":6477,"featured_media":0,"comment_status":"open","ping_status":"open","sticky":false,"template":"","format":"standard","meta":{"_monsterinsights_skip_tracking":false,"_monsterinsights_sitenote_active":false,"_monsterinsights_sitenote_note":"","_monsterinsights_sitenote_category":0,"footnotes":""},"categories":[360],"tags":[9413],"class_list":["post-28999","post","type-post","status-publish","format-standard","hentry","category-religione","tag-federico-motta-editore"],"yoast_head":"<!-- This site is optimized with the Yoast SEO plugin v27.3 - https:\/\/yoast.com\/product\/yoast-seo-wordpress\/ -->\n<title>Federico Motta Editore, la storia millenaria della Chiesa in un\u2019Enciclopedia illustrata<\/title>\n<meta name=\"description\" content=\"Come la figura del Pontefice si \u00e8 evoluta: \u201cI protagonisti della Cristianit\u00e0\u201d di Federico Motta Editore ne d\u00e0 un dettagliato resoconto\" \/>\n<meta name=\"robots\" content=\"index, follow, max-snippet:-1, max-image-preview:large, max-video-preview:-1\" \/>\n<link rel=\"canonical\" href=\"https:\/\/www.article-marketing.eu\/comunicatistampa\/federico-motta-editore-la-storia-millenaria-della-chiesa-in-unenciclopedia-illustrata\/\" \/>\n<meta property=\"og:locale\" content=\"it_IT\" \/>\n<meta property=\"og:type\" content=\"article\" \/>\n<meta property=\"og:title\" content=\"Federico Motta Editore, la storia millenaria della Chiesa in un\u2019Enciclopedia illustrata\" \/>\n<meta property=\"og:description\" content=\"Come la figura del Pontefice si \u00e8 evoluta: \u201cI protagonisti della Cristianit\u00e0\u201d di Federico Motta Editore ne d\u00e0 un dettagliato resoconto\" \/>\n<meta property=\"og:url\" content=\"https:\/\/www.article-marketing.eu\/comunicatistampa\/federico-motta-editore-la-storia-millenaria-della-chiesa-in-unenciclopedia-illustrata\/\" \/>\n<meta property=\"og:site_name\" content=\"Article Marketing\" \/>\n<meta property=\"article:published_time\" content=\"2023-11-17T13:26:30+00:00\" \/>\n<meta property=\"og:image\" content=\"https:\/\/h2biz.net\/images\/Plats\/20181001182908.png\" \/>\n<meta name=\"author\" content=\"articolinews\" \/>\n<meta name=\"twitter:card\" content=\"summary_large_image\" \/>\n<meta name=\"twitter:label1\" content=\"Scritto da\" \/>\n\t<meta name=\"twitter:data1\" content=\"articolinews\" \/>\n\t<meta name=\"twitter:label2\" content=\"Tempo di lettura stimato\" \/>\n\t<meta name=\"twitter:data2\" content=\"3 minuti\" \/>\n<script type=\"application\/ld+json\" class=\"yoast-schema-graph\">{\"@context\":\"https:\\\/\\\/schema.org\",\"@graph\":[{\"@type\":\"Article\",\"@id\":\"https:\\\/\\\/www.article-marketing.eu\\\/comunicatistampa\\\/federico-motta-editore-la-storia-millenaria-della-chiesa-in-unenciclopedia-illustrata\\\/#article\",\"isPartOf\":{\"@id\":\"https:\\\/\\\/www.article-marketing.eu\\\/comunicatistampa\\\/federico-motta-editore-la-storia-millenaria-della-chiesa-in-unenciclopedia-illustrata\\\/\"},\"author\":{\"name\":\"articolinews\",\"@id\":\"https:\\\/\\\/www.article-marketing.eu\\\/comunicatistampa\\\/#\\\/schema\\\/person\\\/2fcaf8f8f3a9eef9eb7f27532d3ca458\"},\"headline\":\"Federico Motta Editore, la storia millenaria della Chiesa in un\u2019Enciclopedia illustrata\",\"datePublished\":\"2023-11-17T13:26:30+00:00\",\"mainEntityOfPage\":{\"@id\":\"https:\\\/\\\/www.article-marketing.eu\\\/comunicatistampa\\\/federico-motta-editore-la-storia-millenaria-della-chiesa-in-unenciclopedia-illustrata\\\/\"},\"wordCount\":468,\"commentCount\":0,\"image\":{\"@id\":\"https:\\\/\\\/www.article-marketing.eu\\\/comunicatistampa\\\/federico-motta-editore-la-storia-millenaria-della-chiesa-in-unenciclopedia-illustrata\\\/#primaryimage\"},\"thumbnailUrl\":\"https:\\\/\\\/h2biz.net\\\/images\\\/Plats\\\/20181001182908.png\",\"keywords\":[\"Federico Motta Editore\"],\"articleSection\":[\"Religione\"],\"inLanguage\":\"it-IT\",\"potentialAction\":[{\"@type\":\"CommentAction\",\"name\":\"Comment\",\"target\":[\"https:\\\/\\\/www.article-marketing.eu\\\/comunicatistampa\\\/federico-motta-editore-la-storia-millenaria-della-chiesa-in-unenciclopedia-illustrata\\\/#respond\"]}]},{\"@type\":\"WebPage\",\"@id\":\"https:\\\/\\\/www.article-marketing.eu\\\/comunicatistampa\\\/federico-motta-editore-la-storia-millenaria-della-chiesa-in-unenciclopedia-illustrata\\\/\",\"url\":\"https:\\\/\\\/www.article-marketing.eu\\\/comunicatistampa\\\/federico-motta-editore-la-storia-millenaria-della-chiesa-in-unenciclopedia-illustrata\\\/\",\"name\":\"Federico Motta Editore, la storia millenaria della Chiesa in un\u2019Enciclopedia illustrata\",\"isPartOf\":{\"@id\":\"https:\\\/\\\/www.article-marketing.eu\\\/comunicatistampa\\\/#website\"},\"primaryImageOfPage\":{\"@id\":\"https:\\\/\\\/www.article-marketing.eu\\\/comunicatistampa\\\/federico-motta-editore-la-storia-millenaria-della-chiesa-in-unenciclopedia-illustrata\\\/#primaryimage\"},\"image\":{\"@id\":\"https:\\\/\\\/www.article-marketing.eu\\\/comunicatistampa\\\/federico-motta-editore-la-storia-millenaria-della-chiesa-in-unenciclopedia-illustrata\\\/#primaryimage\"},\"thumbnailUrl\":\"https:\\\/\\\/h2biz.net\\\/images\\\/Plats\\\/20181001182908.png\",\"datePublished\":\"2023-11-17T13:26:30+00:00\",\"author\":{\"@id\":\"https:\\\/\\\/www.article-marketing.eu\\\/comunicatistampa\\\/#\\\/schema\\\/person\\\/2fcaf8f8f3a9eef9eb7f27532d3ca458\"},\"description\":\"Come la figura del Pontefice si \u00e8 evoluta: \u201cI protagonisti della Cristianit\u00e0\u201d di Federico Motta Editore ne d\u00e0 un dettagliato resoconto\",\"breadcrumb\":{\"@id\":\"https:\\\/\\\/www.article-marketing.eu\\\/comunicatistampa\\\/federico-motta-editore-la-storia-millenaria-della-chiesa-in-unenciclopedia-illustrata\\\/#breadcrumb\"},\"inLanguage\":\"it-IT\",\"potentialAction\":[{\"@type\":\"ReadAction\",\"target\":[\"https:\\\/\\\/www.article-marketing.eu\\\/comunicatistampa\\\/federico-motta-editore-la-storia-millenaria-della-chiesa-in-unenciclopedia-illustrata\\\/\"]}]},{\"@type\":\"ImageObject\",\"inLanguage\":\"it-IT\",\"@id\":\"https:\\\/\\\/www.article-marketing.eu\\\/comunicatistampa\\\/federico-motta-editore-la-storia-millenaria-della-chiesa-in-unenciclopedia-illustrata\\\/#primaryimage\",\"url\":\"https:\\\/\\\/h2biz.net\\\/images\\\/Plats\\\/20181001182908.png\",\"contentUrl\":\"https:\\\/\\\/h2biz.net\\\/images\\\/Plats\\\/20181001182908.png\"},{\"@type\":\"BreadcrumbList\",\"@id\":\"https:\\\/\\\/www.article-marketing.eu\\\/comunicatistampa\\\/federico-motta-editore-la-storia-millenaria-della-chiesa-in-unenciclopedia-illustrata\\\/#breadcrumb\",\"itemListElement\":[{\"@type\":\"ListItem\",\"position\":1,\"name\":\"Home\",\"item\":\"https:\\\/\\\/www.article-marketing.eu\\\/comunicatistampa\\\/\"},{\"@type\":\"ListItem\",\"position\":2,\"name\":\"Federico Motta Editore, la storia millenaria della Chiesa in un\u2019Enciclopedia illustrata\"}]},{\"@type\":\"WebSite\",\"@id\":\"https:\\\/\\\/www.article-marketing.eu\\\/comunicatistampa\\\/#website\",\"url\":\"https:\\\/\\\/www.article-marketing.eu\\\/comunicatistampa\\\/\",\"name\":\"Article Marketing\",\"description\":\"article marketing &amp; press release\",\"potentialAction\":[{\"@type\":\"SearchAction\",\"target\":{\"@type\":\"EntryPoint\",\"urlTemplate\":\"https:\\\/\\\/www.article-marketing.eu\\\/comunicatistampa\\\/?s={search_term_string}\"},\"query-input\":{\"@type\":\"PropertyValueSpecification\",\"valueRequired\":true,\"valueName\":\"search_term_string\"}}],\"inLanguage\":\"it-IT\"},{\"@type\":\"Person\",\"@id\":\"https:\\\/\\\/www.article-marketing.eu\\\/comunicatistampa\\\/#\\\/schema\\\/person\\\/2fcaf8f8f3a9eef9eb7f27532d3ca458\",\"name\":\"articolinews\",\"image\":{\"@type\":\"ImageObject\",\"inLanguage\":\"it-IT\",\"@id\":\"https:\\\/\\\/secure.gravatar.com\\\/avatar\\\/9e2a264bab04e17dea24d937c9956304649a848cb73c46747a692ff1bdeb1cb7?s=96&d=mm&r=g\",\"url\":\"https:\\\/\\\/secure.gravatar.com\\\/avatar\\\/9e2a264bab04e17dea24d937c9956304649a848cb73c46747a692ff1bdeb1cb7?s=96&d=mm&r=g\",\"contentUrl\":\"https:\\\/\\\/secure.gravatar.com\\\/avatar\\\/9e2a264bab04e17dea24d937c9956304649a848cb73c46747a692ff1bdeb1cb7?s=96&d=mm&r=g\",\"caption\":\"articolinews\"},\"url\":\"https:\\\/\\\/www.article-marketing.eu\\\/comunicatistampa\\\/author\\\/articolinews\\\/\"}]}<\/script>\n<!-- \/ Yoast SEO plugin. -->","yoast_head_json":{"title":"Federico Motta Editore, la storia millenaria della Chiesa in un\u2019Enciclopedia illustrata","description":"Come la figura del Pontefice si \u00e8 evoluta: \u201cI protagonisti della Cristianit\u00e0\u201d di Federico Motta Editore ne d\u00e0 un dettagliato resoconto","robots":{"index":"index","follow":"follow","max-snippet":"max-snippet:-1","max-image-preview":"max-image-preview:large","max-video-preview":"max-video-preview:-1"},"canonical":"https:\/\/www.article-marketing.eu\/comunicatistampa\/federico-motta-editore-la-storia-millenaria-della-chiesa-in-unenciclopedia-illustrata\/","og_locale":"it_IT","og_type":"article","og_title":"Federico Motta Editore, la storia millenaria della Chiesa in un\u2019Enciclopedia illustrata","og_description":"Come la figura del Pontefice si \u00e8 evoluta: \u201cI protagonisti della Cristianit\u00e0\u201d di Federico Motta Editore ne d\u00e0 un dettagliato resoconto","og_url":"https:\/\/www.article-marketing.eu\/comunicatistampa\/federico-motta-editore-la-storia-millenaria-della-chiesa-in-unenciclopedia-illustrata\/","og_site_name":"Article Marketing","article_published_time":"2023-11-17T13:26:30+00:00","og_image":[{"url":"https:\/\/h2biz.net\/images\/Plats\/20181001182908.png","type":"","width":"","height":""}],"author":"articolinews","twitter_card":"summary_large_image","twitter_misc":{"Scritto da":"articolinews","Tempo di lettura stimato":"3 minuti"},"schema":{"@context":"https:\/\/schema.org","@graph":[{"@type":"Article","@id":"https:\/\/www.article-marketing.eu\/comunicatistampa\/federico-motta-editore-la-storia-millenaria-della-chiesa-in-unenciclopedia-illustrata\/#article","isPartOf":{"@id":"https:\/\/www.article-marketing.eu\/comunicatistampa\/federico-motta-editore-la-storia-millenaria-della-chiesa-in-unenciclopedia-illustrata\/"},"author":{"name":"articolinews","@id":"https:\/\/www.article-marketing.eu\/comunicatistampa\/#\/schema\/person\/2fcaf8f8f3a9eef9eb7f27532d3ca458"},"headline":"Federico Motta Editore, la storia millenaria della Chiesa in un\u2019Enciclopedia illustrata","datePublished":"2023-11-17T13:26:30+00:00","mainEntityOfPage":{"@id":"https:\/\/www.article-marketing.eu\/comunicatistampa\/federico-motta-editore-la-storia-millenaria-della-chiesa-in-unenciclopedia-illustrata\/"},"wordCount":468,"commentCount":0,"image":{"@id":"https:\/\/www.article-marketing.eu\/comunicatistampa\/federico-motta-editore-la-storia-millenaria-della-chiesa-in-unenciclopedia-illustrata\/#primaryimage"},"thumbnailUrl":"https:\/\/h2biz.net\/images\/Plats\/20181001182908.png","keywords":["Federico Motta Editore"],"articleSection":["Religione"],"inLanguage":"it-IT","potentialAction":[{"@type":"CommentAction","name":"Comment","target":["https:\/\/www.article-marketing.eu\/comunicatistampa\/federico-motta-editore-la-storia-millenaria-della-chiesa-in-unenciclopedia-illustrata\/#respond"]}]},{"@type":"WebPage","@id":"https:\/\/www.article-marketing.eu\/comunicatistampa\/federico-motta-editore-la-storia-millenaria-della-chiesa-in-unenciclopedia-illustrata\/","url":"https:\/\/www.article-marketing.eu\/comunicatistampa\/federico-motta-editore-la-storia-millenaria-della-chiesa-in-unenciclopedia-illustrata\/","name":"Federico Motta Editore, la storia millenaria della Chiesa in un\u2019Enciclopedia illustrata","isPartOf":{"@id":"https:\/\/www.article-marketing.eu\/comunicatistampa\/#website"},"primaryImageOfPage":{"@id":"https:\/\/www.article-marketing.eu\/comunicatistampa\/federico-motta-editore-la-storia-millenaria-della-chiesa-in-unenciclopedia-illustrata\/#primaryimage"},"image":{"@id":"https:\/\/www.article-marketing.eu\/comunicatistampa\/federico-motta-editore-la-storia-millenaria-della-chiesa-in-unenciclopedia-illustrata\/#primaryimage"},"thumbnailUrl":"https:\/\/h2biz.net\/images\/Plats\/20181001182908.png","datePublished":"2023-11-17T13:26:30+00:00","author":{"@id":"https:\/\/www.article-marketing.eu\/comunicatistampa\/#\/schema\/person\/2fcaf8f8f3a9eef9eb7f27532d3ca458"},"description":"Come la figura del Pontefice si \u00e8 evoluta: \u201cI protagonisti della Cristianit\u00e0\u201d di Federico Motta Editore ne d\u00e0 un dettagliato resoconto","breadcrumb":{"@id":"https:\/\/www.article-marketing.eu\/comunicatistampa\/federico-motta-editore-la-storia-millenaria-della-chiesa-in-unenciclopedia-illustrata\/#breadcrumb"},"inLanguage":"it-IT","potentialAction":[{"@type":"ReadAction","target":["https:\/\/www.article-marketing.eu\/comunicatistampa\/federico-motta-editore-la-storia-millenaria-della-chiesa-in-unenciclopedia-illustrata\/"]}]},{"@type":"ImageObject","inLanguage":"it-IT","@id":"https:\/\/www.article-marketing.eu\/comunicatistampa\/federico-motta-editore-la-storia-millenaria-della-chiesa-in-unenciclopedia-illustrata\/#primaryimage","url":"https:\/\/h2biz.net\/images\/Plats\/20181001182908.png","contentUrl":"https:\/\/h2biz.net\/images\/Plats\/20181001182908.png"},{"@type":"BreadcrumbList","@id":"https:\/\/www.article-marketing.eu\/comunicatistampa\/federico-motta-editore-la-storia-millenaria-della-chiesa-in-unenciclopedia-illustrata\/#breadcrumb","itemListElement":[{"@type":"ListItem","position":1,"name":"Home","item":"https:\/\/www.article-marketing.eu\/comunicatistampa\/"},{"@type":"ListItem","position":2,"name":"Federico Motta Editore, la storia millenaria della Chiesa in un\u2019Enciclopedia illustrata"}]},{"@type":"WebSite","@id":"https:\/\/www.article-marketing.eu\/comunicatistampa\/#website","url":"https:\/\/www.article-marketing.eu\/comunicatistampa\/","name":"Article Marketing","description":"article marketing &amp; press release","potentialAction":[{"@type":"SearchAction","target":{"@type":"EntryPoint","urlTemplate":"https:\/\/www.article-marketing.eu\/comunicatistampa\/?s={search_term_string}"},"query-input":{"@type":"PropertyValueSpecification","valueRequired":true,"valueName":"search_term_string"}}],"inLanguage":"it-IT"},{"@type":"Person","@id":"https:\/\/www.article-marketing.eu\/comunicatistampa\/#\/schema\/person\/2fcaf8f8f3a9eef9eb7f27532d3ca458","name":"articolinews","image":{"@type":"ImageObject","inLanguage":"it-IT","@id":"https:\/\/secure.gravatar.com\/avatar\/9e2a264bab04e17dea24d937c9956304649a848cb73c46747a692ff1bdeb1cb7?s=96&d=mm&r=g","url":"https:\/\/secure.gravatar.com\/avatar\/9e2a264bab04e17dea24d937c9956304649a848cb73c46747a692ff1bdeb1cb7?s=96&d=mm&r=g","contentUrl":"https:\/\/secure.gravatar.com\/avatar\/9e2a264bab04e17dea24d937c9956304649a848cb73c46747a692ff1bdeb1cb7?s=96&d=mm&r=g","caption":"articolinews"},"url":"https:\/\/www.article-marketing.eu\/comunicatistampa\/author\/articolinews\/"}]}},"_links":{"self":[{"href":"https:\/\/www.article-marketing.eu\/comunicatistampa\/wp-json\/wp\/v2\/posts\/28999","targetHints":{"allow":["GET"]}}],"collection":[{"href":"https:\/\/www.article-marketing.eu\/comunicatistampa\/wp-json\/wp\/v2\/posts"}],"about":[{"href":"https:\/\/www.article-marketing.eu\/comunicatistampa\/wp-json\/wp\/v2\/types\/post"}],"author":[{"embeddable":true,"href":"https:\/\/www.article-marketing.eu\/comunicatistampa\/wp-json\/wp\/v2\/users\/6477"}],"replies":[{"embeddable":true,"href":"https:\/\/www.article-marketing.eu\/comunicatistampa\/wp-json\/wp\/v2\/comments?post=28999"}],"version-history":[{"count":3,"href":"https:\/\/www.article-marketing.eu\/comunicatistampa\/wp-json\/wp\/v2\/posts\/28999\/revisions"}],"predecessor-version":[{"id":29008,"href":"https:\/\/www.article-marketing.eu\/comunicatistampa\/wp-json\/wp\/v2\/posts\/28999\/revisions\/29008"}],"wp:attachment":[{"href":"https:\/\/www.article-marketing.eu\/comunicatistampa\/wp-json\/wp\/v2\/media?parent=28999"}],"wp:term":[{"taxonomy":"category","embeddable":true,"href":"https:\/\/www.article-marketing.eu\/comunicatistampa\/wp-json\/wp\/v2\/categories?post=28999"},{"taxonomy":"post_tag","embeddable":true,"href":"https:\/\/www.article-marketing.eu\/comunicatistampa\/wp-json\/wp\/v2\/tags?post=28999"}],"curies":[{"name":"wp","href":"https:\/\/api.w.org\/{rel}","templated":true}]}}