{"id":29044,"date":"2023-12-01T08:46:40","date_gmt":"2023-12-01T07:46:40","guid":{"rendered":"https:\/\/www.article-marketing.eu\/comunicatistampa\/?p=29044"},"modified":"2023-12-01T08:46:40","modified_gmt":"2023-12-01T07:46:40","slug":"bollette-italia-sesto-paese-piu-caro-deuropa-per-lelettricita","status":"publish","type":"post","link":"https:\/\/www.article-marketing.eu\/comunicatistampa\/bollette-italia-sesto-paese-piu-caro-deuropa-per-lelettricita\/","title":{"rendered":"Bollette: Italia sesto paese pi\u00f9 caro d\u2019Europa per l\u2019elettricit\u00e0"},"content":{"rendered":"<p>In Italia per cucinare con un <strong>forno elettrico<\/strong> spendiamo <strong>77 euro in un anno<\/strong>, vale a dire il <strong>42%<\/strong> in pi\u00f9 degli svedesi, il <strong>63%<\/strong> in pi\u00f9 dei <strong>francesi<\/strong> e addirittura pi\u00f9 del doppio (+107%) degli <strong>spagnoli<\/strong>. La differenza? No, non sono le ricette, ma le tariffe dell&#8217;elettricit\u00e0. <strong>Facile.it<\/strong> ha preso in esame gli ultimi dati Eurostat relativi al prezzo medio dell\u2019elettricit\u00e0 applicato ai clienti domestici in Europa* scoprendo che, nel primo semestre dell\u2019anno, l\u2019Italia \u00e8 stato uno dei paesi con le tariffe pi\u00f9 elevate.<\/p>\n<p>Nello specifico, tra i 27 paesi dell\u2019UE, l\u2019<strong>Italia \u00e8 <\/strong><strong>risultata essere il sesto paese pi\u00f9 caro<\/strong> per quanto riguarda il <a href=\"https:\/\/www.facile.it\/energia-luce-gas\/tag\/costo-kwh.html\">costo dell\u2019energia elettrica<\/a>, con una tariffa media, incluse tasse ed oneri, pari a <strong>0,378\u20ac\/kWh<\/strong>. Pochi gli stati dell\u2019UE con un valore pi\u00f9 alto; tra questi ci sono, ad esempio, i <strong>Paesi Bassi <\/strong>(+26%), il <strong>Belgio<\/strong> (+15%) e la <strong>Germania <\/strong>(+9%). Pi\u00f9 lunga la lista dei Paesi con un prezzo pi\u00f9 basso del nostro: limitandosi ai principali, troviamo la <strong>Svezia<\/strong> (-29%), l\u2019<strong>Irlanda <\/strong>(-35%), <strong>Francia<\/strong> e <strong>Grecia<\/strong> (entrambe -39%), la <strong>Spagna<\/strong> (-52%), per non parlare dell\u2019<strong>Ungheria<\/strong>, dove la tariffa media per i clienti domestici \u00e8 stata addirittura pi\u00f9 bassa del <strong>69%<\/strong>.<\/p>\n<p><strong>Quanto ci costa usare gli elettrodomestici<\/strong><\/p>\n<p>Che impatto ha sulle tasche dei consumatori la differenza di tariffa? Per rispondere alla domanda Facile.it ha analizzato i consumi dei principali elettrodomestici, prendendo in considerazione modelli in classe B*.<\/p>\n<p>Ecco allora che, a parit\u00e0 di condizioni, si scopre che per fare la <strong>lavatrice <\/strong>(220 lavaggi l\u2019anno) in Italia spendiamo circa <strong>111 euro<\/strong> di corrente, mentre i <strong>francesi<\/strong> devono mettere a budget appena <strong>68 euro<\/strong>, che scendono a <strong>53 euro in Spagna<\/strong>. Magra consolazione: per tedeschi e belgi la spesa supera i 120 euro.<\/p>\n<p>Capitolo <strong>frigorifero<\/strong>; tenendo conto che lo usiamo quasi ininterrottamente tutto l\u2019anno, la differenza tra i diversi stati d\u2019Europa si fa sentire ancora di pi\u00f9: ad esempio, per alimentare un apparecchio in classe B occorrono circa <strong>193 euro l\u2019anno in Italia<\/strong>, mentre gli irlandesi spendono 126 euro, che diventano 105 euro per chi vive in <strong>Portogallo<\/strong> e, addirittura, appena <strong>93 euro<\/strong> per chi risiede in <strong>Spagna<\/strong>.<\/p>\n<p>Anche per lavare i piatti con la <strong>lavastoviglie<\/strong> si spende notevolmente di pi\u00f9 in Italia; usando l\u2019elettrodomestico a giorni alterni spendiamo <strong>92 euro l\u2019anno<\/strong>. Se \u00e8 vero che nei <strong>Paesi Bassi<\/strong> si arriva addirittura a <strong>116 euro<\/strong>, va decisamente meglio, tra gli altri, in Grecia e Francia (entrambi 57 euro), in Spagna (45 euro) e in Ungheria (28 euro).<\/p>\n<p>Persino gesti comuni come <strong>guardare la televisione<\/strong> o <strong>asciugarsi i capelli<\/strong> assumono una dimensione economica diversa da un paese all\u2019altro: per 4 ore di programmi televisivi al giorno, tutti i giorni, ad esempio, i <strong>49 euro<\/strong> spesi dagli italiani diventano 32 in Irlanda, mentre un <strong>phon<\/strong> in azione per 5 minuti al giorno costa, all\u2019anno, <strong>23 euro<\/strong> nel Belpaese, 14 euro in Francia e 7 in Ungheria.<\/p>\n<p><strong>La spesa di una famiglia tipo a confronto<\/strong><\/p>\n<p>Prendendo come riferimento il <strong>consumo di una famiglia tipo italiana<\/strong> (2.700 kWh) e tenendo in considerazione le tariffe del <strong>primo semestre 2023<\/strong> si scopre che, potenzialmente, in Italia quest\u2019anno le bollette dell\u2019energia elettrica potrebbero pesare per circa <strong>1.021 euro<\/strong>. Nei paesi d\u2019Europa dove l\u2019energia \u00e8 pi\u00f9 cara, a parit\u00e0 di consumi, la spera arriverebbe ad esempio a 1.114 euro in Germania e 1.283 euro nei Paesi Bassi.<\/p>\n<p><strong>Pi\u00f9 fortunati altri cittadini europei<\/strong>; in Svezia, ad esempio, la bolletta della luce sarebbe pari a 720 euro, 669 euro in Irlanda e 628 euro in Grecia. Stessa famiglia, stessi consumi, ma se vive in Francia pagherebbe 626 euro, in Portogallo 559 euro, per non parlare della Spagna con i suoi 492 euro.<\/p>\n<p>Sebbene disti appena 750 km circa in linea d\u2019aria dall\u2019Italia, l\u2019<strong>Ungheria<\/strong> &#8211; almeno dal punto di vista dei prezzi dell\u2019energia elettrica &#8211; sembra essere distante anni luce: basti pensare che, a parit\u00e0 di consumi, con le tariffe in vigore nel primo semestre dell\u2019anno, la spesa annua sostenuta dalle famiglie ungheresi sarebbe pari ad <strong>appena <\/strong><strong>313 <\/strong><strong>euro<\/strong>.<\/p>\n<p><em>* Le tariffe medie di Eurostat fanno riferimento al primo semestre 2023 per consumatori domestici con consumi elettrici compresi tra 2.500 kWh e 4.999 kWh, tasse e oneri inclusi.<\/em><\/p>\n<p><em>* La stima sul costo in bolletta degli elettrodomestici tiene in considerazione le tariffe rilevate da Eurostat e i seguenti consumi: lavatrice (293 kWh\/anno), frigorifero (509 kWh\/anno), televisore (130 kWh\/anno), forno elettrico (202 kWh\/anno), lavastoviglie (245 kWh\/anno), phon (61 kWh\/anno). Ad eccezione del phon, sono stati presi a parametro i consumi di apparecchi in classe B della vecchia classificazione energetica (precedente alla modifica del 2021).<\/em><\/p>\n<p>&nbsp;<\/p>\n","protected":false},"excerpt":{"rendered":"<p>In Italia per cucinare con un forno elettrico spendiamo 77 euro in un anno, vale a dire il 42% in pi\u00f9 degli svedesi, il 63% in pi\u00f9 dei francesi e addirittura pi\u00f9 del doppio (+107%) degli spagnoli. La differenza? No, non sono le ricette, ma le tariffe dell&#8217;elettricit\u00e0. Facile.it ha preso in esame gli ultimi dati Eurostat relativi al prezzo medio dell\u2019elettricit\u00e0 applicato ai clienti domestici in Europa* scoprendo che,<\/p>\n<p><a class=\"continue-reading\" href=\"https:\/\/www.article-marketing.eu\/comunicatistampa\/bollette-italia-sesto-paese-piu-caro-deuropa-per-lelettricita\/\">Continue reading&#8230;<\/a><\/p>\n","protected":false},"author":62,"featured_media":0,"comment_status":"open","ping_status":"open","sticky":false,"template":"","format":"standard","meta":{"_monsterinsights_skip_tracking":false,"_monsterinsights_sitenote_active":false,"_monsterinsights_sitenote_note":"","_monsterinsights_sitenote_category":0,"footnotes":""},"categories":[386],"tags":[751,10404,10919,555,10632],"class_list":["post-29044","post","type-post","status-publish","format-standard","hentry","category-economia-e-lavoro","tag-bollette","tag-bollette-elettriche","tag-costo-energia-elettrica","tag-facile-it","tag-unione-europea"],"yoast_head":"<!-- This site is optimized with the Yoast SEO plugin v27.3 - https:\/\/yoast.com\/product\/yoast-seo-wordpress\/ -->\n<title>Bollette: Italia sesto paese pi\u00f9 caro d\u2019Europa per l\u2019elettricit\u00e0 - Article Marketing<\/title>\n<meta name=\"robots\" content=\"index, follow, max-snippet:-1, max-image-preview:large, max-video-preview:-1\" \/>\n<link rel=\"canonical\" href=\"https:\/\/www.article-marketing.eu\/comunicatistampa\/bollette-italia-sesto-paese-piu-caro-deuropa-per-lelettricita\/\" \/>\n<meta property=\"og:locale\" content=\"it_IT\" \/>\n<meta property=\"og:type\" content=\"article\" \/>\n<meta property=\"og:title\" content=\"Bollette: Italia sesto paese pi\u00f9 caro d\u2019Europa per l\u2019elettricit\u00e0 - Article Marketing\" \/>\n<meta property=\"og:description\" content=\"In Italia per cucinare con un forno elettrico spendiamo 77 euro in un anno, vale a dire il 42% in pi\u00f9 degli svedesi, il 63% in pi\u00f9 dei francesi e addirittura pi\u00f9 del doppio (+107%) degli spagnoli. La differenza? No, non sono le ricette, ma le tariffe dell&#8217;elettricit\u00e0. Facile.it ha preso in esame gli ultimi dati Eurostat relativi al prezzo medio dell\u2019elettricit\u00e0 applicato ai clienti domestici in Europa* scoprendo che,Continue reading...\" \/>\n<meta property=\"og:url\" content=\"https:\/\/www.article-marketing.eu\/comunicatistampa\/bollette-italia-sesto-paese-piu-caro-deuropa-per-lelettricita\/\" \/>\n<meta property=\"og:site_name\" content=\"Article Marketing\" \/>\n<meta property=\"article:published_time\" content=\"2023-12-01T07:46:40+00:00\" \/>\n<meta name=\"author\" content=\"Facile.it\" \/>\n<meta name=\"twitter:card\" content=\"summary_large_image\" \/>\n<meta name=\"twitter:label1\" content=\"Scritto da\" \/>\n\t<meta name=\"twitter:data1\" content=\"Facile.it\" \/>\n\t<meta name=\"twitter:label2\" content=\"Tempo di lettura stimato\" \/>\n\t<meta name=\"twitter:data2\" content=\"5 minuti\" \/>\n<script type=\"application\/ld+json\" class=\"yoast-schema-graph\">{\"@context\":\"https:\\\/\\\/schema.org\",\"@graph\":[{\"@type\":\"Article\",\"@id\":\"https:\\\/\\\/www.article-marketing.eu\\\/comunicatistampa\\\/bollette-italia-sesto-paese-piu-caro-deuropa-per-lelettricita\\\/#article\",\"isPartOf\":{\"@id\":\"https:\\\/\\\/www.article-marketing.eu\\\/comunicatistampa\\\/bollette-italia-sesto-paese-piu-caro-deuropa-per-lelettricita\\\/\"},\"author\":{\"name\":\"Facile.it\",\"@id\":\"https:\\\/\\\/www.article-marketing.eu\\\/comunicatistampa\\\/#\\\/schema\\\/person\\\/1deca6d9e0cf173abfe76a90ef261a2a\"},\"headline\":\"Bollette: Italia sesto paese pi\u00f9 caro d\u2019Europa per l\u2019elettricit\u00e0\",\"datePublished\":\"2023-12-01T07:46:40+00:00\",\"mainEntityOfPage\":{\"@id\":\"https:\\\/\\\/www.article-marketing.eu\\\/comunicatistampa\\\/bollette-italia-sesto-paese-piu-caro-deuropa-per-lelettricita\\\/\"},\"wordCount\":739,\"commentCount\":0,\"keywords\":[\"bollette\",\"bollette elettriche\",\"costo energia elettrica\",\"facile.it\",\"Unione Europea\"],\"articleSection\":[\"Economia e lavoro\"],\"inLanguage\":\"it-IT\",\"potentialAction\":[{\"@type\":\"CommentAction\",\"name\":\"Comment\",\"target\":[\"https:\\\/\\\/www.article-marketing.eu\\\/comunicatistampa\\\/bollette-italia-sesto-paese-piu-caro-deuropa-per-lelettricita\\\/#respond\"]}]},{\"@type\":\"WebPage\",\"@id\":\"https:\\\/\\\/www.article-marketing.eu\\\/comunicatistampa\\\/bollette-italia-sesto-paese-piu-caro-deuropa-per-lelettricita\\\/\",\"url\":\"https:\\\/\\\/www.article-marketing.eu\\\/comunicatistampa\\\/bollette-italia-sesto-paese-piu-caro-deuropa-per-lelettricita\\\/\",\"name\":\"Bollette: Italia sesto paese pi\u00f9 caro d\u2019Europa per l\u2019elettricit\u00e0 - Article Marketing\",\"isPartOf\":{\"@id\":\"https:\\\/\\\/www.article-marketing.eu\\\/comunicatistampa\\\/#website\"},\"datePublished\":\"2023-12-01T07:46:40+00:00\",\"author\":{\"@id\":\"https:\\\/\\\/www.article-marketing.eu\\\/comunicatistampa\\\/#\\\/schema\\\/person\\\/1deca6d9e0cf173abfe76a90ef261a2a\"},\"breadcrumb\":{\"@id\":\"https:\\\/\\\/www.article-marketing.eu\\\/comunicatistampa\\\/bollette-italia-sesto-paese-piu-caro-deuropa-per-lelettricita\\\/#breadcrumb\"},\"inLanguage\":\"it-IT\",\"potentialAction\":[{\"@type\":\"ReadAction\",\"target\":[\"https:\\\/\\\/www.article-marketing.eu\\\/comunicatistampa\\\/bollette-italia-sesto-paese-piu-caro-deuropa-per-lelettricita\\\/\"]}]},{\"@type\":\"BreadcrumbList\",\"@id\":\"https:\\\/\\\/www.article-marketing.eu\\\/comunicatistampa\\\/bollette-italia-sesto-paese-piu-caro-deuropa-per-lelettricita\\\/#breadcrumb\",\"itemListElement\":[{\"@type\":\"ListItem\",\"position\":1,\"name\":\"Home\",\"item\":\"https:\\\/\\\/www.article-marketing.eu\\\/comunicatistampa\\\/\"},{\"@type\":\"ListItem\",\"position\":2,\"name\":\"Bollette: Italia sesto paese pi\u00f9 caro d\u2019Europa per l\u2019elettricit\u00e0\"}]},{\"@type\":\"WebSite\",\"@id\":\"https:\\\/\\\/www.article-marketing.eu\\\/comunicatistampa\\\/#website\",\"url\":\"https:\\\/\\\/www.article-marketing.eu\\\/comunicatistampa\\\/\",\"name\":\"Article Marketing\",\"description\":\"article marketing &amp; press release\",\"potentialAction\":[{\"@type\":\"SearchAction\",\"target\":{\"@type\":\"EntryPoint\",\"urlTemplate\":\"https:\\\/\\\/www.article-marketing.eu\\\/comunicatistampa\\\/?s={search_term_string}\"},\"query-input\":{\"@type\":\"PropertyValueSpecification\",\"valueRequired\":true,\"valueName\":\"search_term_string\"}}],\"inLanguage\":\"it-IT\"},{\"@type\":\"Person\",\"@id\":\"https:\\\/\\\/www.article-marketing.eu\\\/comunicatistampa\\\/#\\\/schema\\\/person\\\/1deca6d9e0cf173abfe76a90ef261a2a\",\"name\":\"Facile.it\",\"image\":{\"@type\":\"ImageObject\",\"inLanguage\":\"it-IT\",\"@id\":\"https:\\\/\\\/secure.gravatar.com\\\/avatar\\\/2623775dfcd174bde1a788a4bc028e9035747fa40886953f4954f56c45cf4b34?s=96&d=mm&r=g\",\"url\":\"https:\\\/\\\/secure.gravatar.com\\\/avatar\\\/2623775dfcd174bde1a788a4bc028e9035747fa40886953f4954f56c45cf4b34?s=96&d=mm&r=g\",\"contentUrl\":\"https:\\\/\\\/secure.gravatar.com\\\/avatar\\\/2623775dfcd174bde1a788a4bc028e9035747fa40886953f4954f56c45cf4b34?s=96&d=mm&r=g\",\"caption\":\"Facile.it\"},\"url\":\"https:\\\/\\\/www.article-marketing.eu\\\/comunicatistampa\\\/author\\\/facile-it\\\/\"}]}<\/script>\n<!-- \/ Yoast SEO plugin. -->","yoast_head_json":{"title":"Bollette: Italia sesto paese pi\u00f9 caro d\u2019Europa per l\u2019elettricit\u00e0 - Article Marketing","robots":{"index":"index","follow":"follow","max-snippet":"max-snippet:-1","max-image-preview":"max-image-preview:large","max-video-preview":"max-video-preview:-1"},"canonical":"https:\/\/www.article-marketing.eu\/comunicatistampa\/bollette-italia-sesto-paese-piu-caro-deuropa-per-lelettricita\/","og_locale":"it_IT","og_type":"article","og_title":"Bollette: Italia sesto paese pi\u00f9 caro d\u2019Europa per l\u2019elettricit\u00e0 - Article Marketing","og_description":"In Italia per cucinare con un forno elettrico spendiamo 77 euro in un anno, vale a dire il 42% in pi\u00f9 degli svedesi, il 63% in pi\u00f9 dei francesi e addirittura pi\u00f9 del doppio (+107%) degli spagnoli. La differenza? No, non sono le ricette, ma le tariffe dell&#8217;elettricit\u00e0. Facile.it ha preso in esame gli ultimi dati Eurostat relativi al prezzo medio dell\u2019elettricit\u00e0 applicato ai clienti domestici in Europa* scoprendo che,Continue reading...","og_url":"https:\/\/www.article-marketing.eu\/comunicatistampa\/bollette-italia-sesto-paese-piu-caro-deuropa-per-lelettricita\/","og_site_name":"Article Marketing","article_published_time":"2023-12-01T07:46:40+00:00","author":"Facile.it","twitter_card":"summary_large_image","twitter_misc":{"Scritto da":"Facile.it","Tempo di lettura stimato":"5 minuti"},"schema":{"@context":"https:\/\/schema.org","@graph":[{"@type":"Article","@id":"https:\/\/www.article-marketing.eu\/comunicatistampa\/bollette-italia-sesto-paese-piu-caro-deuropa-per-lelettricita\/#article","isPartOf":{"@id":"https:\/\/www.article-marketing.eu\/comunicatistampa\/bollette-italia-sesto-paese-piu-caro-deuropa-per-lelettricita\/"},"author":{"name":"Facile.it","@id":"https:\/\/www.article-marketing.eu\/comunicatistampa\/#\/schema\/person\/1deca6d9e0cf173abfe76a90ef261a2a"},"headline":"Bollette: Italia sesto paese pi\u00f9 caro d\u2019Europa per l\u2019elettricit\u00e0","datePublished":"2023-12-01T07:46:40+00:00","mainEntityOfPage":{"@id":"https:\/\/www.article-marketing.eu\/comunicatistampa\/bollette-italia-sesto-paese-piu-caro-deuropa-per-lelettricita\/"},"wordCount":739,"commentCount":0,"keywords":["bollette","bollette elettriche","costo energia elettrica","facile.it","Unione Europea"],"articleSection":["Economia e lavoro"],"inLanguage":"it-IT","potentialAction":[{"@type":"CommentAction","name":"Comment","target":["https:\/\/www.article-marketing.eu\/comunicatistampa\/bollette-italia-sesto-paese-piu-caro-deuropa-per-lelettricita\/#respond"]}]},{"@type":"WebPage","@id":"https:\/\/www.article-marketing.eu\/comunicatistampa\/bollette-italia-sesto-paese-piu-caro-deuropa-per-lelettricita\/","url":"https:\/\/www.article-marketing.eu\/comunicatistampa\/bollette-italia-sesto-paese-piu-caro-deuropa-per-lelettricita\/","name":"Bollette: Italia sesto paese pi\u00f9 caro d\u2019Europa per l\u2019elettricit\u00e0 - Article Marketing","isPartOf":{"@id":"https:\/\/www.article-marketing.eu\/comunicatistampa\/#website"},"datePublished":"2023-12-01T07:46:40+00:00","author":{"@id":"https:\/\/www.article-marketing.eu\/comunicatistampa\/#\/schema\/person\/1deca6d9e0cf173abfe76a90ef261a2a"},"breadcrumb":{"@id":"https:\/\/www.article-marketing.eu\/comunicatistampa\/bollette-italia-sesto-paese-piu-caro-deuropa-per-lelettricita\/#breadcrumb"},"inLanguage":"it-IT","potentialAction":[{"@type":"ReadAction","target":["https:\/\/www.article-marketing.eu\/comunicatistampa\/bollette-italia-sesto-paese-piu-caro-deuropa-per-lelettricita\/"]}]},{"@type":"BreadcrumbList","@id":"https:\/\/www.article-marketing.eu\/comunicatistampa\/bollette-italia-sesto-paese-piu-caro-deuropa-per-lelettricita\/#breadcrumb","itemListElement":[{"@type":"ListItem","position":1,"name":"Home","item":"https:\/\/www.article-marketing.eu\/comunicatistampa\/"},{"@type":"ListItem","position":2,"name":"Bollette: Italia sesto paese pi\u00f9 caro d\u2019Europa per l\u2019elettricit\u00e0"}]},{"@type":"WebSite","@id":"https:\/\/www.article-marketing.eu\/comunicatistampa\/#website","url":"https:\/\/www.article-marketing.eu\/comunicatistampa\/","name":"Article Marketing","description":"article marketing &amp; press release","potentialAction":[{"@type":"SearchAction","target":{"@type":"EntryPoint","urlTemplate":"https:\/\/www.article-marketing.eu\/comunicatistampa\/?s={search_term_string}"},"query-input":{"@type":"PropertyValueSpecification","valueRequired":true,"valueName":"search_term_string"}}],"inLanguage":"it-IT"},{"@type":"Person","@id":"https:\/\/www.article-marketing.eu\/comunicatistampa\/#\/schema\/person\/1deca6d9e0cf173abfe76a90ef261a2a","name":"Facile.it","image":{"@type":"ImageObject","inLanguage":"it-IT","@id":"https:\/\/secure.gravatar.com\/avatar\/2623775dfcd174bde1a788a4bc028e9035747fa40886953f4954f56c45cf4b34?s=96&d=mm&r=g","url":"https:\/\/secure.gravatar.com\/avatar\/2623775dfcd174bde1a788a4bc028e9035747fa40886953f4954f56c45cf4b34?s=96&d=mm&r=g","contentUrl":"https:\/\/secure.gravatar.com\/avatar\/2623775dfcd174bde1a788a4bc028e9035747fa40886953f4954f56c45cf4b34?s=96&d=mm&r=g","caption":"Facile.it"},"url":"https:\/\/www.article-marketing.eu\/comunicatistampa\/author\/facile-it\/"}]}},"_links":{"self":[{"href":"https:\/\/www.article-marketing.eu\/comunicatistampa\/wp-json\/wp\/v2\/posts\/29044","targetHints":{"allow":["GET"]}}],"collection":[{"href":"https:\/\/www.article-marketing.eu\/comunicatistampa\/wp-json\/wp\/v2\/posts"}],"about":[{"href":"https:\/\/www.article-marketing.eu\/comunicatistampa\/wp-json\/wp\/v2\/types\/post"}],"author":[{"embeddable":true,"href":"https:\/\/www.article-marketing.eu\/comunicatistampa\/wp-json\/wp\/v2\/users\/62"}],"replies":[{"embeddable":true,"href":"https:\/\/www.article-marketing.eu\/comunicatistampa\/wp-json\/wp\/v2\/comments?post=29044"}],"version-history":[{"count":3,"href":"https:\/\/www.article-marketing.eu\/comunicatistampa\/wp-json\/wp\/v2\/posts\/29044\/revisions"}],"predecessor-version":[{"id":29133,"href":"https:\/\/www.article-marketing.eu\/comunicatistampa\/wp-json\/wp\/v2\/posts\/29044\/revisions\/29133"}],"wp:attachment":[{"href":"https:\/\/www.article-marketing.eu\/comunicatistampa\/wp-json\/wp\/v2\/media?parent=29044"}],"wp:term":[{"taxonomy":"category","embeddable":true,"href":"https:\/\/www.article-marketing.eu\/comunicatistampa\/wp-json\/wp\/v2\/categories?post=29044"},{"taxonomy":"post_tag","embeddable":true,"href":"https:\/\/www.article-marketing.eu\/comunicatistampa\/wp-json\/wp\/v2\/tags?post=29044"}],"curies":[{"name":"wp","href":"https:\/\/api.w.org\/{rel}","templated":true}]}}