{"id":29159,"date":"2023-12-04T17:58:31","date_gmt":"2023-12-04T16:58:31","guid":{"rendered":"https:\/\/www.article-marketing.eu\/comunicatistampa\/?p=29159"},"modified":"2023-12-04T17:58:31","modified_gmt":"2023-12-04T16:58:31","slug":"giuseppina-di-foggia-dopo-40-anni-unaltra-donna-a-capo-di-una-partecipata-statale","status":"publish","type":"post","link":"https:\/\/www.article-marketing.eu\/comunicatistampa\/giuseppina-di-foggia-dopo-40-anni-unaltra-donna-a-capo-di-una-partecipata-statale\/","title":{"rendered":"Giuseppina Di Foggia: dopo 40 anni un\u2019altra donna a capo di una partecipata statale"},"content":{"rendered":"<p><strong><em>Laureata in ingegneria elettronica ed esperta di innovazione e ricerca digitale, <a title=\"Giuseppina Di Foggia \u00e8 la prima donna alla guida di Terna\" href=\"https:\/\/www.affaritaliani.it\/economia\/giuseppina-di-foggia-chi-la-manager-che-guida-terna-a-risultati-record-886670.html?refresh_ce\">Giuseppina Di Foggia<\/a> \u00e8 oggi AD e DG di Terna: con lei alla guida il Gruppo sta registrando risultati da record.<\/em><\/strong><\/p>\n<p><a title=\"Giuseppina Di Foggia, il profilo professionale della manager a capo di Terna\" href=\"https:\/\/www.affaritaliani.it\/economia\/giuseppina-di-foggia-chi-la-manager-che-guida-terna-a-risultati-record-886670.html?refresh_ce\"><img loading=\"lazy\" decoding=\"async\" src=\"https:\/\/www.terna.it\/DesktopModules\/AdactoBackend\/API\/download\/get?image=19125\" alt=\"Giuseppina Di Foggia\" width=\"300\" height=\"143\" \/><\/a><\/p>\n<h2>Giuseppina Di Foggia: la prima donna alla guida di Terna<\/h2>\n<p>\u00c8 la prima donna degli ultimi 40 anni a guidare un\u2019azienda partecipata dallo Stato. Prima di lei c\u2019era stata Marisa Bellisario, ma era il lontano 1981 e l\u2019azienda in questione era Italtel. 40 anni dopo, <a title=\"Giuseppina Di Foggia, la manager che sta guidando Terna con risultati da record\" href=\"https:\/\/www.affaritaliani.it\/economia\/giuseppina-di-foggia-chi-la-manager-che-guida-terna-a-risultati-record-886670.html?refresh_ce\"><strong>Giuseppina Di Foggia<\/strong><\/a> diviene AD e DG di Terna, il gestore della rete elettrica nazionale. In entrambi i casi, per\u00f2, le manager hanno guidato le rispettive aziende con risultati eccezionali. Se Marisa Bellisario era riuscita a riportare all\u2019attivo Italtel in soli tre anni, con <strong>Giuseppina di Foggia<\/strong> alla guida, Terna ha chiuso il bilancio dei primi nove mesi dell\u2019anno con l\u2019EBITDA che ha superato gli 1,5 miliardi di euro per la prima volta. Laureata in ingegneria elettronica presso l\u2019Universit\u00e0 La Sapienza di Roma e con un Master in Professional Project Management conseguito presso lo Stevens Institute of Technology di New Jersey, la manager vanta un\u2019importante storia professionale nel settore delle telecomunicazioni. Prima di Terna, <strong>Giuseppina Di Foggia<\/strong> ha infatti guidato la divisione italiana di Nokia in qualit\u00e0 di CEO e Vicepresidente, contribuendo significativamente alla crescita del business.<\/p>\n<h2>Giuseppina Di Foggia: gli incarichi istituzionali, l\u2019impegno per il sociale e i riconoscimenti<\/h2>\n<p><strong>Giuseppina Di Foggia<\/strong>, oltre a ricoprire ruoli aziendali di responsabilit\u00e0, svolge anche mansioni di tipo istituzionale. \u00c8 infatti Presidente del Consiglio di Amministrazione di Gpi S.p.A. e membro del Consiglio direttivo di Assolombarda. \u00c8 poi nel Consiglio di Amministrazione della Luiss Business School ed in quello di Cefriel, e fa parte dell&#8217;Advisory Board di Sole24Ore Formazione. La manager \u00e8 inoltre impegnata sul fronte sociale, promuovendo e sostenendo iniziative per i giovani e il lavoro. Ha supportato, ad esempio, programmi di alfabetizzazione digitale e ha lavorato per far avvicinare gli studenti alle materie STEM, invitandoli a sfidare i pregiudizi e perseguire il proprio talento. Nel 2021, <strong>Giuseppina Di Foggia<\/strong> \u00e8 stata insignita del titolo di Cavaliere del Lavoro della Repubblica Italiana grazie al suo contribuito nel campo delle tecnologie dell\u2019informazione e della comunicazione. Nel 2022, ha ricevuto invece il Premio Margutta come riconoscimento del suo apporto creativo e intellettuale nel settore dell\u2019imprenditoria.<\/p>\n","protected":false},"excerpt":{"rendered":"<p>Laureata in ingegneria elettronica ed esperta di innovazione e ricerca digitale, Giuseppina Di Foggia \u00e8 oggi AD e DG di Terna: con lei alla guida il Gruppo sta registrando risultati da record. Giuseppina Di Foggia: la prima donna alla guida di Terna \u00c8 la prima donna degli ultimi 40 anni a guidare un\u2019azienda partecipata dallo Stato. Prima di lei c\u2019era stata Marisa Bellisario, ma era il lontano 1981 e l\u2019azienda<\/p>\n<p><a class=\"continue-reading\" href=\"https:\/\/www.article-marketing.eu\/comunicatistampa\/giuseppina-di-foggia-dopo-40-anni-unaltra-donna-a-capo-di-una-partecipata-statale\/\">Continue reading&#8230;<\/a><\/p>\n","protected":false},"author":7204,"featured_media":0,"comment_status":"open","ping_status":"open","sticky":false,"template":"","format":"standard","meta":{"_monsterinsights_skip_tracking":false,"_monsterinsights_sitenote_active":false,"_monsterinsights_sitenote_note":"","_monsterinsights_sitenote_category":0,"footnotes":""},"categories":[388],"tags":[10895],"class_list":["post-29159","post","type-post","status-publish","format-standard","hentry","category-aziende","tag-giuseppina-di-foggia"],"yoast_head":"<!-- This site is optimized with the Yoast SEO plugin v27.3 - https:\/\/yoast.com\/product\/yoast-seo-wordpress\/ -->\n<title>Giuseppina Di Foggia: dopo 40 anni un\u2019altra donna a capo di una partecipata statale<\/title>\n<meta name=\"description\" content=\"L\u2019attuale AD e DG di Terna Giuseppina Di Foggia vanta una lunga esperienza nel mondo delle telecomunicazioni alla guida di societ\u00e0 come Nokia\" \/>\n<meta name=\"robots\" content=\"index, follow, max-snippet:-1, max-image-preview:large, max-video-preview:-1\" \/>\n<link rel=\"canonical\" href=\"https:\/\/www.article-marketing.eu\/comunicatistampa\/giuseppina-di-foggia-dopo-40-anni-unaltra-donna-a-capo-di-una-partecipata-statale\/\" \/>\n<meta property=\"og:locale\" content=\"it_IT\" \/>\n<meta property=\"og:type\" content=\"article\" \/>\n<meta property=\"og:title\" content=\"Giuseppina Di Foggia: dopo 40 anni un\u2019altra donna a capo di una partecipata statale\" \/>\n<meta property=\"og:description\" content=\"L\u2019attuale AD e DG di Terna Giuseppina Di Foggia vanta una lunga esperienza nel mondo delle telecomunicazioni alla guida di societ\u00e0 come Nokia\" \/>\n<meta property=\"og:url\" content=\"https:\/\/www.article-marketing.eu\/comunicatistampa\/giuseppina-di-foggia-dopo-40-anni-unaltra-donna-a-capo-di-una-partecipata-statale\/\" \/>\n<meta property=\"og:site_name\" content=\"Article Marketing\" \/>\n<meta property=\"article:published_time\" content=\"2023-12-04T16:58:31+00:00\" \/>\n<meta property=\"og:image\" content=\"https:\/\/www.terna.it\/DesktopModules\/AdactoBackend\/API\/download\/get?image=19125\" \/>\n<meta name=\"author\" content=\"agencyscweb\" \/>\n<meta name=\"twitter:card\" content=\"summary_large_image\" \/>\n<meta name=\"twitter:label1\" content=\"Scritto da\" \/>\n\t<meta name=\"twitter:data1\" content=\"agencyscweb\" \/>\n\t<meta name=\"twitter:label2\" content=\"Tempo di lettura stimato\" \/>\n\t<meta name=\"twitter:data2\" content=\"3 minuti\" \/>\n<script type=\"application\/ld+json\" class=\"yoast-schema-graph\">{\"@context\":\"https:\\\/\\\/schema.org\",\"@graph\":[{\"@type\":\"Article\",\"@id\":\"https:\\\/\\\/www.article-marketing.eu\\\/comunicatistampa\\\/giuseppina-di-foggia-dopo-40-anni-unaltra-donna-a-capo-di-una-partecipata-statale\\\/#article\",\"isPartOf\":{\"@id\":\"https:\\\/\\\/www.article-marketing.eu\\\/comunicatistampa\\\/giuseppina-di-foggia-dopo-40-anni-unaltra-donna-a-capo-di-una-partecipata-statale\\\/\"},\"author\":{\"name\":\"agencyscweb\",\"@id\":\"https:\\\/\\\/www.article-marketing.eu\\\/comunicatistampa\\\/#\\\/schema\\\/person\\\/c7ad72f600617f1bd334a0a835ce7131\"},\"headline\":\"Giuseppina Di Foggia: dopo 40 anni un\u2019altra donna a capo di una partecipata statale\",\"datePublished\":\"2023-12-04T16:58:31+00:00\",\"mainEntityOfPage\":{\"@id\":\"https:\\\/\\\/www.article-marketing.eu\\\/comunicatistampa\\\/giuseppina-di-foggia-dopo-40-anni-unaltra-donna-a-capo-di-una-partecipata-statale\\\/\"},\"wordCount\":394,\"commentCount\":0,\"image\":{\"@id\":\"https:\\\/\\\/www.article-marketing.eu\\\/comunicatistampa\\\/giuseppina-di-foggia-dopo-40-anni-unaltra-donna-a-capo-di-una-partecipata-statale\\\/#primaryimage\"},\"thumbnailUrl\":\"https:\\\/\\\/www.terna.it\\\/DesktopModules\\\/AdactoBackend\\\/API\\\/download\\\/get?image=19125\",\"keywords\":[\"Giuseppina Di Foggia\"],\"articleSection\":[\"Aziende\"],\"inLanguage\":\"it-IT\",\"potentialAction\":[{\"@type\":\"CommentAction\",\"name\":\"Comment\",\"target\":[\"https:\\\/\\\/www.article-marketing.eu\\\/comunicatistampa\\\/giuseppina-di-foggia-dopo-40-anni-unaltra-donna-a-capo-di-una-partecipata-statale\\\/#respond\"]}]},{\"@type\":\"WebPage\",\"@id\":\"https:\\\/\\\/www.article-marketing.eu\\\/comunicatistampa\\\/giuseppina-di-foggia-dopo-40-anni-unaltra-donna-a-capo-di-una-partecipata-statale\\\/\",\"url\":\"https:\\\/\\\/www.article-marketing.eu\\\/comunicatistampa\\\/giuseppina-di-foggia-dopo-40-anni-unaltra-donna-a-capo-di-una-partecipata-statale\\\/\",\"name\":\"Giuseppina Di Foggia: dopo 40 anni un\u2019altra donna a capo di una partecipata statale\",\"isPartOf\":{\"@id\":\"https:\\\/\\\/www.article-marketing.eu\\\/comunicatistampa\\\/#website\"},\"primaryImageOfPage\":{\"@id\":\"https:\\\/\\\/www.article-marketing.eu\\\/comunicatistampa\\\/giuseppina-di-foggia-dopo-40-anni-unaltra-donna-a-capo-di-una-partecipata-statale\\\/#primaryimage\"},\"image\":{\"@id\":\"https:\\\/\\\/www.article-marketing.eu\\\/comunicatistampa\\\/giuseppina-di-foggia-dopo-40-anni-unaltra-donna-a-capo-di-una-partecipata-statale\\\/#primaryimage\"},\"thumbnailUrl\":\"https:\\\/\\\/www.terna.it\\\/DesktopModules\\\/AdactoBackend\\\/API\\\/download\\\/get?image=19125\",\"datePublished\":\"2023-12-04T16:58:31+00:00\",\"author\":{\"@id\":\"https:\\\/\\\/www.article-marketing.eu\\\/comunicatistampa\\\/#\\\/schema\\\/person\\\/c7ad72f600617f1bd334a0a835ce7131\"},\"description\":\"L\u2019attuale AD e DG di Terna Giuseppina Di Foggia vanta una lunga esperienza nel mondo delle telecomunicazioni alla guida di societ\u00e0 come Nokia\",\"breadcrumb\":{\"@id\":\"https:\\\/\\\/www.article-marketing.eu\\\/comunicatistampa\\\/giuseppina-di-foggia-dopo-40-anni-unaltra-donna-a-capo-di-una-partecipata-statale\\\/#breadcrumb\"},\"inLanguage\":\"it-IT\",\"potentialAction\":[{\"@type\":\"ReadAction\",\"target\":[\"https:\\\/\\\/www.article-marketing.eu\\\/comunicatistampa\\\/giuseppina-di-foggia-dopo-40-anni-unaltra-donna-a-capo-di-una-partecipata-statale\\\/\"]}]},{\"@type\":\"ImageObject\",\"inLanguage\":\"it-IT\",\"@id\":\"https:\\\/\\\/www.article-marketing.eu\\\/comunicatistampa\\\/giuseppina-di-foggia-dopo-40-anni-unaltra-donna-a-capo-di-una-partecipata-statale\\\/#primaryimage\",\"url\":\"https:\\\/\\\/www.terna.it\\\/DesktopModules\\\/AdactoBackend\\\/API\\\/download\\\/get?image=19125\",\"contentUrl\":\"https:\\\/\\\/www.terna.it\\\/DesktopModules\\\/AdactoBackend\\\/API\\\/download\\\/get?image=19125\"},{\"@type\":\"BreadcrumbList\",\"@id\":\"https:\\\/\\\/www.article-marketing.eu\\\/comunicatistampa\\\/giuseppina-di-foggia-dopo-40-anni-unaltra-donna-a-capo-di-una-partecipata-statale\\\/#breadcrumb\",\"itemListElement\":[{\"@type\":\"ListItem\",\"position\":1,\"name\":\"Home\",\"item\":\"https:\\\/\\\/www.article-marketing.eu\\\/comunicatistampa\\\/\"},{\"@type\":\"ListItem\",\"position\":2,\"name\":\"Giuseppina Di Foggia: dopo 40 anni un\u2019altra donna a capo di una partecipata statale\"}]},{\"@type\":\"WebSite\",\"@id\":\"https:\\\/\\\/www.article-marketing.eu\\\/comunicatistampa\\\/#website\",\"url\":\"https:\\\/\\\/www.article-marketing.eu\\\/comunicatistampa\\\/\",\"name\":\"Article Marketing\",\"description\":\"article marketing &amp; press release\",\"potentialAction\":[{\"@type\":\"SearchAction\",\"target\":{\"@type\":\"EntryPoint\",\"urlTemplate\":\"https:\\\/\\\/www.article-marketing.eu\\\/comunicatistampa\\\/?s={search_term_string}\"},\"query-input\":{\"@type\":\"PropertyValueSpecification\",\"valueRequired\":true,\"valueName\":\"search_term_string\"}}],\"inLanguage\":\"it-IT\"},{\"@type\":\"Person\",\"@id\":\"https:\\\/\\\/www.article-marketing.eu\\\/comunicatistampa\\\/#\\\/schema\\\/person\\\/c7ad72f600617f1bd334a0a835ce7131\",\"name\":\"agencyscweb\",\"image\":{\"@type\":\"ImageObject\",\"inLanguage\":\"it-IT\",\"@id\":\"https:\\\/\\\/secure.gravatar.com\\\/avatar\\\/ef87e6d6407d88323c4057e29f8eaeab72d1edb72d78969fdac60fdc60f38ab5?s=96&d=mm&r=g\",\"url\":\"https:\\\/\\\/secure.gravatar.com\\\/avatar\\\/ef87e6d6407d88323c4057e29f8eaeab72d1edb72d78969fdac60fdc60f38ab5?s=96&d=mm&r=g\",\"contentUrl\":\"https:\\\/\\\/secure.gravatar.com\\\/avatar\\\/ef87e6d6407d88323c4057e29f8eaeab72d1edb72d78969fdac60fdc60f38ab5?s=96&d=mm&r=g\",\"caption\":\"agencyscweb\"},\"url\":\"https:\\\/\\\/www.article-marketing.eu\\\/comunicatistampa\\\/author\\\/agencyscweb\\\/\"}]}<\/script>\n<!-- \/ Yoast SEO plugin. -->","yoast_head_json":{"title":"Giuseppina Di Foggia: dopo 40 anni un\u2019altra donna a capo di una partecipata statale","description":"L\u2019attuale AD e DG di Terna Giuseppina Di Foggia vanta una lunga esperienza nel mondo delle telecomunicazioni alla guida di societ\u00e0 come Nokia","robots":{"index":"index","follow":"follow","max-snippet":"max-snippet:-1","max-image-preview":"max-image-preview:large","max-video-preview":"max-video-preview:-1"},"canonical":"https:\/\/www.article-marketing.eu\/comunicatistampa\/giuseppina-di-foggia-dopo-40-anni-unaltra-donna-a-capo-di-una-partecipata-statale\/","og_locale":"it_IT","og_type":"article","og_title":"Giuseppina Di Foggia: dopo 40 anni un\u2019altra donna a capo di una partecipata statale","og_description":"L\u2019attuale AD e DG di Terna Giuseppina Di Foggia vanta una lunga esperienza nel mondo delle telecomunicazioni alla guida di societ\u00e0 come Nokia","og_url":"https:\/\/www.article-marketing.eu\/comunicatistampa\/giuseppina-di-foggia-dopo-40-anni-unaltra-donna-a-capo-di-una-partecipata-statale\/","og_site_name":"Article Marketing","article_published_time":"2023-12-04T16:58:31+00:00","og_image":[{"url":"https:\/\/www.terna.it\/DesktopModules\/AdactoBackend\/API\/download\/get?image=19125","type":"","width":"","height":""}],"author":"agencyscweb","twitter_card":"summary_large_image","twitter_misc":{"Scritto da":"agencyscweb","Tempo di lettura stimato":"3 minuti"},"schema":{"@context":"https:\/\/schema.org","@graph":[{"@type":"Article","@id":"https:\/\/www.article-marketing.eu\/comunicatistampa\/giuseppina-di-foggia-dopo-40-anni-unaltra-donna-a-capo-di-una-partecipata-statale\/#article","isPartOf":{"@id":"https:\/\/www.article-marketing.eu\/comunicatistampa\/giuseppina-di-foggia-dopo-40-anni-unaltra-donna-a-capo-di-una-partecipata-statale\/"},"author":{"name":"agencyscweb","@id":"https:\/\/www.article-marketing.eu\/comunicatistampa\/#\/schema\/person\/c7ad72f600617f1bd334a0a835ce7131"},"headline":"Giuseppina Di Foggia: dopo 40 anni un\u2019altra donna a capo di una partecipata statale","datePublished":"2023-12-04T16:58:31+00:00","mainEntityOfPage":{"@id":"https:\/\/www.article-marketing.eu\/comunicatistampa\/giuseppina-di-foggia-dopo-40-anni-unaltra-donna-a-capo-di-una-partecipata-statale\/"},"wordCount":394,"commentCount":0,"image":{"@id":"https:\/\/www.article-marketing.eu\/comunicatistampa\/giuseppina-di-foggia-dopo-40-anni-unaltra-donna-a-capo-di-una-partecipata-statale\/#primaryimage"},"thumbnailUrl":"https:\/\/www.terna.it\/DesktopModules\/AdactoBackend\/API\/download\/get?image=19125","keywords":["Giuseppina Di Foggia"],"articleSection":["Aziende"],"inLanguage":"it-IT","potentialAction":[{"@type":"CommentAction","name":"Comment","target":["https:\/\/www.article-marketing.eu\/comunicatistampa\/giuseppina-di-foggia-dopo-40-anni-unaltra-donna-a-capo-di-una-partecipata-statale\/#respond"]}]},{"@type":"WebPage","@id":"https:\/\/www.article-marketing.eu\/comunicatistampa\/giuseppina-di-foggia-dopo-40-anni-unaltra-donna-a-capo-di-una-partecipata-statale\/","url":"https:\/\/www.article-marketing.eu\/comunicatistampa\/giuseppina-di-foggia-dopo-40-anni-unaltra-donna-a-capo-di-una-partecipata-statale\/","name":"Giuseppina Di Foggia: dopo 40 anni un\u2019altra donna a capo di una partecipata statale","isPartOf":{"@id":"https:\/\/www.article-marketing.eu\/comunicatistampa\/#website"},"primaryImageOfPage":{"@id":"https:\/\/www.article-marketing.eu\/comunicatistampa\/giuseppina-di-foggia-dopo-40-anni-unaltra-donna-a-capo-di-una-partecipata-statale\/#primaryimage"},"image":{"@id":"https:\/\/www.article-marketing.eu\/comunicatistampa\/giuseppina-di-foggia-dopo-40-anni-unaltra-donna-a-capo-di-una-partecipata-statale\/#primaryimage"},"thumbnailUrl":"https:\/\/www.terna.it\/DesktopModules\/AdactoBackend\/API\/download\/get?image=19125","datePublished":"2023-12-04T16:58:31+00:00","author":{"@id":"https:\/\/www.article-marketing.eu\/comunicatistampa\/#\/schema\/person\/c7ad72f600617f1bd334a0a835ce7131"},"description":"L\u2019attuale AD e DG di Terna Giuseppina Di Foggia vanta una lunga esperienza nel mondo delle telecomunicazioni alla guida di societ\u00e0 come Nokia","breadcrumb":{"@id":"https:\/\/www.article-marketing.eu\/comunicatistampa\/giuseppina-di-foggia-dopo-40-anni-unaltra-donna-a-capo-di-una-partecipata-statale\/#breadcrumb"},"inLanguage":"it-IT","potentialAction":[{"@type":"ReadAction","target":["https:\/\/www.article-marketing.eu\/comunicatistampa\/giuseppina-di-foggia-dopo-40-anni-unaltra-donna-a-capo-di-una-partecipata-statale\/"]}]},{"@type":"ImageObject","inLanguage":"it-IT","@id":"https:\/\/www.article-marketing.eu\/comunicatistampa\/giuseppina-di-foggia-dopo-40-anni-unaltra-donna-a-capo-di-una-partecipata-statale\/#primaryimage","url":"https:\/\/www.terna.it\/DesktopModules\/AdactoBackend\/API\/download\/get?image=19125","contentUrl":"https:\/\/www.terna.it\/DesktopModules\/AdactoBackend\/API\/download\/get?image=19125"},{"@type":"BreadcrumbList","@id":"https:\/\/www.article-marketing.eu\/comunicatistampa\/giuseppina-di-foggia-dopo-40-anni-unaltra-donna-a-capo-di-una-partecipata-statale\/#breadcrumb","itemListElement":[{"@type":"ListItem","position":1,"name":"Home","item":"https:\/\/www.article-marketing.eu\/comunicatistampa\/"},{"@type":"ListItem","position":2,"name":"Giuseppina Di Foggia: dopo 40 anni un\u2019altra donna a capo di una partecipata statale"}]},{"@type":"WebSite","@id":"https:\/\/www.article-marketing.eu\/comunicatistampa\/#website","url":"https:\/\/www.article-marketing.eu\/comunicatistampa\/","name":"Article Marketing","description":"article marketing &amp; press release","potentialAction":[{"@type":"SearchAction","target":{"@type":"EntryPoint","urlTemplate":"https:\/\/www.article-marketing.eu\/comunicatistampa\/?s={search_term_string}"},"query-input":{"@type":"PropertyValueSpecification","valueRequired":true,"valueName":"search_term_string"}}],"inLanguage":"it-IT"},{"@type":"Person","@id":"https:\/\/www.article-marketing.eu\/comunicatistampa\/#\/schema\/person\/c7ad72f600617f1bd334a0a835ce7131","name":"agencyscweb","image":{"@type":"ImageObject","inLanguage":"it-IT","@id":"https:\/\/secure.gravatar.com\/avatar\/ef87e6d6407d88323c4057e29f8eaeab72d1edb72d78969fdac60fdc60f38ab5?s=96&d=mm&r=g","url":"https:\/\/secure.gravatar.com\/avatar\/ef87e6d6407d88323c4057e29f8eaeab72d1edb72d78969fdac60fdc60f38ab5?s=96&d=mm&r=g","contentUrl":"https:\/\/secure.gravatar.com\/avatar\/ef87e6d6407d88323c4057e29f8eaeab72d1edb72d78969fdac60fdc60f38ab5?s=96&d=mm&r=g","caption":"agencyscweb"},"url":"https:\/\/www.article-marketing.eu\/comunicatistampa\/author\/agencyscweb\/"}]}},"_links":{"self":[{"href":"https:\/\/www.article-marketing.eu\/comunicatistampa\/wp-json\/wp\/v2\/posts\/29159","targetHints":{"allow":["GET"]}}],"collection":[{"href":"https:\/\/www.article-marketing.eu\/comunicatistampa\/wp-json\/wp\/v2\/posts"}],"about":[{"href":"https:\/\/www.article-marketing.eu\/comunicatistampa\/wp-json\/wp\/v2\/types\/post"}],"author":[{"embeddable":true,"href":"https:\/\/www.article-marketing.eu\/comunicatistampa\/wp-json\/wp\/v2\/users\/7204"}],"replies":[{"embeddable":true,"href":"https:\/\/www.article-marketing.eu\/comunicatistampa\/wp-json\/wp\/v2\/comments?post=29159"}],"version-history":[{"count":2,"href":"https:\/\/www.article-marketing.eu\/comunicatistampa\/wp-json\/wp\/v2\/posts\/29159\/revisions"}],"predecessor-version":[{"id":29175,"href":"https:\/\/www.article-marketing.eu\/comunicatistampa\/wp-json\/wp\/v2\/posts\/29159\/revisions\/29175"}],"wp:attachment":[{"href":"https:\/\/www.article-marketing.eu\/comunicatistampa\/wp-json\/wp\/v2\/media?parent=29159"}],"wp:term":[{"taxonomy":"category","embeddable":true,"href":"https:\/\/www.article-marketing.eu\/comunicatistampa\/wp-json\/wp\/v2\/categories?post=29159"},{"taxonomy":"post_tag","embeddable":true,"href":"https:\/\/www.article-marketing.eu\/comunicatistampa\/wp-json\/wp\/v2\/tags?post=29159"}],"curies":[{"name":"wp","href":"https:\/\/api.w.org\/{rel}","templated":true}]}}