{"id":29161,"date":"2023-12-04T17:58:30","date_gmt":"2023-12-04T16:58:30","guid":{"rendered":"https:\/\/www.article-marketing.eu\/comunicatistampa\/?p=29161"},"modified":"2023-12-04T17:58:30","modified_gmt":"2023-12-04T16:58:30","slug":"luigi-ferraris-il-piano-decennale-dellad-del-gruppo-fs-che-rivoluzionera-i-trasporti-su-rotaie","status":"publish","type":"post","link":"https:\/\/www.article-marketing.eu\/comunicatistampa\/luigi-ferraris-il-piano-decennale-dellad-del-gruppo-fs-che-rivoluzionera-i-trasporti-su-rotaie\/","title":{"rendered":"Luigi Ferraris, il Piano decennale dell\u2019AD del Gruppo FS che rivoluzioner\u00e0 i trasporti su rotaie"},"content":{"rendered":"<p><strong><em>\u201cGli investimenti del Gruppo FS nei prossimi dieci anni incideranno sul PIL nazionale per il 2% e con 200 miliardi di euro serviranno a rendere sempre pi\u00f9 attrattivo ed efficiente il trasporto collettivo e merci via treno, aumentando almeno del 20% la capacit\u00e0 di trasporto della rete ferroviaria e del 30% il numero di passeggeri\u201d: a Rimini l&#8217;Amministratore Delegato e Direttore Generali <a title=\"L'intervento di Luigi Ferraris al Meeting di Rimini su &quot;Il Sole 24 ore&quot;\" href=\"https:\/\/www.ilsole24ore.com\/art\/ferraris-gli-investimenti-fs-valgono-2percento-pil-AFGpWYd\">Luigi Ferraris<\/a> ha esposto gli ambiziosi obiettivi del Piano del Gruppo FS.<\/em><\/strong><\/p>\n<p><a title=\"L'intervento di Luigi Ferraris al Meeting di Rimini\" href=\"https:\/\/www.ilsole24ore.com\/art\/ferraris-gli-investimenti-fs-valgono-2percento-pil-AFGpWYd\"><img loading=\"lazy\" decoding=\"async\" src=\"https:\/\/h2biz.net\/images\/Plats\/crop_min_20220525145751.jpg\" alt=\"Luigi Ferraris\" width=\"200\" height=\"200\" \/><\/a><\/p>\n<h2>Luigi Ferraris: \u201cImportante effetto degli investimenti del Gruppo FS sull\u2019economia\u201d<\/h2>\n<p><strong>Luigi Ferraris<\/strong>, AD del Gruppo FS, \u00e8 intervenuto, in occasione del Meeting di Rimini, sugli effetti che l\u2019ambizioso Piano strategico delle Ferrovie dello Stato Italiane comporter\u00e0 sull\u2019economia Italiana: \u201c<em>Due punti di PIL ci e si portano dietro 200.000-300.000 addetti ai lavori fra diretti e indiretti. Quindi l\u2019effetto sull\u2019economia \u00e8 sicuramente rilevante<\/em>\u201d. Particolarmente apprezzabile sar\u00e0, secondo <a title=\"Luigi Ferraris, l'AD del Gruppo FS fa il punto su Pnrr e infrastrutture\" href=\"https:\/\/www.ilsole24ore.com\/art\/ferraris-gli-investimenti-fs-valgono-2percento-pil-AFGpWYd\"><strong>Luigi Ferraris<\/strong><\/a>, l\u2019effetto indiretto sull\u2019economia dei territori, che parteciperanno di questi investimenti attraverso commesse e lavori: \u201c<em>Le opere sono su tutto il territorio da Nord a Sud e quindi \u00e8 chiaro che la ricaduta \u00e8 anche e soprattutto sulle economie locali. Questo \u00e8 sicuramente un aspetto che consente al Paese di potere fare leva su questa nuova ondata di infrastrutture per sostenere la crescita del PIL<\/em>\u201d.<\/p>\n<h2>Luigi Ferraris: \u201cCollaborazioni con le universit\u00e0 per creare professionisti\u201d<\/h2>\n<p>Un aspetto significativo del progetto del Gruppo guidato da <strong>Luigi Ferraris<\/strong> riguarda la necessit\u00e0 di competenze e professionalit\u00e0 nel settore delle infrastrutture. Il manager ha sottolineato l&#8217;importanza di rinsaldare il dialogo tra il mondo delle universit\u00e0 e quello delle imprese. Per questo motivo, Gruppo FS ha firmato un protocollo d&#8217;intesa con il Ministero delle Infrastrutture e dei Trasporti e il Ministero dell&#8217;Istruzione e del Merito: l&#8217;obiettivo \u00e8 la creazione di una filiera integrata della formazione professionale che possa fornire le competenze necessarie per sostenere il progresso delle infrastrutture italiane.<\/p>\n","protected":false},"excerpt":{"rendered":"<p>\u201cGli investimenti del Gruppo FS nei prossimi dieci anni incideranno sul PIL nazionale per il 2% e con 200 miliardi di euro serviranno a rendere sempre pi\u00f9 attrattivo ed efficiente il trasporto collettivo e merci via treno, aumentando almeno del 20% la capacit\u00e0 di trasporto della rete ferroviaria e del 30% il numero di passeggeri\u201d: a Rimini l&#8217;Amministratore Delegato e Direttore Generali Luigi Ferraris ha esposto gli ambiziosi obiettivi del<\/p>\n<p><a class=\"continue-reading\" href=\"https:\/\/www.article-marketing.eu\/comunicatistampa\/luigi-ferraris-il-piano-decennale-dellad-del-gruppo-fs-che-rivoluzionera-i-trasporti-su-rotaie\/\">Continue reading&#8230;<\/a><\/p>\n","protected":false},"author":7203,"featured_media":0,"comment_status":"open","ping_status":"open","sticky":false,"template":"","format":"standard","meta":{"_monsterinsights_skip_tracking":false,"_monsterinsights_sitenote_active":false,"_monsterinsights_sitenote_note":"","_monsterinsights_sitenote_category":0,"footnotes":""},"categories":[388],"tags":[10013,9540],"class_list":["post-29161","post","type-post","status-publish","format-standard","hentry","category-aziende","tag-gruppo-fs","tag-luigi-ferraris"],"yoast_head":"<!-- This site is optimized with the Yoast SEO plugin v27.3 - https:\/\/yoast.com\/product\/yoast-seo-wordpress\/ -->\n<title>Luigi Ferraris, il Piano decennale dell\u2019AD del Gruppo FS che rivoluzioner\u00e0 i trasporti su rotaie<\/title>\n<meta name=\"description\" content=\"200 miliardi in dieci anni per aumentare di un terzo il numero di passeggeri e del 20% la capacit\u00e0 di trasporto: ne parla l&#039;AD Luigi Ferraris\" \/>\n<meta name=\"robots\" content=\"index, follow, max-snippet:-1, max-image-preview:large, max-video-preview:-1\" \/>\n<link rel=\"canonical\" href=\"https:\/\/www.article-marketing.eu\/comunicatistampa\/luigi-ferraris-il-piano-decennale-dellad-del-gruppo-fs-che-rivoluzionera-i-trasporti-su-rotaie\/\" \/>\n<meta property=\"og:locale\" content=\"it_IT\" \/>\n<meta property=\"og:type\" content=\"article\" \/>\n<meta property=\"og:title\" content=\"Luigi Ferraris, il Piano decennale dell\u2019AD del Gruppo FS che rivoluzioner\u00e0 i trasporti su rotaie\" \/>\n<meta property=\"og:description\" content=\"200 miliardi in dieci anni per aumentare di un terzo il numero di passeggeri e del 20% la capacit\u00e0 di trasporto: ne parla l&#039;AD Luigi Ferraris\" \/>\n<meta property=\"og:url\" content=\"https:\/\/www.article-marketing.eu\/comunicatistampa\/luigi-ferraris-il-piano-decennale-dellad-del-gruppo-fs-che-rivoluzionera-i-trasporti-su-rotaie\/\" \/>\n<meta property=\"og:site_name\" content=\"Article Marketing\" \/>\n<meta property=\"article:published_time\" content=\"2023-12-04T16:58:30+00:00\" \/>\n<meta property=\"og:image\" content=\"https:\/\/h2biz.net\/images\/Plats\/crop_min_20220525145751.jpg\" \/>\n<meta name=\"author\" content=\"gbofficeprnews\" \/>\n<meta name=\"twitter:card\" content=\"summary_large_image\" \/>\n<meta name=\"twitter:label1\" content=\"Scritto da\" \/>\n\t<meta name=\"twitter:data1\" content=\"gbofficeprnews\" \/>\n\t<meta name=\"twitter:label2\" content=\"Tempo di lettura stimato\" \/>\n\t<meta name=\"twitter:data2\" content=\"2 minuti\" \/>\n<script type=\"application\/ld+json\" class=\"yoast-schema-graph\">{\"@context\":\"https:\\\/\\\/schema.org\",\"@graph\":[{\"@type\":\"Article\",\"@id\":\"https:\\\/\\\/www.article-marketing.eu\\\/comunicatistampa\\\/luigi-ferraris-il-piano-decennale-dellad-del-gruppo-fs-che-rivoluzionera-i-trasporti-su-rotaie\\\/#article\",\"isPartOf\":{\"@id\":\"https:\\\/\\\/www.article-marketing.eu\\\/comunicatistampa\\\/luigi-ferraris-il-piano-decennale-dellad-del-gruppo-fs-che-rivoluzionera-i-trasporti-su-rotaie\\\/\"},\"author\":{\"name\":\"gbofficeprnews\",\"@id\":\"https:\\\/\\\/www.article-marketing.eu\\\/comunicatistampa\\\/#\\\/schema\\\/person\\\/00c541681af1a376511ed63d59ca096f\"},\"headline\":\"Luigi Ferraris, il Piano decennale dell\u2019AD del Gruppo FS che rivoluzioner\u00e0 i trasporti su rotaie\",\"datePublished\":\"2023-12-04T16:58:30+00:00\",\"mainEntityOfPage\":{\"@id\":\"https:\\\/\\\/www.article-marketing.eu\\\/comunicatistampa\\\/luigi-ferraris-il-piano-decennale-dellad-del-gruppo-fs-che-rivoluzionera-i-trasporti-su-rotaie\\\/\"},\"wordCount\":316,\"commentCount\":0,\"image\":{\"@id\":\"https:\\\/\\\/www.article-marketing.eu\\\/comunicatistampa\\\/luigi-ferraris-il-piano-decennale-dellad-del-gruppo-fs-che-rivoluzionera-i-trasporti-su-rotaie\\\/#primaryimage\"},\"thumbnailUrl\":\"https:\\\/\\\/h2biz.net\\\/images\\\/Plats\\\/crop_min_20220525145751.jpg\",\"keywords\":[\"Gruppo FS\",\"Luigi Ferraris\"],\"articleSection\":[\"Aziende\"],\"inLanguage\":\"it-IT\",\"potentialAction\":[{\"@type\":\"CommentAction\",\"name\":\"Comment\",\"target\":[\"https:\\\/\\\/www.article-marketing.eu\\\/comunicatistampa\\\/luigi-ferraris-il-piano-decennale-dellad-del-gruppo-fs-che-rivoluzionera-i-trasporti-su-rotaie\\\/#respond\"]}]},{\"@type\":\"WebPage\",\"@id\":\"https:\\\/\\\/www.article-marketing.eu\\\/comunicatistampa\\\/luigi-ferraris-il-piano-decennale-dellad-del-gruppo-fs-che-rivoluzionera-i-trasporti-su-rotaie\\\/\",\"url\":\"https:\\\/\\\/www.article-marketing.eu\\\/comunicatistampa\\\/luigi-ferraris-il-piano-decennale-dellad-del-gruppo-fs-che-rivoluzionera-i-trasporti-su-rotaie\\\/\",\"name\":\"Luigi Ferraris, il Piano decennale dell\u2019AD del Gruppo FS che rivoluzioner\u00e0 i trasporti su rotaie\",\"isPartOf\":{\"@id\":\"https:\\\/\\\/www.article-marketing.eu\\\/comunicatistampa\\\/#website\"},\"primaryImageOfPage\":{\"@id\":\"https:\\\/\\\/www.article-marketing.eu\\\/comunicatistampa\\\/luigi-ferraris-il-piano-decennale-dellad-del-gruppo-fs-che-rivoluzionera-i-trasporti-su-rotaie\\\/#primaryimage\"},\"image\":{\"@id\":\"https:\\\/\\\/www.article-marketing.eu\\\/comunicatistampa\\\/luigi-ferraris-il-piano-decennale-dellad-del-gruppo-fs-che-rivoluzionera-i-trasporti-su-rotaie\\\/#primaryimage\"},\"thumbnailUrl\":\"https:\\\/\\\/h2biz.net\\\/images\\\/Plats\\\/crop_min_20220525145751.jpg\",\"datePublished\":\"2023-12-04T16:58:30+00:00\",\"author\":{\"@id\":\"https:\\\/\\\/www.article-marketing.eu\\\/comunicatistampa\\\/#\\\/schema\\\/person\\\/00c541681af1a376511ed63d59ca096f\"},\"description\":\"200 miliardi in dieci anni per aumentare di un terzo il numero di passeggeri e del 20% la capacit\u00e0 di trasporto: ne parla l'AD Luigi Ferraris\",\"breadcrumb\":{\"@id\":\"https:\\\/\\\/www.article-marketing.eu\\\/comunicatistampa\\\/luigi-ferraris-il-piano-decennale-dellad-del-gruppo-fs-che-rivoluzionera-i-trasporti-su-rotaie\\\/#breadcrumb\"},\"inLanguage\":\"it-IT\",\"potentialAction\":[{\"@type\":\"ReadAction\",\"target\":[\"https:\\\/\\\/www.article-marketing.eu\\\/comunicatistampa\\\/luigi-ferraris-il-piano-decennale-dellad-del-gruppo-fs-che-rivoluzionera-i-trasporti-su-rotaie\\\/\"]}]},{\"@type\":\"ImageObject\",\"inLanguage\":\"it-IT\",\"@id\":\"https:\\\/\\\/www.article-marketing.eu\\\/comunicatistampa\\\/luigi-ferraris-il-piano-decennale-dellad-del-gruppo-fs-che-rivoluzionera-i-trasporti-su-rotaie\\\/#primaryimage\",\"url\":\"https:\\\/\\\/h2biz.net\\\/images\\\/Plats\\\/crop_min_20220525145751.jpg\",\"contentUrl\":\"https:\\\/\\\/h2biz.net\\\/images\\\/Plats\\\/crop_min_20220525145751.jpg\"},{\"@type\":\"BreadcrumbList\",\"@id\":\"https:\\\/\\\/www.article-marketing.eu\\\/comunicatistampa\\\/luigi-ferraris-il-piano-decennale-dellad-del-gruppo-fs-che-rivoluzionera-i-trasporti-su-rotaie\\\/#breadcrumb\",\"itemListElement\":[{\"@type\":\"ListItem\",\"position\":1,\"name\":\"Home\",\"item\":\"https:\\\/\\\/www.article-marketing.eu\\\/comunicatistampa\\\/\"},{\"@type\":\"ListItem\",\"position\":2,\"name\":\"Luigi Ferraris, il Piano decennale dell\u2019AD del Gruppo FS che rivoluzioner\u00e0 i trasporti su rotaie\"}]},{\"@type\":\"WebSite\",\"@id\":\"https:\\\/\\\/www.article-marketing.eu\\\/comunicatistampa\\\/#website\",\"url\":\"https:\\\/\\\/www.article-marketing.eu\\\/comunicatistampa\\\/\",\"name\":\"Article Marketing\",\"description\":\"article marketing &amp; press release\",\"potentialAction\":[{\"@type\":\"SearchAction\",\"target\":{\"@type\":\"EntryPoint\",\"urlTemplate\":\"https:\\\/\\\/www.article-marketing.eu\\\/comunicatistampa\\\/?s={search_term_string}\"},\"query-input\":{\"@type\":\"PropertyValueSpecification\",\"valueRequired\":true,\"valueName\":\"search_term_string\"}}],\"inLanguage\":\"it-IT\"},{\"@type\":\"Person\",\"@id\":\"https:\\\/\\\/www.article-marketing.eu\\\/comunicatistampa\\\/#\\\/schema\\\/person\\\/00c541681af1a376511ed63d59ca096f\",\"name\":\"gbofficeprnews\",\"image\":{\"@type\":\"ImageObject\",\"inLanguage\":\"it-IT\",\"@id\":\"https:\\\/\\\/secure.gravatar.com\\\/avatar\\\/6c895f4b9cd59fffe899c25f76b85bf0d427605c1f0d3b07c81e155c001265cf?s=96&d=mm&r=g\",\"url\":\"https:\\\/\\\/secure.gravatar.com\\\/avatar\\\/6c895f4b9cd59fffe899c25f76b85bf0d427605c1f0d3b07c81e155c001265cf?s=96&d=mm&r=g\",\"contentUrl\":\"https:\\\/\\\/secure.gravatar.com\\\/avatar\\\/6c895f4b9cd59fffe899c25f76b85bf0d427605c1f0d3b07c81e155c001265cf?s=96&d=mm&r=g\",\"caption\":\"gbofficeprnews\"},\"url\":\"https:\\\/\\\/www.article-marketing.eu\\\/comunicatistampa\\\/author\\\/gbofficeprnews\\\/\"}]}<\/script>\n<!-- \/ Yoast SEO plugin. -->","yoast_head_json":{"title":"Luigi Ferraris, il Piano decennale dell\u2019AD del Gruppo FS che rivoluzioner\u00e0 i trasporti su rotaie","description":"200 miliardi in dieci anni per aumentare di un terzo il numero di passeggeri e del 20% la capacit\u00e0 di trasporto: ne parla l'AD Luigi Ferraris","robots":{"index":"index","follow":"follow","max-snippet":"max-snippet:-1","max-image-preview":"max-image-preview:large","max-video-preview":"max-video-preview:-1"},"canonical":"https:\/\/www.article-marketing.eu\/comunicatistampa\/luigi-ferraris-il-piano-decennale-dellad-del-gruppo-fs-che-rivoluzionera-i-trasporti-su-rotaie\/","og_locale":"it_IT","og_type":"article","og_title":"Luigi Ferraris, il Piano decennale dell\u2019AD del Gruppo FS che rivoluzioner\u00e0 i trasporti su rotaie","og_description":"200 miliardi in dieci anni per aumentare di un terzo il numero di passeggeri e del 20% la capacit\u00e0 di trasporto: ne parla l'AD Luigi Ferraris","og_url":"https:\/\/www.article-marketing.eu\/comunicatistampa\/luigi-ferraris-il-piano-decennale-dellad-del-gruppo-fs-che-rivoluzionera-i-trasporti-su-rotaie\/","og_site_name":"Article Marketing","article_published_time":"2023-12-04T16:58:30+00:00","og_image":[{"url":"https:\/\/h2biz.net\/images\/Plats\/crop_min_20220525145751.jpg","type":"","width":"","height":""}],"author":"gbofficeprnews","twitter_card":"summary_large_image","twitter_misc":{"Scritto da":"gbofficeprnews","Tempo di lettura stimato":"2 minuti"},"schema":{"@context":"https:\/\/schema.org","@graph":[{"@type":"Article","@id":"https:\/\/www.article-marketing.eu\/comunicatistampa\/luigi-ferraris-il-piano-decennale-dellad-del-gruppo-fs-che-rivoluzionera-i-trasporti-su-rotaie\/#article","isPartOf":{"@id":"https:\/\/www.article-marketing.eu\/comunicatistampa\/luigi-ferraris-il-piano-decennale-dellad-del-gruppo-fs-che-rivoluzionera-i-trasporti-su-rotaie\/"},"author":{"name":"gbofficeprnews","@id":"https:\/\/www.article-marketing.eu\/comunicatistampa\/#\/schema\/person\/00c541681af1a376511ed63d59ca096f"},"headline":"Luigi Ferraris, il Piano decennale dell\u2019AD del Gruppo FS che rivoluzioner\u00e0 i trasporti su rotaie","datePublished":"2023-12-04T16:58:30+00:00","mainEntityOfPage":{"@id":"https:\/\/www.article-marketing.eu\/comunicatistampa\/luigi-ferraris-il-piano-decennale-dellad-del-gruppo-fs-che-rivoluzionera-i-trasporti-su-rotaie\/"},"wordCount":316,"commentCount":0,"image":{"@id":"https:\/\/www.article-marketing.eu\/comunicatistampa\/luigi-ferraris-il-piano-decennale-dellad-del-gruppo-fs-che-rivoluzionera-i-trasporti-su-rotaie\/#primaryimage"},"thumbnailUrl":"https:\/\/h2biz.net\/images\/Plats\/crop_min_20220525145751.jpg","keywords":["Gruppo FS","Luigi Ferraris"],"articleSection":["Aziende"],"inLanguage":"it-IT","potentialAction":[{"@type":"CommentAction","name":"Comment","target":["https:\/\/www.article-marketing.eu\/comunicatistampa\/luigi-ferraris-il-piano-decennale-dellad-del-gruppo-fs-che-rivoluzionera-i-trasporti-su-rotaie\/#respond"]}]},{"@type":"WebPage","@id":"https:\/\/www.article-marketing.eu\/comunicatistampa\/luigi-ferraris-il-piano-decennale-dellad-del-gruppo-fs-che-rivoluzionera-i-trasporti-su-rotaie\/","url":"https:\/\/www.article-marketing.eu\/comunicatistampa\/luigi-ferraris-il-piano-decennale-dellad-del-gruppo-fs-che-rivoluzionera-i-trasporti-su-rotaie\/","name":"Luigi Ferraris, il Piano decennale dell\u2019AD del Gruppo FS che rivoluzioner\u00e0 i trasporti su rotaie","isPartOf":{"@id":"https:\/\/www.article-marketing.eu\/comunicatistampa\/#website"},"primaryImageOfPage":{"@id":"https:\/\/www.article-marketing.eu\/comunicatistampa\/luigi-ferraris-il-piano-decennale-dellad-del-gruppo-fs-che-rivoluzionera-i-trasporti-su-rotaie\/#primaryimage"},"image":{"@id":"https:\/\/www.article-marketing.eu\/comunicatistampa\/luigi-ferraris-il-piano-decennale-dellad-del-gruppo-fs-che-rivoluzionera-i-trasporti-su-rotaie\/#primaryimage"},"thumbnailUrl":"https:\/\/h2biz.net\/images\/Plats\/crop_min_20220525145751.jpg","datePublished":"2023-12-04T16:58:30+00:00","author":{"@id":"https:\/\/www.article-marketing.eu\/comunicatistampa\/#\/schema\/person\/00c541681af1a376511ed63d59ca096f"},"description":"200 miliardi in dieci anni per aumentare di un terzo il numero di passeggeri e del 20% la capacit\u00e0 di trasporto: ne parla l'AD Luigi Ferraris","breadcrumb":{"@id":"https:\/\/www.article-marketing.eu\/comunicatistampa\/luigi-ferraris-il-piano-decennale-dellad-del-gruppo-fs-che-rivoluzionera-i-trasporti-su-rotaie\/#breadcrumb"},"inLanguage":"it-IT","potentialAction":[{"@type":"ReadAction","target":["https:\/\/www.article-marketing.eu\/comunicatistampa\/luigi-ferraris-il-piano-decennale-dellad-del-gruppo-fs-che-rivoluzionera-i-trasporti-su-rotaie\/"]}]},{"@type":"ImageObject","inLanguage":"it-IT","@id":"https:\/\/www.article-marketing.eu\/comunicatistampa\/luigi-ferraris-il-piano-decennale-dellad-del-gruppo-fs-che-rivoluzionera-i-trasporti-su-rotaie\/#primaryimage","url":"https:\/\/h2biz.net\/images\/Plats\/crop_min_20220525145751.jpg","contentUrl":"https:\/\/h2biz.net\/images\/Plats\/crop_min_20220525145751.jpg"},{"@type":"BreadcrumbList","@id":"https:\/\/www.article-marketing.eu\/comunicatistampa\/luigi-ferraris-il-piano-decennale-dellad-del-gruppo-fs-che-rivoluzionera-i-trasporti-su-rotaie\/#breadcrumb","itemListElement":[{"@type":"ListItem","position":1,"name":"Home","item":"https:\/\/www.article-marketing.eu\/comunicatistampa\/"},{"@type":"ListItem","position":2,"name":"Luigi Ferraris, il Piano decennale dell\u2019AD del Gruppo FS che rivoluzioner\u00e0 i trasporti su rotaie"}]},{"@type":"WebSite","@id":"https:\/\/www.article-marketing.eu\/comunicatistampa\/#website","url":"https:\/\/www.article-marketing.eu\/comunicatistampa\/","name":"Article Marketing","description":"article marketing &amp; press release","potentialAction":[{"@type":"SearchAction","target":{"@type":"EntryPoint","urlTemplate":"https:\/\/www.article-marketing.eu\/comunicatistampa\/?s={search_term_string}"},"query-input":{"@type":"PropertyValueSpecification","valueRequired":true,"valueName":"search_term_string"}}],"inLanguage":"it-IT"},{"@type":"Person","@id":"https:\/\/www.article-marketing.eu\/comunicatistampa\/#\/schema\/person\/00c541681af1a376511ed63d59ca096f","name":"gbofficeprnews","image":{"@type":"ImageObject","inLanguage":"it-IT","@id":"https:\/\/secure.gravatar.com\/avatar\/6c895f4b9cd59fffe899c25f76b85bf0d427605c1f0d3b07c81e155c001265cf?s=96&d=mm&r=g","url":"https:\/\/secure.gravatar.com\/avatar\/6c895f4b9cd59fffe899c25f76b85bf0d427605c1f0d3b07c81e155c001265cf?s=96&d=mm&r=g","contentUrl":"https:\/\/secure.gravatar.com\/avatar\/6c895f4b9cd59fffe899c25f76b85bf0d427605c1f0d3b07c81e155c001265cf?s=96&d=mm&r=g","caption":"gbofficeprnews"},"url":"https:\/\/www.article-marketing.eu\/comunicatistampa\/author\/gbofficeprnews\/"}]}},"_links":{"self":[{"href":"https:\/\/www.article-marketing.eu\/comunicatistampa\/wp-json\/wp\/v2\/posts\/29161","targetHints":{"allow":["GET"]}}],"collection":[{"href":"https:\/\/www.article-marketing.eu\/comunicatistampa\/wp-json\/wp\/v2\/posts"}],"about":[{"href":"https:\/\/www.article-marketing.eu\/comunicatistampa\/wp-json\/wp\/v2\/types\/post"}],"author":[{"embeddable":true,"href":"https:\/\/www.article-marketing.eu\/comunicatistampa\/wp-json\/wp\/v2\/users\/7203"}],"replies":[{"embeddable":true,"href":"https:\/\/www.article-marketing.eu\/comunicatistampa\/wp-json\/wp\/v2\/comments?post=29161"}],"version-history":[{"count":5,"href":"https:\/\/www.article-marketing.eu\/comunicatistampa\/wp-json\/wp\/v2\/posts\/29161\/revisions"}],"predecessor-version":[{"id":29177,"href":"https:\/\/www.article-marketing.eu\/comunicatistampa\/wp-json\/wp\/v2\/posts\/29161\/revisions\/29177"}],"wp:attachment":[{"href":"https:\/\/www.article-marketing.eu\/comunicatistampa\/wp-json\/wp\/v2\/media?parent=29161"}],"wp:term":[{"taxonomy":"category","embeddable":true,"href":"https:\/\/www.article-marketing.eu\/comunicatistampa\/wp-json\/wp\/v2\/categories?post=29161"},{"taxonomy":"post_tag","embeddable":true,"href":"https:\/\/www.article-marketing.eu\/comunicatistampa\/wp-json\/wp\/v2\/tags?post=29161"}],"curies":[{"name":"wp","href":"https:\/\/api.w.org\/{rel}","templated":true}]}}