{"id":29167,"date":"2023-12-04T17:57:47","date_gmt":"2023-12-04T16:57:47","guid":{"rendered":"https:\/\/www.article-marketing.eu\/comunicatistampa\/?p=29167"},"modified":"2023-12-04T17:57:47","modified_gmt":"2023-12-04T16:57:47","slug":"umberto-lebruto-il-maxi-progetto-di-fs-sistemi-urbani-per-migliorare-la-mobilita-a-trastevere","status":"publish","type":"post","link":"https:\/\/www.article-marketing.eu\/comunicatistampa\/umberto-lebruto-il-maxi-progetto-di-fs-sistemi-urbani-per-migliorare-la-mobilita-a-trastevere\/","title":{"rendered":"Umberto Lebruto, il maxi-progetto di FS Sistemi Urbani per migliorare la mobilit\u00e0 a Trastevere"},"content":{"rendered":"<p><strong><em>\u201cEcco che allora oggi sottoscriviamo con la citt\u00e0 un grande accordo, un Protocollo che inizia a trasformare quel punto, quella barriera, in una porta girevole e i quattro quadranti di citt\u00e0 attraverso la stazione saranno ricuciti e rigenerati\u201d: <a title=\"La biografia professionale di Umberto Lebruto\" href=\"https:\/\/www.crunchbase.com\/person\/umberto-lebruto\">Umberto Lebruto<\/a>, AD di FS Sistemi Urbani, esprime soddisfazione per il successo dell\u2019iniziativa che trasformer\u00e0 la stazione di Roma Trastevere.<\/em><\/strong><\/p>\n<p><a title=\"Umberto Lebruto, il profilo professionale dell'AD di FS Sistemi Urbani\" href=\"https:\/\/www.crunchbase.com\/person\/umberto-lebruto\"><img loading=\"lazy\" decoding=\"async\" src=\"https:\/\/media.licdn.com\/dms\/image\/C4E03AQEIf89RoPqWaw\/profile-displayphoto-shrink_200_200\/0\/1606237035584?e=1706745600&amp;v=beta&amp;t=kgUMNyWWYMRSMgG3WjeARJjeGmV36rKPGdh7Tosdkqs\" alt=\"Umberto Lebruto\" width=\"200\" height=\"200\" \/><\/a><\/p>\n<h2>Umberto Lebruto tra i firmatari del Protocollo che trasformer\u00e0 la stazione di Trastevere<\/h2>\n<p>Recentemente, \u00e8 stato firmato un Protocollo d&#8217;Intesa tra Maurizio Veloccia, Assessore all\u2019Urbanistica Roma Capitale, <a title=\"Il percorso professionale di Umberto Lebruto\" href=\"https:\/\/www.crunchbase.com\/person\/umberto-lebruto\"><strong>Umberto Lebruto<\/strong><\/a>, AD di FS Sistemi Urbani, e altre importanti figure istituzionali, con l&#8217;obiettivo di coordinare gli interventi di riqualifiazione nell&#8217;area della Stazione di Trastevere. Tale accordo prevede l&#8217;apertura di un secondo ingresso sul fronte sud della stazione, finanziato da Rete Ferroviaria Italiana. Ci\u00f2 comporter\u00e0 un aumento significativo della capacit\u00e0 pedonale e la riqualificazione dell&#8217;area circostante, inclusi spazi verdi e servizi per i viaggiatori. <strong>Umberto Lebruto<\/strong> ha sottolineato l\u2019importanza dell\u2019iniziativa: \u201c<em>Trastevere \u00e8 un punto particolarissimo di questa citt\u00e0, inserita in quattro quadranti di citt\u00e0 storici che da sempre sono stati separati per la presenza delle infrastrutture ferroviarie, le linee ferroviarie per Fiumicino, per Ostiense e per la Tirrenica che hanno diviso in quattro quadranti il quartiere, e il punto focale \u00e8 proprio la stazione di Trastevere. Ecco che allora oggi sottoscriviamo con la citt\u00e0 un grande accordo, un protocollo che inizia a trasformare quel punto, quella barriera, in una porta girevole<\/em>\u201d.<\/p>\n<h2>Umberto Lebruto: \u201cCos\u00ec renderemo la citt\u00e0 pi\u00f9 agevole\u201d<\/h2>\n<p>Il progetto punta dunque a una Trastevere pi\u00f9 accessibile e agevole tanto per i turisti, quanto per i cittadini dell\u2019Urbe. <strong>Umberto Lebruto<\/strong> ha affermato: \u201c<em>La prima fase funzionale vede proprio importanti infrastrutture fatte dalla rete ferroviaria di sfondamento dei sottopassi; ce ne sono due, saranno riqualificati, allungati e uniranno le due parti di citt\u00e0 nord-sud. Si aprir\u00e0 il fronte di stazione<\/em>\u201d. In parallelo, si sta elaborando una proposta di variante urbanistica per Trastevere, Porto Fluviale e Quattroventi, in collaborazione con l&#8217;Universit\u00e0 La Sapienza. Questo piano prevede la redistribuzione dei volumi e delle funzioni nell&#8217;area, in linea con le esigenze del contesto urbano e lo sviluppo futuro del quadrante. Inoltre, si attende il recupero della linea ferroviaria dismessa e la realizzazione di un percorso ciclo-pedonale di collegamento con la stazione, che diventer\u00e0 la cerniera del quadrante Gianicolense\/Marconi.<\/p>\n","protected":false},"excerpt":{"rendered":"<p>\u201cEcco che allora oggi sottoscriviamo con la citt\u00e0 un grande accordo, un Protocollo che inizia a trasformare quel punto, quella barriera, in una porta girevole e i quattro quadranti di citt\u00e0 attraverso la stazione saranno ricuciti e rigenerati\u201d: Umberto Lebruto, AD di FS Sistemi Urbani, esprime soddisfazione per il successo dell\u2019iniziativa che trasformer\u00e0 la stazione di Roma Trastevere. Umberto Lebruto tra i firmatari del Protocollo che trasformer\u00e0 la stazione di<\/p>\n<p><a class=\"continue-reading\" href=\"https:\/\/www.article-marketing.eu\/comunicatistampa\/umberto-lebruto-il-maxi-progetto-di-fs-sistemi-urbani-per-migliorare-la-mobilita-a-trastevere\/\">Continue reading&#8230;<\/a><\/p>\n","protected":false},"author":6477,"featured_media":0,"comment_status":"open","ping_status":"open","sticky":false,"template":"","format":"standard","meta":{"_monsterinsights_skip_tracking":false,"_monsterinsights_sitenote_active":false,"_monsterinsights_sitenote_note":"","_monsterinsights_sitenote_category":0,"footnotes":""},"categories":[362],"tags":[10941],"class_list":["post-29167","post","type-post","status-publish","format-standard","hentry","category-societa","tag-umberto-lebruto"],"yoast_head":"<!-- This site is optimized with the Yoast SEO plugin v27.3 - https:\/\/yoast.com\/product\/yoast-seo-wordpress\/ -->\n<title>Umberto Lebruto, il maxi-progetto di FS Sistemi Urbani per migliorare la mobilit\u00e0 a Trastevere<\/title>\n<meta name=\"description\" content=\"\u201cTrastevere \u00e8 un punto particolarissimo\u201d: secondo Umberto Lebruto, AD di FS Sistemi Urbani, rliqualificare la stazione era necessario\" \/>\n<meta name=\"robots\" content=\"index, follow, max-snippet:-1, max-image-preview:large, max-video-preview:-1\" \/>\n<link rel=\"canonical\" href=\"https:\/\/www.article-marketing.eu\/comunicatistampa\/umberto-lebruto-il-maxi-progetto-di-fs-sistemi-urbani-per-migliorare-la-mobilita-a-trastevere\/\" \/>\n<meta property=\"og:locale\" content=\"it_IT\" \/>\n<meta property=\"og:type\" content=\"article\" \/>\n<meta property=\"og:title\" content=\"Umberto Lebruto, il maxi-progetto di FS Sistemi Urbani per migliorare la mobilit\u00e0 a Trastevere\" \/>\n<meta property=\"og:description\" content=\"\u201cTrastevere \u00e8 un punto particolarissimo\u201d: secondo Umberto Lebruto, AD di FS Sistemi Urbani, rliqualificare la stazione era necessario\" \/>\n<meta property=\"og:url\" content=\"https:\/\/www.article-marketing.eu\/comunicatistampa\/umberto-lebruto-il-maxi-progetto-di-fs-sistemi-urbani-per-migliorare-la-mobilita-a-trastevere\/\" \/>\n<meta property=\"og:site_name\" content=\"Article Marketing\" \/>\n<meta property=\"article:published_time\" content=\"2023-12-04T16:57:47+00:00\" \/>\n<meta property=\"og:image\" content=\"https:\/\/media.licdn.com\/dms\/image\/C4E03AQEIf89RoPqWaw\/profile-displayphoto-shrink_200_200\/0\/1606237035584?e=1706745600&amp;v=beta&amp;t=kgUMNyWWYMRSMgG3WjeARJjeGmV36rKPGdh7Tosdkqs\" \/>\n<meta name=\"author\" content=\"articolinews\" \/>\n<meta name=\"twitter:card\" content=\"summary_large_image\" \/>\n<meta name=\"twitter:label1\" content=\"Scritto da\" \/>\n\t<meta name=\"twitter:data1\" content=\"articolinews\" \/>\n\t<meta name=\"twitter:label2\" content=\"Tempo di lettura stimato\" \/>\n\t<meta name=\"twitter:data2\" content=\"3 minuti\" \/>\n<script type=\"application\/ld+json\" class=\"yoast-schema-graph\">{\"@context\":\"https:\\\/\\\/schema.org\",\"@graph\":[{\"@type\":\"Article\",\"@id\":\"https:\\\/\\\/www.article-marketing.eu\\\/comunicatistampa\\\/umberto-lebruto-il-maxi-progetto-di-fs-sistemi-urbani-per-migliorare-la-mobilita-a-trastevere\\\/#article\",\"isPartOf\":{\"@id\":\"https:\\\/\\\/www.article-marketing.eu\\\/comunicatistampa\\\/umberto-lebruto-il-maxi-progetto-di-fs-sistemi-urbani-per-migliorare-la-mobilita-a-trastevere\\\/\"},\"author\":{\"name\":\"articolinews\",\"@id\":\"https:\\\/\\\/www.article-marketing.eu\\\/comunicatistampa\\\/#\\\/schema\\\/person\\\/2fcaf8f8f3a9eef9eb7f27532d3ca458\"},\"headline\":\"Umberto Lebruto, il maxi-progetto di FS Sistemi Urbani per migliorare la mobilit\u00e0 a Trastevere\",\"datePublished\":\"2023-12-04T16:57:47+00:00\",\"mainEntityOfPage\":{\"@id\":\"https:\\\/\\\/www.article-marketing.eu\\\/comunicatistampa\\\/umberto-lebruto-il-maxi-progetto-di-fs-sistemi-urbani-per-migliorare-la-mobilita-a-trastevere\\\/\"},\"wordCount\":397,\"commentCount\":0,\"image\":{\"@id\":\"https:\\\/\\\/www.article-marketing.eu\\\/comunicatistampa\\\/umberto-lebruto-il-maxi-progetto-di-fs-sistemi-urbani-per-migliorare-la-mobilita-a-trastevere\\\/#primaryimage\"},\"thumbnailUrl\":\"https:\\\/\\\/media.licdn.com\\\/dms\\\/image\\\/C4E03AQEIf89RoPqWaw\\\/profile-displayphoto-shrink_200_200\\\/0\\\/1606237035584?e=1706745600&amp;v=beta&amp;t=kgUMNyWWYMRSMgG3WjeARJjeGmV36rKPGdh7Tosdkqs\",\"keywords\":[\"Umberto Lebruto\"],\"articleSection\":[\"Societ\u00e0\"],\"inLanguage\":\"it-IT\",\"potentialAction\":[{\"@type\":\"CommentAction\",\"name\":\"Comment\",\"target\":[\"https:\\\/\\\/www.article-marketing.eu\\\/comunicatistampa\\\/umberto-lebruto-il-maxi-progetto-di-fs-sistemi-urbani-per-migliorare-la-mobilita-a-trastevere\\\/#respond\"]}]},{\"@type\":\"WebPage\",\"@id\":\"https:\\\/\\\/www.article-marketing.eu\\\/comunicatistampa\\\/umberto-lebruto-il-maxi-progetto-di-fs-sistemi-urbani-per-migliorare-la-mobilita-a-trastevere\\\/\",\"url\":\"https:\\\/\\\/www.article-marketing.eu\\\/comunicatistampa\\\/umberto-lebruto-il-maxi-progetto-di-fs-sistemi-urbani-per-migliorare-la-mobilita-a-trastevere\\\/\",\"name\":\"Umberto Lebruto, il maxi-progetto di FS Sistemi Urbani per migliorare la mobilit\u00e0 a Trastevere\",\"isPartOf\":{\"@id\":\"https:\\\/\\\/www.article-marketing.eu\\\/comunicatistampa\\\/#website\"},\"primaryImageOfPage\":{\"@id\":\"https:\\\/\\\/www.article-marketing.eu\\\/comunicatistampa\\\/umberto-lebruto-il-maxi-progetto-di-fs-sistemi-urbani-per-migliorare-la-mobilita-a-trastevere\\\/#primaryimage\"},\"image\":{\"@id\":\"https:\\\/\\\/www.article-marketing.eu\\\/comunicatistampa\\\/umberto-lebruto-il-maxi-progetto-di-fs-sistemi-urbani-per-migliorare-la-mobilita-a-trastevere\\\/#primaryimage\"},\"thumbnailUrl\":\"https:\\\/\\\/media.licdn.com\\\/dms\\\/image\\\/C4E03AQEIf89RoPqWaw\\\/profile-displayphoto-shrink_200_200\\\/0\\\/1606237035584?e=1706745600&amp;v=beta&amp;t=kgUMNyWWYMRSMgG3WjeARJjeGmV36rKPGdh7Tosdkqs\",\"datePublished\":\"2023-12-04T16:57:47+00:00\",\"author\":{\"@id\":\"https:\\\/\\\/www.article-marketing.eu\\\/comunicatistampa\\\/#\\\/schema\\\/person\\\/2fcaf8f8f3a9eef9eb7f27532d3ca458\"},\"description\":\"\u201cTrastevere \u00e8 un punto particolarissimo\u201d: secondo Umberto Lebruto, AD di FS Sistemi Urbani, rliqualificare la stazione era necessario\",\"breadcrumb\":{\"@id\":\"https:\\\/\\\/www.article-marketing.eu\\\/comunicatistampa\\\/umberto-lebruto-il-maxi-progetto-di-fs-sistemi-urbani-per-migliorare-la-mobilita-a-trastevere\\\/#breadcrumb\"},\"inLanguage\":\"it-IT\",\"potentialAction\":[{\"@type\":\"ReadAction\",\"target\":[\"https:\\\/\\\/www.article-marketing.eu\\\/comunicatistampa\\\/umberto-lebruto-il-maxi-progetto-di-fs-sistemi-urbani-per-migliorare-la-mobilita-a-trastevere\\\/\"]}]},{\"@type\":\"ImageObject\",\"inLanguage\":\"it-IT\",\"@id\":\"https:\\\/\\\/www.article-marketing.eu\\\/comunicatistampa\\\/umberto-lebruto-il-maxi-progetto-di-fs-sistemi-urbani-per-migliorare-la-mobilita-a-trastevere\\\/#primaryimage\",\"url\":\"https:\\\/\\\/media.licdn.com\\\/dms\\\/image\\\/C4E03AQEIf89RoPqWaw\\\/profile-displayphoto-shrink_200_200\\\/0\\\/1606237035584?e=1706745600&amp;v=beta&amp;t=kgUMNyWWYMRSMgG3WjeARJjeGmV36rKPGdh7Tosdkqs\",\"contentUrl\":\"https:\\\/\\\/media.licdn.com\\\/dms\\\/image\\\/C4E03AQEIf89RoPqWaw\\\/profile-displayphoto-shrink_200_200\\\/0\\\/1606237035584?e=1706745600&amp;v=beta&amp;t=kgUMNyWWYMRSMgG3WjeARJjeGmV36rKPGdh7Tosdkqs\"},{\"@type\":\"BreadcrumbList\",\"@id\":\"https:\\\/\\\/www.article-marketing.eu\\\/comunicatistampa\\\/umberto-lebruto-il-maxi-progetto-di-fs-sistemi-urbani-per-migliorare-la-mobilita-a-trastevere\\\/#breadcrumb\",\"itemListElement\":[{\"@type\":\"ListItem\",\"position\":1,\"name\":\"Home\",\"item\":\"https:\\\/\\\/www.article-marketing.eu\\\/comunicatistampa\\\/\"},{\"@type\":\"ListItem\",\"position\":2,\"name\":\"Umberto Lebruto, il maxi-progetto di FS Sistemi Urbani per migliorare la mobilit\u00e0 a Trastevere\"}]},{\"@type\":\"WebSite\",\"@id\":\"https:\\\/\\\/www.article-marketing.eu\\\/comunicatistampa\\\/#website\",\"url\":\"https:\\\/\\\/www.article-marketing.eu\\\/comunicatistampa\\\/\",\"name\":\"Article Marketing\",\"description\":\"article marketing &amp; press release\",\"potentialAction\":[{\"@type\":\"SearchAction\",\"target\":{\"@type\":\"EntryPoint\",\"urlTemplate\":\"https:\\\/\\\/www.article-marketing.eu\\\/comunicatistampa\\\/?s={search_term_string}\"},\"query-input\":{\"@type\":\"PropertyValueSpecification\",\"valueRequired\":true,\"valueName\":\"search_term_string\"}}],\"inLanguage\":\"it-IT\"},{\"@type\":\"Person\",\"@id\":\"https:\\\/\\\/www.article-marketing.eu\\\/comunicatistampa\\\/#\\\/schema\\\/person\\\/2fcaf8f8f3a9eef9eb7f27532d3ca458\",\"name\":\"articolinews\",\"image\":{\"@type\":\"ImageObject\",\"inLanguage\":\"it-IT\",\"@id\":\"https:\\\/\\\/secure.gravatar.com\\\/avatar\\\/9e2a264bab04e17dea24d937c9956304649a848cb73c46747a692ff1bdeb1cb7?s=96&d=mm&r=g\",\"url\":\"https:\\\/\\\/secure.gravatar.com\\\/avatar\\\/9e2a264bab04e17dea24d937c9956304649a848cb73c46747a692ff1bdeb1cb7?s=96&d=mm&r=g\",\"contentUrl\":\"https:\\\/\\\/secure.gravatar.com\\\/avatar\\\/9e2a264bab04e17dea24d937c9956304649a848cb73c46747a692ff1bdeb1cb7?s=96&d=mm&r=g\",\"caption\":\"articolinews\"},\"url\":\"https:\\\/\\\/www.article-marketing.eu\\\/comunicatistampa\\\/author\\\/articolinews\\\/\"}]}<\/script>\n<!-- \/ Yoast SEO plugin. -->","yoast_head_json":{"title":"Umberto Lebruto, il maxi-progetto di FS Sistemi Urbani per migliorare la mobilit\u00e0 a Trastevere","description":"\u201cTrastevere \u00e8 un punto particolarissimo\u201d: secondo Umberto Lebruto, AD di FS Sistemi Urbani, rliqualificare la stazione era necessario","robots":{"index":"index","follow":"follow","max-snippet":"max-snippet:-1","max-image-preview":"max-image-preview:large","max-video-preview":"max-video-preview:-1"},"canonical":"https:\/\/www.article-marketing.eu\/comunicatistampa\/umberto-lebruto-il-maxi-progetto-di-fs-sistemi-urbani-per-migliorare-la-mobilita-a-trastevere\/","og_locale":"it_IT","og_type":"article","og_title":"Umberto Lebruto, il maxi-progetto di FS Sistemi Urbani per migliorare la mobilit\u00e0 a Trastevere","og_description":"\u201cTrastevere \u00e8 un punto particolarissimo\u201d: secondo Umberto Lebruto, AD di FS Sistemi Urbani, rliqualificare la stazione era necessario","og_url":"https:\/\/www.article-marketing.eu\/comunicatistampa\/umberto-lebruto-il-maxi-progetto-di-fs-sistemi-urbani-per-migliorare-la-mobilita-a-trastevere\/","og_site_name":"Article Marketing","article_published_time":"2023-12-04T16:57:47+00:00","og_image":[{"url":"https:\/\/media.licdn.com\/dms\/image\/C4E03AQEIf89RoPqWaw\/profile-displayphoto-shrink_200_200\/0\/1606237035584?e=1706745600&amp;v=beta&amp;t=kgUMNyWWYMRSMgG3WjeARJjeGmV36rKPGdh7Tosdkqs","type":"","width":"","height":""}],"author":"articolinews","twitter_card":"summary_large_image","twitter_misc":{"Scritto da":"articolinews","Tempo di lettura stimato":"3 minuti"},"schema":{"@context":"https:\/\/schema.org","@graph":[{"@type":"Article","@id":"https:\/\/www.article-marketing.eu\/comunicatistampa\/umberto-lebruto-il-maxi-progetto-di-fs-sistemi-urbani-per-migliorare-la-mobilita-a-trastevere\/#article","isPartOf":{"@id":"https:\/\/www.article-marketing.eu\/comunicatistampa\/umberto-lebruto-il-maxi-progetto-di-fs-sistemi-urbani-per-migliorare-la-mobilita-a-trastevere\/"},"author":{"name":"articolinews","@id":"https:\/\/www.article-marketing.eu\/comunicatistampa\/#\/schema\/person\/2fcaf8f8f3a9eef9eb7f27532d3ca458"},"headline":"Umberto Lebruto, il maxi-progetto di FS Sistemi Urbani per migliorare la mobilit\u00e0 a Trastevere","datePublished":"2023-12-04T16:57:47+00:00","mainEntityOfPage":{"@id":"https:\/\/www.article-marketing.eu\/comunicatistampa\/umberto-lebruto-il-maxi-progetto-di-fs-sistemi-urbani-per-migliorare-la-mobilita-a-trastevere\/"},"wordCount":397,"commentCount":0,"image":{"@id":"https:\/\/www.article-marketing.eu\/comunicatistampa\/umberto-lebruto-il-maxi-progetto-di-fs-sistemi-urbani-per-migliorare-la-mobilita-a-trastevere\/#primaryimage"},"thumbnailUrl":"https:\/\/media.licdn.com\/dms\/image\/C4E03AQEIf89RoPqWaw\/profile-displayphoto-shrink_200_200\/0\/1606237035584?e=1706745600&amp;v=beta&amp;t=kgUMNyWWYMRSMgG3WjeARJjeGmV36rKPGdh7Tosdkqs","keywords":["Umberto Lebruto"],"articleSection":["Societ\u00e0"],"inLanguage":"it-IT","potentialAction":[{"@type":"CommentAction","name":"Comment","target":["https:\/\/www.article-marketing.eu\/comunicatistampa\/umberto-lebruto-il-maxi-progetto-di-fs-sistemi-urbani-per-migliorare-la-mobilita-a-trastevere\/#respond"]}]},{"@type":"WebPage","@id":"https:\/\/www.article-marketing.eu\/comunicatistampa\/umberto-lebruto-il-maxi-progetto-di-fs-sistemi-urbani-per-migliorare-la-mobilita-a-trastevere\/","url":"https:\/\/www.article-marketing.eu\/comunicatistampa\/umberto-lebruto-il-maxi-progetto-di-fs-sistemi-urbani-per-migliorare-la-mobilita-a-trastevere\/","name":"Umberto Lebruto, il maxi-progetto di FS Sistemi Urbani per migliorare la mobilit\u00e0 a Trastevere","isPartOf":{"@id":"https:\/\/www.article-marketing.eu\/comunicatistampa\/#website"},"primaryImageOfPage":{"@id":"https:\/\/www.article-marketing.eu\/comunicatistampa\/umberto-lebruto-il-maxi-progetto-di-fs-sistemi-urbani-per-migliorare-la-mobilita-a-trastevere\/#primaryimage"},"image":{"@id":"https:\/\/www.article-marketing.eu\/comunicatistampa\/umberto-lebruto-il-maxi-progetto-di-fs-sistemi-urbani-per-migliorare-la-mobilita-a-trastevere\/#primaryimage"},"thumbnailUrl":"https:\/\/media.licdn.com\/dms\/image\/C4E03AQEIf89RoPqWaw\/profile-displayphoto-shrink_200_200\/0\/1606237035584?e=1706745600&amp;v=beta&amp;t=kgUMNyWWYMRSMgG3WjeARJjeGmV36rKPGdh7Tosdkqs","datePublished":"2023-12-04T16:57:47+00:00","author":{"@id":"https:\/\/www.article-marketing.eu\/comunicatistampa\/#\/schema\/person\/2fcaf8f8f3a9eef9eb7f27532d3ca458"},"description":"\u201cTrastevere \u00e8 un punto particolarissimo\u201d: secondo Umberto Lebruto, AD di FS Sistemi Urbani, rliqualificare la stazione era necessario","breadcrumb":{"@id":"https:\/\/www.article-marketing.eu\/comunicatistampa\/umberto-lebruto-il-maxi-progetto-di-fs-sistemi-urbani-per-migliorare-la-mobilita-a-trastevere\/#breadcrumb"},"inLanguage":"it-IT","potentialAction":[{"@type":"ReadAction","target":["https:\/\/www.article-marketing.eu\/comunicatistampa\/umberto-lebruto-il-maxi-progetto-di-fs-sistemi-urbani-per-migliorare-la-mobilita-a-trastevere\/"]}]},{"@type":"ImageObject","inLanguage":"it-IT","@id":"https:\/\/www.article-marketing.eu\/comunicatistampa\/umberto-lebruto-il-maxi-progetto-di-fs-sistemi-urbani-per-migliorare-la-mobilita-a-trastevere\/#primaryimage","url":"https:\/\/media.licdn.com\/dms\/image\/C4E03AQEIf89RoPqWaw\/profile-displayphoto-shrink_200_200\/0\/1606237035584?e=1706745600&amp;v=beta&amp;t=kgUMNyWWYMRSMgG3WjeARJjeGmV36rKPGdh7Tosdkqs","contentUrl":"https:\/\/media.licdn.com\/dms\/image\/C4E03AQEIf89RoPqWaw\/profile-displayphoto-shrink_200_200\/0\/1606237035584?e=1706745600&amp;v=beta&amp;t=kgUMNyWWYMRSMgG3WjeARJjeGmV36rKPGdh7Tosdkqs"},{"@type":"BreadcrumbList","@id":"https:\/\/www.article-marketing.eu\/comunicatistampa\/umberto-lebruto-il-maxi-progetto-di-fs-sistemi-urbani-per-migliorare-la-mobilita-a-trastevere\/#breadcrumb","itemListElement":[{"@type":"ListItem","position":1,"name":"Home","item":"https:\/\/www.article-marketing.eu\/comunicatistampa\/"},{"@type":"ListItem","position":2,"name":"Umberto Lebruto, il maxi-progetto di FS Sistemi Urbani per migliorare la mobilit\u00e0 a Trastevere"}]},{"@type":"WebSite","@id":"https:\/\/www.article-marketing.eu\/comunicatistampa\/#website","url":"https:\/\/www.article-marketing.eu\/comunicatistampa\/","name":"Article Marketing","description":"article marketing &amp; press release","potentialAction":[{"@type":"SearchAction","target":{"@type":"EntryPoint","urlTemplate":"https:\/\/www.article-marketing.eu\/comunicatistampa\/?s={search_term_string}"},"query-input":{"@type":"PropertyValueSpecification","valueRequired":true,"valueName":"search_term_string"}}],"inLanguage":"it-IT"},{"@type":"Person","@id":"https:\/\/www.article-marketing.eu\/comunicatistampa\/#\/schema\/person\/2fcaf8f8f3a9eef9eb7f27532d3ca458","name":"articolinews","image":{"@type":"ImageObject","inLanguage":"it-IT","@id":"https:\/\/secure.gravatar.com\/avatar\/9e2a264bab04e17dea24d937c9956304649a848cb73c46747a692ff1bdeb1cb7?s=96&d=mm&r=g","url":"https:\/\/secure.gravatar.com\/avatar\/9e2a264bab04e17dea24d937c9956304649a848cb73c46747a692ff1bdeb1cb7?s=96&d=mm&r=g","contentUrl":"https:\/\/secure.gravatar.com\/avatar\/9e2a264bab04e17dea24d937c9956304649a848cb73c46747a692ff1bdeb1cb7?s=96&d=mm&r=g","caption":"articolinews"},"url":"https:\/\/www.article-marketing.eu\/comunicatistampa\/author\/articolinews\/"}]}},"_links":{"self":[{"href":"https:\/\/www.article-marketing.eu\/comunicatistampa\/wp-json\/wp\/v2\/posts\/29167","targetHints":{"allow":["GET"]}}],"collection":[{"href":"https:\/\/www.article-marketing.eu\/comunicatistampa\/wp-json\/wp\/v2\/posts"}],"about":[{"href":"https:\/\/www.article-marketing.eu\/comunicatistampa\/wp-json\/wp\/v2\/types\/post"}],"author":[{"embeddable":true,"href":"https:\/\/www.article-marketing.eu\/comunicatistampa\/wp-json\/wp\/v2\/users\/6477"}],"replies":[{"embeddable":true,"href":"https:\/\/www.article-marketing.eu\/comunicatistampa\/wp-json\/wp\/v2\/comments?post=29167"}],"version-history":[{"count":2,"href":"https:\/\/www.article-marketing.eu\/comunicatistampa\/wp-json\/wp\/v2\/posts\/29167\/revisions"}],"predecessor-version":[{"id":29172,"href":"https:\/\/www.article-marketing.eu\/comunicatistampa\/wp-json\/wp\/v2\/posts\/29167\/revisions\/29172"}],"wp:attachment":[{"href":"https:\/\/www.article-marketing.eu\/comunicatistampa\/wp-json\/wp\/v2\/media?parent=29167"}],"wp:term":[{"taxonomy":"category","embeddable":true,"href":"https:\/\/www.article-marketing.eu\/comunicatistampa\/wp-json\/wp\/v2\/categories?post=29167"},{"taxonomy":"post_tag","embeddable":true,"href":"https:\/\/www.article-marketing.eu\/comunicatistampa\/wp-json\/wp\/v2\/tags?post=29167"}],"curies":[{"name":"wp","href":"https:\/\/api.w.org\/{rel}","templated":true}]}}