{"id":29169,"date":"2023-12-04T17:57:47","date_gmt":"2023-12-04T16:57:47","guid":{"rendered":"https:\/\/www.article-marketing.eu\/comunicatistampa\/?p=29169"},"modified":"2023-12-04T17:57:47","modified_gmt":"2023-12-04T16:57:47","slug":"antonio-musacchio-il-percorso-professionale-dellad-di-gsa-gruppo-servizi-associati","status":"publish","type":"post","link":"https:\/\/www.article-marketing.eu\/comunicatistampa\/antonio-musacchio-il-percorso-professionale-dellad-di-gsa-gruppo-servizi-associati\/","title":{"rendered":"Antonio Musacchio: il percorso professionale dell\u2019AD di GSA Gruppo Servizi Associati"},"content":{"rendered":"<p><em><strong><a title=\"Antonio Musacchio: il profilo professionale dell'AD di GSA Gruppo Servizi Associati\" href=\"https:\/\/www.executivemanager.it\/Antonio-Musacchio\/\">Antonio Musacchio<\/a>, attuale Amministratore Delegato di GSA Gruppo Servizi Associati &#8211; leader nei servizi antincendio, fire engineering, gestione delle emergenze, alta formazione e servizi di eccellenza in ambito facility &#8211; vanta 30 anni di esperienza professionale che gli hanno consentito di acquisire solide competenze in ambito operations, commerciale e gestionale.<\/strong><\/em><\/p>\n<p><a title=\"Antonio Musacchio: 30 anni di carriera\" href=\"https:\/\/www.executivemanager.it\/Antonio-Musacchio\/\"><em><strong><img loading=\"lazy\" decoding=\"async\" src=\"https:\/\/www.executivemanager.it\/images\/comprofiler\/0_65574cb0893a3.jpg\" alt=\"Antonio Musacchio, Amministratore Delegato di GSA\" width=\"226\" height=\"150\" \/><\/strong><\/em><\/a><\/p>\n<h2>L\u2019esordio professionale di Antonio Musacchio<\/h2>\n<p>Laureatosi con il massimo dei voti in Ingegneria Meccanica presso l\u2019Universit\u00e0 La Sapienza di Roma nel 1990, <a title=\"Dalla laurea alla guida di GSA Gruppo Servizi Associati: il percorso professionale di Antonio Musacchio\" href=\"https:\/\/www.executivemanager.it\/Antonio-Musacchio\/\"><strong>Antonio Musacchio<\/strong><\/a> intraprende un percorso di successo che lo porta a ricoprire ruoli di crescente responsabilit\u00e0 in aziende di rilievo. Esordisce professionalmente presso Eni nel settore dei servizi energetici e del facility management: qui affronta con successo le sfide legate alla gestione operativa, commerciale e finanziaria di progetti e contratti di rilevanza strategica. Negli anni successivi, <strong>Antonio Musacchio<\/strong> ricopre ruoli cruciali, tra cui Direttore Generale di SI Servizi, azienda del Gruppo Cofathec, e Direttore Operations presso Pirelli RE Facility Management fino al 2009. Qui coordina progetti di rilievo, tra cui l\u2019outsourcing e la gestione di immobili per Telecom Italia.<\/p>\n<h2>Antonio Musacchio: gli incarichi di responsabilit\u00e0 ricoperti nel corso degli anni<\/h2>\n<p>Nel 2010, <strong>Antonio Musacchio<\/strong> viene nominato Amministratore Delegato di Energyproject, societ\u00e0 del Gruppo Manutencoop specializzata nella costruzione e manutenzione di impianti fotovoltaici. L\u2019anno successivo, terminata tale esperienza, \u00e8 nominato Direttore Generale di Nagest Global Service, societ\u00e0 di gestione integrata dei servizi, manutenzione programmata e continua per la gestione dei grandi patrimoni urbani. Mantiene questo incarico per circa sei anni. Nel 2017 \u00e8 chiamato a ricoprire l\u2019incarico di Amministratore Delegato di Apleona Italy, un importante fornitore di servizi nella gestione di immobili e propriet\u00e0 a livello europeo. In questa veste, <strong>Antonio Musacchio<\/strong> guida la crescita e lo sviluppo della societ\u00e0 sul mercato italiano, consolidando relazioni chiave con clienti e partner strategici. \u00c8 il novembre 2021 quando GSA Gruppo Servizi Associati decide di nominarlo Amministratore Delegato della societ\u00e0.<\/p>\n","protected":false},"excerpt":{"rendered":"<p>Antonio Musacchio, attuale Amministratore Delegato di GSA Gruppo Servizi Associati &#8211; leader nei servizi antincendio, fire engineering, gestione delle emergenze, alta formazione e servizi di eccellenza in ambito facility &#8211; vanta 30 anni di esperienza professionale che gli hanno consentito di acquisire solide competenze in ambito operations, commerciale e gestionale. L\u2019esordio professionale di Antonio Musacchio Laureatosi con il massimo dei voti in Ingegneria Meccanica presso l\u2019Universit\u00e0 La Sapienza di Roma<\/p>\n<p><a class=\"continue-reading\" href=\"https:\/\/www.article-marketing.eu\/comunicatistampa\/antonio-musacchio-il-percorso-professionale-dellad-di-gsa-gruppo-servizi-associati\/\">Continue reading&#8230;<\/a><\/p>\n","protected":false},"author":6477,"featured_media":0,"comment_status":"open","ping_status":"open","sticky":false,"template":"","format":"standard","meta":{"_monsterinsights_skip_tracking":false,"_monsterinsights_sitenote_active":false,"_monsterinsights_sitenote_note":"","_monsterinsights_sitenote_category":0,"footnotes":""},"categories":[362],"tags":[10942],"class_list":["post-29169","post","type-post","status-publish","format-standard","hentry","category-societa","tag-antonio-musacchio"],"yoast_head":"<!-- This site is optimized with the Yoast SEO plugin v27.3 - https:\/\/yoast.com\/product\/yoast-seo-wordpress\/ -->\n<title>Antonio Musacchio: il percorso professionale dell\u2019AD di GSA Gruppo Servizi Associati<\/title>\n<meta name=\"description\" content=\"Il percorso professionale di Antonio Musacchio: dall\u2019esordio in Eni alla guida di GSA in qualit\u00e0 di Amministratore Delegato\" \/>\n<meta name=\"robots\" content=\"index, follow, max-snippet:-1, max-image-preview:large, max-video-preview:-1\" \/>\n<link rel=\"canonical\" href=\"https:\/\/www.article-marketing.eu\/comunicatistampa\/antonio-musacchio-il-percorso-professionale-dellad-di-gsa-gruppo-servizi-associati\/\" \/>\n<meta property=\"og:locale\" content=\"it_IT\" \/>\n<meta property=\"og:type\" content=\"article\" \/>\n<meta property=\"og:title\" content=\"Antonio Musacchio: il percorso professionale dell\u2019AD di GSA Gruppo Servizi Associati\" \/>\n<meta property=\"og:description\" content=\"Il percorso professionale di Antonio Musacchio: dall\u2019esordio in Eni alla guida di GSA in qualit\u00e0 di Amministratore Delegato\" \/>\n<meta property=\"og:url\" content=\"https:\/\/www.article-marketing.eu\/comunicatistampa\/antonio-musacchio-il-percorso-professionale-dellad-di-gsa-gruppo-servizi-associati\/\" \/>\n<meta property=\"og:site_name\" content=\"Article Marketing\" \/>\n<meta property=\"article:published_time\" content=\"2023-12-04T16:57:47+00:00\" \/>\n<meta property=\"og:image\" content=\"https:\/\/www.executivemanager.it\/images\/comprofiler\/0_65574cb0893a3.jpg\" \/>\n<meta name=\"author\" content=\"articolinews\" \/>\n<meta name=\"twitter:card\" content=\"summary_large_image\" \/>\n<meta name=\"twitter:label1\" content=\"Scritto da\" \/>\n\t<meta name=\"twitter:data1\" content=\"articolinews\" \/>\n\t<meta name=\"twitter:label2\" content=\"Tempo di lettura stimato\" \/>\n\t<meta name=\"twitter:data2\" content=\"2 minuti\" \/>\n<script type=\"application\/ld+json\" class=\"yoast-schema-graph\">{\"@context\":\"https:\\\/\\\/schema.org\",\"@graph\":[{\"@type\":\"Article\",\"@id\":\"https:\\\/\\\/www.article-marketing.eu\\\/comunicatistampa\\\/antonio-musacchio-il-percorso-professionale-dellad-di-gsa-gruppo-servizi-associati\\\/#article\",\"isPartOf\":{\"@id\":\"https:\\\/\\\/www.article-marketing.eu\\\/comunicatistampa\\\/antonio-musacchio-il-percorso-professionale-dellad-di-gsa-gruppo-servizi-associati\\\/\"},\"author\":{\"name\":\"articolinews\",\"@id\":\"https:\\\/\\\/www.article-marketing.eu\\\/comunicatistampa\\\/#\\\/schema\\\/person\\\/2fcaf8f8f3a9eef9eb7f27532d3ca458\"},\"headline\":\"Antonio Musacchio: il percorso professionale dell\u2019AD di GSA Gruppo Servizi Associati\",\"datePublished\":\"2023-12-04T16:57:47+00:00\",\"mainEntityOfPage\":{\"@id\":\"https:\\\/\\\/www.article-marketing.eu\\\/comunicatistampa\\\/antonio-musacchio-il-percorso-professionale-dellad-di-gsa-gruppo-servizi-associati\\\/\"},\"wordCount\":316,\"commentCount\":0,\"image\":{\"@id\":\"https:\\\/\\\/www.article-marketing.eu\\\/comunicatistampa\\\/antonio-musacchio-il-percorso-professionale-dellad-di-gsa-gruppo-servizi-associati\\\/#primaryimage\"},\"thumbnailUrl\":\"https:\\\/\\\/www.executivemanager.it\\\/images\\\/comprofiler\\\/0_65574cb0893a3.jpg\",\"keywords\":[\"Antonio Musacchio\"],\"articleSection\":[\"Societ\u00e0\"],\"inLanguage\":\"it-IT\",\"potentialAction\":[{\"@type\":\"CommentAction\",\"name\":\"Comment\",\"target\":[\"https:\\\/\\\/www.article-marketing.eu\\\/comunicatistampa\\\/antonio-musacchio-il-percorso-professionale-dellad-di-gsa-gruppo-servizi-associati\\\/#respond\"]}]},{\"@type\":\"WebPage\",\"@id\":\"https:\\\/\\\/www.article-marketing.eu\\\/comunicatistampa\\\/antonio-musacchio-il-percorso-professionale-dellad-di-gsa-gruppo-servizi-associati\\\/\",\"url\":\"https:\\\/\\\/www.article-marketing.eu\\\/comunicatistampa\\\/antonio-musacchio-il-percorso-professionale-dellad-di-gsa-gruppo-servizi-associati\\\/\",\"name\":\"Antonio Musacchio: il percorso professionale dell\u2019AD di GSA Gruppo Servizi Associati\",\"isPartOf\":{\"@id\":\"https:\\\/\\\/www.article-marketing.eu\\\/comunicatistampa\\\/#website\"},\"primaryImageOfPage\":{\"@id\":\"https:\\\/\\\/www.article-marketing.eu\\\/comunicatistampa\\\/antonio-musacchio-il-percorso-professionale-dellad-di-gsa-gruppo-servizi-associati\\\/#primaryimage\"},\"image\":{\"@id\":\"https:\\\/\\\/www.article-marketing.eu\\\/comunicatistampa\\\/antonio-musacchio-il-percorso-professionale-dellad-di-gsa-gruppo-servizi-associati\\\/#primaryimage\"},\"thumbnailUrl\":\"https:\\\/\\\/www.executivemanager.it\\\/images\\\/comprofiler\\\/0_65574cb0893a3.jpg\",\"datePublished\":\"2023-12-04T16:57:47+00:00\",\"author\":{\"@id\":\"https:\\\/\\\/www.article-marketing.eu\\\/comunicatistampa\\\/#\\\/schema\\\/person\\\/2fcaf8f8f3a9eef9eb7f27532d3ca458\"},\"description\":\"Il percorso professionale di Antonio Musacchio: dall\u2019esordio in Eni alla guida di GSA in qualit\u00e0 di Amministratore Delegato\",\"breadcrumb\":{\"@id\":\"https:\\\/\\\/www.article-marketing.eu\\\/comunicatistampa\\\/antonio-musacchio-il-percorso-professionale-dellad-di-gsa-gruppo-servizi-associati\\\/#breadcrumb\"},\"inLanguage\":\"it-IT\",\"potentialAction\":[{\"@type\":\"ReadAction\",\"target\":[\"https:\\\/\\\/www.article-marketing.eu\\\/comunicatistampa\\\/antonio-musacchio-il-percorso-professionale-dellad-di-gsa-gruppo-servizi-associati\\\/\"]}]},{\"@type\":\"ImageObject\",\"inLanguage\":\"it-IT\",\"@id\":\"https:\\\/\\\/www.article-marketing.eu\\\/comunicatistampa\\\/antonio-musacchio-il-percorso-professionale-dellad-di-gsa-gruppo-servizi-associati\\\/#primaryimage\",\"url\":\"https:\\\/\\\/www.executivemanager.it\\\/images\\\/comprofiler\\\/0_65574cb0893a3.jpg\",\"contentUrl\":\"https:\\\/\\\/www.executivemanager.it\\\/images\\\/comprofiler\\\/0_65574cb0893a3.jpg\"},{\"@type\":\"BreadcrumbList\",\"@id\":\"https:\\\/\\\/www.article-marketing.eu\\\/comunicatistampa\\\/antonio-musacchio-il-percorso-professionale-dellad-di-gsa-gruppo-servizi-associati\\\/#breadcrumb\",\"itemListElement\":[{\"@type\":\"ListItem\",\"position\":1,\"name\":\"Home\",\"item\":\"https:\\\/\\\/www.article-marketing.eu\\\/comunicatistampa\\\/\"},{\"@type\":\"ListItem\",\"position\":2,\"name\":\"Antonio Musacchio: il percorso professionale dell\u2019AD di GSA Gruppo Servizi Associati\"}]},{\"@type\":\"WebSite\",\"@id\":\"https:\\\/\\\/www.article-marketing.eu\\\/comunicatistampa\\\/#website\",\"url\":\"https:\\\/\\\/www.article-marketing.eu\\\/comunicatistampa\\\/\",\"name\":\"Article Marketing\",\"description\":\"article marketing &amp; press release\",\"potentialAction\":[{\"@type\":\"SearchAction\",\"target\":{\"@type\":\"EntryPoint\",\"urlTemplate\":\"https:\\\/\\\/www.article-marketing.eu\\\/comunicatistampa\\\/?s={search_term_string}\"},\"query-input\":{\"@type\":\"PropertyValueSpecification\",\"valueRequired\":true,\"valueName\":\"search_term_string\"}}],\"inLanguage\":\"it-IT\"},{\"@type\":\"Person\",\"@id\":\"https:\\\/\\\/www.article-marketing.eu\\\/comunicatistampa\\\/#\\\/schema\\\/person\\\/2fcaf8f8f3a9eef9eb7f27532d3ca458\",\"name\":\"articolinews\",\"image\":{\"@type\":\"ImageObject\",\"inLanguage\":\"it-IT\",\"@id\":\"https:\\\/\\\/secure.gravatar.com\\\/avatar\\\/9e2a264bab04e17dea24d937c9956304649a848cb73c46747a692ff1bdeb1cb7?s=96&d=mm&r=g\",\"url\":\"https:\\\/\\\/secure.gravatar.com\\\/avatar\\\/9e2a264bab04e17dea24d937c9956304649a848cb73c46747a692ff1bdeb1cb7?s=96&d=mm&r=g\",\"contentUrl\":\"https:\\\/\\\/secure.gravatar.com\\\/avatar\\\/9e2a264bab04e17dea24d937c9956304649a848cb73c46747a692ff1bdeb1cb7?s=96&d=mm&r=g\",\"caption\":\"articolinews\"},\"url\":\"https:\\\/\\\/www.article-marketing.eu\\\/comunicatistampa\\\/author\\\/articolinews\\\/\"}]}<\/script>\n<!-- \/ Yoast SEO plugin. -->","yoast_head_json":{"title":"Antonio Musacchio: il percorso professionale dell\u2019AD di GSA Gruppo Servizi Associati","description":"Il percorso professionale di Antonio Musacchio: dall\u2019esordio in Eni alla guida di GSA in qualit\u00e0 di Amministratore Delegato","robots":{"index":"index","follow":"follow","max-snippet":"max-snippet:-1","max-image-preview":"max-image-preview:large","max-video-preview":"max-video-preview:-1"},"canonical":"https:\/\/www.article-marketing.eu\/comunicatistampa\/antonio-musacchio-il-percorso-professionale-dellad-di-gsa-gruppo-servizi-associati\/","og_locale":"it_IT","og_type":"article","og_title":"Antonio Musacchio: il percorso professionale dell\u2019AD di GSA Gruppo Servizi Associati","og_description":"Il percorso professionale di Antonio Musacchio: dall\u2019esordio in Eni alla guida di GSA in qualit\u00e0 di Amministratore Delegato","og_url":"https:\/\/www.article-marketing.eu\/comunicatistampa\/antonio-musacchio-il-percorso-professionale-dellad-di-gsa-gruppo-servizi-associati\/","og_site_name":"Article Marketing","article_published_time":"2023-12-04T16:57:47+00:00","og_image":[{"url":"https:\/\/www.executivemanager.it\/images\/comprofiler\/0_65574cb0893a3.jpg","type":"","width":"","height":""}],"author":"articolinews","twitter_card":"summary_large_image","twitter_misc":{"Scritto da":"articolinews","Tempo di lettura stimato":"2 minuti"},"schema":{"@context":"https:\/\/schema.org","@graph":[{"@type":"Article","@id":"https:\/\/www.article-marketing.eu\/comunicatistampa\/antonio-musacchio-il-percorso-professionale-dellad-di-gsa-gruppo-servizi-associati\/#article","isPartOf":{"@id":"https:\/\/www.article-marketing.eu\/comunicatistampa\/antonio-musacchio-il-percorso-professionale-dellad-di-gsa-gruppo-servizi-associati\/"},"author":{"name":"articolinews","@id":"https:\/\/www.article-marketing.eu\/comunicatistampa\/#\/schema\/person\/2fcaf8f8f3a9eef9eb7f27532d3ca458"},"headline":"Antonio Musacchio: il percorso professionale dell\u2019AD di GSA Gruppo Servizi Associati","datePublished":"2023-12-04T16:57:47+00:00","mainEntityOfPage":{"@id":"https:\/\/www.article-marketing.eu\/comunicatistampa\/antonio-musacchio-il-percorso-professionale-dellad-di-gsa-gruppo-servizi-associati\/"},"wordCount":316,"commentCount":0,"image":{"@id":"https:\/\/www.article-marketing.eu\/comunicatistampa\/antonio-musacchio-il-percorso-professionale-dellad-di-gsa-gruppo-servizi-associati\/#primaryimage"},"thumbnailUrl":"https:\/\/www.executivemanager.it\/images\/comprofiler\/0_65574cb0893a3.jpg","keywords":["Antonio Musacchio"],"articleSection":["Societ\u00e0"],"inLanguage":"it-IT","potentialAction":[{"@type":"CommentAction","name":"Comment","target":["https:\/\/www.article-marketing.eu\/comunicatistampa\/antonio-musacchio-il-percorso-professionale-dellad-di-gsa-gruppo-servizi-associati\/#respond"]}]},{"@type":"WebPage","@id":"https:\/\/www.article-marketing.eu\/comunicatistampa\/antonio-musacchio-il-percorso-professionale-dellad-di-gsa-gruppo-servizi-associati\/","url":"https:\/\/www.article-marketing.eu\/comunicatistampa\/antonio-musacchio-il-percorso-professionale-dellad-di-gsa-gruppo-servizi-associati\/","name":"Antonio Musacchio: il percorso professionale dell\u2019AD di GSA Gruppo Servizi Associati","isPartOf":{"@id":"https:\/\/www.article-marketing.eu\/comunicatistampa\/#website"},"primaryImageOfPage":{"@id":"https:\/\/www.article-marketing.eu\/comunicatistampa\/antonio-musacchio-il-percorso-professionale-dellad-di-gsa-gruppo-servizi-associati\/#primaryimage"},"image":{"@id":"https:\/\/www.article-marketing.eu\/comunicatistampa\/antonio-musacchio-il-percorso-professionale-dellad-di-gsa-gruppo-servizi-associati\/#primaryimage"},"thumbnailUrl":"https:\/\/www.executivemanager.it\/images\/comprofiler\/0_65574cb0893a3.jpg","datePublished":"2023-12-04T16:57:47+00:00","author":{"@id":"https:\/\/www.article-marketing.eu\/comunicatistampa\/#\/schema\/person\/2fcaf8f8f3a9eef9eb7f27532d3ca458"},"description":"Il percorso professionale di Antonio Musacchio: dall\u2019esordio in Eni alla guida di GSA in qualit\u00e0 di Amministratore Delegato","breadcrumb":{"@id":"https:\/\/www.article-marketing.eu\/comunicatistampa\/antonio-musacchio-il-percorso-professionale-dellad-di-gsa-gruppo-servizi-associati\/#breadcrumb"},"inLanguage":"it-IT","potentialAction":[{"@type":"ReadAction","target":["https:\/\/www.article-marketing.eu\/comunicatistampa\/antonio-musacchio-il-percorso-professionale-dellad-di-gsa-gruppo-servizi-associati\/"]}]},{"@type":"ImageObject","inLanguage":"it-IT","@id":"https:\/\/www.article-marketing.eu\/comunicatistampa\/antonio-musacchio-il-percorso-professionale-dellad-di-gsa-gruppo-servizi-associati\/#primaryimage","url":"https:\/\/www.executivemanager.it\/images\/comprofiler\/0_65574cb0893a3.jpg","contentUrl":"https:\/\/www.executivemanager.it\/images\/comprofiler\/0_65574cb0893a3.jpg"},{"@type":"BreadcrumbList","@id":"https:\/\/www.article-marketing.eu\/comunicatistampa\/antonio-musacchio-il-percorso-professionale-dellad-di-gsa-gruppo-servizi-associati\/#breadcrumb","itemListElement":[{"@type":"ListItem","position":1,"name":"Home","item":"https:\/\/www.article-marketing.eu\/comunicatistampa\/"},{"@type":"ListItem","position":2,"name":"Antonio Musacchio: il percorso professionale dell\u2019AD di GSA Gruppo Servizi Associati"}]},{"@type":"WebSite","@id":"https:\/\/www.article-marketing.eu\/comunicatistampa\/#website","url":"https:\/\/www.article-marketing.eu\/comunicatistampa\/","name":"Article Marketing","description":"article marketing &amp; press release","potentialAction":[{"@type":"SearchAction","target":{"@type":"EntryPoint","urlTemplate":"https:\/\/www.article-marketing.eu\/comunicatistampa\/?s={search_term_string}"},"query-input":{"@type":"PropertyValueSpecification","valueRequired":true,"valueName":"search_term_string"}}],"inLanguage":"it-IT"},{"@type":"Person","@id":"https:\/\/www.article-marketing.eu\/comunicatistampa\/#\/schema\/person\/2fcaf8f8f3a9eef9eb7f27532d3ca458","name":"articolinews","image":{"@type":"ImageObject","inLanguage":"it-IT","@id":"https:\/\/secure.gravatar.com\/avatar\/9e2a264bab04e17dea24d937c9956304649a848cb73c46747a692ff1bdeb1cb7?s=96&d=mm&r=g","url":"https:\/\/secure.gravatar.com\/avatar\/9e2a264bab04e17dea24d937c9956304649a848cb73c46747a692ff1bdeb1cb7?s=96&d=mm&r=g","contentUrl":"https:\/\/secure.gravatar.com\/avatar\/9e2a264bab04e17dea24d937c9956304649a848cb73c46747a692ff1bdeb1cb7?s=96&d=mm&r=g","caption":"articolinews"},"url":"https:\/\/www.article-marketing.eu\/comunicatistampa\/author\/articolinews\/"}]}},"_links":{"self":[{"href":"https:\/\/www.article-marketing.eu\/comunicatistampa\/wp-json\/wp\/v2\/posts\/29169","targetHints":{"allow":["GET"]}}],"collection":[{"href":"https:\/\/www.article-marketing.eu\/comunicatistampa\/wp-json\/wp\/v2\/posts"}],"about":[{"href":"https:\/\/www.article-marketing.eu\/comunicatistampa\/wp-json\/wp\/v2\/types\/post"}],"author":[{"embeddable":true,"href":"https:\/\/www.article-marketing.eu\/comunicatistampa\/wp-json\/wp\/v2\/users\/6477"}],"replies":[{"embeddable":true,"href":"https:\/\/www.article-marketing.eu\/comunicatistampa\/wp-json\/wp\/v2\/comments?post=29169"}],"version-history":[{"count":2,"href":"https:\/\/www.article-marketing.eu\/comunicatistampa\/wp-json\/wp\/v2\/posts\/29169\/revisions"}],"predecessor-version":[{"id":29171,"href":"https:\/\/www.article-marketing.eu\/comunicatistampa\/wp-json\/wp\/v2\/posts\/29169\/revisions\/29171"}],"wp:attachment":[{"href":"https:\/\/www.article-marketing.eu\/comunicatistampa\/wp-json\/wp\/v2\/media?parent=29169"}],"wp:term":[{"taxonomy":"category","embeddable":true,"href":"https:\/\/www.article-marketing.eu\/comunicatistampa\/wp-json\/wp\/v2\/categories?post=29169"},{"taxonomy":"post_tag","embeddable":true,"href":"https:\/\/www.article-marketing.eu\/comunicatistampa\/wp-json\/wp\/v2\/tags?post=29169"}],"curies":[{"name":"wp","href":"https:\/\/api.w.org\/{rel}","templated":true}]}}