{"id":29194,"date":"2024-01-14T16:03:38","date_gmt":"2024-01-14T15:03:38","guid":{"rendered":"https:\/\/www.article-marketing.eu\/comunicatistampa\/?p=29194"},"modified":"2024-01-14T16:03:38","modified_gmt":"2024-01-14T15:03:38","slug":"pietro-labriola-a-gennaio-nuova-versione-dellapp-di-tim-gia-10-milioni-gli-utenti","status":"publish","type":"post","link":"https:\/\/www.article-marketing.eu\/comunicatistampa\/pietro-labriola-a-gennaio-nuova-versione-dellapp-di-tim-gia-10-milioni-gli-utenti\/","title":{"rendered":"Pietro Labriola: \u201cA gennaio nuova versione dell\u2019app di TIM, gi\u00e0 10 milioni gli utenti\u201d"},"content":{"rendered":"<p><em><strong>\u00c8 un periodo di profonde trasformazioni per TIM: lo ha sottolineato l\u2019AD <a title=\"L'intervista a Pietro Labriola\" href=\"https:\/\/www.repubblica.it\/economia\/2023\/12\/01\/news\/pietro_labriola_la_tim_del_futuro_tra_servizi_innovazione_e_valori_sociali-421547771\/?ref=RHLF-BG-INaN-P6-S2-T1\">Pietro Labriola<\/a>, descrivendo nel dettaglio la nuova organizzazione del Gruppo (d\u2019ora in poi distinto in Consumer ed Enterprise) e la vasta gamma di servizi che offrir\u00e0. Tra le recenti iniziative, molte sono rivolte al tema della parit\u00e0 di genere.<\/strong><\/em><\/p>\n<p><a title=\"Pietro Labriola: la nuova organizzazione del Gruppo TIM\" href=\"https:\/\/www.repubblica.it\/economia\/2023\/12\/01\/news\/pietro_labriola_la_tim_del_futuro_tra_servizi_innovazione_e_valori_sociali-421547771\/?ref=RHLF-BG-INaN-P6-S2-T1\"><img loading=\"lazy\" decoding=\"async\" src=\"https:\/\/www.repstatic.it\/content\/nazionale\/img\/2023\/12\/01\/075627171-0d4c9583-47be-4d82-a9bd-7aaa68278c5c.jpg?webp\" alt=\"Pietro Labriola, Amministratore Delegato di TIM\" width=\"267\" height=\"150\" \/><\/a><\/p>\n<h2>Pietro Labriola, la nuova organizzazione di TIM: \u201c<em>Sar\u00e0 suddivisa in Consumer ed Enterprise<\/em>\u201d<\/h2>\n<p>TIM non operer\u00e0 pi\u00f9 come gestore di rete fissa, ma offrir\u00e0 numerosi nuovi servizi legati al digitale tanto per imprese e istituzioni quanto per i consumatori di tutti i giorni: lo ha annunciato l\u2019AD <strong>Pietro Labriola<\/strong>, sottolineando come la rinuncia alla rete fissa conceda a TIM la possibilit\u00e0 di specializzarsi in nuove aree, tra cui il servizio ai clienti e l\u2019innovazione. Nello specifico, il Gruppo sar\u00e0 d\u2019ora in poi distinto in TIM Consumer e TIM Enterprise. La prima \u00e8 focalizzata attorno a servizi telefonici quali le ricariche e il cambio dei piani tariffari ed \u00e8 accessibile agli utenti attraverso un\u2019applicazione che conta gi\u00e0 ben 10 milioni di utenti. Una nuova versione, ha rivelato l\u2019AD, sar\u00e0 lanciata a gennaio e render\u00e0 l\u2019interfaccia ancora pi\u00f9 intuitiva e a misura di utente. TIM Enterprise concentrer\u00e0 invece i servizi informatici destinati alla Pubblica Amministrazione e alle aziende. <strong>Pietro Labriola <\/strong>ha affermato: \u201c<em>Si occupa del mercato business, quello della Pubblica amministrazione e delle grandi aziende. Qui non forniamo solo sim e connessioni, ma anche cloud, IoT (internet of things) e Cybersecurity. Possediamo la pi\u00f9 grande infrastruttura italiana di Data Center, ben 16, collocati su tutto il territorio nazionale, sui quali si basa la nostra offerta di cloud rivolta anche a giganti come Google e Amazon\u201d<\/em>.<\/p>\n<h2>Pietro Labriola: \u201c<em>TIM combatte la discriminazione di genere attraverso iniziative concrete e campagne di comunicazione<\/em>\u201d<\/h2>\n<p>La \u201cTIM del futuro\u201d non \u00e8 solo innovazione e servizi avanzati, bens\u00ec una realt\u00e0 che guarda anche al sociale: in particolare, al tema dell\u2019uguaglianza di genere, che sar\u00e0 al centro, secondo quanto affermato da <a title=\"Pietro Labriola: un periodo di trasformazione per il Gruppo TIM\" href=\"https:\/\/www.repubblica.it\/economia\/2023\/12\/01\/news\/pietro_labriola_la_tim_del_futuro_tra_servizi_innovazione_e_valori_sociali-421547771\/?ref=RHLF-BG-INaN-P6-S2-T1\"><strong>Pietro Labriola<\/strong><\/a>, delle nuove campagne di comunicazione del Gruppo. Con la nuova campagna \u201cLa parit\u00e0 non pu\u00f2 aspettare\u201d, TIM sensibilizzer\u00e0 gli italiani sulle tematiche di genere attraverso messaggi chiari e fondati sui dati, valendosi anche delle testimonianze delle dipendenti e collaboratrici. Le iniziative, ha annunciato <strong>Pietro Labriola<\/strong>, non si limiteranno tuttavia alla comunicazione, ma avranno anche risvolti concreti: \u201c<em>Abbiamo creato un\u2019app, <\/em>Women plus<em>, che raccoglie posti di lavoro riservati alle donne, perch\u00e9 partendo dall\u2019indipendenza economica si pu\u00f2 iniziare a chiudere il gender gap. E da azienda leader, abbiamo coinvolto pi\u00f9 di 200 partner nel progetto. Sulla violenza, invece, in collaborazione con l\u2019associazione DonneXStrada, i nostri negozi si trasformeranno in Punti Viola, per offrire assistenza alle donne che si sentono in pericolo\u201d<\/em>.<\/p>\n","protected":false},"excerpt":{"rendered":"<p>\u201cLa parit\u00e0 non pu\u00f2 aspettare\u201d: questo \u00e8 il nome della nuova campagna TIM a favore della parit\u00e0 di genere. L\u2019AD Pietro Labriola sottolinea come TIM impieghi politiche attive per ridurre il gender pay gap all\u2019interno del Gruppo.<\/p>\n","protected":false},"author":6477,"featured_media":0,"comment_status":"open","ping_status":"open","sticky":false,"template":"","format":"standard","meta":{"_monsterinsights_skip_tracking":false,"_monsterinsights_sitenote_active":false,"_monsterinsights_sitenote_note":"","_monsterinsights_sitenote_category":0,"footnotes":""},"categories":[388],"tags":[10949],"class_list":["post-29194","post","type-post","status-publish","format-standard","hentry","category-aziende","tag-pietro-labriola"],"yoast_head":"<!-- This site is optimized with the Yoast SEO plugin v27.3 - https:\/\/yoast.com\/product\/yoast-seo-wordpress\/ -->\n<title>Pietro Labriola: \u201cA gennaio nuova versione dell\u2019app di TIM, gi\u00e0 10 milioni gli utenti\u201d<\/title>\n<meta name=\"description\" content=\"\u201cLa parit\u00e0 non pu\u00f2 aspettare\u201d: questo \u00e8 il nome della nuova campagna TIM a favore della parit\u00e0 di genere. L\u2019AD Pietro Labriola sottolinea come TIM impieghi politiche attive per ridurre il gender pay gap all\u2019interno del Gruppo.\" \/>\n<meta name=\"robots\" content=\"index, follow, max-snippet:-1, max-image-preview:large, max-video-preview:-1\" \/>\n<link rel=\"canonical\" href=\"https:\/\/www.article-marketing.eu\/comunicatistampa\/pietro-labriola-a-gennaio-nuova-versione-dellapp-di-tim-gia-10-milioni-gli-utenti\/\" \/>\n<meta property=\"og:locale\" content=\"it_IT\" \/>\n<meta property=\"og:type\" content=\"article\" \/>\n<meta property=\"og:title\" content=\"Pietro Labriola: \u201cA gennaio nuova versione dell\u2019app di TIM, gi\u00e0 10 milioni gli utenti\u201d\" \/>\n<meta property=\"og:description\" content=\"\u201cLa parit\u00e0 non pu\u00f2 aspettare\u201d: questo \u00e8 il nome della nuova campagna TIM a favore della parit\u00e0 di genere. L\u2019AD Pietro Labriola sottolinea come TIM impieghi politiche attive per ridurre il gender pay gap all\u2019interno del Gruppo.\" \/>\n<meta property=\"og:url\" content=\"https:\/\/www.article-marketing.eu\/comunicatistampa\/pietro-labriola-a-gennaio-nuova-versione-dellapp-di-tim-gia-10-milioni-gli-utenti\/\" \/>\n<meta property=\"og:site_name\" content=\"Article Marketing\" \/>\n<meta property=\"article:published_time\" content=\"2024-01-14T15:03:38+00:00\" \/>\n<meta property=\"og:image\" content=\"https:\/\/www.repstatic.it\/content\/nazionale\/img\/2023\/12\/01\/075627171-0d4c9583-47be-4d82-a9bd-7aaa68278c5c.jpg?webp\" \/>\n<meta name=\"author\" content=\"articolinews\" \/>\n<meta name=\"twitter:card\" content=\"summary_large_image\" \/>\n<meta name=\"twitter:label1\" content=\"Scritto da\" \/>\n\t<meta name=\"twitter:data1\" content=\"articolinews\" \/>\n\t<meta name=\"twitter:label2\" content=\"Tempo di lettura stimato\" \/>\n\t<meta name=\"twitter:data2\" content=\"3 minuti\" \/>\n<script type=\"application\/ld+json\" class=\"yoast-schema-graph\">{\"@context\":\"https:\\\/\\\/schema.org\",\"@graph\":[{\"@type\":\"Article\",\"@id\":\"https:\\\/\\\/www.article-marketing.eu\\\/comunicatistampa\\\/pietro-labriola-a-gennaio-nuova-versione-dellapp-di-tim-gia-10-milioni-gli-utenti\\\/#article\",\"isPartOf\":{\"@id\":\"https:\\\/\\\/www.article-marketing.eu\\\/comunicatistampa\\\/pietro-labriola-a-gennaio-nuova-versione-dellapp-di-tim-gia-10-milioni-gli-utenti\\\/\"},\"author\":{\"name\":\"articolinews\",\"@id\":\"https:\\\/\\\/www.article-marketing.eu\\\/comunicatistampa\\\/#\\\/schema\\\/person\\\/2fcaf8f8f3a9eef9eb7f27532d3ca458\"},\"headline\":\"Pietro Labriola: \u201cA gennaio nuova versione dell\u2019app di TIM, gi\u00e0 10 milioni gli utenti\u201d\",\"datePublished\":\"2024-01-14T15:03:38+00:00\",\"mainEntityOfPage\":{\"@id\":\"https:\\\/\\\/www.article-marketing.eu\\\/comunicatistampa\\\/pietro-labriola-a-gennaio-nuova-versione-dellapp-di-tim-gia-10-milioni-gli-utenti\\\/\"},\"wordCount\":463,\"commentCount\":0,\"image\":{\"@id\":\"https:\\\/\\\/www.article-marketing.eu\\\/comunicatistampa\\\/pietro-labriola-a-gennaio-nuova-versione-dellapp-di-tim-gia-10-milioni-gli-utenti\\\/#primaryimage\"},\"thumbnailUrl\":\"https:\\\/\\\/www.repstatic.it\\\/content\\\/nazionale\\\/img\\\/2023\\\/12\\\/01\\\/075627171-0d4c9583-47be-4d82-a9bd-7aaa68278c5c.jpg?webp\",\"keywords\":[\"Pietro Labriola\"],\"articleSection\":[\"Aziende\"],\"inLanguage\":\"it-IT\",\"potentialAction\":[{\"@type\":\"CommentAction\",\"name\":\"Comment\",\"target\":[\"https:\\\/\\\/www.article-marketing.eu\\\/comunicatistampa\\\/pietro-labriola-a-gennaio-nuova-versione-dellapp-di-tim-gia-10-milioni-gli-utenti\\\/#respond\"]}]},{\"@type\":\"WebPage\",\"@id\":\"https:\\\/\\\/www.article-marketing.eu\\\/comunicatistampa\\\/pietro-labriola-a-gennaio-nuova-versione-dellapp-di-tim-gia-10-milioni-gli-utenti\\\/\",\"url\":\"https:\\\/\\\/www.article-marketing.eu\\\/comunicatistampa\\\/pietro-labriola-a-gennaio-nuova-versione-dellapp-di-tim-gia-10-milioni-gli-utenti\\\/\",\"name\":\"Pietro Labriola: \u201cA gennaio nuova versione dell\u2019app di TIM, gi\u00e0 10 milioni gli utenti\u201d\",\"isPartOf\":{\"@id\":\"https:\\\/\\\/www.article-marketing.eu\\\/comunicatistampa\\\/#website\"},\"primaryImageOfPage\":{\"@id\":\"https:\\\/\\\/www.article-marketing.eu\\\/comunicatistampa\\\/pietro-labriola-a-gennaio-nuova-versione-dellapp-di-tim-gia-10-milioni-gli-utenti\\\/#primaryimage\"},\"image\":{\"@id\":\"https:\\\/\\\/www.article-marketing.eu\\\/comunicatistampa\\\/pietro-labriola-a-gennaio-nuova-versione-dellapp-di-tim-gia-10-milioni-gli-utenti\\\/#primaryimage\"},\"thumbnailUrl\":\"https:\\\/\\\/www.repstatic.it\\\/content\\\/nazionale\\\/img\\\/2023\\\/12\\\/01\\\/075627171-0d4c9583-47be-4d82-a9bd-7aaa68278c5c.jpg?webp\",\"datePublished\":\"2024-01-14T15:03:38+00:00\",\"author\":{\"@id\":\"https:\\\/\\\/www.article-marketing.eu\\\/comunicatistampa\\\/#\\\/schema\\\/person\\\/2fcaf8f8f3a9eef9eb7f27532d3ca458\"},\"description\":\"\u201cLa parit\u00e0 non pu\u00f2 aspettare\u201d: questo \u00e8 il nome della nuova campagna TIM a favore della parit\u00e0 di genere. L\u2019AD Pietro Labriola sottolinea come TIM impieghi politiche attive per ridurre il gender pay gap all\u2019interno del Gruppo.\",\"breadcrumb\":{\"@id\":\"https:\\\/\\\/www.article-marketing.eu\\\/comunicatistampa\\\/pietro-labriola-a-gennaio-nuova-versione-dellapp-di-tim-gia-10-milioni-gli-utenti\\\/#breadcrumb\"},\"inLanguage\":\"it-IT\",\"potentialAction\":[{\"@type\":\"ReadAction\",\"target\":[\"https:\\\/\\\/www.article-marketing.eu\\\/comunicatistampa\\\/pietro-labriola-a-gennaio-nuova-versione-dellapp-di-tim-gia-10-milioni-gli-utenti\\\/\"]}]},{\"@type\":\"ImageObject\",\"inLanguage\":\"it-IT\",\"@id\":\"https:\\\/\\\/www.article-marketing.eu\\\/comunicatistampa\\\/pietro-labriola-a-gennaio-nuova-versione-dellapp-di-tim-gia-10-milioni-gli-utenti\\\/#primaryimage\",\"url\":\"https:\\\/\\\/www.repstatic.it\\\/content\\\/nazionale\\\/img\\\/2023\\\/12\\\/01\\\/075627171-0d4c9583-47be-4d82-a9bd-7aaa68278c5c.jpg?webp\",\"contentUrl\":\"https:\\\/\\\/www.repstatic.it\\\/content\\\/nazionale\\\/img\\\/2023\\\/12\\\/01\\\/075627171-0d4c9583-47be-4d82-a9bd-7aaa68278c5c.jpg?webp\"},{\"@type\":\"BreadcrumbList\",\"@id\":\"https:\\\/\\\/www.article-marketing.eu\\\/comunicatistampa\\\/pietro-labriola-a-gennaio-nuova-versione-dellapp-di-tim-gia-10-milioni-gli-utenti\\\/#breadcrumb\",\"itemListElement\":[{\"@type\":\"ListItem\",\"position\":1,\"name\":\"Home\",\"item\":\"https:\\\/\\\/www.article-marketing.eu\\\/comunicatistampa\\\/\"},{\"@type\":\"ListItem\",\"position\":2,\"name\":\"Pietro Labriola: \u201cA gennaio nuova versione dell\u2019app di TIM, gi\u00e0 10 milioni gli utenti\u201d\"}]},{\"@type\":\"WebSite\",\"@id\":\"https:\\\/\\\/www.article-marketing.eu\\\/comunicatistampa\\\/#website\",\"url\":\"https:\\\/\\\/www.article-marketing.eu\\\/comunicatistampa\\\/\",\"name\":\"Article Marketing\",\"description\":\"article marketing &amp; press release\",\"potentialAction\":[{\"@type\":\"SearchAction\",\"target\":{\"@type\":\"EntryPoint\",\"urlTemplate\":\"https:\\\/\\\/www.article-marketing.eu\\\/comunicatistampa\\\/?s={search_term_string}\"},\"query-input\":{\"@type\":\"PropertyValueSpecification\",\"valueRequired\":true,\"valueName\":\"search_term_string\"}}],\"inLanguage\":\"it-IT\"},{\"@type\":\"Person\",\"@id\":\"https:\\\/\\\/www.article-marketing.eu\\\/comunicatistampa\\\/#\\\/schema\\\/person\\\/2fcaf8f8f3a9eef9eb7f27532d3ca458\",\"name\":\"articolinews\",\"image\":{\"@type\":\"ImageObject\",\"inLanguage\":\"it-IT\",\"@id\":\"https:\\\/\\\/secure.gravatar.com\\\/avatar\\\/9e2a264bab04e17dea24d937c9956304649a848cb73c46747a692ff1bdeb1cb7?s=96&d=mm&r=g\",\"url\":\"https:\\\/\\\/secure.gravatar.com\\\/avatar\\\/9e2a264bab04e17dea24d937c9956304649a848cb73c46747a692ff1bdeb1cb7?s=96&d=mm&r=g\",\"contentUrl\":\"https:\\\/\\\/secure.gravatar.com\\\/avatar\\\/9e2a264bab04e17dea24d937c9956304649a848cb73c46747a692ff1bdeb1cb7?s=96&d=mm&r=g\",\"caption\":\"articolinews\"},\"url\":\"https:\\\/\\\/www.article-marketing.eu\\\/comunicatistampa\\\/author\\\/articolinews\\\/\"}]}<\/script>\n<!-- \/ Yoast SEO plugin. -->","yoast_head_json":{"title":"Pietro Labriola: \u201cA gennaio nuova versione dell\u2019app di TIM, gi\u00e0 10 milioni gli utenti\u201d","description":"\u201cLa parit\u00e0 non pu\u00f2 aspettare\u201d: questo \u00e8 il nome della nuova campagna TIM a favore della parit\u00e0 di genere. L\u2019AD Pietro Labriola sottolinea come TIM impieghi politiche attive per ridurre il gender pay gap all\u2019interno del Gruppo.","robots":{"index":"index","follow":"follow","max-snippet":"max-snippet:-1","max-image-preview":"max-image-preview:large","max-video-preview":"max-video-preview:-1"},"canonical":"https:\/\/www.article-marketing.eu\/comunicatistampa\/pietro-labriola-a-gennaio-nuova-versione-dellapp-di-tim-gia-10-milioni-gli-utenti\/","og_locale":"it_IT","og_type":"article","og_title":"Pietro Labriola: \u201cA gennaio nuova versione dell\u2019app di TIM, gi\u00e0 10 milioni gli utenti\u201d","og_description":"\u201cLa parit\u00e0 non pu\u00f2 aspettare\u201d: questo \u00e8 il nome della nuova campagna TIM a favore della parit\u00e0 di genere. L\u2019AD Pietro Labriola sottolinea come TIM impieghi politiche attive per ridurre il gender pay gap all\u2019interno del Gruppo.","og_url":"https:\/\/www.article-marketing.eu\/comunicatistampa\/pietro-labriola-a-gennaio-nuova-versione-dellapp-di-tim-gia-10-milioni-gli-utenti\/","og_site_name":"Article Marketing","article_published_time":"2024-01-14T15:03:38+00:00","og_image":[{"url":"https:\/\/www.repstatic.it\/content\/nazionale\/img\/2023\/12\/01\/075627171-0d4c9583-47be-4d82-a9bd-7aaa68278c5c.jpg?webp","type":"","width":"","height":""}],"author":"articolinews","twitter_card":"summary_large_image","twitter_misc":{"Scritto da":"articolinews","Tempo di lettura stimato":"3 minuti"},"schema":{"@context":"https:\/\/schema.org","@graph":[{"@type":"Article","@id":"https:\/\/www.article-marketing.eu\/comunicatistampa\/pietro-labriola-a-gennaio-nuova-versione-dellapp-di-tim-gia-10-milioni-gli-utenti\/#article","isPartOf":{"@id":"https:\/\/www.article-marketing.eu\/comunicatistampa\/pietro-labriola-a-gennaio-nuova-versione-dellapp-di-tim-gia-10-milioni-gli-utenti\/"},"author":{"name":"articolinews","@id":"https:\/\/www.article-marketing.eu\/comunicatistampa\/#\/schema\/person\/2fcaf8f8f3a9eef9eb7f27532d3ca458"},"headline":"Pietro Labriola: \u201cA gennaio nuova versione dell\u2019app di TIM, gi\u00e0 10 milioni gli utenti\u201d","datePublished":"2024-01-14T15:03:38+00:00","mainEntityOfPage":{"@id":"https:\/\/www.article-marketing.eu\/comunicatistampa\/pietro-labriola-a-gennaio-nuova-versione-dellapp-di-tim-gia-10-milioni-gli-utenti\/"},"wordCount":463,"commentCount":0,"image":{"@id":"https:\/\/www.article-marketing.eu\/comunicatistampa\/pietro-labriola-a-gennaio-nuova-versione-dellapp-di-tim-gia-10-milioni-gli-utenti\/#primaryimage"},"thumbnailUrl":"https:\/\/www.repstatic.it\/content\/nazionale\/img\/2023\/12\/01\/075627171-0d4c9583-47be-4d82-a9bd-7aaa68278c5c.jpg?webp","keywords":["Pietro Labriola"],"articleSection":["Aziende"],"inLanguage":"it-IT","potentialAction":[{"@type":"CommentAction","name":"Comment","target":["https:\/\/www.article-marketing.eu\/comunicatistampa\/pietro-labriola-a-gennaio-nuova-versione-dellapp-di-tim-gia-10-milioni-gli-utenti\/#respond"]}]},{"@type":"WebPage","@id":"https:\/\/www.article-marketing.eu\/comunicatistampa\/pietro-labriola-a-gennaio-nuova-versione-dellapp-di-tim-gia-10-milioni-gli-utenti\/","url":"https:\/\/www.article-marketing.eu\/comunicatistampa\/pietro-labriola-a-gennaio-nuova-versione-dellapp-di-tim-gia-10-milioni-gli-utenti\/","name":"Pietro Labriola: \u201cA gennaio nuova versione dell\u2019app di TIM, gi\u00e0 10 milioni gli utenti\u201d","isPartOf":{"@id":"https:\/\/www.article-marketing.eu\/comunicatistampa\/#website"},"primaryImageOfPage":{"@id":"https:\/\/www.article-marketing.eu\/comunicatistampa\/pietro-labriola-a-gennaio-nuova-versione-dellapp-di-tim-gia-10-milioni-gli-utenti\/#primaryimage"},"image":{"@id":"https:\/\/www.article-marketing.eu\/comunicatistampa\/pietro-labriola-a-gennaio-nuova-versione-dellapp-di-tim-gia-10-milioni-gli-utenti\/#primaryimage"},"thumbnailUrl":"https:\/\/www.repstatic.it\/content\/nazionale\/img\/2023\/12\/01\/075627171-0d4c9583-47be-4d82-a9bd-7aaa68278c5c.jpg?webp","datePublished":"2024-01-14T15:03:38+00:00","author":{"@id":"https:\/\/www.article-marketing.eu\/comunicatistampa\/#\/schema\/person\/2fcaf8f8f3a9eef9eb7f27532d3ca458"},"description":"\u201cLa parit\u00e0 non pu\u00f2 aspettare\u201d: questo \u00e8 il nome della nuova campagna TIM a favore della parit\u00e0 di genere. L\u2019AD Pietro Labriola sottolinea come TIM impieghi politiche attive per ridurre il gender pay gap all\u2019interno del Gruppo.","breadcrumb":{"@id":"https:\/\/www.article-marketing.eu\/comunicatistampa\/pietro-labriola-a-gennaio-nuova-versione-dellapp-di-tim-gia-10-milioni-gli-utenti\/#breadcrumb"},"inLanguage":"it-IT","potentialAction":[{"@type":"ReadAction","target":["https:\/\/www.article-marketing.eu\/comunicatistampa\/pietro-labriola-a-gennaio-nuova-versione-dellapp-di-tim-gia-10-milioni-gli-utenti\/"]}]},{"@type":"ImageObject","inLanguage":"it-IT","@id":"https:\/\/www.article-marketing.eu\/comunicatistampa\/pietro-labriola-a-gennaio-nuova-versione-dellapp-di-tim-gia-10-milioni-gli-utenti\/#primaryimage","url":"https:\/\/www.repstatic.it\/content\/nazionale\/img\/2023\/12\/01\/075627171-0d4c9583-47be-4d82-a9bd-7aaa68278c5c.jpg?webp","contentUrl":"https:\/\/www.repstatic.it\/content\/nazionale\/img\/2023\/12\/01\/075627171-0d4c9583-47be-4d82-a9bd-7aaa68278c5c.jpg?webp"},{"@type":"BreadcrumbList","@id":"https:\/\/www.article-marketing.eu\/comunicatistampa\/pietro-labriola-a-gennaio-nuova-versione-dellapp-di-tim-gia-10-milioni-gli-utenti\/#breadcrumb","itemListElement":[{"@type":"ListItem","position":1,"name":"Home","item":"https:\/\/www.article-marketing.eu\/comunicatistampa\/"},{"@type":"ListItem","position":2,"name":"Pietro Labriola: \u201cA gennaio nuova versione dell\u2019app di TIM, gi\u00e0 10 milioni gli utenti\u201d"}]},{"@type":"WebSite","@id":"https:\/\/www.article-marketing.eu\/comunicatistampa\/#website","url":"https:\/\/www.article-marketing.eu\/comunicatistampa\/","name":"Article Marketing","description":"article marketing &amp; press release","potentialAction":[{"@type":"SearchAction","target":{"@type":"EntryPoint","urlTemplate":"https:\/\/www.article-marketing.eu\/comunicatistampa\/?s={search_term_string}"},"query-input":{"@type":"PropertyValueSpecification","valueRequired":true,"valueName":"search_term_string"}}],"inLanguage":"it-IT"},{"@type":"Person","@id":"https:\/\/www.article-marketing.eu\/comunicatistampa\/#\/schema\/person\/2fcaf8f8f3a9eef9eb7f27532d3ca458","name":"articolinews","image":{"@type":"ImageObject","inLanguage":"it-IT","@id":"https:\/\/secure.gravatar.com\/avatar\/9e2a264bab04e17dea24d937c9956304649a848cb73c46747a692ff1bdeb1cb7?s=96&d=mm&r=g","url":"https:\/\/secure.gravatar.com\/avatar\/9e2a264bab04e17dea24d937c9956304649a848cb73c46747a692ff1bdeb1cb7?s=96&d=mm&r=g","contentUrl":"https:\/\/secure.gravatar.com\/avatar\/9e2a264bab04e17dea24d937c9956304649a848cb73c46747a692ff1bdeb1cb7?s=96&d=mm&r=g","caption":"articolinews"},"url":"https:\/\/www.article-marketing.eu\/comunicatistampa\/author\/articolinews\/"}]}},"_links":{"self":[{"href":"https:\/\/www.article-marketing.eu\/comunicatistampa\/wp-json\/wp\/v2\/posts\/29194","targetHints":{"allow":["GET"]}}],"collection":[{"href":"https:\/\/www.article-marketing.eu\/comunicatistampa\/wp-json\/wp\/v2\/posts"}],"about":[{"href":"https:\/\/www.article-marketing.eu\/comunicatistampa\/wp-json\/wp\/v2\/types\/post"}],"author":[{"embeddable":true,"href":"https:\/\/www.article-marketing.eu\/comunicatistampa\/wp-json\/wp\/v2\/users\/6477"}],"replies":[{"embeddable":true,"href":"https:\/\/www.article-marketing.eu\/comunicatistampa\/wp-json\/wp\/v2\/comments?post=29194"}],"version-history":[{"count":2,"href":"https:\/\/www.article-marketing.eu\/comunicatistampa\/wp-json\/wp\/v2\/posts\/29194\/revisions"}],"predecessor-version":[{"id":29351,"href":"https:\/\/www.article-marketing.eu\/comunicatistampa\/wp-json\/wp\/v2\/posts\/29194\/revisions\/29351"}],"wp:attachment":[{"href":"https:\/\/www.article-marketing.eu\/comunicatistampa\/wp-json\/wp\/v2\/media?parent=29194"}],"wp:term":[{"taxonomy":"category","embeddable":true,"href":"https:\/\/www.article-marketing.eu\/comunicatistampa\/wp-json\/wp\/v2\/categories?post=29194"},{"taxonomy":"post_tag","embeddable":true,"href":"https:\/\/www.article-marketing.eu\/comunicatistampa\/wp-json\/wp\/v2\/tags?post=29194"}],"curies":[{"name":"wp","href":"https:\/\/api.w.org\/{rel}","templated":true}]}}