{"id":2920,"date":"2017-05-30T23:54:38","date_gmt":"2017-05-30T21:54:38","guid":{"rendered":"http:\/\/www.article-marketing.eu\/comunicatistampa\/?p=2920"},"modified":"2017-05-30T23:54:38","modified_gmt":"2017-05-30T21:54:38","slug":"week-end-allaria-aperta-con-i-bambini-e-la-famiglia","status":"publish","type":"post","link":"https:\/\/www.article-marketing.eu\/comunicatistampa\/week-end-allaria-aperta-con-i-bambini-e-la-famiglia\/","title":{"rendered":"Week End all&#8217;aria aperta con i Bambini e la Famiglia"},"content":{"rendered":"<p>Il momento giusto \u00e8 arrivato, le giornate si sono allungate e anche il caldo non si sta facendo attendere. Possiamo dire che \u00e8 l&#8217;ora di un Week End all&#8217;aria aperta in Umbria con i Bambini e la Famiglia. Tutto \u00e8 pronto all&#8217;interno del &#8220;Cuore Verde d&#8217;Italia&#8221; Hotel, Agriturismo, Resort o Country House, non aspettate e approfittate di un bel Week End con i Bambini e all&#8217;aria aperta.<\/p>\n<p>L&#8217;Umbria \u00e8 definita unanimemente come il &#8220;polmone verde&#8221; d&#8217;Italia, per via della vegetazione lussureggiante che ricopre gran parte del suo territorio, tra monti e vallate suggestive punteggiate da pittoreschi borghi medievali ricchi di storia e spiritualit\u00e0.<br \/>\nL&#8217;Umbria pu\u00f2 accontentare tutti, dalle coppie agli escursionisti, dai pi\u00f9 fedeli alle famiglie.<\/p>\n<p>Per i <a href=\"http:\/\/www.italiaincampagna.com\/offerte-speciali\/week-end-con-bambini-in-umbria.aspx\"><strong>Week End con i Bambini<\/strong><\/a> molti sono i luoghi dove i pi\u00f9 piccoli potranno divertirsi a contatto con la natura, uno tra questi, dove possono incontrare il Folletto divertente, sono le <strong>Cascate delle Marmore<\/strong>, che dall&#8217;alto dei loro 165 metri di altezza, sono tra le cascate pi\u00f9 alte d&#8217;Europa. Sono un vero spettacolo della natura, con lo zampino dell&#8217;uomo che ha canalizzato le acque del velino in modo da farle sfociare magnificamente con tre salti nel fiume Nera. Molti sono i sentieri immersi nella natura per raggiungerle e tre di questi sono adatti anche ai pi\u00f9 piccoli: l\u2019Antico Passaggio&#8221; che collega il belvedere superiore a quello inferiore e dove si trova la &#8220;Terrazza degli innamorati&#8221; inondata da spruzzi d&#8217;acqua; l\u2019Anello della Ninfa&#8221; tra ponticelli e scalette di legno e infine l\u2019Incontro delle Acque&#8221; che si snoda tra i canyon creati dal fiume Nera.<\/p>\n<p>Per il vostro <strong>weekend in umbria con i bambini<\/strong> alle cascate delle marmore non dimenticate un impermeabile.<\/p>\n<p>Gli animali non deludono mai i bambini, anzi li affascinano e certamente i piccoli viaggiatori non rimarranno delusi presso la &#8220;<strong>Citt\u00e0 della Domenica<\/strong>&#8221; a Perugia: questo parco, che coniuga natura e divertimento, si erge panoramico su una collina a dominare Perugia e il paesaggio circostante. A bordo dello storico treno si verr\u00e0 trasportati tra le attrazioni pi\u00f9 belle quali &#8220;Far West&#8221; dove si dovr\u00e0 aiutare lo sceriffo Cooper a catturare il leggendario Jesse James, la &#8220;Fattoria&#8221; e il &#8220;Canyon dei Rapaci&#8221; dove si potranno ammirare grifoni, falchi e poiane.<br \/>\nNel parco si aggirano liberi scoiattoli e daini e presenta varie recinzioni dove vivono animali come canguri, struzzi e mar\u00e0, un importante rettilario dove si trovano i temibili alligatori e i caimani. E molti sono i siti ispirati alle fiabe pi\u00f9 belle, da &#8220;Cappuccetto rosso&#8221; a &#8220;Pinocchio&#8221;, dove anche i pi\u00f9 grandi torneranno piccini. Un luogo affascinante per un weekend in umbria con i bambini.<\/p>\n<p>Aria aperta, campagna, natura, arte, cultura, animazione per bambini, mini club, tata del castello, cantine, borghi e conventi sono questi i soggetti da focalizzare per la<strong><a href=\"http:\/\/www.italiaincampagna.com\/offerte-speciali\/week-end-con-bambini-in-umbria.aspx\"> vacanza con bambini in umbria<\/a>.<\/strong><\/p>\n","protected":false},"excerpt":{"rendered":"<p>Il momento giusto \u00e8 arrivato, le giornate si sono allungate e anche il caldo non si sta facendo attendere. Possiamo dire che \u00e8 l&#8217;ora di un Week End all&#8217;aria aperta in Umbria con i Bambini e la Famiglia. Tutto \u00e8 pronto all&#8217;interno del &#8220;Cuore Verde d&#8217;Italia&#8221; Hotel, Agriturismo, Resort o Country House, non aspettate e approfittate di un bel Week End con i Bambini e all&#8217;aria aperta. L&#8217;Umbria \u00e8 definita<\/p>\n<p><a class=\"continue-reading\" href=\"https:\/\/www.article-marketing.eu\/comunicatistampa\/week-end-allaria-aperta-con-i-bambini-e-la-famiglia\/\">Continue reading&#8230;<\/a><\/p>\n","protected":false},"author":356,"featured_media":0,"comment_status":"open","ping_status":"open","sticky":false,"template":"","format":"standard","meta":{"_monsterinsights_skip_tracking":false,"_monsterinsights_sitenote_active":false,"_monsterinsights_sitenote_note":"","_monsterinsights_sitenote_category":0,"footnotes":""},"categories":[346],"tags":[1668],"class_list":["post-2920","post","type-post","status-publish","format-standard","hentry","category-viaggi-e-turismo","tag-vacanza-con-bambini"],"yoast_head":"<!-- This site is optimized with the Yoast SEO plugin v27.3 - https:\/\/yoast.com\/product\/yoast-seo-wordpress\/ -->\n<title>Week End all&#039;aria aperta con i Bambini e la Famiglia - Article Marketing<\/title>\n<meta name=\"robots\" content=\"index, follow, max-snippet:-1, max-image-preview:large, max-video-preview:-1\" \/>\n<link rel=\"canonical\" href=\"https:\/\/www.article-marketing.eu\/comunicatistampa\/week-end-allaria-aperta-con-i-bambini-e-la-famiglia\/\" \/>\n<meta property=\"og:locale\" content=\"it_IT\" \/>\n<meta property=\"og:type\" content=\"article\" \/>\n<meta property=\"og:title\" content=\"Week End all&#039;aria aperta con i Bambini e la Famiglia - Article Marketing\" \/>\n<meta property=\"og:description\" content=\"Il momento giusto \u00e8 arrivato, le giornate si sono allungate e anche il caldo non si sta facendo attendere. Possiamo dire che \u00e8 l&#8217;ora di un Week End all&#8217;aria aperta in Umbria con i Bambini e la Famiglia. Tutto \u00e8 pronto all&#8217;interno del &#8220;Cuore Verde d&#8217;Italia&#8221; Hotel, Agriturismo, Resort o Country House, non aspettate e approfittate di un bel Week End con i Bambini e all&#8217;aria aperta. L&#8217;Umbria \u00e8 definitaContinue reading...\" \/>\n<meta property=\"og:url\" content=\"https:\/\/www.article-marketing.eu\/comunicatistampa\/week-end-allaria-aperta-con-i-bambini-e-la-famiglia\/\" \/>\n<meta property=\"og:site_name\" content=\"Article Marketing\" \/>\n<meta property=\"article:published_time\" content=\"2017-05-30T21:54:38+00:00\" \/>\n<meta name=\"author\" content=\"Italia in Campagna\" \/>\n<meta name=\"twitter:card\" content=\"summary_large_image\" \/>\n<meta name=\"twitter:label1\" content=\"Scritto da\" \/>\n\t<meta name=\"twitter:data1\" content=\"Italia in Campagna\" \/>\n\t<meta name=\"twitter:label2\" content=\"Tempo di lettura stimato\" \/>\n\t<meta name=\"twitter:data2\" content=\"2 minuti\" \/>\n<script type=\"application\/ld+json\" class=\"yoast-schema-graph\">{\"@context\":\"https:\\\/\\\/schema.org\",\"@graph\":[{\"@type\":\"Article\",\"@id\":\"https:\\\/\\\/www.article-marketing.eu\\\/comunicatistampa\\\/week-end-allaria-aperta-con-i-bambini-e-la-famiglia\\\/#article\",\"isPartOf\":{\"@id\":\"https:\\\/\\\/www.article-marketing.eu\\\/comunicatistampa\\\/week-end-allaria-aperta-con-i-bambini-e-la-famiglia\\\/\"},\"author\":{\"name\":\"Italia in Campagna\",\"@id\":\"https:\\\/\\\/www.article-marketing.eu\\\/comunicatistampa\\\/#\\\/schema\\\/person\\\/44850d7895a1accec997751b913f8d94\"},\"headline\":\"Week End all&#8217;aria aperta con i Bambini e la Famiglia\",\"datePublished\":\"2017-05-30T21:54:38+00:00\",\"mainEntityOfPage\":{\"@id\":\"https:\\\/\\\/www.article-marketing.eu\\\/comunicatistampa\\\/week-end-allaria-aperta-con-i-bambini-e-la-famiglia\\\/\"},\"wordCount\":471,\"commentCount\":0,\"keywords\":[\"vacanza con bambini\"],\"articleSection\":[\"Viaggi e turismo\"],\"inLanguage\":\"it-IT\",\"potentialAction\":[{\"@type\":\"CommentAction\",\"name\":\"Comment\",\"target\":[\"https:\\\/\\\/www.article-marketing.eu\\\/comunicatistampa\\\/week-end-allaria-aperta-con-i-bambini-e-la-famiglia\\\/#respond\"]}]},{\"@type\":\"WebPage\",\"@id\":\"https:\\\/\\\/www.article-marketing.eu\\\/comunicatistampa\\\/week-end-allaria-aperta-con-i-bambini-e-la-famiglia\\\/\",\"url\":\"https:\\\/\\\/www.article-marketing.eu\\\/comunicatistampa\\\/week-end-allaria-aperta-con-i-bambini-e-la-famiglia\\\/\",\"name\":\"Week End all'aria aperta con i Bambini e la Famiglia - Article Marketing\",\"isPartOf\":{\"@id\":\"https:\\\/\\\/www.article-marketing.eu\\\/comunicatistampa\\\/#website\"},\"datePublished\":\"2017-05-30T21:54:38+00:00\",\"author\":{\"@id\":\"https:\\\/\\\/www.article-marketing.eu\\\/comunicatistampa\\\/#\\\/schema\\\/person\\\/44850d7895a1accec997751b913f8d94\"},\"breadcrumb\":{\"@id\":\"https:\\\/\\\/www.article-marketing.eu\\\/comunicatistampa\\\/week-end-allaria-aperta-con-i-bambini-e-la-famiglia\\\/#breadcrumb\"},\"inLanguage\":\"it-IT\",\"potentialAction\":[{\"@type\":\"ReadAction\",\"target\":[\"https:\\\/\\\/www.article-marketing.eu\\\/comunicatistampa\\\/week-end-allaria-aperta-con-i-bambini-e-la-famiglia\\\/\"]}]},{\"@type\":\"BreadcrumbList\",\"@id\":\"https:\\\/\\\/www.article-marketing.eu\\\/comunicatistampa\\\/week-end-allaria-aperta-con-i-bambini-e-la-famiglia\\\/#breadcrumb\",\"itemListElement\":[{\"@type\":\"ListItem\",\"position\":1,\"name\":\"Home\",\"item\":\"https:\\\/\\\/www.article-marketing.eu\\\/comunicatistampa\\\/\"},{\"@type\":\"ListItem\",\"position\":2,\"name\":\"Week End all&#8217;aria aperta con i Bambini e la Famiglia\"}]},{\"@type\":\"WebSite\",\"@id\":\"https:\\\/\\\/www.article-marketing.eu\\\/comunicatistampa\\\/#website\",\"url\":\"https:\\\/\\\/www.article-marketing.eu\\\/comunicatistampa\\\/\",\"name\":\"Article Marketing\",\"description\":\"article marketing &amp; press release\",\"potentialAction\":[{\"@type\":\"SearchAction\",\"target\":{\"@type\":\"EntryPoint\",\"urlTemplate\":\"https:\\\/\\\/www.article-marketing.eu\\\/comunicatistampa\\\/?s={search_term_string}\"},\"query-input\":{\"@type\":\"PropertyValueSpecification\",\"valueRequired\":true,\"valueName\":\"search_term_string\"}}],\"inLanguage\":\"it-IT\"},{\"@type\":\"Person\",\"@id\":\"https:\\\/\\\/www.article-marketing.eu\\\/comunicatistampa\\\/#\\\/schema\\\/person\\\/44850d7895a1accec997751b913f8d94\",\"name\":\"Italia in Campagna\",\"image\":{\"@type\":\"ImageObject\",\"inLanguage\":\"it-IT\",\"@id\":\"https:\\\/\\\/secure.gravatar.com\\\/avatar\\\/0b00fe519ec5f7dee19a457ba7c4bce54532b774547861fcbaf0e0e3e8b8b9aa?s=96&d=mm&r=g\",\"url\":\"https:\\\/\\\/secure.gravatar.com\\\/avatar\\\/0b00fe519ec5f7dee19a457ba7c4bce54532b774547861fcbaf0e0e3e8b8b9aa?s=96&d=mm&r=g\",\"contentUrl\":\"https:\\\/\\\/secure.gravatar.com\\\/avatar\\\/0b00fe519ec5f7dee19a457ba7c4bce54532b774547861fcbaf0e0e3e8b8b9aa?s=96&d=mm&r=g\",\"caption\":\"Italia in Campagna\"},\"url\":\"https:\\\/\\\/www.article-marketing.eu\\\/comunicatistampa\\\/author\\\/italia-in-campagna\\\/\"}]}<\/script>\n<!-- \/ Yoast SEO plugin. -->","yoast_head_json":{"title":"Week End all'aria aperta con i Bambini e la Famiglia - Article Marketing","robots":{"index":"index","follow":"follow","max-snippet":"max-snippet:-1","max-image-preview":"max-image-preview:large","max-video-preview":"max-video-preview:-1"},"canonical":"https:\/\/www.article-marketing.eu\/comunicatistampa\/week-end-allaria-aperta-con-i-bambini-e-la-famiglia\/","og_locale":"it_IT","og_type":"article","og_title":"Week End all'aria aperta con i Bambini e la Famiglia - Article Marketing","og_description":"Il momento giusto \u00e8 arrivato, le giornate si sono allungate e anche il caldo non si sta facendo attendere. Possiamo dire che \u00e8 l&#8217;ora di un Week End all&#8217;aria aperta in Umbria con i Bambini e la Famiglia. Tutto \u00e8 pronto all&#8217;interno del &#8220;Cuore Verde d&#8217;Italia&#8221; Hotel, Agriturismo, Resort o Country House, non aspettate e approfittate di un bel Week End con i Bambini e all&#8217;aria aperta. L&#8217;Umbria \u00e8 definitaContinue reading...","og_url":"https:\/\/www.article-marketing.eu\/comunicatistampa\/week-end-allaria-aperta-con-i-bambini-e-la-famiglia\/","og_site_name":"Article Marketing","article_published_time":"2017-05-30T21:54:38+00:00","author":"Italia in Campagna","twitter_card":"summary_large_image","twitter_misc":{"Scritto da":"Italia in Campagna","Tempo di lettura stimato":"2 minuti"},"schema":{"@context":"https:\/\/schema.org","@graph":[{"@type":"Article","@id":"https:\/\/www.article-marketing.eu\/comunicatistampa\/week-end-allaria-aperta-con-i-bambini-e-la-famiglia\/#article","isPartOf":{"@id":"https:\/\/www.article-marketing.eu\/comunicatistampa\/week-end-allaria-aperta-con-i-bambini-e-la-famiglia\/"},"author":{"name":"Italia in Campagna","@id":"https:\/\/www.article-marketing.eu\/comunicatistampa\/#\/schema\/person\/44850d7895a1accec997751b913f8d94"},"headline":"Week End all&#8217;aria aperta con i Bambini e la Famiglia","datePublished":"2017-05-30T21:54:38+00:00","mainEntityOfPage":{"@id":"https:\/\/www.article-marketing.eu\/comunicatistampa\/week-end-allaria-aperta-con-i-bambini-e-la-famiglia\/"},"wordCount":471,"commentCount":0,"keywords":["vacanza con bambini"],"articleSection":["Viaggi e turismo"],"inLanguage":"it-IT","potentialAction":[{"@type":"CommentAction","name":"Comment","target":["https:\/\/www.article-marketing.eu\/comunicatistampa\/week-end-allaria-aperta-con-i-bambini-e-la-famiglia\/#respond"]}]},{"@type":"WebPage","@id":"https:\/\/www.article-marketing.eu\/comunicatistampa\/week-end-allaria-aperta-con-i-bambini-e-la-famiglia\/","url":"https:\/\/www.article-marketing.eu\/comunicatistampa\/week-end-allaria-aperta-con-i-bambini-e-la-famiglia\/","name":"Week End all'aria aperta con i Bambini e la Famiglia - Article Marketing","isPartOf":{"@id":"https:\/\/www.article-marketing.eu\/comunicatistampa\/#website"},"datePublished":"2017-05-30T21:54:38+00:00","author":{"@id":"https:\/\/www.article-marketing.eu\/comunicatistampa\/#\/schema\/person\/44850d7895a1accec997751b913f8d94"},"breadcrumb":{"@id":"https:\/\/www.article-marketing.eu\/comunicatistampa\/week-end-allaria-aperta-con-i-bambini-e-la-famiglia\/#breadcrumb"},"inLanguage":"it-IT","potentialAction":[{"@type":"ReadAction","target":["https:\/\/www.article-marketing.eu\/comunicatistampa\/week-end-allaria-aperta-con-i-bambini-e-la-famiglia\/"]}]},{"@type":"BreadcrumbList","@id":"https:\/\/www.article-marketing.eu\/comunicatistampa\/week-end-allaria-aperta-con-i-bambini-e-la-famiglia\/#breadcrumb","itemListElement":[{"@type":"ListItem","position":1,"name":"Home","item":"https:\/\/www.article-marketing.eu\/comunicatistampa\/"},{"@type":"ListItem","position":2,"name":"Week End all&#8217;aria aperta con i Bambini e la Famiglia"}]},{"@type":"WebSite","@id":"https:\/\/www.article-marketing.eu\/comunicatistampa\/#website","url":"https:\/\/www.article-marketing.eu\/comunicatistampa\/","name":"Article Marketing","description":"article marketing &amp; press release","potentialAction":[{"@type":"SearchAction","target":{"@type":"EntryPoint","urlTemplate":"https:\/\/www.article-marketing.eu\/comunicatistampa\/?s={search_term_string}"},"query-input":{"@type":"PropertyValueSpecification","valueRequired":true,"valueName":"search_term_string"}}],"inLanguage":"it-IT"},{"@type":"Person","@id":"https:\/\/www.article-marketing.eu\/comunicatistampa\/#\/schema\/person\/44850d7895a1accec997751b913f8d94","name":"Italia in Campagna","image":{"@type":"ImageObject","inLanguage":"it-IT","@id":"https:\/\/secure.gravatar.com\/avatar\/0b00fe519ec5f7dee19a457ba7c4bce54532b774547861fcbaf0e0e3e8b8b9aa?s=96&d=mm&r=g","url":"https:\/\/secure.gravatar.com\/avatar\/0b00fe519ec5f7dee19a457ba7c4bce54532b774547861fcbaf0e0e3e8b8b9aa?s=96&d=mm&r=g","contentUrl":"https:\/\/secure.gravatar.com\/avatar\/0b00fe519ec5f7dee19a457ba7c4bce54532b774547861fcbaf0e0e3e8b8b9aa?s=96&d=mm&r=g","caption":"Italia in Campagna"},"url":"https:\/\/www.article-marketing.eu\/comunicatistampa\/author\/italia-in-campagna\/"}]}},"_links":{"self":[{"href":"https:\/\/www.article-marketing.eu\/comunicatistampa\/wp-json\/wp\/v2\/posts\/2920","targetHints":{"allow":["GET"]}}],"collection":[{"href":"https:\/\/www.article-marketing.eu\/comunicatistampa\/wp-json\/wp\/v2\/posts"}],"about":[{"href":"https:\/\/www.article-marketing.eu\/comunicatistampa\/wp-json\/wp\/v2\/types\/post"}],"author":[{"embeddable":true,"href":"https:\/\/www.article-marketing.eu\/comunicatistampa\/wp-json\/wp\/v2\/users\/356"}],"replies":[{"embeddable":true,"href":"https:\/\/www.article-marketing.eu\/comunicatistampa\/wp-json\/wp\/v2\/comments?post=2920"}],"version-history":[{"count":2,"href":"https:\/\/www.article-marketing.eu\/comunicatistampa\/wp-json\/wp\/v2\/posts\/2920\/revisions"}],"predecessor-version":[{"id":2934,"href":"https:\/\/www.article-marketing.eu\/comunicatistampa\/wp-json\/wp\/v2\/posts\/2920\/revisions\/2934"}],"wp:attachment":[{"href":"https:\/\/www.article-marketing.eu\/comunicatistampa\/wp-json\/wp\/v2\/media?parent=2920"}],"wp:term":[{"taxonomy":"category","embeddable":true,"href":"https:\/\/www.article-marketing.eu\/comunicatistampa\/wp-json\/wp\/v2\/categories?post=2920"},{"taxonomy":"post_tag","embeddable":true,"href":"https:\/\/www.article-marketing.eu\/comunicatistampa\/wp-json\/wp\/v2\/tags?post=2920"}],"curies":[{"name":"wp","href":"https:\/\/api.w.org\/{rel}","templated":true}]}}