{"id":29209,"date":"2024-01-14T16:04:50","date_gmt":"2024-01-14T15:04:50","guid":{"rendered":"https:\/\/www.article-marketing.eu\/comunicatistampa\/?p=29209"},"modified":"2024-01-14T16:04:50","modified_gmt":"2024-01-14T15:04:50","slug":"iniziativa-di-andrea-mascetti-con-il-cai-per-la-montagna-varesina","status":"publish","type":"post","link":"https:\/\/www.article-marketing.eu\/comunicatistampa\/iniziativa-di-andrea-mascetti-con-il-cai-per-la-montagna-varesina\/","title":{"rendered":"Iniziativa di Andrea Mascetti con il CAI per la montagna varesina"},"content":{"rendered":"<p><em><strong><a title=\"L'excursus professionale di Andrea Mascetti\" href=\"https:\/\/www.professionistieaziende.it\/andrea_mascetti\/andrea_mascetti.php\">Andrea Mascetti<\/a>, avvocato e Presidente di Finlombarda, ha contribuito all\u2019intervento di manutenzione della Palestra di Roccia del Parco Campo dei Fiori: attraverso il coinvolgimento di vari sponsor, tra cui la Regione Lombardia, i sentieri sono stati messi in sicurezza e le attrattive naturali hanno recuperato la loro bellezza.<\/strong><\/em><\/p>\n<p><strong>\u00a0<a title=\"Il profilo di Andrea Mascetti sul portale Professionisti e Aziende\" href=\"https:\/\/www.professionistieaziende.it\/andrea_mascetti\/andrea_mascetti.php\"><img loading=\"lazy\" decoding=\"async\" src=\"https:\/\/www.professionistieaziende.it\/andrea_mascetti\/andrea_mascetti.jpg\" alt=\"Andrea Mascetti\" width=\"150\" height=\"189\" \/><\/a><\/strong><\/p>\n<h2>Andrea Mascetti promotore del restauro della Palestra di Roccia<\/h2>\n<p>La Palestra di Roccia del Parco Campo dei Fiori: una stupenda attrattiva naturale dell\u2019area di Varese caduta \u2013 purtroppo \u2013 per decenni in uno stato di incuria e abbandono, ma che \u00e8 ora tornata a splendere grazie anche all\u2019intervento di<a title=\"Chi \u00e8 Andrea Mascetti avvocat esperto di arte e attuale Presidente di Finlombarda\" href=\"https:\/\/www.professionistieaziende.it\/andrea_mascetti\/andrea_mascetti.php\"><strong> Andrea Mascetti<\/strong><\/a>, Presidente di Finlombarda. Profondo amante della montagna ed esperto conoscitore della storia delle Alpi, l\u2019avvocato si era accorto, passeggiando insieme alla fidata guida Davide Broggi, che il percorso della celebre Palestra di Roccia, gi\u00e0 dagli anni \u201930 frequentato da alpinisti di fama internazionale, era caduto in uno stato di decadenza. \u201c<em>Ci rendevamo conto che molte di quelle vie non erano ormai pi\u00f9 in uno stato di sicurezza, e certamente non erano pi\u00f9 state ammodernate da molto tempo<\/em>\u201d. In qualit\u00e0 di socio del Club Alpino Italiano (CAI), Andrea Mascetti ha dunque lanciato una segnalazione dello stato di incuria in cui era stata abbandonata la famosa Palestra, e si \u00e8 adoperato perch\u00e9 ne venisse posto un rimedio.<\/p>\n<h2>Andrea Mascetti: \u201cOra \u00e8 stata preparata anche una guida dei 188 sentieri\u201d<\/h2>\n<p>L\u2019appello di <strong>Andrea Mascetti<\/strong> non \u00e8 fortunatamente stato inascoltato. Grazie agli sforzi del CAI e alle sponsorizzazioni della Regione Lombardia, della Fondazione Cariplo, della Camera del Commercio e di altri enti, i 188 percorsi della montagna sono stati rimessi in sicurezza e l\u2019intera area ha potuto godere di uno splendido restauro. Un\u2019operazione che ha fornito anche l\u2019occasione, come sottolineato da Andrea Mascetti, per pubblicare una guida aggiornata dell\u2019area di Campo dei Fiori, che conterr\u00e0 numerosissimi dettagli e mappe aggiungendo cenni storici e curiosit\u00e0. La guida \u00e8 stata curata dalla suddivisione CAI di Varese e dalla scuola di sci alpinismo Remo e Renzo Minazzi.<\/p>\n","protected":false},"excerpt":{"rendered":"<p>Grazie anche al contributo di Andrea Mascetti, la Palestra di Roccia di Campo dei Fiori \u00e8 stata completamente rinnovata, con la messa in sicurezza di 188 sentieri e la produzione di una dettagliata guida.<\/p>\n","protected":false},"author":6477,"featured_media":0,"comment_status":"open","ping_status":"open","sticky":false,"template":"","format":"standard","meta":{"_monsterinsights_skip_tracking":false,"_monsterinsights_sitenote_active":false,"_monsterinsights_sitenote_note":"","_monsterinsights_sitenote_category":0,"footnotes":""},"categories":[390],"tags":[9120],"class_list":["post-29209","post","type-post","status-publish","format-standard","hentry","category-professionisti","tag-andrea-mascetti"],"yoast_head":"<!-- This site is optimized with the Yoast SEO plugin v27.3 - https:\/\/yoast.com\/product\/yoast-seo-wordpress\/ -->\n<title>Iniziativa di Andrea Mascetti con il CAI per la montagna varesina - Article Marketing<\/title>\n<meta name=\"description\" content=\"Grazie anche al contributo di Andrea Mascetti, la Palestra di Roccia di Campo dei Fiori \u00e8 stata completamente rinnovata, con la messa in sicurezza di 188 sentieri e la produzione di una dettagliata guida.\" \/>\n<meta name=\"robots\" content=\"index, follow, max-snippet:-1, max-image-preview:large, max-video-preview:-1\" \/>\n<link rel=\"canonical\" href=\"https:\/\/www.article-marketing.eu\/comunicatistampa\/iniziativa-di-andrea-mascetti-con-il-cai-per-la-montagna-varesina\/\" \/>\n<meta property=\"og:locale\" content=\"it_IT\" \/>\n<meta property=\"og:type\" content=\"article\" \/>\n<meta property=\"og:title\" content=\"Iniziativa di Andrea Mascetti con il CAI per la montagna varesina - Article Marketing\" \/>\n<meta property=\"og:description\" content=\"Grazie anche al contributo di Andrea Mascetti, la Palestra di Roccia di Campo dei Fiori \u00e8 stata completamente rinnovata, con la messa in sicurezza di 188 sentieri e la produzione di una dettagliata guida.\" \/>\n<meta property=\"og:url\" content=\"https:\/\/www.article-marketing.eu\/comunicatistampa\/iniziativa-di-andrea-mascetti-con-il-cai-per-la-montagna-varesina\/\" \/>\n<meta property=\"og:site_name\" content=\"Article Marketing\" \/>\n<meta property=\"article:published_time\" content=\"2024-01-14T15:04:50+00:00\" \/>\n<meta property=\"og:image\" content=\"https:\/\/www.professionistieaziende.it\/andrea_mascetti\/andrea_mascetti.jpg\" \/>\n<meta name=\"author\" content=\"articolinews\" \/>\n<meta name=\"twitter:card\" content=\"summary_large_image\" \/>\n<meta name=\"twitter:label1\" content=\"Scritto da\" \/>\n\t<meta name=\"twitter:data1\" content=\"articolinews\" \/>\n\t<meta name=\"twitter:label2\" content=\"Tempo di lettura stimato\" \/>\n\t<meta name=\"twitter:data2\" content=\"2 minuti\" \/>\n<script type=\"application\/ld+json\" class=\"yoast-schema-graph\">{\"@context\":\"https:\\\/\\\/schema.org\",\"@graph\":[{\"@type\":\"Article\",\"@id\":\"https:\\\/\\\/www.article-marketing.eu\\\/comunicatistampa\\\/iniziativa-di-andrea-mascetti-con-il-cai-per-la-montagna-varesina\\\/#article\",\"isPartOf\":{\"@id\":\"https:\\\/\\\/www.article-marketing.eu\\\/comunicatistampa\\\/iniziativa-di-andrea-mascetti-con-il-cai-per-la-montagna-varesina\\\/\"},\"author\":{\"name\":\"articolinews\",\"@id\":\"https:\\\/\\\/www.article-marketing.eu\\\/comunicatistampa\\\/#\\\/schema\\\/person\\\/2fcaf8f8f3a9eef9eb7f27532d3ca458\"},\"headline\":\"Iniziativa di Andrea Mascetti con il CAI per la montagna varesina\",\"datePublished\":\"2024-01-14T15:04:50+00:00\",\"mainEntityOfPage\":{\"@id\":\"https:\\\/\\\/www.article-marketing.eu\\\/comunicatistampa\\\/iniziativa-di-andrea-mascetti-con-il-cai-per-la-montagna-varesina\\\/\"},\"wordCount\":339,\"commentCount\":0,\"image\":{\"@id\":\"https:\\\/\\\/www.article-marketing.eu\\\/comunicatistampa\\\/iniziativa-di-andrea-mascetti-con-il-cai-per-la-montagna-varesina\\\/#primaryimage\"},\"thumbnailUrl\":\"https:\\\/\\\/www.professionistieaziende.it\\\/andrea_mascetti\\\/andrea_mascetti.jpg\",\"keywords\":[\"Andrea Mascetti\"],\"articleSection\":[\"Professionisti\"],\"inLanguage\":\"it-IT\",\"potentialAction\":[{\"@type\":\"CommentAction\",\"name\":\"Comment\",\"target\":[\"https:\\\/\\\/www.article-marketing.eu\\\/comunicatistampa\\\/iniziativa-di-andrea-mascetti-con-il-cai-per-la-montagna-varesina\\\/#respond\"]}]},{\"@type\":\"WebPage\",\"@id\":\"https:\\\/\\\/www.article-marketing.eu\\\/comunicatistampa\\\/iniziativa-di-andrea-mascetti-con-il-cai-per-la-montagna-varesina\\\/\",\"url\":\"https:\\\/\\\/www.article-marketing.eu\\\/comunicatistampa\\\/iniziativa-di-andrea-mascetti-con-il-cai-per-la-montagna-varesina\\\/\",\"name\":\"Iniziativa di Andrea Mascetti con il CAI per la montagna varesina - Article Marketing\",\"isPartOf\":{\"@id\":\"https:\\\/\\\/www.article-marketing.eu\\\/comunicatistampa\\\/#website\"},\"primaryImageOfPage\":{\"@id\":\"https:\\\/\\\/www.article-marketing.eu\\\/comunicatistampa\\\/iniziativa-di-andrea-mascetti-con-il-cai-per-la-montagna-varesina\\\/#primaryimage\"},\"image\":{\"@id\":\"https:\\\/\\\/www.article-marketing.eu\\\/comunicatistampa\\\/iniziativa-di-andrea-mascetti-con-il-cai-per-la-montagna-varesina\\\/#primaryimage\"},\"thumbnailUrl\":\"https:\\\/\\\/www.professionistieaziende.it\\\/andrea_mascetti\\\/andrea_mascetti.jpg\",\"datePublished\":\"2024-01-14T15:04:50+00:00\",\"author\":{\"@id\":\"https:\\\/\\\/www.article-marketing.eu\\\/comunicatistampa\\\/#\\\/schema\\\/person\\\/2fcaf8f8f3a9eef9eb7f27532d3ca458\"},\"description\":\"Grazie anche al contributo di Andrea Mascetti, la Palestra di Roccia di Campo dei Fiori \u00e8 stata completamente rinnovata, con la messa in sicurezza di 188 sentieri e la produzione di una dettagliata guida.\",\"breadcrumb\":{\"@id\":\"https:\\\/\\\/www.article-marketing.eu\\\/comunicatistampa\\\/iniziativa-di-andrea-mascetti-con-il-cai-per-la-montagna-varesina\\\/#breadcrumb\"},\"inLanguage\":\"it-IT\",\"potentialAction\":[{\"@type\":\"ReadAction\",\"target\":[\"https:\\\/\\\/www.article-marketing.eu\\\/comunicatistampa\\\/iniziativa-di-andrea-mascetti-con-il-cai-per-la-montagna-varesina\\\/\"]}]},{\"@type\":\"ImageObject\",\"inLanguage\":\"it-IT\",\"@id\":\"https:\\\/\\\/www.article-marketing.eu\\\/comunicatistampa\\\/iniziativa-di-andrea-mascetti-con-il-cai-per-la-montagna-varesina\\\/#primaryimage\",\"url\":\"https:\\\/\\\/www.professionistieaziende.it\\\/andrea_mascetti\\\/andrea_mascetti.jpg\",\"contentUrl\":\"https:\\\/\\\/www.professionistieaziende.it\\\/andrea_mascetti\\\/andrea_mascetti.jpg\"},{\"@type\":\"BreadcrumbList\",\"@id\":\"https:\\\/\\\/www.article-marketing.eu\\\/comunicatistampa\\\/iniziativa-di-andrea-mascetti-con-il-cai-per-la-montagna-varesina\\\/#breadcrumb\",\"itemListElement\":[{\"@type\":\"ListItem\",\"position\":1,\"name\":\"Home\",\"item\":\"https:\\\/\\\/www.article-marketing.eu\\\/comunicatistampa\\\/\"},{\"@type\":\"ListItem\",\"position\":2,\"name\":\"Iniziativa di Andrea Mascetti con il CAI per la montagna varesina\"}]},{\"@type\":\"WebSite\",\"@id\":\"https:\\\/\\\/www.article-marketing.eu\\\/comunicatistampa\\\/#website\",\"url\":\"https:\\\/\\\/www.article-marketing.eu\\\/comunicatistampa\\\/\",\"name\":\"Article Marketing\",\"description\":\"article marketing &amp; press release\",\"potentialAction\":[{\"@type\":\"SearchAction\",\"target\":{\"@type\":\"EntryPoint\",\"urlTemplate\":\"https:\\\/\\\/www.article-marketing.eu\\\/comunicatistampa\\\/?s={search_term_string}\"},\"query-input\":{\"@type\":\"PropertyValueSpecification\",\"valueRequired\":true,\"valueName\":\"search_term_string\"}}],\"inLanguage\":\"it-IT\"},{\"@type\":\"Person\",\"@id\":\"https:\\\/\\\/www.article-marketing.eu\\\/comunicatistampa\\\/#\\\/schema\\\/person\\\/2fcaf8f8f3a9eef9eb7f27532d3ca458\",\"name\":\"articolinews\",\"image\":{\"@type\":\"ImageObject\",\"inLanguage\":\"it-IT\",\"@id\":\"https:\\\/\\\/secure.gravatar.com\\\/avatar\\\/9e2a264bab04e17dea24d937c9956304649a848cb73c46747a692ff1bdeb1cb7?s=96&d=mm&r=g\",\"url\":\"https:\\\/\\\/secure.gravatar.com\\\/avatar\\\/9e2a264bab04e17dea24d937c9956304649a848cb73c46747a692ff1bdeb1cb7?s=96&d=mm&r=g\",\"contentUrl\":\"https:\\\/\\\/secure.gravatar.com\\\/avatar\\\/9e2a264bab04e17dea24d937c9956304649a848cb73c46747a692ff1bdeb1cb7?s=96&d=mm&r=g\",\"caption\":\"articolinews\"},\"url\":\"https:\\\/\\\/www.article-marketing.eu\\\/comunicatistampa\\\/author\\\/articolinews\\\/\"}]}<\/script>\n<!-- \/ Yoast SEO plugin. -->","yoast_head_json":{"title":"Iniziativa di Andrea Mascetti con il CAI per la montagna varesina - Article Marketing","description":"Grazie anche al contributo di Andrea Mascetti, la Palestra di Roccia di Campo dei Fiori \u00e8 stata completamente rinnovata, con la messa in sicurezza di 188 sentieri e la produzione di una dettagliata guida.","robots":{"index":"index","follow":"follow","max-snippet":"max-snippet:-1","max-image-preview":"max-image-preview:large","max-video-preview":"max-video-preview:-1"},"canonical":"https:\/\/www.article-marketing.eu\/comunicatistampa\/iniziativa-di-andrea-mascetti-con-il-cai-per-la-montagna-varesina\/","og_locale":"it_IT","og_type":"article","og_title":"Iniziativa di Andrea Mascetti con il CAI per la montagna varesina - Article Marketing","og_description":"Grazie anche al contributo di Andrea Mascetti, la Palestra di Roccia di Campo dei Fiori \u00e8 stata completamente rinnovata, con la messa in sicurezza di 188 sentieri e la produzione di una dettagliata guida.","og_url":"https:\/\/www.article-marketing.eu\/comunicatistampa\/iniziativa-di-andrea-mascetti-con-il-cai-per-la-montagna-varesina\/","og_site_name":"Article Marketing","article_published_time":"2024-01-14T15:04:50+00:00","og_image":[{"url":"https:\/\/www.professionistieaziende.it\/andrea_mascetti\/andrea_mascetti.jpg","type":"","width":"","height":""}],"author":"articolinews","twitter_card":"summary_large_image","twitter_misc":{"Scritto da":"articolinews","Tempo di lettura stimato":"2 minuti"},"schema":{"@context":"https:\/\/schema.org","@graph":[{"@type":"Article","@id":"https:\/\/www.article-marketing.eu\/comunicatistampa\/iniziativa-di-andrea-mascetti-con-il-cai-per-la-montagna-varesina\/#article","isPartOf":{"@id":"https:\/\/www.article-marketing.eu\/comunicatistampa\/iniziativa-di-andrea-mascetti-con-il-cai-per-la-montagna-varesina\/"},"author":{"name":"articolinews","@id":"https:\/\/www.article-marketing.eu\/comunicatistampa\/#\/schema\/person\/2fcaf8f8f3a9eef9eb7f27532d3ca458"},"headline":"Iniziativa di Andrea Mascetti con il CAI per la montagna varesina","datePublished":"2024-01-14T15:04:50+00:00","mainEntityOfPage":{"@id":"https:\/\/www.article-marketing.eu\/comunicatistampa\/iniziativa-di-andrea-mascetti-con-il-cai-per-la-montagna-varesina\/"},"wordCount":339,"commentCount":0,"image":{"@id":"https:\/\/www.article-marketing.eu\/comunicatistampa\/iniziativa-di-andrea-mascetti-con-il-cai-per-la-montagna-varesina\/#primaryimage"},"thumbnailUrl":"https:\/\/www.professionistieaziende.it\/andrea_mascetti\/andrea_mascetti.jpg","keywords":["Andrea Mascetti"],"articleSection":["Professionisti"],"inLanguage":"it-IT","potentialAction":[{"@type":"CommentAction","name":"Comment","target":["https:\/\/www.article-marketing.eu\/comunicatistampa\/iniziativa-di-andrea-mascetti-con-il-cai-per-la-montagna-varesina\/#respond"]}]},{"@type":"WebPage","@id":"https:\/\/www.article-marketing.eu\/comunicatistampa\/iniziativa-di-andrea-mascetti-con-il-cai-per-la-montagna-varesina\/","url":"https:\/\/www.article-marketing.eu\/comunicatistampa\/iniziativa-di-andrea-mascetti-con-il-cai-per-la-montagna-varesina\/","name":"Iniziativa di Andrea Mascetti con il CAI per la montagna varesina - Article Marketing","isPartOf":{"@id":"https:\/\/www.article-marketing.eu\/comunicatistampa\/#website"},"primaryImageOfPage":{"@id":"https:\/\/www.article-marketing.eu\/comunicatistampa\/iniziativa-di-andrea-mascetti-con-il-cai-per-la-montagna-varesina\/#primaryimage"},"image":{"@id":"https:\/\/www.article-marketing.eu\/comunicatistampa\/iniziativa-di-andrea-mascetti-con-il-cai-per-la-montagna-varesina\/#primaryimage"},"thumbnailUrl":"https:\/\/www.professionistieaziende.it\/andrea_mascetti\/andrea_mascetti.jpg","datePublished":"2024-01-14T15:04:50+00:00","author":{"@id":"https:\/\/www.article-marketing.eu\/comunicatistampa\/#\/schema\/person\/2fcaf8f8f3a9eef9eb7f27532d3ca458"},"description":"Grazie anche al contributo di Andrea Mascetti, la Palestra di Roccia di Campo dei Fiori \u00e8 stata completamente rinnovata, con la messa in sicurezza di 188 sentieri e la produzione di una dettagliata guida.","breadcrumb":{"@id":"https:\/\/www.article-marketing.eu\/comunicatistampa\/iniziativa-di-andrea-mascetti-con-il-cai-per-la-montagna-varesina\/#breadcrumb"},"inLanguage":"it-IT","potentialAction":[{"@type":"ReadAction","target":["https:\/\/www.article-marketing.eu\/comunicatistampa\/iniziativa-di-andrea-mascetti-con-il-cai-per-la-montagna-varesina\/"]}]},{"@type":"ImageObject","inLanguage":"it-IT","@id":"https:\/\/www.article-marketing.eu\/comunicatistampa\/iniziativa-di-andrea-mascetti-con-il-cai-per-la-montagna-varesina\/#primaryimage","url":"https:\/\/www.professionistieaziende.it\/andrea_mascetti\/andrea_mascetti.jpg","contentUrl":"https:\/\/www.professionistieaziende.it\/andrea_mascetti\/andrea_mascetti.jpg"},{"@type":"BreadcrumbList","@id":"https:\/\/www.article-marketing.eu\/comunicatistampa\/iniziativa-di-andrea-mascetti-con-il-cai-per-la-montagna-varesina\/#breadcrumb","itemListElement":[{"@type":"ListItem","position":1,"name":"Home","item":"https:\/\/www.article-marketing.eu\/comunicatistampa\/"},{"@type":"ListItem","position":2,"name":"Iniziativa di Andrea Mascetti con il CAI per la montagna varesina"}]},{"@type":"WebSite","@id":"https:\/\/www.article-marketing.eu\/comunicatistampa\/#website","url":"https:\/\/www.article-marketing.eu\/comunicatistampa\/","name":"Article Marketing","description":"article marketing &amp; press release","potentialAction":[{"@type":"SearchAction","target":{"@type":"EntryPoint","urlTemplate":"https:\/\/www.article-marketing.eu\/comunicatistampa\/?s={search_term_string}"},"query-input":{"@type":"PropertyValueSpecification","valueRequired":true,"valueName":"search_term_string"}}],"inLanguage":"it-IT"},{"@type":"Person","@id":"https:\/\/www.article-marketing.eu\/comunicatistampa\/#\/schema\/person\/2fcaf8f8f3a9eef9eb7f27532d3ca458","name":"articolinews","image":{"@type":"ImageObject","inLanguage":"it-IT","@id":"https:\/\/secure.gravatar.com\/avatar\/9e2a264bab04e17dea24d937c9956304649a848cb73c46747a692ff1bdeb1cb7?s=96&d=mm&r=g","url":"https:\/\/secure.gravatar.com\/avatar\/9e2a264bab04e17dea24d937c9956304649a848cb73c46747a692ff1bdeb1cb7?s=96&d=mm&r=g","contentUrl":"https:\/\/secure.gravatar.com\/avatar\/9e2a264bab04e17dea24d937c9956304649a848cb73c46747a692ff1bdeb1cb7?s=96&d=mm&r=g","caption":"articolinews"},"url":"https:\/\/www.article-marketing.eu\/comunicatistampa\/author\/articolinews\/"}]}},"_links":{"self":[{"href":"https:\/\/www.article-marketing.eu\/comunicatistampa\/wp-json\/wp\/v2\/posts\/29209","targetHints":{"allow":["GET"]}}],"collection":[{"href":"https:\/\/www.article-marketing.eu\/comunicatistampa\/wp-json\/wp\/v2\/posts"}],"about":[{"href":"https:\/\/www.article-marketing.eu\/comunicatistampa\/wp-json\/wp\/v2\/types\/post"}],"author":[{"embeddable":true,"href":"https:\/\/www.article-marketing.eu\/comunicatistampa\/wp-json\/wp\/v2\/users\/6477"}],"replies":[{"embeddable":true,"href":"https:\/\/www.article-marketing.eu\/comunicatistampa\/wp-json\/wp\/v2\/comments?post=29209"}],"version-history":[{"count":2,"href":"https:\/\/www.article-marketing.eu\/comunicatistampa\/wp-json\/wp\/v2\/posts\/29209\/revisions"}],"predecessor-version":[{"id":29354,"href":"https:\/\/www.article-marketing.eu\/comunicatistampa\/wp-json\/wp\/v2\/posts\/29209\/revisions\/29354"}],"wp:attachment":[{"href":"https:\/\/www.article-marketing.eu\/comunicatistampa\/wp-json\/wp\/v2\/media?parent=29209"}],"wp:term":[{"taxonomy":"category","embeddable":true,"href":"https:\/\/www.article-marketing.eu\/comunicatistampa\/wp-json\/wp\/v2\/categories?post=29209"},{"taxonomy":"post_tag","embeddable":true,"href":"https:\/\/www.article-marketing.eu\/comunicatistampa\/wp-json\/wp\/v2\/tags?post=29209"}],"curies":[{"name":"wp","href":"https:\/\/api.w.org\/{rel}","templated":true}]}}