{"id":29213,"date":"2024-01-14T16:05:16","date_gmt":"2024-01-14T15:05:16","guid":{"rendered":"https:\/\/www.article-marketing.eu\/comunicatistampa\/?p=29213"},"modified":"2024-01-14T16:05:16","modified_gmt":"2024-01-14T15:05:16","slug":"industria-eolica-si-e-fermata-sul-piu-bello-ma-la-ripresa-ci-sara","status":"publish","type":"post","link":"https:\/\/www.article-marketing.eu\/comunicatistampa\/industria-eolica-si-e-fermata-sul-piu-bello-ma-la-ripresa-ci-sara\/","title":{"rendered":"Industria eolica si \u00e8 fermata sul pi\u00f9 bello, ma la ripresa ci sar\u00e0"},"content":{"rendered":"<p>L&#8217;obiettivo di raggiungere un <strong>sistema energetico a zero emissioni<\/strong> aveva <strong>alimentato <\/strong>con vigore <strong>l&#8217;interesse per l&#8217;industria eolica<\/strong>. Tra le varie ipotesi di produzione di energia rinnovabile, quella eolica era senza dubbio quella in cui si riponevano le maggiori speranze. Ma negli ultimi due anni qualcosa \u00e8 cambiato.<\/p>\n<h2>Cosa succede all&#8217;industria eolica?<\/h2>\n<p><img decoding=\"async\" style=\"float: right; height: 168px; margin: 11px; width: 321px;\" src=\"https:\/\/economia-impresa.info\/wp-content\/uploads\/2023\/12\/eolico_green_energia-630x330.jpg\" alt=\"industria eolica\" \/>Proprio nel momento in cui si \u00e8 affermato con maggiore vigore la necessit\u00e0 di arrivare ad un&#8217;energia pulita, <strong>i progetti dell\u2019industria eolica hanno cominciato a crollare uno dopo l&#8217;altro,<\/strong> facendo emergere questioni strutturali e grossi rischi per gli operatori del settore.<\/p>\n<p>Un caso eclatante \u00e8 quello del <strong>colosso danese Orsted (ORSTED)<\/strong>, il pi\u00f9 grande sviluppatore mondiale di energia eolica offshore. Con progetti falliti, svalutazioni multimiliardarie, ritardi nella catena di fornitura, tassi di interesse in aumento e un crollo del prezzo delle azioni, Orsted <strong>\u00e8 l\u2019emblema delle difficolt\u00e0 del settore<\/strong>.<\/p>\n<h2>Costi e burocrazia<\/h2>\n<p><strong>La colpa principale <\/strong>di questo scenario \u00e8 da imputare all&#8217;<strong>impennata dei costi dei progetti eolici offshore<\/strong>. A causa dell&#8217;inflazione globale, <strong>le materie prime infatti sono diventate molto pi\u00f9 costose<\/strong>. Al tempo stesso la politica dei <strong>tassi di interesse elevati <\/strong>condotte dalle banche centrali <strong>hanno elevato i costi di finanziamento, <\/strong>spingendo cos\u00ec le aziende a rinunciare ai progetti pi\u00f9 ambiziosi.<\/p>\n<p>A tutto questo bisogna poi aggiungere <strong>il processo troppo lento per la concessione delle autorizzazioni<\/strong> nel vecchio continente. Sotto questo punto di vista, <strong>gli Stati Uniti sono molto pi\u00f9 avanti <\/strong>ed \u00e8 per questo che sono diventati il posto migliore in cui investire.<\/p>\n<h2>Lo scenario migliorer\u00e0?<\/h2>\n<p>Nonostante le difficolt\u00e0 siano molte, <strong>in questo momento ci sono dei spiragli di luce all&#8217;orizzonte<\/strong>. Il mondo Infatti ha bisogno delle eolico e dovr\u00e0 <strong>preparare un terreno pi\u00f9 fertile per le aziende del settore<\/strong>.<\/p>\n<p><strong>Nel Regno Unito gi\u00e0 sono stati messi in atto interventi <\/strong>in campo in questa direzione. Anche <strong>la Germania si \u00e8 mossa <\/strong>rendendo pi\u00f9 semplice l&#8217;accesso alla rete per le aziende dell&#8217;Industria eolica. <strong>La stessa Commissione Europea<\/strong> ha di recente <strong>pubblicato un piano di azione<\/strong> (si veda il <a href=\"https:\/\/www.universoforex.it\/news\/1206\/pip_forex_che_cos_039_e_quanto_vale_guida_all_039_uso_dei_pips_nel_trading.html\" target=\"_blank\" rel=\"noopener\">PIP che cos&#8217;\u00e8<\/a>) per snellire il processo autorizzativo e migliorare il sistema dei finanziamenti.<br \/>\nInfine l&#8217;epoca dei tassi di interesse elevati sembra giunta al capolinea, e nel 2024 cominceranno i tagli al costo del denaro rendendo cos\u00ec i finanziamenti per nuovi progetti molto pi\u00f9 sostenibili dalle aziende dall&#8217;industria eolica.<\/p>\n","protected":false},"excerpt":{"rendered":"<p>L&#8217;obiettivo di raggiungere un sistema energetico a zero emissioni aveva alimentato con vigore l&#8217;interesse per l&#8217;industria eolica. Tra le varie ipotesi di produzione di energia rinnovabile, quella eolica era senza dubbio quella in cui si riponevano le maggiori speranze. Ma negli ultimi due anni qualcosa \u00e8 cambiato. Cosa succede all&#8217;industria eolica? Proprio nel momento in cui si \u00e8 affermato con maggiore vigore la necessit\u00e0 di arrivare ad un&#8217;energia pulita, i<\/p>\n<p><a class=\"continue-reading\" href=\"https:\/\/www.article-marketing.eu\/comunicatistampa\/industria-eolica-si-e-fermata-sul-piu-bello-ma-la-ripresa-ci-sara\/\">Continue reading&#8230;<\/a><\/p>\n","protected":false},"author":7116,"featured_media":0,"comment_status":"open","ping_status":"open","sticky":false,"template":"","format":"standard","meta":{"_monsterinsights_skip_tracking":false,"_monsterinsights_sitenote_active":false,"_monsterinsights_sitenote_note":"","_monsterinsights_sitenote_category":0,"footnotes":""},"categories":[388],"tags":[10951,10950,10027],"class_list":["post-29213","post","type-post","status-publish","format-standard","hentry","category-aziende","tag-energia-rinnovabile","tag-industria-eolica","tag-pip"],"yoast_head":"<!-- This site is optimized with the Yoast SEO plugin v27.3 - https:\/\/yoast.com\/product\/yoast-seo-wordpress\/ -->\n<title>Industria eolica si \u00e8 fermata sul pi\u00f9 bello, ma la ripresa ci sar\u00e0 - Article Marketing<\/title>\n<meta name=\"robots\" content=\"index, follow, max-snippet:-1, max-image-preview:large, max-video-preview:-1\" \/>\n<link rel=\"canonical\" href=\"https:\/\/www.article-marketing.eu\/comunicatistampa\/industria-eolica-si-e-fermata-sul-piu-bello-ma-la-ripresa-ci-sara\/\" \/>\n<meta property=\"og:locale\" content=\"it_IT\" \/>\n<meta property=\"og:type\" content=\"article\" \/>\n<meta property=\"og:title\" content=\"Industria eolica si \u00e8 fermata sul pi\u00f9 bello, ma la ripresa ci sar\u00e0 - Article Marketing\" \/>\n<meta property=\"og:description\" content=\"L&#8217;obiettivo di raggiungere un sistema energetico a zero emissioni aveva alimentato con vigore l&#8217;interesse per l&#8217;industria eolica. Tra le varie ipotesi di produzione di energia rinnovabile, quella eolica era senza dubbio quella in cui si riponevano le maggiori speranze. Ma negli ultimi due anni qualcosa \u00e8 cambiato. Cosa succede all&#8217;industria eolica? Proprio nel momento in cui si \u00e8 affermato con maggiore vigore la necessit\u00e0 di arrivare ad un&#8217;energia pulita, iContinue reading...\" \/>\n<meta property=\"og:url\" content=\"https:\/\/www.article-marketing.eu\/comunicatistampa\/industria-eolica-si-e-fermata-sul-piu-bello-ma-la-ripresa-ci-sara\/\" \/>\n<meta property=\"og:site_name\" content=\"Article Marketing\" \/>\n<meta property=\"article:published_time\" content=\"2024-01-14T15:05:16+00:00\" \/>\n<meta property=\"og:image\" content=\"https:\/\/economia-impresa.info\/wp-content\/uploads\/2023\/12\/eolico_green_energia-630x330.jpg\" \/>\n<meta name=\"author\" content=\"heliricci\" \/>\n<meta name=\"twitter:card\" content=\"summary_large_image\" \/>\n<meta name=\"twitter:label1\" content=\"Scritto da\" \/>\n\t<meta name=\"twitter:data1\" content=\"heliricci\" \/>\n\t<meta name=\"twitter:label2\" content=\"Tempo di lettura stimato\" \/>\n\t<meta name=\"twitter:data2\" content=\"3 minuti\" \/>\n<script type=\"application\/ld+json\" class=\"yoast-schema-graph\">{\"@context\":\"https:\\\/\\\/schema.org\",\"@graph\":[{\"@type\":\"Article\",\"@id\":\"https:\\\/\\\/www.article-marketing.eu\\\/comunicatistampa\\\/industria-eolica-si-e-fermata-sul-piu-bello-ma-la-ripresa-ci-sara\\\/#article\",\"isPartOf\":{\"@id\":\"https:\\\/\\\/www.article-marketing.eu\\\/comunicatistampa\\\/industria-eolica-si-e-fermata-sul-piu-bello-ma-la-ripresa-ci-sara\\\/\"},\"author\":{\"name\":\"heliricci\",\"@id\":\"https:\\\/\\\/www.article-marketing.eu\\\/comunicatistampa\\\/#\\\/schema\\\/person\\\/eb0d46093829ff5c8faf8fc7703db387\"},\"headline\":\"Industria eolica si \u00e8 fermata sul pi\u00f9 bello, ma la ripresa ci sar\u00e0\",\"datePublished\":\"2024-01-14T15:05:16+00:00\",\"mainEntityOfPage\":{\"@id\":\"https:\\\/\\\/www.article-marketing.eu\\\/comunicatistampa\\\/industria-eolica-si-e-fermata-sul-piu-bello-ma-la-ripresa-ci-sara\\\/\"},\"wordCount\":384,\"commentCount\":0,\"image\":{\"@id\":\"https:\\\/\\\/www.article-marketing.eu\\\/comunicatistampa\\\/industria-eolica-si-e-fermata-sul-piu-bello-ma-la-ripresa-ci-sara\\\/#primaryimage\"},\"thumbnailUrl\":\"https:\\\/\\\/economia-impresa.info\\\/wp-content\\\/uploads\\\/2023\\\/12\\\/eolico_green_energia-630x330.jpg\",\"keywords\":[\"energia rinnovabile\",\"industria eolica\",\"pip\"],\"articleSection\":[\"Aziende\"],\"inLanguage\":\"it-IT\",\"potentialAction\":[{\"@type\":\"CommentAction\",\"name\":\"Comment\",\"target\":[\"https:\\\/\\\/www.article-marketing.eu\\\/comunicatistampa\\\/industria-eolica-si-e-fermata-sul-piu-bello-ma-la-ripresa-ci-sara\\\/#respond\"]}]},{\"@type\":\"WebPage\",\"@id\":\"https:\\\/\\\/www.article-marketing.eu\\\/comunicatistampa\\\/industria-eolica-si-e-fermata-sul-piu-bello-ma-la-ripresa-ci-sara\\\/\",\"url\":\"https:\\\/\\\/www.article-marketing.eu\\\/comunicatistampa\\\/industria-eolica-si-e-fermata-sul-piu-bello-ma-la-ripresa-ci-sara\\\/\",\"name\":\"Industria eolica si \u00e8 fermata sul pi\u00f9 bello, ma la ripresa ci sar\u00e0 - Article Marketing\",\"isPartOf\":{\"@id\":\"https:\\\/\\\/www.article-marketing.eu\\\/comunicatistampa\\\/#website\"},\"primaryImageOfPage\":{\"@id\":\"https:\\\/\\\/www.article-marketing.eu\\\/comunicatistampa\\\/industria-eolica-si-e-fermata-sul-piu-bello-ma-la-ripresa-ci-sara\\\/#primaryimage\"},\"image\":{\"@id\":\"https:\\\/\\\/www.article-marketing.eu\\\/comunicatistampa\\\/industria-eolica-si-e-fermata-sul-piu-bello-ma-la-ripresa-ci-sara\\\/#primaryimage\"},\"thumbnailUrl\":\"https:\\\/\\\/economia-impresa.info\\\/wp-content\\\/uploads\\\/2023\\\/12\\\/eolico_green_energia-630x330.jpg\",\"datePublished\":\"2024-01-14T15:05:16+00:00\",\"author\":{\"@id\":\"https:\\\/\\\/www.article-marketing.eu\\\/comunicatistampa\\\/#\\\/schema\\\/person\\\/eb0d46093829ff5c8faf8fc7703db387\"},\"breadcrumb\":{\"@id\":\"https:\\\/\\\/www.article-marketing.eu\\\/comunicatistampa\\\/industria-eolica-si-e-fermata-sul-piu-bello-ma-la-ripresa-ci-sara\\\/#breadcrumb\"},\"inLanguage\":\"it-IT\",\"potentialAction\":[{\"@type\":\"ReadAction\",\"target\":[\"https:\\\/\\\/www.article-marketing.eu\\\/comunicatistampa\\\/industria-eolica-si-e-fermata-sul-piu-bello-ma-la-ripresa-ci-sara\\\/\"]}]},{\"@type\":\"ImageObject\",\"inLanguage\":\"it-IT\",\"@id\":\"https:\\\/\\\/www.article-marketing.eu\\\/comunicatistampa\\\/industria-eolica-si-e-fermata-sul-piu-bello-ma-la-ripresa-ci-sara\\\/#primaryimage\",\"url\":\"https:\\\/\\\/economia-impresa.info\\\/wp-content\\\/uploads\\\/2023\\\/12\\\/eolico_green_energia-630x330.jpg\",\"contentUrl\":\"https:\\\/\\\/economia-impresa.info\\\/wp-content\\\/uploads\\\/2023\\\/12\\\/eolico_green_energia-630x330.jpg\"},{\"@type\":\"BreadcrumbList\",\"@id\":\"https:\\\/\\\/www.article-marketing.eu\\\/comunicatistampa\\\/industria-eolica-si-e-fermata-sul-piu-bello-ma-la-ripresa-ci-sara\\\/#breadcrumb\",\"itemListElement\":[{\"@type\":\"ListItem\",\"position\":1,\"name\":\"Home\",\"item\":\"https:\\\/\\\/www.article-marketing.eu\\\/comunicatistampa\\\/\"},{\"@type\":\"ListItem\",\"position\":2,\"name\":\"Industria eolica si \u00e8 fermata sul pi\u00f9 bello, ma la ripresa ci sar\u00e0\"}]},{\"@type\":\"WebSite\",\"@id\":\"https:\\\/\\\/www.article-marketing.eu\\\/comunicatistampa\\\/#website\",\"url\":\"https:\\\/\\\/www.article-marketing.eu\\\/comunicatistampa\\\/\",\"name\":\"Article Marketing\",\"description\":\"article marketing &amp; press release\",\"potentialAction\":[{\"@type\":\"SearchAction\",\"target\":{\"@type\":\"EntryPoint\",\"urlTemplate\":\"https:\\\/\\\/www.article-marketing.eu\\\/comunicatistampa\\\/?s={search_term_string}\"},\"query-input\":{\"@type\":\"PropertyValueSpecification\",\"valueRequired\":true,\"valueName\":\"search_term_string\"}}],\"inLanguage\":\"it-IT\"},{\"@type\":\"Person\",\"@id\":\"https:\\\/\\\/www.article-marketing.eu\\\/comunicatistampa\\\/#\\\/schema\\\/person\\\/eb0d46093829ff5c8faf8fc7703db387\",\"name\":\"heliricci\",\"image\":{\"@type\":\"ImageObject\",\"inLanguage\":\"it-IT\",\"@id\":\"https:\\\/\\\/secure.gravatar.com\\\/avatar\\\/c6d7bd728cdc2edbc0952c2d33ef684ae63b49979e1912fdf2804320fb36a0d6?s=96&d=mm&r=g\",\"url\":\"https:\\\/\\\/secure.gravatar.com\\\/avatar\\\/c6d7bd728cdc2edbc0952c2d33ef684ae63b49979e1912fdf2804320fb36a0d6?s=96&d=mm&r=g\",\"contentUrl\":\"https:\\\/\\\/secure.gravatar.com\\\/avatar\\\/c6d7bd728cdc2edbc0952c2d33ef684ae63b49979e1912fdf2804320fb36a0d6?s=96&d=mm&r=g\",\"caption\":\"heliricci\"},\"url\":\"https:\\\/\\\/www.article-marketing.eu\\\/comunicatistampa\\\/author\\\/heliricci\\\/\"}]}<\/script>\n<!-- \/ Yoast SEO plugin. -->","yoast_head_json":{"title":"Industria eolica si \u00e8 fermata sul pi\u00f9 bello, ma la ripresa ci sar\u00e0 - Article Marketing","robots":{"index":"index","follow":"follow","max-snippet":"max-snippet:-1","max-image-preview":"max-image-preview:large","max-video-preview":"max-video-preview:-1"},"canonical":"https:\/\/www.article-marketing.eu\/comunicatistampa\/industria-eolica-si-e-fermata-sul-piu-bello-ma-la-ripresa-ci-sara\/","og_locale":"it_IT","og_type":"article","og_title":"Industria eolica si \u00e8 fermata sul pi\u00f9 bello, ma la ripresa ci sar\u00e0 - Article Marketing","og_description":"L&#8217;obiettivo di raggiungere un sistema energetico a zero emissioni aveva alimentato con vigore l&#8217;interesse per l&#8217;industria eolica. Tra le varie ipotesi di produzione di energia rinnovabile, quella eolica era senza dubbio quella in cui si riponevano le maggiori speranze. Ma negli ultimi due anni qualcosa \u00e8 cambiato. Cosa succede all&#8217;industria eolica? Proprio nel momento in cui si \u00e8 affermato con maggiore vigore la necessit\u00e0 di arrivare ad un&#8217;energia pulita, iContinue reading...","og_url":"https:\/\/www.article-marketing.eu\/comunicatistampa\/industria-eolica-si-e-fermata-sul-piu-bello-ma-la-ripresa-ci-sara\/","og_site_name":"Article Marketing","article_published_time":"2024-01-14T15:05:16+00:00","og_image":[{"url":"https:\/\/economia-impresa.info\/wp-content\/uploads\/2023\/12\/eolico_green_energia-630x330.jpg","type":"","width":"","height":""}],"author":"heliricci","twitter_card":"summary_large_image","twitter_misc":{"Scritto da":"heliricci","Tempo di lettura stimato":"3 minuti"},"schema":{"@context":"https:\/\/schema.org","@graph":[{"@type":"Article","@id":"https:\/\/www.article-marketing.eu\/comunicatistampa\/industria-eolica-si-e-fermata-sul-piu-bello-ma-la-ripresa-ci-sara\/#article","isPartOf":{"@id":"https:\/\/www.article-marketing.eu\/comunicatistampa\/industria-eolica-si-e-fermata-sul-piu-bello-ma-la-ripresa-ci-sara\/"},"author":{"name":"heliricci","@id":"https:\/\/www.article-marketing.eu\/comunicatistampa\/#\/schema\/person\/eb0d46093829ff5c8faf8fc7703db387"},"headline":"Industria eolica si \u00e8 fermata sul pi\u00f9 bello, ma la ripresa ci sar\u00e0","datePublished":"2024-01-14T15:05:16+00:00","mainEntityOfPage":{"@id":"https:\/\/www.article-marketing.eu\/comunicatistampa\/industria-eolica-si-e-fermata-sul-piu-bello-ma-la-ripresa-ci-sara\/"},"wordCount":384,"commentCount":0,"image":{"@id":"https:\/\/www.article-marketing.eu\/comunicatistampa\/industria-eolica-si-e-fermata-sul-piu-bello-ma-la-ripresa-ci-sara\/#primaryimage"},"thumbnailUrl":"https:\/\/economia-impresa.info\/wp-content\/uploads\/2023\/12\/eolico_green_energia-630x330.jpg","keywords":["energia rinnovabile","industria eolica","pip"],"articleSection":["Aziende"],"inLanguage":"it-IT","potentialAction":[{"@type":"CommentAction","name":"Comment","target":["https:\/\/www.article-marketing.eu\/comunicatistampa\/industria-eolica-si-e-fermata-sul-piu-bello-ma-la-ripresa-ci-sara\/#respond"]}]},{"@type":"WebPage","@id":"https:\/\/www.article-marketing.eu\/comunicatistampa\/industria-eolica-si-e-fermata-sul-piu-bello-ma-la-ripresa-ci-sara\/","url":"https:\/\/www.article-marketing.eu\/comunicatistampa\/industria-eolica-si-e-fermata-sul-piu-bello-ma-la-ripresa-ci-sara\/","name":"Industria eolica si \u00e8 fermata sul pi\u00f9 bello, ma la ripresa ci sar\u00e0 - Article Marketing","isPartOf":{"@id":"https:\/\/www.article-marketing.eu\/comunicatistampa\/#website"},"primaryImageOfPage":{"@id":"https:\/\/www.article-marketing.eu\/comunicatistampa\/industria-eolica-si-e-fermata-sul-piu-bello-ma-la-ripresa-ci-sara\/#primaryimage"},"image":{"@id":"https:\/\/www.article-marketing.eu\/comunicatistampa\/industria-eolica-si-e-fermata-sul-piu-bello-ma-la-ripresa-ci-sara\/#primaryimage"},"thumbnailUrl":"https:\/\/economia-impresa.info\/wp-content\/uploads\/2023\/12\/eolico_green_energia-630x330.jpg","datePublished":"2024-01-14T15:05:16+00:00","author":{"@id":"https:\/\/www.article-marketing.eu\/comunicatistampa\/#\/schema\/person\/eb0d46093829ff5c8faf8fc7703db387"},"breadcrumb":{"@id":"https:\/\/www.article-marketing.eu\/comunicatistampa\/industria-eolica-si-e-fermata-sul-piu-bello-ma-la-ripresa-ci-sara\/#breadcrumb"},"inLanguage":"it-IT","potentialAction":[{"@type":"ReadAction","target":["https:\/\/www.article-marketing.eu\/comunicatistampa\/industria-eolica-si-e-fermata-sul-piu-bello-ma-la-ripresa-ci-sara\/"]}]},{"@type":"ImageObject","inLanguage":"it-IT","@id":"https:\/\/www.article-marketing.eu\/comunicatistampa\/industria-eolica-si-e-fermata-sul-piu-bello-ma-la-ripresa-ci-sara\/#primaryimage","url":"https:\/\/economia-impresa.info\/wp-content\/uploads\/2023\/12\/eolico_green_energia-630x330.jpg","contentUrl":"https:\/\/economia-impresa.info\/wp-content\/uploads\/2023\/12\/eolico_green_energia-630x330.jpg"},{"@type":"BreadcrumbList","@id":"https:\/\/www.article-marketing.eu\/comunicatistampa\/industria-eolica-si-e-fermata-sul-piu-bello-ma-la-ripresa-ci-sara\/#breadcrumb","itemListElement":[{"@type":"ListItem","position":1,"name":"Home","item":"https:\/\/www.article-marketing.eu\/comunicatistampa\/"},{"@type":"ListItem","position":2,"name":"Industria eolica si \u00e8 fermata sul pi\u00f9 bello, ma la ripresa ci sar\u00e0"}]},{"@type":"WebSite","@id":"https:\/\/www.article-marketing.eu\/comunicatistampa\/#website","url":"https:\/\/www.article-marketing.eu\/comunicatistampa\/","name":"Article Marketing","description":"article marketing &amp; press release","potentialAction":[{"@type":"SearchAction","target":{"@type":"EntryPoint","urlTemplate":"https:\/\/www.article-marketing.eu\/comunicatistampa\/?s={search_term_string}"},"query-input":{"@type":"PropertyValueSpecification","valueRequired":true,"valueName":"search_term_string"}}],"inLanguage":"it-IT"},{"@type":"Person","@id":"https:\/\/www.article-marketing.eu\/comunicatistampa\/#\/schema\/person\/eb0d46093829ff5c8faf8fc7703db387","name":"heliricci","image":{"@type":"ImageObject","inLanguage":"it-IT","@id":"https:\/\/secure.gravatar.com\/avatar\/c6d7bd728cdc2edbc0952c2d33ef684ae63b49979e1912fdf2804320fb36a0d6?s=96&d=mm&r=g","url":"https:\/\/secure.gravatar.com\/avatar\/c6d7bd728cdc2edbc0952c2d33ef684ae63b49979e1912fdf2804320fb36a0d6?s=96&d=mm&r=g","contentUrl":"https:\/\/secure.gravatar.com\/avatar\/c6d7bd728cdc2edbc0952c2d33ef684ae63b49979e1912fdf2804320fb36a0d6?s=96&d=mm&r=g","caption":"heliricci"},"url":"https:\/\/www.article-marketing.eu\/comunicatistampa\/author\/heliricci\/"}]}},"_links":{"self":[{"href":"https:\/\/www.article-marketing.eu\/comunicatistampa\/wp-json\/wp\/v2\/posts\/29213","targetHints":{"allow":["GET"]}}],"collection":[{"href":"https:\/\/www.article-marketing.eu\/comunicatistampa\/wp-json\/wp\/v2\/posts"}],"about":[{"href":"https:\/\/www.article-marketing.eu\/comunicatistampa\/wp-json\/wp\/v2\/types\/post"}],"author":[{"embeddable":true,"href":"https:\/\/www.article-marketing.eu\/comunicatistampa\/wp-json\/wp\/v2\/users\/7116"}],"replies":[{"embeddable":true,"href":"https:\/\/www.article-marketing.eu\/comunicatistampa\/wp-json\/wp\/v2\/comments?post=29213"}],"version-history":[{"count":2,"href":"https:\/\/www.article-marketing.eu\/comunicatistampa\/wp-json\/wp\/v2\/posts\/29213\/revisions"}],"predecessor-version":[{"id":29356,"href":"https:\/\/www.article-marketing.eu\/comunicatistampa\/wp-json\/wp\/v2\/posts\/29213\/revisions\/29356"}],"wp:attachment":[{"href":"https:\/\/www.article-marketing.eu\/comunicatistampa\/wp-json\/wp\/v2\/media?parent=29213"}],"wp:term":[{"taxonomy":"category","embeddable":true,"href":"https:\/\/www.article-marketing.eu\/comunicatistampa\/wp-json\/wp\/v2\/categories?post=29213"},{"taxonomy":"post_tag","embeddable":true,"href":"https:\/\/www.article-marketing.eu\/comunicatistampa\/wp-json\/wp\/v2\/tags?post=29213"}],"curies":[{"name":"wp","href":"https:\/\/api.w.org\/{rel}","templated":true}]}}