{"id":29218,"date":"2024-02-11T16:26:08","date_gmt":"2024-02-11T15:26:08","guid":{"rendered":"https:\/\/www.article-marketing.eu\/comunicatistampa\/?p=29218"},"modified":"2024-02-11T16:26:50","modified_gmt":"2024-02-11T15:26:50","slug":"terna-lancia-la-nuova-campagna-di-comunicazione-istituzionale-pensiamo-al-futuro-dellenergia","status":"publish","type":"post","link":"https:\/\/www.article-marketing.eu\/comunicatistampa\/terna-lancia-la-nuova-campagna-di-comunicazione-istituzionale-pensiamo-al-futuro-dellenergia\/","title":{"rendered":"Terna lancia la nuova campagna di comunicazione istituzionale \u201cPensiamo al futuro dell\u2019energia\u201d"},"content":{"rendered":"<p><em><strong><a title=\"\u201cPensiamo al futuro dell\u2019energia\u201d, la sostenibilit\u00e0 in Terna\" href=\"https:\/\/www.youtube.com\/watch?v=Y2AwZj-xZOQ\">Terna<\/a> ha lanciato la campagna di comunicazione \u201cPensiamo al futuro dell\u2019energia\u201d, che vuole sensibilizzare i cittadini su quanto l\u2019energia sia un patrimonio comune e inestimabile che richiede l\u2019attenzione e la cura di tutti.<\/strong><\/em><\/p>\n<p><strong>\u00a0<a title=\"\u201cPensiamo al futuro dell\u2019energia\u201d: il nuovo spot lanciato da Terna\" href=\"https:\/\/www.youtube.com\/watch?v=Y2AwZj-xZOQ\"><img loading=\"lazy\" decoding=\"async\" src=\"https:\/\/www.terna.it\/DesktopModules\/AdactoBackend\/API\/download\/get?image=12793\" alt=\"Terna\" width=\"225\" height=\"150\" \/><\/a><\/strong><\/p>\n<h2>La nuova campagna istituzionale di Terna, \u201cPensiamo al futuro dell\u2019energia\u201d<\/h2>\n<p><strong><a title=\"Terna: nuova campagna di comunicazione istituzionale \u201cPensiamo al futuro dell\u2019energia\u201d\" href=\"https:\/\/www.youtube.com\/watch?v=Y2AwZj-xZOQ\">Terna<\/a><\/strong>, il principale gestore del sistema elettrico nazionale in Italia, ha una missione chiara: garantire a tutti i cittadini il diritto all&#8217;energia elettrica e consentire che ne facciano un utilizzo responsabile. L\u2019impegno del Gruppo non si limita dunque alla trasmissione di elettricit\u00e0, ma include la promozione della sostenibilit\u00e0 ambientale e il supporto alla transizione energetica. Al fine di mettere in evidenza l&#8217;importanza della tutela dell&#8217;ambiente nell\u2019ambito della necessit\u00e0 fondamentale di fornire energia al Paese, <strong>Terna <\/strong>ha lanciato una campagna di comunicazione istituzionale: \u201cPensiamo al futuro dell\u2019energia\u201d. Attraverso un video-spot, gli italiani vengono invitati a fare un utilizzo consapevole delle risorse energetiche, evitando abusi e sprechi. \u201c<em>L\u2019energia \u00e8 un diritto di tutti, e dovere di <strong>Terna <\/strong>trasmetterla in tutta Italia. Rispettiamola per prenderci cura dell\u2019ambiente e del nostro Paese. Pensiamo al futuro dell\u2019energia<\/em>\u201d<\/p>\n<h2>La mission di Terna: guidare la rete elettrica italiana verso un futuro sostenibile<\/h2>\n<p>Mentre il mondo si confronta con sfide globali senza precedenti, tra cui il cambiamento climatico e la sempre maggiore urgenza di adottare fonti di energia non inquinanti, <strong>Terna <\/strong>sta assumendo un ruolo di leadership, guidando la rete elettrica italiana verso un futuro fondato sulla energia pulita. Attraverso investimenti strategici e una stretta collaborazione con le istituzioni, il Gruppo \u00e8 in prima linea nel plasmare un futuro energetico sostenibile non solo per l&#8217;Italia, ma anche per l&#8217;intera Europa. La visione a lungo termine di <strong>Terna <\/strong>si fonda sulla necessit\u00e0 di garantire un approvvigionamento energetico sicuro, responsabile e rispettoso dell&#8217;ambiente, riconoscendo che la transizione energetica \u00e8 una sfida che richiede l&#8217;impegno di tutti: \u201c<em>Un cambiamento urgente \u00e8 necessario. Viviamo in un&#8217;epoca di grande complessit\u00e0: il Pianeta cresce sempre pi\u00f9 velocemente con un modello energetico che non \u00e8 pi\u00f9 sostenibile, mentre il mondo chiede un impegno globale per una progressiva decarbonizzazione, da realizzare al pi\u00f9 presto<\/em>\u201d.<\/p>\n","protected":false},"excerpt":{"rendered":"<p>Terna ha lanciato la campagna di comunicazione \u201cPensiamo al futuro dell\u2019energia\u201d, che vuole sensibilizzare i cittadini su quanto l\u2019energia sia un patrimonio comune e inestimabile che richiede l\u2019attenzione e la cura di tutti. \u00a0 La nuova campagna istituzionale di Terna, \u201cPensiamo al futuro dell\u2019energia\u201d Terna, il principale gestore del sistema elettrico nazionale in Italia, ha una missione chiara: garantire a tutti i cittadini il diritto all&#8217;energia elettrica e consentire che<\/p>\n<p><a class=\"continue-reading\" href=\"https:\/\/www.article-marketing.eu\/comunicatistampa\/terna-lancia-la-nuova-campagna-di-comunicazione-istituzionale-pensiamo-al-futuro-dellenergia\/\">Continue reading&#8230;<\/a><\/p>\n","protected":false},"author":6477,"featured_media":0,"comment_status":"open","ping_status":"open","sticky":false,"template":"","format":"standard","meta":{"_monsterinsights_skip_tracking":false,"_monsterinsights_sitenote_active":false,"_monsterinsights_sitenote_note":"","_monsterinsights_sitenote_category":0,"footnotes":""},"categories":[416],"tags":[9563],"class_list":["post-29218","post","type-post","status-publish","format-standard","hentry","category-ambiente","tag-terna"],"yoast_head":"<!-- This site is optimized with the Yoast SEO plugin v27.3 - https:\/\/yoast.com\/product\/yoast-seo-wordpress\/ -->\n<title>Terna lancia la nuova campagna di comunicazione istituzionale \u201cPensiamo al futuro dell\u2019energia\u201d<\/title>\n<meta name=\"robots\" content=\"index, follow, max-snippet:-1, max-image-preview:large, max-video-preview:-1\" \/>\n<link rel=\"canonical\" href=\"https:\/\/www.article-marketing.eu\/comunicatistampa\/terna-lancia-la-nuova-campagna-di-comunicazione-istituzionale-pensiamo-al-futuro-dellenergia\/\" \/>\n<meta property=\"og:locale\" content=\"it_IT\" \/>\n<meta property=\"og:type\" content=\"article\" \/>\n<meta property=\"og:title\" content=\"Terna lancia la nuova campagna di comunicazione istituzionale \u201cPensiamo al futuro dell\u2019energia\u201d\" \/>\n<meta property=\"og:description\" content=\"Terna ha lanciato la campagna di comunicazione \u201cPensiamo al futuro dell\u2019energia\u201d, che vuole sensibilizzare i cittadini su quanto l\u2019energia sia un patrimonio comune e inestimabile che richiede l\u2019attenzione e la cura di tutti. \u00a0 La nuova campagna istituzionale di Terna, \u201cPensiamo al futuro dell\u2019energia\u201d Terna, il principale gestore del sistema elettrico nazionale in Italia, ha una missione chiara: garantire a tutti i cittadini il diritto all&#8217;energia elettrica e consentire cheContinue reading...\" \/>\n<meta property=\"og:url\" content=\"https:\/\/www.article-marketing.eu\/comunicatistampa\/terna-lancia-la-nuova-campagna-di-comunicazione-istituzionale-pensiamo-al-futuro-dellenergia\/\" \/>\n<meta property=\"og:site_name\" content=\"Article Marketing\" \/>\n<meta property=\"article:published_time\" content=\"2024-02-11T15:26:08+00:00\" \/>\n<meta property=\"article:modified_time\" content=\"2024-02-11T15:26:50+00:00\" \/>\n<meta property=\"og:image\" content=\"https:\/\/www.terna.it\/DesktopModules\/AdactoBackend\/API\/download\/get?image=12793\" \/>\n<meta name=\"author\" content=\"articolinews\" \/>\n<meta name=\"twitter:card\" content=\"summary_large_image\" \/>\n<meta name=\"twitter:label1\" content=\"Scritto da\" \/>\n\t<meta name=\"twitter:data1\" content=\"articolinews\" \/>\n\t<meta name=\"twitter:label2\" content=\"Tempo di lettura stimato\" \/>\n\t<meta name=\"twitter:data2\" content=\"3 minuti\" \/>\n<script type=\"application\/ld+json\" class=\"yoast-schema-graph\">{\"@context\":\"https:\\\/\\\/schema.org\",\"@graph\":[{\"@type\":\"Article\",\"@id\":\"https:\\\/\\\/www.article-marketing.eu\\\/comunicatistampa\\\/terna-lancia-la-nuova-campagna-di-comunicazione-istituzionale-pensiamo-al-futuro-dellenergia\\\/#article\",\"isPartOf\":{\"@id\":\"https:\\\/\\\/www.article-marketing.eu\\\/comunicatistampa\\\/terna-lancia-la-nuova-campagna-di-comunicazione-istituzionale-pensiamo-al-futuro-dellenergia\\\/\"},\"author\":{\"name\":\"articolinews\",\"@id\":\"https:\\\/\\\/www.article-marketing.eu\\\/comunicatistampa\\\/#\\\/schema\\\/person\\\/2fcaf8f8f3a9eef9eb7f27532d3ca458\"},\"headline\":\"Terna lancia la nuova campagna di comunicazione istituzionale \u201cPensiamo al futuro dell\u2019energia\u201d\",\"datePublished\":\"2024-02-11T15:26:08+00:00\",\"dateModified\":\"2024-02-11T15:26:50+00:00\",\"mainEntityOfPage\":{\"@id\":\"https:\\\/\\\/www.article-marketing.eu\\\/comunicatistampa\\\/terna-lancia-la-nuova-campagna-di-comunicazione-istituzionale-pensiamo-al-futuro-dellenergia\\\/\"},\"wordCount\":359,\"commentCount\":0,\"image\":{\"@id\":\"https:\\\/\\\/www.article-marketing.eu\\\/comunicatistampa\\\/terna-lancia-la-nuova-campagna-di-comunicazione-istituzionale-pensiamo-al-futuro-dellenergia\\\/#primaryimage\"},\"thumbnailUrl\":\"https:\\\/\\\/www.terna.it\\\/DesktopModules\\\/AdactoBackend\\\/API\\\/download\\\/get?image=12793\",\"keywords\":[\"Terna\"],\"articleSection\":[\"Ambiente\"],\"inLanguage\":\"it-IT\",\"potentialAction\":[{\"@type\":\"CommentAction\",\"name\":\"Comment\",\"target\":[\"https:\\\/\\\/www.article-marketing.eu\\\/comunicatistampa\\\/terna-lancia-la-nuova-campagna-di-comunicazione-istituzionale-pensiamo-al-futuro-dellenergia\\\/#respond\"]}]},{\"@type\":\"WebPage\",\"@id\":\"https:\\\/\\\/www.article-marketing.eu\\\/comunicatistampa\\\/terna-lancia-la-nuova-campagna-di-comunicazione-istituzionale-pensiamo-al-futuro-dellenergia\\\/\",\"url\":\"https:\\\/\\\/www.article-marketing.eu\\\/comunicatistampa\\\/terna-lancia-la-nuova-campagna-di-comunicazione-istituzionale-pensiamo-al-futuro-dellenergia\\\/\",\"name\":\"Terna lancia la nuova campagna di comunicazione istituzionale \u201cPensiamo al futuro dell\u2019energia\u201d\",\"isPartOf\":{\"@id\":\"https:\\\/\\\/www.article-marketing.eu\\\/comunicatistampa\\\/#website\"},\"primaryImageOfPage\":{\"@id\":\"https:\\\/\\\/www.article-marketing.eu\\\/comunicatistampa\\\/terna-lancia-la-nuova-campagna-di-comunicazione-istituzionale-pensiamo-al-futuro-dellenergia\\\/#primaryimage\"},\"image\":{\"@id\":\"https:\\\/\\\/www.article-marketing.eu\\\/comunicatistampa\\\/terna-lancia-la-nuova-campagna-di-comunicazione-istituzionale-pensiamo-al-futuro-dellenergia\\\/#primaryimage\"},\"thumbnailUrl\":\"https:\\\/\\\/www.terna.it\\\/DesktopModules\\\/AdactoBackend\\\/API\\\/download\\\/get?image=12793\",\"datePublished\":\"2024-02-11T15:26:08+00:00\",\"dateModified\":\"2024-02-11T15:26:50+00:00\",\"author\":{\"@id\":\"https:\\\/\\\/www.article-marketing.eu\\\/comunicatistampa\\\/#\\\/schema\\\/person\\\/2fcaf8f8f3a9eef9eb7f27532d3ca458\"},\"breadcrumb\":{\"@id\":\"https:\\\/\\\/www.article-marketing.eu\\\/comunicatistampa\\\/terna-lancia-la-nuova-campagna-di-comunicazione-istituzionale-pensiamo-al-futuro-dellenergia\\\/#breadcrumb\"},\"inLanguage\":\"it-IT\",\"potentialAction\":[{\"@type\":\"ReadAction\",\"target\":[\"https:\\\/\\\/www.article-marketing.eu\\\/comunicatistampa\\\/terna-lancia-la-nuova-campagna-di-comunicazione-istituzionale-pensiamo-al-futuro-dellenergia\\\/\"]}]},{\"@type\":\"ImageObject\",\"inLanguage\":\"it-IT\",\"@id\":\"https:\\\/\\\/www.article-marketing.eu\\\/comunicatistampa\\\/terna-lancia-la-nuova-campagna-di-comunicazione-istituzionale-pensiamo-al-futuro-dellenergia\\\/#primaryimage\",\"url\":\"https:\\\/\\\/www.terna.it\\\/DesktopModules\\\/AdactoBackend\\\/API\\\/download\\\/get?image=12793\",\"contentUrl\":\"https:\\\/\\\/www.terna.it\\\/DesktopModules\\\/AdactoBackend\\\/API\\\/download\\\/get?image=12793\"},{\"@type\":\"BreadcrumbList\",\"@id\":\"https:\\\/\\\/www.article-marketing.eu\\\/comunicatistampa\\\/terna-lancia-la-nuova-campagna-di-comunicazione-istituzionale-pensiamo-al-futuro-dellenergia\\\/#breadcrumb\",\"itemListElement\":[{\"@type\":\"ListItem\",\"position\":1,\"name\":\"Home\",\"item\":\"https:\\\/\\\/www.article-marketing.eu\\\/comunicatistampa\\\/\"},{\"@type\":\"ListItem\",\"position\":2,\"name\":\"Terna lancia la nuova campagna di comunicazione istituzionale \u201cPensiamo al futuro dell\u2019energia\u201d\"}]},{\"@type\":\"WebSite\",\"@id\":\"https:\\\/\\\/www.article-marketing.eu\\\/comunicatistampa\\\/#website\",\"url\":\"https:\\\/\\\/www.article-marketing.eu\\\/comunicatistampa\\\/\",\"name\":\"Article Marketing\",\"description\":\"article marketing &amp; press release\",\"potentialAction\":[{\"@type\":\"SearchAction\",\"target\":{\"@type\":\"EntryPoint\",\"urlTemplate\":\"https:\\\/\\\/www.article-marketing.eu\\\/comunicatistampa\\\/?s={search_term_string}\"},\"query-input\":{\"@type\":\"PropertyValueSpecification\",\"valueRequired\":true,\"valueName\":\"search_term_string\"}}],\"inLanguage\":\"it-IT\"},{\"@type\":\"Person\",\"@id\":\"https:\\\/\\\/www.article-marketing.eu\\\/comunicatistampa\\\/#\\\/schema\\\/person\\\/2fcaf8f8f3a9eef9eb7f27532d3ca458\",\"name\":\"articolinews\",\"image\":{\"@type\":\"ImageObject\",\"inLanguage\":\"it-IT\",\"@id\":\"https:\\\/\\\/secure.gravatar.com\\\/avatar\\\/9e2a264bab04e17dea24d937c9956304649a848cb73c46747a692ff1bdeb1cb7?s=96&d=mm&r=g\",\"url\":\"https:\\\/\\\/secure.gravatar.com\\\/avatar\\\/9e2a264bab04e17dea24d937c9956304649a848cb73c46747a692ff1bdeb1cb7?s=96&d=mm&r=g\",\"contentUrl\":\"https:\\\/\\\/secure.gravatar.com\\\/avatar\\\/9e2a264bab04e17dea24d937c9956304649a848cb73c46747a692ff1bdeb1cb7?s=96&d=mm&r=g\",\"caption\":\"articolinews\"},\"url\":\"https:\\\/\\\/www.article-marketing.eu\\\/comunicatistampa\\\/author\\\/articolinews\\\/\"}]}<\/script>\n<!-- \/ Yoast SEO plugin. -->","yoast_head_json":{"title":"Terna lancia la nuova campagna di comunicazione istituzionale \u201cPensiamo al futuro dell\u2019energia\u201d","robots":{"index":"index","follow":"follow","max-snippet":"max-snippet:-1","max-image-preview":"max-image-preview:large","max-video-preview":"max-video-preview:-1"},"canonical":"https:\/\/www.article-marketing.eu\/comunicatistampa\/terna-lancia-la-nuova-campagna-di-comunicazione-istituzionale-pensiamo-al-futuro-dellenergia\/","og_locale":"it_IT","og_type":"article","og_title":"Terna lancia la nuova campagna di comunicazione istituzionale \u201cPensiamo al futuro dell\u2019energia\u201d","og_description":"Terna ha lanciato la campagna di comunicazione \u201cPensiamo al futuro dell\u2019energia\u201d, che vuole sensibilizzare i cittadini su quanto l\u2019energia sia un patrimonio comune e inestimabile che richiede l\u2019attenzione e la cura di tutti. \u00a0 La nuova campagna istituzionale di Terna, \u201cPensiamo al futuro dell\u2019energia\u201d Terna, il principale gestore del sistema elettrico nazionale in Italia, ha una missione chiara: garantire a tutti i cittadini il diritto all&#8217;energia elettrica e consentire cheContinue reading...","og_url":"https:\/\/www.article-marketing.eu\/comunicatistampa\/terna-lancia-la-nuova-campagna-di-comunicazione-istituzionale-pensiamo-al-futuro-dellenergia\/","og_site_name":"Article Marketing","article_published_time":"2024-02-11T15:26:08+00:00","article_modified_time":"2024-02-11T15:26:50+00:00","og_image":[{"url":"https:\/\/www.terna.it\/DesktopModules\/AdactoBackend\/API\/download\/get?image=12793","type":"","width":"","height":""}],"author":"articolinews","twitter_card":"summary_large_image","twitter_misc":{"Scritto da":"articolinews","Tempo di lettura stimato":"3 minuti"},"schema":{"@context":"https:\/\/schema.org","@graph":[{"@type":"Article","@id":"https:\/\/www.article-marketing.eu\/comunicatistampa\/terna-lancia-la-nuova-campagna-di-comunicazione-istituzionale-pensiamo-al-futuro-dellenergia\/#article","isPartOf":{"@id":"https:\/\/www.article-marketing.eu\/comunicatistampa\/terna-lancia-la-nuova-campagna-di-comunicazione-istituzionale-pensiamo-al-futuro-dellenergia\/"},"author":{"name":"articolinews","@id":"https:\/\/www.article-marketing.eu\/comunicatistampa\/#\/schema\/person\/2fcaf8f8f3a9eef9eb7f27532d3ca458"},"headline":"Terna lancia la nuova campagna di comunicazione istituzionale \u201cPensiamo al futuro dell\u2019energia\u201d","datePublished":"2024-02-11T15:26:08+00:00","dateModified":"2024-02-11T15:26:50+00:00","mainEntityOfPage":{"@id":"https:\/\/www.article-marketing.eu\/comunicatistampa\/terna-lancia-la-nuova-campagna-di-comunicazione-istituzionale-pensiamo-al-futuro-dellenergia\/"},"wordCount":359,"commentCount":0,"image":{"@id":"https:\/\/www.article-marketing.eu\/comunicatistampa\/terna-lancia-la-nuova-campagna-di-comunicazione-istituzionale-pensiamo-al-futuro-dellenergia\/#primaryimage"},"thumbnailUrl":"https:\/\/www.terna.it\/DesktopModules\/AdactoBackend\/API\/download\/get?image=12793","keywords":["Terna"],"articleSection":["Ambiente"],"inLanguage":"it-IT","potentialAction":[{"@type":"CommentAction","name":"Comment","target":["https:\/\/www.article-marketing.eu\/comunicatistampa\/terna-lancia-la-nuova-campagna-di-comunicazione-istituzionale-pensiamo-al-futuro-dellenergia\/#respond"]}]},{"@type":"WebPage","@id":"https:\/\/www.article-marketing.eu\/comunicatistampa\/terna-lancia-la-nuova-campagna-di-comunicazione-istituzionale-pensiamo-al-futuro-dellenergia\/","url":"https:\/\/www.article-marketing.eu\/comunicatistampa\/terna-lancia-la-nuova-campagna-di-comunicazione-istituzionale-pensiamo-al-futuro-dellenergia\/","name":"Terna lancia la nuova campagna di comunicazione istituzionale \u201cPensiamo al futuro dell\u2019energia\u201d","isPartOf":{"@id":"https:\/\/www.article-marketing.eu\/comunicatistampa\/#website"},"primaryImageOfPage":{"@id":"https:\/\/www.article-marketing.eu\/comunicatistampa\/terna-lancia-la-nuova-campagna-di-comunicazione-istituzionale-pensiamo-al-futuro-dellenergia\/#primaryimage"},"image":{"@id":"https:\/\/www.article-marketing.eu\/comunicatistampa\/terna-lancia-la-nuova-campagna-di-comunicazione-istituzionale-pensiamo-al-futuro-dellenergia\/#primaryimage"},"thumbnailUrl":"https:\/\/www.terna.it\/DesktopModules\/AdactoBackend\/API\/download\/get?image=12793","datePublished":"2024-02-11T15:26:08+00:00","dateModified":"2024-02-11T15:26:50+00:00","author":{"@id":"https:\/\/www.article-marketing.eu\/comunicatistampa\/#\/schema\/person\/2fcaf8f8f3a9eef9eb7f27532d3ca458"},"breadcrumb":{"@id":"https:\/\/www.article-marketing.eu\/comunicatistampa\/terna-lancia-la-nuova-campagna-di-comunicazione-istituzionale-pensiamo-al-futuro-dellenergia\/#breadcrumb"},"inLanguage":"it-IT","potentialAction":[{"@type":"ReadAction","target":["https:\/\/www.article-marketing.eu\/comunicatistampa\/terna-lancia-la-nuova-campagna-di-comunicazione-istituzionale-pensiamo-al-futuro-dellenergia\/"]}]},{"@type":"ImageObject","inLanguage":"it-IT","@id":"https:\/\/www.article-marketing.eu\/comunicatistampa\/terna-lancia-la-nuova-campagna-di-comunicazione-istituzionale-pensiamo-al-futuro-dellenergia\/#primaryimage","url":"https:\/\/www.terna.it\/DesktopModules\/AdactoBackend\/API\/download\/get?image=12793","contentUrl":"https:\/\/www.terna.it\/DesktopModules\/AdactoBackend\/API\/download\/get?image=12793"},{"@type":"BreadcrumbList","@id":"https:\/\/www.article-marketing.eu\/comunicatistampa\/terna-lancia-la-nuova-campagna-di-comunicazione-istituzionale-pensiamo-al-futuro-dellenergia\/#breadcrumb","itemListElement":[{"@type":"ListItem","position":1,"name":"Home","item":"https:\/\/www.article-marketing.eu\/comunicatistampa\/"},{"@type":"ListItem","position":2,"name":"Terna lancia la nuova campagna di comunicazione istituzionale \u201cPensiamo al futuro dell\u2019energia\u201d"}]},{"@type":"WebSite","@id":"https:\/\/www.article-marketing.eu\/comunicatistampa\/#website","url":"https:\/\/www.article-marketing.eu\/comunicatistampa\/","name":"Article Marketing","description":"article marketing &amp; press release","potentialAction":[{"@type":"SearchAction","target":{"@type":"EntryPoint","urlTemplate":"https:\/\/www.article-marketing.eu\/comunicatistampa\/?s={search_term_string}"},"query-input":{"@type":"PropertyValueSpecification","valueRequired":true,"valueName":"search_term_string"}}],"inLanguage":"it-IT"},{"@type":"Person","@id":"https:\/\/www.article-marketing.eu\/comunicatistampa\/#\/schema\/person\/2fcaf8f8f3a9eef9eb7f27532d3ca458","name":"articolinews","image":{"@type":"ImageObject","inLanguage":"it-IT","@id":"https:\/\/secure.gravatar.com\/avatar\/9e2a264bab04e17dea24d937c9956304649a848cb73c46747a692ff1bdeb1cb7?s=96&d=mm&r=g","url":"https:\/\/secure.gravatar.com\/avatar\/9e2a264bab04e17dea24d937c9956304649a848cb73c46747a692ff1bdeb1cb7?s=96&d=mm&r=g","contentUrl":"https:\/\/secure.gravatar.com\/avatar\/9e2a264bab04e17dea24d937c9956304649a848cb73c46747a692ff1bdeb1cb7?s=96&d=mm&r=g","caption":"articolinews"},"url":"https:\/\/www.article-marketing.eu\/comunicatistampa\/author\/articolinews\/"}]}},"_links":{"self":[{"href":"https:\/\/www.article-marketing.eu\/comunicatistampa\/wp-json\/wp\/v2\/posts\/29218","targetHints":{"allow":["GET"]}}],"collection":[{"href":"https:\/\/www.article-marketing.eu\/comunicatistampa\/wp-json\/wp\/v2\/posts"}],"about":[{"href":"https:\/\/www.article-marketing.eu\/comunicatistampa\/wp-json\/wp\/v2\/types\/post"}],"author":[{"embeddable":true,"href":"https:\/\/www.article-marketing.eu\/comunicatistampa\/wp-json\/wp\/v2\/users\/6477"}],"replies":[{"embeddable":true,"href":"https:\/\/www.article-marketing.eu\/comunicatistampa\/wp-json\/wp\/v2\/comments?post=29218"}],"version-history":[{"count":3,"href":"https:\/\/www.article-marketing.eu\/comunicatistampa\/wp-json\/wp\/v2\/posts\/29218\/revisions"}],"predecessor-version":[{"id":29595,"href":"https:\/\/www.article-marketing.eu\/comunicatistampa\/wp-json\/wp\/v2\/posts\/29218\/revisions\/29595"}],"wp:attachment":[{"href":"https:\/\/www.article-marketing.eu\/comunicatistampa\/wp-json\/wp\/v2\/media?parent=29218"}],"wp:term":[{"taxonomy":"category","embeddable":true,"href":"https:\/\/www.article-marketing.eu\/comunicatistampa\/wp-json\/wp\/v2\/categories?post=29218"},{"taxonomy":"post_tag","embeddable":true,"href":"https:\/\/www.article-marketing.eu\/comunicatistampa\/wp-json\/wp\/v2\/tags?post=29218"}],"curies":[{"name":"wp","href":"https:\/\/api.w.org\/{rel}","templated":true}]}}