{"id":29230,"date":"2024-02-12T17:16:32","date_gmt":"2024-02-12T16:16:32","guid":{"rendered":"https:\/\/www.article-marketing.eu\/comunicatistampa\/?p=29230"},"modified":"2024-02-12T17:16:32","modified_gmt":"2024-02-12T16:16:32","slug":"perche-proviamo-ansia","status":"publish","type":"post","link":"https:\/\/www.article-marketing.eu\/comunicatistampa\/perche-proviamo-ansia\/","title":{"rendered":"Perch\u00e9 proviamo ansia?"},"content":{"rendered":"<p><img loading=\"lazy\" decoding=\"async\" class=\"aligncenter\" src=\"https:\/\/images.unsplash.com\/photo-1630480620666-b850f38829c9?q=80&amp;w=2072&amp;auto=format&amp;fit=crop&amp;ixlib=rb-4.0.3&amp;ixid=M3wxMjA3fDB8MHxwaG90by1wYWdlfHx8fGVufDB8fHx8fA%3D%3D\" alt=\"ansia\" width=\"1200\" height=\"799\" \/><\/p>\n<p>L&#8217;ansia \u00e8 un&#8217;esperienza comune che <strong>pu\u00f2 manifestarsi in diverse situazioni e fasi della vita<\/strong>. Mentre un certo livello di ansia <strong>pu\u00f2 essere normale e persino utile<\/strong> per affrontare sfide e situazioni stressanti, un eccesso di ansia pu\u00f2 diventare debilitante e interferire con il benessere generale.<\/p>\n<p>Come vedremo a breve, \u00e8 possibile individuare le ragioni alla base di uno stato d\u2019ansia.<\/p>\n<p>&nbsp;<\/p>\n<h2>Il sistema nervoso e l&#8217;ansia<\/h2>\n<p>L&#8217;ansia \u00e8 strettamente legata al nostro sistema nervoso, che regola le risposte del nostro corpo al pericolo e allo stress.<\/p>\n<p>Il sistema nervoso autonomo, diviso in sistema nervoso simpatico e parasimpatico, svolge un ruolo chiave nel controllo delle nostre reazioni emotive.<\/p>\n<p>Durante situazioni di ansia, il sistema nervoso simpatico viene stimolato, innescando una risposta di &#8220;lotta o fuga&#8221; che <strong>prepara il corpo a reagire a una minaccia percepita<\/strong>.<\/p>\n<p>&nbsp;<\/p>\n<h2>Neurotrasmettitori e ansia<\/h2>\n<p>I neurotrasmettitori, sostanze chimiche nel cervello, svolgono un ruolo fondamentale nella regolazione dell&#8217;ansia.<\/p>\n<p>Uno di questi neurotrasmettitori \u00e8 il <strong>GABA<\/strong> (acido gamma-aminobutirrico), che svolge un ruolo inibitorio nel sistema nervoso.<\/p>\n<p>Quando i livelli di GABA sono bassi, il cervello pu\u00f2 diventare iperattivo, <strong>aumentando la probabilit\u00e0 di sperimentare ansia<\/strong>. Altri neurotrasmettitori importanti nella regolazione dell&#8217;ansia sono la serotonina, la noradrenalina e il cortisolo.<\/p>\n<p>&nbsp;<\/p>\n<h2>Fattori genetici e predisposizione all&#8217;ansia<\/h2>\n<p><img loading=\"lazy\" decoding=\"async\" class=\"aligncenter\" src=\"https:\/\/images.unsplash.com\/photo-1691131120810-661c022502d8?q=80&amp;w=2071&amp;auto=format&amp;fit=crop&amp;ixlib=rb-4.0.3&amp;ixid=M3wxMjA3fDB8MHxwaG90by1wYWdlfHx8fGVufDB8fHx8fA%3D%3D\" alt=\"fattori genetici e predisposizione all'ansia\" width=\"1201\" height=\"801\" \/><\/p>\n<p>&nbsp;<\/p>\n<p>La predisposizione all&#8217;ansia pu\u00f2 essere influenzata dai fattori genetici. Studi condotti su gemelli identici e non identici hanno dimostrato che <strong>l&#8217;ansia pu\u00f2 avere una componente ereditaria<\/strong>.<\/p>\n<p>Ci\u00f2 significa che alcune persone possono essere geneticamente pi\u00f9 inclini a sviluppare ansia rispetto ad altre.<\/p>\n<p>Certamente, \u00e8 importante sottolineare che i fattori genetici non sono l&#8217;unica causa dell&#8217;ansia e <strong>l&#8217;ambiente e le esperienze di vita possono svolgere un ruolo altrettanto significativo<\/strong>.<\/p>\n<p>\u00c8 importante anche sottolineare che l\u2019ansia non va confusa, come delle volte accade, per un <span style=\"color: #0000ff;\"><a style=\"color: #0000ff;\" href=\"https:\/\/www.article-marketing.eu\/comunicati\/salute-e-benessere\/disturbo-ossessivo-consigli-utili-in-vista-della-primavera\/\">disturbo ossessivo<\/a><\/span>, che \u00e8 si un tipo di disturbo legato all\u2019ansia ma di altro tipo.<\/p>\n<p>&nbsp;<\/p>\n<h2>Eventi stressanti e ansia<\/h2>\n<p>Gli eventi stressanti nella vita quotidiana possono innescare o esacerbare l&#8217;ansia.<\/p>\n<p>Situazioni come lo <span style=\"color: #0000ff;\"><a style=\"color: #0000ff;\" href=\"https:\/\/www.article-marketing.eu\/comunicatistampa\/il-focus-group-per-la-valutazione-del-rischio-stress-lavoro-correlato\/\">stress dovuto al lavoro<\/a><\/span> o ad un cambiamento lavorativo, problemi finanziari, relazioni interpersonali complesse o eventi traumatici <strong>possono mettere il sistema nervoso sotto pressione e portare all&#8217;insorgenza dell&#8217;ansia<\/strong>.<\/p>\n<p>Ognuno reagisce in modo diverso agli eventi stressanti, e alcune persone possono essere pi\u00f9 suscettibili all&#8217;ansia in risposta a determinati stimoli.<\/p>\n<p>&nbsp;<\/p>\n<h2>Condizioni mediche e ansia<\/h2>\n<p>Alcune condizioni mediche possono essere a vario titolo collegate all&#8217;ansia.<\/p>\n<p>Ad esempio, disturbi della tiroide, disturbi dell&#8217;umore come la depressione, disturbi del sonno, disturbi neurologici come l&#8217;epilessia e alcune condizioni cardiache <strong>possono influenzare l&#8217;equilibrio chimico nel cervello e contribuire all&#8217;insorgenza dell&#8217;ansia<\/strong>.<\/p>\n<p>\u00c8 fondamentale identificare e trattare queste condizioni mediche sottostanti per alleviare i sintomi di ansia associati.<\/p>\n<p>Sul sito dell\u2019<span style=\"color: #0000ff;\"><a style=\"color: #0000ff;\" href=\"https:\/\/www.hsr.it\/news\/2022\/agosto\/disturbo-ansia-generalizzata-cose-come-riconoscere\">Ospedale San Raffaele<\/a><\/span> puoi trovare anche l\u2019elenco dei campanelli d\u2019allarme che possono far pensare ad uno stato d\u2019ansia.<\/p>\n<p>&nbsp;<\/p>\n<h2>Approcci di trattamento per l&#8217;ansia<\/h2>\n<p><img loading=\"lazy\" decoding=\"async\" class=\"aligncenter\" src=\"https:\/\/images.unsplash.com\/photo-1635719436446-fda963ea42b6?q=80&amp;w=1974&amp;auto=format&amp;fit=crop&amp;ixlib=rb-4.0.3&amp;ixid=M3wxMjA3fDB8MHxwaG90by1wYWdlfHx8fGVufDB8fHx8fA%3D%3D\" alt=\"approcci di trattamento per l'ansia\" width=\"1200\" height=\"901\" \/><br \/>\nFortunatamente, esistono diversi tipi di trattamento efficaci per l&#8217;ansia. Il trattamento pi\u00f9 famoso \u00e8 quello della <strong>terapia cognitivo-comportamentale<\/strong> (CBT), che mira a identificare e modificare i modelli di pensiero e comportamento disfunzionali associati all&#8217;ansia.<\/p>\n<p>I farmaci, come gli inibitori selettivi della ricaptazione della serotonina (SSRI) e gli ansiolitici, <strong>possono essere prescritti per ridurre i sintomi di ansia<\/strong>.<\/p>\n<p>Inoltre, pratiche di gestione dello stress come la meditazione, l&#8217;esercizio fisico regolare e una dieta equilibrata possono svolgere un ruolo significativo nel migliorare la gestione dell&#8217;ansia.<\/p>\n<p>&nbsp;<\/p>\n<h2>Conclusioni<\/h2>\n<p>L&#8217;ansia \u00e8 un fenomeno complesso influenzato da fattori neurobiologici, genetici, ambientali e psicologici.<\/p>\n<p>\u00c8 importante sapere che essa pu\u00f2 essere una risposta normale allo stress, ma quando diventa eccessiva e interferisce con la qualit\u00e0 della vita, \u00e8 bene richiedere l\u2019intervento appropriato di un professionista.<\/p>\n<p>Lara Banchieri \u00e8 una <span style=\"color: #0000ff;\">psicologa Lugano<\/span> con oltre venti anni di esperienza in questo settore, e pu\u00f2 accompagnarti in un percorso terapeutico che ti consentir\u00e0 di risolvere ogni problema legato all\u2019ansia.<\/p>\n<p>Con una comprensione approfondita delle cause dell&#8217;ansia, e la possibilit\u00e0 di avere diverse tipologie di trattamento, \u00e8 possibile gestire e superare i sintomi dell\u2019ansia, migliorando cos\u00ec il benessere generale.<\/p>\n","protected":false},"excerpt":{"rendered":"<p>L&#8217;ansia \u00e8 un&#8217;esperienza comune che pu\u00f2 manifestarsi in diverse situazioni e fasi della vita. Mentre un certo livello di ansia pu\u00f2 essere normale e persino utile per affrontare sfide e situazioni stressanti, un eccesso di ansia pu\u00f2 diventare debilitante e interferire con il benessere generale. Come vedremo a breve, \u00e8 possibile individuare le ragioni alla base di uno stato d\u2019ansia. &nbsp; Il sistema nervoso e l&#8217;ansia L&#8217;ansia \u00e8 strettamente legata<\/p>\n<p><a class=\"continue-reading\" href=\"https:\/\/www.article-marketing.eu\/comunicatistampa\/perche-proviamo-ansia\/\">Continue reading&#8230;<\/a><\/p>\n","protected":false},"author":6045,"featured_media":0,"comment_status":"open","ping_status":"open","sticky":false,"template":"","format":"standard","meta":{"_monsterinsights_skip_tracking":false,"_monsterinsights_sitenote_active":false,"_monsterinsights_sitenote_note":"","_monsterinsights_sitenote_category":0,"footnotes":""},"categories":[371],"tags":[],"class_list":["post-29230","post","type-post","status-publish","format-standard","hentry","category-medicina"],"yoast_head":"<!-- This site is optimized with the Yoast SEO plugin v27.3 - https:\/\/yoast.com\/product\/yoast-seo-wordpress\/ -->\n<title>Perch\u00e9 proviamo ansia? - Article Marketing<\/title>\n<meta name=\"robots\" content=\"index, follow, max-snippet:-1, max-image-preview:large, max-video-preview:-1\" \/>\n<link rel=\"canonical\" href=\"https:\/\/www.article-marketing.eu\/comunicatistampa\/perche-proviamo-ansia\/\" \/>\n<meta property=\"og:locale\" content=\"it_IT\" \/>\n<meta property=\"og:type\" content=\"article\" \/>\n<meta property=\"og:title\" content=\"Perch\u00e9 proviamo ansia? - Article Marketing\" \/>\n<meta property=\"og:description\" content=\"L&#8217;ansia \u00e8 un&#8217;esperienza comune che pu\u00f2 manifestarsi in diverse situazioni e fasi della vita. Mentre un certo livello di ansia pu\u00f2 essere normale e persino utile per affrontare sfide e situazioni stressanti, un eccesso di ansia pu\u00f2 diventare debilitante e interferire con il benessere generale. Come vedremo a breve, \u00e8 possibile individuare le ragioni alla base di uno stato d\u2019ansia. &nbsp; Il sistema nervoso e l&#8217;ansia L&#8217;ansia \u00e8 strettamente legataContinue reading...\" \/>\n<meta property=\"og:url\" content=\"https:\/\/www.article-marketing.eu\/comunicatistampa\/perche-proviamo-ansia\/\" \/>\n<meta property=\"og:site_name\" content=\"Article Marketing\" \/>\n<meta property=\"article:published_time\" content=\"2024-02-12T16:16:32+00:00\" \/>\n<meta property=\"og:image\" content=\"https:\/\/images.unsplash.com\/photo-1630480620666-b850f38829c9?q=80&amp;w=2072&amp;auto=format&amp;fit=crop&amp;ixlib=rb-4.0.3&amp;ixid=M3wxMjA3fDB8MHxwaG90by1wYWdlfHx8fGVufDB8fHx8fA%3D%3D\" \/>\n<meta name=\"author\" content=\"choku\" \/>\n<meta name=\"twitter:card\" content=\"summary_large_image\" \/>\n<meta name=\"twitter:label1\" content=\"Scritto da\" \/>\n\t<meta name=\"twitter:data1\" content=\"choku\" \/>\n\t<meta name=\"twitter:label2\" content=\"Tempo di lettura stimato\" \/>\n\t<meta name=\"twitter:data2\" content=\"5 minuti\" \/>\n<script type=\"application\/ld+json\" class=\"yoast-schema-graph\">{\"@context\":\"https:\\\/\\\/schema.org\",\"@graph\":[{\"@type\":\"Article\",\"@id\":\"https:\\\/\\\/www.article-marketing.eu\\\/comunicatistampa\\\/perche-proviamo-ansia\\\/#article\",\"isPartOf\":{\"@id\":\"https:\\\/\\\/www.article-marketing.eu\\\/comunicatistampa\\\/perche-proviamo-ansia\\\/\"},\"author\":{\"name\":\"choku\",\"@id\":\"https:\\\/\\\/www.article-marketing.eu\\\/comunicatistampa\\\/#\\\/schema\\\/person\\\/66014a94dd443c88d1b7965dfa35b9ab\"},\"headline\":\"Perch\u00e9 proviamo ansia?\",\"datePublished\":\"2024-02-12T16:16:32+00:00\",\"mainEntityOfPage\":{\"@id\":\"https:\\\/\\\/www.article-marketing.eu\\\/comunicatistampa\\\/perche-proviamo-ansia\\\/\"},\"wordCount\":649,\"commentCount\":0,\"image\":{\"@id\":\"https:\\\/\\\/www.article-marketing.eu\\\/comunicatistampa\\\/perche-proviamo-ansia\\\/#primaryimage\"},\"thumbnailUrl\":\"https:\\\/\\\/images.unsplash.com\\\/photo-1630480620666-b850f38829c9?q=80&amp;w=2072&amp;auto=format&amp;fit=crop&amp;ixlib=rb-4.0.3&amp;ixid=M3wxMjA3fDB8MHxwaG90by1wYWdlfHx8fGVufDB8fHx8fA%3D%3D\",\"articleSection\":[\"Medicina\"],\"inLanguage\":\"it-IT\",\"potentialAction\":[{\"@type\":\"CommentAction\",\"name\":\"Comment\",\"target\":[\"https:\\\/\\\/www.article-marketing.eu\\\/comunicatistampa\\\/perche-proviamo-ansia\\\/#respond\"]}]},{\"@type\":\"WebPage\",\"@id\":\"https:\\\/\\\/www.article-marketing.eu\\\/comunicatistampa\\\/perche-proviamo-ansia\\\/\",\"url\":\"https:\\\/\\\/www.article-marketing.eu\\\/comunicatistampa\\\/perche-proviamo-ansia\\\/\",\"name\":\"Perch\u00e9 proviamo ansia? - Article Marketing\",\"isPartOf\":{\"@id\":\"https:\\\/\\\/www.article-marketing.eu\\\/comunicatistampa\\\/#website\"},\"primaryImageOfPage\":{\"@id\":\"https:\\\/\\\/www.article-marketing.eu\\\/comunicatistampa\\\/perche-proviamo-ansia\\\/#primaryimage\"},\"image\":{\"@id\":\"https:\\\/\\\/www.article-marketing.eu\\\/comunicatistampa\\\/perche-proviamo-ansia\\\/#primaryimage\"},\"thumbnailUrl\":\"https:\\\/\\\/images.unsplash.com\\\/photo-1630480620666-b850f38829c9?q=80&amp;w=2072&amp;auto=format&amp;fit=crop&amp;ixlib=rb-4.0.3&amp;ixid=M3wxMjA3fDB8MHxwaG90by1wYWdlfHx8fGVufDB8fHx8fA%3D%3D\",\"datePublished\":\"2024-02-12T16:16:32+00:00\",\"author\":{\"@id\":\"https:\\\/\\\/www.article-marketing.eu\\\/comunicatistampa\\\/#\\\/schema\\\/person\\\/66014a94dd443c88d1b7965dfa35b9ab\"},\"breadcrumb\":{\"@id\":\"https:\\\/\\\/www.article-marketing.eu\\\/comunicatistampa\\\/perche-proviamo-ansia\\\/#breadcrumb\"},\"inLanguage\":\"it-IT\",\"potentialAction\":[{\"@type\":\"ReadAction\",\"target\":[\"https:\\\/\\\/www.article-marketing.eu\\\/comunicatistampa\\\/perche-proviamo-ansia\\\/\"]}]},{\"@type\":\"ImageObject\",\"inLanguage\":\"it-IT\",\"@id\":\"https:\\\/\\\/www.article-marketing.eu\\\/comunicatistampa\\\/perche-proviamo-ansia\\\/#primaryimage\",\"url\":\"https:\\\/\\\/images.unsplash.com\\\/photo-1630480620666-b850f38829c9?q=80&amp;w=2072&amp;auto=format&amp;fit=crop&amp;ixlib=rb-4.0.3&amp;ixid=M3wxMjA3fDB8MHxwaG90by1wYWdlfHx8fGVufDB8fHx8fA%3D%3D\",\"contentUrl\":\"https:\\\/\\\/images.unsplash.com\\\/photo-1630480620666-b850f38829c9?q=80&amp;w=2072&amp;auto=format&amp;fit=crop&amp;ixlib=rb-4.0.3&amp;ixid=M3wxMjA3fDB8MHxwaG90by1wYWdlfHx8fGVufDB8fHx8fA%3D%3D\"},{\"@type\":\"BreadcrumbList\",\"@id\":\"https:\\\/\\\/www.article-marketing.eu\\\/comunicatistampa\\\/perche-proviamo-ansia\\\/#breadcrumb\",\"itemListElement\":[{\"@type\":\"ListItem\",\"position\":1,\"name\":\"Home\",\"item\":\"https:\\\/\\\/www.article-marketing.eu\\\/comunicatistampa\\\/\"},{\"@type\":\"ListItem\",\"position\":2,\"name\":\"Perch\u00e9 proviamo ansia?\"}]},{\"@type\":\"WebSite\",\"@id\":\"https:\\\/\\\/www.article-marketing.eu\\\/comunicatistampa\\\/#website\",\"url\":\"https:\\\/\\\/www.article-marketing.eu\\\/comunicatistampa\\\/\",\"name\":\"Article Marketing\",\"description\":\"article marketing &amp; press release\",\"potentialAction\":[{\"@type\":\"SearchAction\",\"target\":{\"@type\":\"EntryPoint\",\"urlTemplate\":\"https:\\\/\\\/www.article-marketing.eu\\\/comunicatistampa\\\/?s={search_term_string}\"},\"query-input\":{\"@type\":\"PropertyValueSpecification\",\"valueRequired\":true,\"valueName\":\"search_term_string\"}}],\"inLanguage\":\"it-IT\"},{\"@type\":\"Person\",\"@id\":\"https:\\\/\\\/www.article-marketing.eu\\\/comunicatistampa\\\/#\\\/schema\\\/person\\\/66014a94dd443c88d1b7965dfa35b9ab\",\"name\":\"choku\",\"image\":{\"@type\":\"ImageObject\",\"inLanguage\":\"it-IT\",\"@id\":\"https:\\\/\\\/secure.gravatar.com\\\/avatar\\\/4640bd84e9ff9ff692894d564910fbeb6594dbd45e1eb088aa1f2e88d8b3d043?s=96&d=mm&r=g\",\"url\":\"https:\\\/\\\/secure.gravatar.com\\\/avatar\\\/4640bd84e9ff9ff692894d564910fbeb6594dbd45e1eb088aa1f2e88d8b3d043?s=96&d=mm&r=g\",\"contentUrl\":\"https:\\\/\\\/secure.gravatar.com\\\/avatar\\\/4640bd84e9ff9ff692894d564910fbeb6594dbd45e1eb088aa1f2e88d8b3d043?s=96&d=mm&r=g\",\"caption\":\"choku\"},\"url\":\"https:\\\/\\\/www.article-marketing.eu\\\/comunicatistampa\\\/author\\\/choku\\\/\"}]}<\/script>\n<!-- \/ Yoast SEO plugin. -->","yoast_head_json":{"title":"Perch\u00e9 proviamo ansia? - Article Marketing","robots":{"index":"index","follow":"follow","max-snippet":"max-snippet:-1","max-image-preview":"max-image-preview:large","max-video-preview":"max-video-preview:-1"},"canonical":"https:\/\/www.article-marketing.eu\/comunicatistampa\/perche-proviamo-ansia\/","og_locale":"it_IT","og_type":"article","og_title":"Perch\u00e9 proviamo ansia? - Article Marketing","og_description":"L&#8217;ansia \u00e8 un&#8217;esperienza comune che pu\u00f2 manifestarsi in diverse situazioni e fasi della vita. Mentre un certo livello di ansia pu\u00f2 essere normale e persino utile per affrontare sfide e situazioni stressanti, un eccesso di ansia pu\u00f2 diventare debilitante e interferire con il benessere generale. Come vedremo a breve, \u00e8 possibile individuare le ragioni alla base di uno stato d\u2019ansia. &nbsp; Il sistema nervoso e l&#8217;ansia L&#8217;ansia \u00e8 strettamente legataContinue reading...","og_url":"https:\/\/www.article-marketing.eu\/comunicatistampa\/perche-proviamo-ansia\/","og_site_name":"Article Marketing","article_published_time":"2024-02-12T16:16:32+00:00","og_image":[{"url":"https:\/\/images.unsplash.com\/photo-1630480620666-b850f38829c9?q=80&amp;w=2072&amp;auto=format&amp;fit=crop&amp;ixlib=rb-4.0.3&amp;ixid=M3wxMjA3fDB8MHxwaG90by1wYWdlfHx8fGVufDB8fHx8fA%3D%3D","type":"","width":"","height":""}],"author":"choku","twitter_card":"summary_large_image","twitter_misc":{"Scritto da":"choku","Tempo di lettura stimato":"5 minuti"},"schema":{"@context":"https:\/\/schema.org","@graph":[{"@type":"Article","@id":"https:\/\/www.article-marketing.eu\/comunicatistampa\/perche-proviamo-ansia\/#article","isPartOf":{"@id":"https:\/\/www.article-marketing.eu\/comunicatistampa\/perche-proviamo-ansia\/"},"author":{"name":"choku","@id":"https:\/\/www.article-marketing.eu\/comunicatistampa\/#\/schema\/person\/66014a94dd443c88d1b7965dfa35b9ab"},"headline":"Perch\u00e9 proviamo ansia?","datePublished":"2024-02-12T16:16:32+00:00","mainEntityOfPage":{"@id":"https:\/\/www.article-marketing.eu\/comunicatistampa\/perche-proviamo-ansia\/"},"wordCount":649,"commentCount":0,"image":{"@id":"https:\/\/www.article-marketing.eu\/comunicatistampa\/perche-proviamo-ansia\/#primaryimage"},"thumbnailUrl":"https:\/\/images.unsplash.com\/photo-1630480620666-b850f38829c9?q=80&amp;w=2072&amp;auto=format&amp;fit=crop&amp;ixlib=rb-4.0.3&amp;ixid=M3wxMjA3fDB8MHxwaG90by1wYWdlfHx8fGVufDB8fHx8fA%3D%3D","articleSection":["Medicina"],"inLanguage":"it-IT","potentialAction":[{"@type":"CommentAction","name":"Comment","target":["https:\/\/www.article-marketing.eu\/comunicatistampa\/perche-proviamo-ansia\/#respond"]}]},{"@type":"WebPage","@id":"https:\/\/www.article-marketing.eu\/comunicatistampa\/perche-proviamo-ansia\/","url":"https:\/\/www.article-marketing.eu\/comunicatistampa\/perche-proviamo-ansia\/","name":"Perch\u00e9 proviamo ansia? - Article Marketing","isPartOf":{"@id":"https:\/\/www.article-marketing.eu\/comunicatistampa\/#website"},"primaryImageOfPage":{"@id":"https:\/\/www.article-marketing.eu\/comunicatistampa\/perche-proviamo-ansia\/#primaryimage"},"image":{"@id":"https:\/\/www.article-marketing.eu\/comunicatistampa\/perche-proviamo-ansia\/#primaryimage"},"thumbnailUrl":"https:\/\/images.unsplash.com\/photo-1630480620666-b850f38829c9?q=80&amp;w=2072&amp;auto=format&amp;fit=crop&amp;ixlib=rb-4.0.3&amp;ixid=M3wxMjA3fDB8MHxwaG90by1wYWdlfHx8fGVufDB8fHx8fA%3D%3D","datePublished":"2024-02-12T16:16:32+00:00","author":{"@id":"https:\/\/www.article-marketing.eu\/comunicatistampa\/#\/schema\/person\/66014a94dd443c88d1b7965dfa35b9ab"},"breadcrumb":{"@id":"https:\/\/www.article-marketing.eu\/comunicatistampa\/perche-proviamo-ansia\/#breadcrumb"},"inLanguage":"it-IT","potentialAction":[{"@type":"ReadAction","target":["https:\/\/www.article-marketing.eu\/comunicatistampa\/perche-proviamo-ansia\/"]}]},{"@type":"ImageObject","inLanguage":"it-IT","@id":"https:\/\/www.article-marketing.eu\/comunicatistampa\/perche-proviamo-ansia\/#primaryimage","url":"https:\/\/images.unsplash.com\/photo-1630480620666-b850f38829c9?q=80&amp;w=2072&amp;auto=format&amp;fit=crop&amp;ixlib=rb-4.0.3&amp;ixid=M3wxMjA3fDB8MHxwaG90by1wYWdlfHx8fGVufDB8fHx8fA%3D%3D","contentUrl":"https:\/\/images.unsplash.com\/photo-1630480620666-b850f38829c9?q=80&amp;w=2072&amp;auto=format&amp;fit=crop&amp;ixlib=rb-4.0.3&amp;ixid=M3wxMjA3fDB8MHxwaG90by1wYWdlfHx8fGVufDB8fHx8fA%3D%3D"},{"@type":"BreadcrumbList","@id":"https:\/\/www.article-marketing.eu\/comunicatistampa\/perche-proviamo-ansia\/#breadcrumb","itemListElement":[{"@type":"ListItem","position":1,"name":"Home","item":"https:\/\/www.article-marketing.eu\/comunicatistampa\/"},{"@type":"ListItem","position":2,"name":"Perch\u00e9 proviamo ansia?"}]},{"@type":"WebSite","@id":"https:\/\/www.article-marketing.eu\/comunicatistampa\/#website","url":"https:\/\/www.article-marketing.eu\/comunicatistampa\/","name":"Article Marketing","description":"article marketing &amp; press release","potentialAction":[{"@type":"SearchAction","target":{"@type":"EntryPoint","urlTemplate":"https:\/\/www.article-marketing.eu\/comunicatistampa\/?s={search_term_string}"},"query-input":{"@type":"PropertyValueSpecification","valueRequired":true,"valueName":"search_term_string"}}],"inLanguage":"it-IT"},{"@type":"Person","@id":"https:\/\/www.article-marketing.eu\/comunicatistampa\/#\/schema\/person\/66014a94dd443c88d1b7965dfa35b9ab","name":"choku","image":{"@type":"ImageObject","inLanguage":"it-IT","@id":"https:\/\/secure.gravatar.com\/avatar\/4640bd84e9ff9ff692894d564910fbeb6594dbd45e1eb088aa1f2e88d8b3d043?s=96&d=mm&r=g","url":"https:\/\/secure.gravatar.com\/avatar\/4640bd84e9ff9ff692894d564910fbeb6594dbd45e1eb088aa1f2e88d8b3d043?s=96&d=mm&r=g","contentUrl":"https:\/\/secure.gravatar.com\/avatar\/4640bd84e9ff9ff692894d564910fbeb6594dbd45e1eb088aa1f2e88d8b3d043?s=96&d=mm&r=g","caption":"choku"},"url":"https:\/\/www.article-marketing.eu\/comunicatistampa\/author\/choku\/"}]}},"_links":{"self":[{"href":"https:\/\/www.article-marketing.eu\/comunicatistampa\/wp-json\/wp\/v2\/posts\/29230","targetHints":{"allow":["GET"]}}],"collection":[{"href":"https:\/\/www.article-marketing.eu\/comunicatistampa\/wp-json\/wp\/v2\/posts"}],"about":[{"href":"https:\/\/www.article-marketing.eu\/comunicatistampa\/wp-json\/wp\/v2\/types\/post"}],"author":[{"embeddable":true,"href":"https:\/\/www.article-marketing.eu\/comunicatistampa\/wp-json\/wp\/v2\/users\/6045"}],"replies":[{"embeddable":true,"href":"https:\/\/www.article-marketing.eu\/comunicatistampa\/wp-json\/wp\/v2\/comments?post=29230"}],"version-history":[{"count":7,"href":"https:\/\/www.article-marketing.eu\/comunicatistampa\/wp-json\/wp\/v2\/posts\/29230\/revisions"}],"predecessor-version":[{"id":29682,"href":"https:\/\/www.article-marketing.eu\/comunicatistampa\/wp-json\/wp\/v2\/posts\/29230\/revisions\/29682"}],"wp:attachment":[{"href":"https:\/\/www.article-marketing.eu\/comunicatistampa\/wp-json\/wp\/v2\/media?parent=29230"}],"wp:term":[{"taxonomy":"category","embeddable":true,"href":"https:\/\/www.article-marketing.eu\/comunicatistampa\/wp-json\/wp\/v2\/categories?post=29230"},{"taxonomy":"post_tag","embeddable":true,"href":"https:\/\/www.article-marketing.eu\/comunicatistampa\/wp-json\/wp\/v2\/tags?post=29230"}],"curies":[{"name":"wp","href":"https:\/\/api.w.org\/{rel}","templated":true}]}}