{"id":29240,"date":"2024-02-11T16:36:57","date_gmt":"2024-02-11T15:36:57","guid":{"rendered":"https:\/\/www.article-marketing.eu\/comunicatistampa\/?p=29240"},"modified":"2024-02-11T16:36:57","modified_gmt":"2024-02-11T15:36:57","slug":"claudio-machetti-formazione-e-incarichi-professionali","status":"publish","type":"post","link":"https:\/\/www.article-marketing.eu\/comunicatistampa\/claudio-machetti-formazione-e-incarichi-professionali\/","title":{"rendered":"Claudio Machetti: formazione e incarichi professionali"},"content":{"rendered":"<p><em><strong>Nel 2000, dopo aver ricoperto incarichi di responsabilit\u00e0 in diverse realt\u00e0 italiane, <a title=\"Percorso professionale di Claudio Machetti (Enel)\" href=\"https:\/\/comunicatistampagratis.it\/claudio-machetti-la-biografia-professionale-del-manager-di-enel\/\">Claudio Machetti<\/a> entra in Enel. Qui esordisce in qualit\u00e0 di Responsabile dell\u2019Area Finanza e attualmente \u00e8 Direttore Global Energy and Commodity Management and Chief Pricing Officer del Gruppo.<\/strong><\/em><\/p>\n<p><a title=\"Claudio Machetti, oltre 20 anni di carriera in Enel\" href=\"https:\/\/comunicatistampagratis.it\/claudio-machetti-la-biografia-professionale-del-manager-di-enel\/\"><img loading=\"lazy\" decoding=\"async\" src=\"https:\/\/comunicatistampagratis.it\/wp-content\/uploads\/2023\/06\/claudio-machetti-2.jpg\" alt=\"Claudio Machetti\" width=\"241\" height=\"150\" \/><\/a><\/p>\n<h2>Claudio Machetti: i primi incarichi professionali<\/h2>\n<p><strong>Claudio Machetti<\/strong> nasce nel 1958 a Roma: \u00e8 qui che nel 1982 consegue la laurea in Scienze Statistiche presso l\u2019Universit\u00e0 La Sapienza. La sua carriera prende avvio l\u2019anno successivo, quando entra a far parte del Banco di Roma come impiegato di una filiale a Milano. La sua competenza in materia di analisi finanziaria lo fa rapidamente emergere, portandolo a ricoprire ruoli sempre pi\u00f9 rilevanti. Dopo un periodo alla Direzione Centrale di Roma come analista finanziario, durante il quale si occupa dell\u2019analisi del merito di credito di grandi gruppi industriali italiani, diventa funzionario della Direzione Finanziaria grazie alla sua profonda conoscenza in materia di equity. Nel 1990 arriva la nomina a Vicedirettore Responsabile del Nucleo Analisti Finanziari. Due anni pi\u00f9 tardi, <strong><a title=\"Incarichi professionali ricoperti da Claudio Machetti\" href=\"https:\/\/comunicatistampagratis.it\/claudio-machetti-la-biografia-professionale-del-manager-di-enel\/\">Claudio Machetti<\/a><\/strong> passa a Ferrovie dello Stato Italiane. Opera inizialmente in qualit\u00e0 di Dirigente Responsabile dell\u2019Unit\u00e0 Mercati Finanziari, assumendo inoltre il ruolo di Amministratore Delegato di Fercredit, una societ\u00e0 specializzata nei settori del leasing, del credito al consumo e del factoring. Nel 1996, prima di entrare in Enel, diventa Direttore della Finanza Operativa del Gruppo FS.<\/p>\n<h2>Claudio Machetti, oltre 20 anni di carriera nel Gruppo Enel<\/h2>\n<p>Nel 2000, il percorso di <strong>Claudio Machetti<\/strong> prosegue quindi presso il Gruppo Enel in qualit\u00e0 di Responsabile dell\u2019Area Finanza. La sua presenza si rivela subito preziosa, contribuendo alla fondazione di Enelfactor, una controllata finanziaria del Gruppo, di cui diventa anche Amministratore Delegato. Nel corso degli anni, assume ruoli chiave, tra cui la presidenza di Fondenel (il fondo pensione integrativo dei dirigenti di Enel) e Fopen (il fondo pensione di operai, impiegati e quadri del Gruppo). Nel 2005, viene nominato Direttore Finanziario di Enel, posizione che mantiene fino al 2009, quando assume il ruolo di Direttore della Direzione Risk Management. <strong>Claudio Machetti<\/strong> \u00e8 attualmente Direttore Global Energy and Commodity Management and Chief Pricing Officer del Gruppo.<\/p>\n","protected":false},"excerpt":{"rendered":"<p>Nel 2000, dopo aver ricoperto incarichi di responsabilit\u00e0 in diverse realt\u00e0 italiane, Claudio Machetti entra in Enel. Qui esordisce in qualit\u00e0 di Responsabile dell\u2019Area Finanza e attualmente \u00e8 Direttore Global Energy and Commodity Management and Chief Pricing Officer del Gruppo. Claudio Machetti: i primi incarichi professionali Claudio Machetti nasce nel 1958 a Roma: \u00e8 qui che nel 1982 consegue la laurea in Scienze Statistiche presso l\u2019Universit\u00e0 La Sapienza. La sua<\/p>\n<p><a class=\"continue-reading\" href=\"https:\/\/www.article-marketing.eu\/comunicatistampa\/claudio-machetti-formazione-e-incarichi-professionali\/\">Continue reading&#8230;<\/a><\/p>\n","protected":false},"author":6477,"featured_media":0,"comment_status":"open","ping_status":"open","sticky":false,"template":"","format":"standard","meta":{"_monsterinsights_skip_tracking":false,"_monsterinsights_sitenote_active":false,"_monsterinsights_sitenote_note":"","_monsterinsights_sitenote_category":0,"footnotes":""},"categories":[362],"tags":[9886],"class_list":["post-29240","post","type-post","status-publish","format-standard","hentry","category-societa","tag-claudio-machetti"],"yoast_head":"<!-- This site is optimized with the Yoast SEO plugin v27.3 - https:\/\/yoast.com\/product\/yoast-seo-wordpress\/ -->\n<title>Claudio Machetti: formazione e incarichi professionali - Article Marketing<\/title>\n<meta name=\"robots\" content=\"index, follow, max-snippet:-1, max-image-preview:large, max-video-preview:-1\" \/>\n<link rel=\"canonical\" href=\"https:\/\/www.article-marketing.eu\/comunicatistampa\/claudio-machetti-formazione-e-incarichi-professionali\/\" \/>\n<meta property=\"og:locale\" content=\"it_IT\" \/>\n<meta property=\"og:type\" content=\"article\" \/>\n<meta property=\"og:title\" content=\"Claudio Machetti: formazione e incarichi professionali - Article Marketing\" \/>\n<meta property=\"og:description\" content=\"Nel 2000, dopo aver ricoperto incarichi di responsabilit\u00e0 in diverse realt\u00e0 italiane, Claudio Machetti entra in Enel. Qui esordisce in qualit\u00e0 di Responsabile dell\u2019Area Finanza e attualmente \u00e8 Direttore Global Energy and Commodity Management and Chief Pricing Officer del Gruppo. Claudio Machetti: i primi incarichi professionali Claudio Machetti nasce nel 1958 a Roma: \u00e8 qui che nel 1982 consegue la laurea in Scienze Statistiche presso l\u2019Universit\u00e0 La Sapienza. La suaContinue reading...\" \/>\n<meta property=\"og:url\" content=\"https:\/\/www.article-marketing.eu\/comunicatistampa\/claudio-machetti-formazione-e-incarichi-professionali\/\" \/>\n<meta property=\"og:site_name\" content=\"Article Marketing\" \/>\n<meta property=\"article:published_time\" content=\"2024-02-11T15:36:57+00:00\" \/>\n<meta property=\"og:image\" content=\"https:\/\/comunicatistampagratis.it\/wp-content\/uploads\/2023\/06\/claudio-machetti-2.jpg\" \/>\n<meta name=\"author\" content=\"articolinews\" \/>\n<meta name=\"twitter:card\" content=\"summary_large_image\" \/>\n<meta name=\"twitter:label1\" content=\"Scritto da\" \/>\n\t<meta name=\"twitter:data1\" content=\"articolinews\" \/>\n\t<meta name=\"twitter:label2\" content=\"Tempo di lettura stimato\" \/>\n\t<meta name=\"twitter:data2\" content=\"3 minuti\" \/>\n<script type=\"application\/ld+json\" class=\"yoast-schema-graph\">{\"@context\":\"https:\\\/\\\/schema.org\",\"@graph\":[{\"@type\":\"Article\",\"@id\":\"https:\\\/\\\/www.article-marketing.eu\\\/comunicatistampa\\\/claudio-machetti-formazione-e-incarichi-professionali\\\/#article\",\"isPartOf\":{\"@id\":\"https:\\\/\\\/www.article-marketing.eu\\\/comunicatistampa\\\/claudio-machetti-formazione-e-incarichi-professionali\\\/\"},\"author\":{\"name\":\"articolinews\",\"@id\":\"https:\\\/\\\/www.article-marketing.eu\\\/comunicatistampa\\\/#\\\/schema\\\/person\\\/2fcaf8f8f3a9eef9eb7f27532d3ca458\"},\"headline\":\"Claudio Machetti: formazione e incarichi professionali\",\"datePublished\":\"2024-02-11T15:36:57+00:00\",\"mainEntityOfPage\":{\"@id\":\"https:\\\/\\\/www.article-marketing.eu\\\/comunicatistampa\\\/claudio-machetti-formazione-e-incarichi-professionali\\\/\"},\"wordCount\":347,\"commentCount\":0,\"image\":{\"@id\":\"https:\\\/\\\/www.article-marketing.eu\\\/comunicatistampa\\\/claudio-machetti-formazione-e-incarichi-professionali\\\/#primaryimage\"},\"thumbnailUrl\":\"https:\\\/\\\/comunicatistampagratis.it\\\/wp-content\\\/uploads\\\/2023\\\/06\\\/claudio-machetti-2.jpg\",\"keywords\":[\"Claudio Machetti\"],\"articleSection\":[\"Societ\u00e0\"],\"inLanguage\":\"it-IT\",\"potentialAction\":[{\"@type\":\"CommentAction\",\"name\":\"Comment\",\"target\":[\"https:\\\/\\\/www.article-marketing.eu\\\/comunicatistampa\\\/claudio-machetti-formazione-e-incarichi-professionali\\\/#respond\"]}]},{\"@type\":\"WebPage\",\"@id\":\"https:\\\/\\\/www.article-marketing.eu\\\/comunicatistampa\\\/claudio-machetti-formazione-e-incarichi-professionali\\\/\",\"url\":\"https:\\\/\\\/www.article-marketing.eu\\\/comunicatistampa\\\/claudio-machetti-formazione-e-incarichi-professionali\\\/\",\"name\":\"Claudio Machetti: formazione e incarichi professionali - Article Marketing\",\"isPartOf\":{\"@id\":\"https:\\\/\\\/www.article-marketing.eu\\\/comunicatistampa\\\/#website\"},\"primaryImageOfPage\":{\"@id\":\"https:\\\/\\\/www.article-marketing.eu\\\/comunicatistampa\\\/claudio-machetti-formazione-e-incarichi-professionali\\\/#primaryimage\"},\"image\":{\"@id\":\"https:\\\/\\\/www.article-marketing.eu\\\/comunicatistampa\\\/claudio-machetti-formazione-e-incarichi-professionali\\\/#primaryimage\"},\"thumbnailUrl\":\"https:\\\/\\\/comunicatistampagratis.it\\\/wp-content\\\/uploads\\\/2023\\\/06\\\/claudio-machetti-2.jpg\",\"datePublished\":\"2024-02-11T15:36:57+00:00\",\"author\":{\"@id\":\"https:\\\/\\\/www.article-marketing.eu\\\/comunicatistampa\\\/#\\\/schema\\\/person\\\/2fcaf8f8f3a9eef9eb7f27532d3ca458\"},\"breadcrumb\":{\"@id\":\"https:\\\/\\\/www.article-marketing.eu\\\/comunicatistampa\\\/claudio-machetti-formazione-e-incarichi-professionali\\\/#breadcrumb\"},\"inLanguage\":\"it-IT\",\"potentialAction\":[{\"@type\":\"ReadAction\",\"target\":[\"https:\\\/\\\/www.article-marketing.eu\\\/comunicatistampa\\\/claudio-machetti-formazione-e-incarichi-professionali\\\/\"]}]},{\"@type\":\"ImageObject\",\"inLanguage\":\"it-IT\",\"@id\":\"https:\\\/\\\/www.article-marketing.eu\\\/comunicatistampa\\\/claudio-machetti-formazione-e-incarichi-professionali\\\/#primaryimage\",\"url\":\"https:\\\/\\\/comunicatistampagratis.it\\\/wp-content\\\/uploads\\\/2023\\\/06\\\/claudio-machetti-2.jpg\",\"contentUrl\":\"https:\\\/\\\/comunicatistampagratis.it\\\/wp-content\\\/uploads\\\/2023\\\/06\\\/claudio-machetti-2.jpg\"},{\"@type\":\"BreadcrumbList\",\"@id\":\"https:\\\/\\\/www.article-marketing.eu\\\/comunicatistampa\\\/claudio-machetti-formazione-e-incarichi-professionali\\\/#breadcrumb\",\"itemListElement\":[{\"@type\":\"ListItem\",\"position\":1,\"name\":\"Home\",\"item\":\"https:\\\/\\\/www.article-marketing.eu\\\/comunicatistampa\\\/\"},{\"@type\":\"ListItem\",\"position\":2,\"name\":\"Claudio Machetti: formazione e incarichi professionali\"}]},{\"@type\":\"WebSite\",\"@id\":\"https:\\\/\\\/www.article-marketing.eu\\\/comunicatistampa\\\/#website\",\"url\":\"https:\\\/\\\/www.article-marketing.eu\\\/comunicatistampa\\\/\",\"name\":\"Article Marketing\",\"description\":\"article marketing &amp; press release\",\"potentialAction\":[{\"@type\":\"SearchAction\",\"target\":{\"@type\":\"EntryPoint\",\"urlTemplate\":\"https:\\\/\\\/www.article-marketing.eu\\\/comunicatistampa\\\/?s={search_term_string}\"},\"query-input\":{\"@type\":\"PropertyValueSpecification\",\"valueRequired\":true,\"valueName\":\"search_term_string\"}}],\"inLanguage\":\"it-IT\"},{\"@type\":\"Person\",\"@id\":\"https:\\\/\\\/www.article-marketing.eu\\\/comunicatistampa\\\/#\\\/schema\\\/person\\\/2fcaf8f8f3a9eef9eb7f27532d3ca458\",\"name\":\"articolinews\",\"image\":{\"@type\":\"ImageObject\",\"inLanguage\":\"it-IT\",\"@id\":\"https:\\\/\\\/secure.gravatar.com\\\/avatar\\\/9e2a264bab04e17dea24d937c9956304649a848cb73c46747a692ff1bdeb1cb7?s=96&d=mm&r=g\",\"url\":\"https:\\\/\\\/secure.gravatar.com\\\/avatar\\\/9e2a264bab04e17dea24d937c9956304649a848cb73c46747a692ff1bdeb1cb7?s=96&d=mm&r=g\",\"contentUrl\":\"https:\\\/\\\/secure.gravatar.com\\\/avatar\\\/9e2a264bab04e17dea24d937c9956304649a848cb73c46747a692ff1bdeb1cb7?s=96&d=mm&r=g\",\"caption\":\"articolinews\"},\"url\":\"https:\\\/\\\/www.article-marketing.eu\\\/comunicatistampa\\\/author\\\/articolinews\\\/\"}]}<\/script>\n<!-- \/ Yoast SEO plugin. -->","yoast_head_json":{"title":"Claudio Machetti: formazione e incarichi professionali - Article Marketing","robots":{"index":"index","follow":"follow","max-snippet":"max-snippet:-1","max-image-preview":"max-image-preview:large","max-video-preview":"max-video-preview:-1"},"canonical":"https:\/\/www.article-marketing.eu\/comunicatistampa\/claudio-machetti-formazione-e-incarichi-professionali\/","og_locale":"it_IT","og_type":"article","og_title":"Claudio Machetti: formazione e incarichi professionali - Article Marketing","og_description":"Nel 2000, dopo aver ricoperto incarichi di responsabilit\u00e0 in diverse realt\u00e0 italiane, Claudio Machetti entra in Enel. Qui esordisce in qualit\u00e0 di Responsabile dell\u2019Area Finanza e attualmente \u00e8 Direttore Global Energy and Commodity Management and Chief Pricing Officer del Gruppo. Claudio Machetti: i primi incarichi professionali Claudio Machetti nasce nel 1958 a Roma: \u00e8 qui che nel 1982 consegue la laurea in Scienze Statistiche presso l\u2019Universit\u00e0 La Sapienza. La suaContinue reading...","og_url":"https:\/\/www.article-marketing.eu\/comunicatistampa\/claudio-machetti-formazione-e-incarichi-professionali\/","og_site_name":"Article Marketing","article_published_time":"2024-02-11T15:36:57+00:00","og_image":[{"url":"https:\/\/comunicatistampagratis.it\/wp-content\/uploads\/2023\/06\/claudio-machetti-2.jpg","type":"","width":"","height":""}],"author":"articolinews","twitter_card":"summary_large_image","twitter_misc":{"Scritto da":"articolinews","Tempo di lettura stimato":"3 minuti"},"schema":{"@context":"https:\/\/schema.org","@graph":[{"@type":"Article","@id":"https:\/\/www.article-marketing.eu\/comunicatistampa\/claudio-machetti-formazione-e-incarichi-professionali\/#article","isPartOf":{"@id":"https:\/\/www.article-marketing.eu\/comunicatistampa\/claudio-machetti-formazione-e-incarichi-professionali\/"},"author":{"name":"articolinews","@id":"https:\/\/www.article-marketing.eu\/comunicatistampa\/#\/schema\/person\/2fcaf8f8f3a9eef9eb7f27532d3ca458"},"headline":"Claudio Machetti: formazione e incarichi professionali","datePublished":"2024-02-11T15:36:57+00:00","mainEntityOfPage":{"@id":"https:\/\/www.article-marketing.eu\/comunicatistampa\/claudio-machetti-formazione-e-incarichi-professionali\/"},"wordCount":347,"commentCount":0,"image":{"@id":"https:\/\/www.article-marketing.eu\/comunicatistampa\/claudio-machetti-formazione-e-incarichi-professionali\/#primaryimage"},"thumbnailUrl":"https:\/\/comunicatistampagratis.it\/wp-content\/uploads\/2023\/06\/claudio-machetti-2.jpg","keywords":["Claudio Machetti"],"articleSection":["Societ\u00e0"],"inLanguage":"it-IT","potentialAction":[{"@type":"CommentAction","name":"Comment","target":["https:\/\/www.article-marketing.eu\/comunicatistampa\/claudio-machetti-formazione-e-incarichi-professionali\/#respond"]}]},{"@type":"WebPage","@id":"https:\/\/www.article-marketing.eu\/comunicatistampa\/claudio-machetti-formazione-e-incarichi-professionali\/","url":"https:\/\/www.article-marketing.eu\/comunicatistampa\/claudio-machetti-formazione-e-incarichi-professionali\/","name":"Claudio Machetti: formazione e incarichi professionali - Article Marketing","isPartOf":{"@id":"https:\/\/www.article-marketing.eu\/comunicatistampa\/#website"},"primaryImageOfPage":{"@id":"https:\/\/www.article-marketing.eu\/comunicatistampa\/claudio-machetti-formazione-e-incarichi-professionali\/#primaryimage"},"image":{"@id":"https:\/\/www.article-marketing.eu\/comunicatistampa\/claudio-machetti-formazione-e-incarichi-professionali\/#primaryimage"},"thumbnailUrl":"https:\/\/comunicatistampagratis.it\/wp-content\/uploads\/2023\/06\/claudio-machetti-2.jpg","datePublished":"2024-02-11T15:36:57+00:00","author":{"@id":"https:\/\/www.article-marketing.eu\/comunicatistampa\/#\/schema\/person\/2fcaf8f8f3a9eef9eb7f27532d3ca458"},"breadcrumb":{"@id":"https:\/\/www.article-marketing.eu\/comunicatistampa\/claudio-machetti-formazione-e-incarichi-professionali\/#breadcrumb"},"inLanguage":"it-IT","potentialAction":[{"@type":"ReadAction","target":["https:\/\/www.article-marketing.eu\/comunicatistampa\/claudio-machetti-formazione-e-incarichi-professionali\/"]}]},{"@type":"ImageObject","inLanguage":"it-IT","@id":"https:\/\/www.article-marketing.eu\/comunicatistampa\/claudio-machetti-formazione-e-incarichi-professionali\/#primaryimage","url":"https:\/\/comunicatistampagratis.it\/wp-content\/uploads\/2023\/06\/claudio-machetti-2.jpg","contentUrl":"https:\/\/comunicatistampagratis.it\/wp-content\/uploads\/2023\/06\/claudio-machetti-2.jpg"},{"@type":"BreadcrumbList","@id":"https:\/\/www.article-marketing.eu\/comunicatistampa\/claudio-machetti-formazione-e-incarichi-professionali\/#breadcrumb","itemListElement":[{"@type":"ListItem","position":1,"name":"Home","item":"https:\/\/www.article-marketing.eu\/comunicatistampa\/"},{"@type":"ListItem","position":2,"name":"Claudio Machetti: formazione e incarichi professionali"}]},{"@type":"WebSite","@id":"https:\/\/www.article-marketing.eu\/comunicatistampa\/#website","url":"https:\/\/www.article-marketing.eu\/comunicatistampa\/","name":"Article Marketing","description":"article marketing &amp; press release","potentialAction":[{"@type":"SearchAction","target":{"@type":"EntryPoint","urlTemplate":"https:\/\/www.article-marketing.eu\/comunicatistampa\/?s={search_term_string}"},"query-input":{"@type":"PropertyValueSpecification","valueRequired":true,"valueName":"search_term_string"}}],"inLanguage":"it-IT"},{"@type":"Person","@id":"https:\/\/www.article-marketing.eu\/comunicatistampa\/#\/schema\/person\/2fcaf8f8f3a9eef9eb7f27532d3ca458","name":"articolinews","image":{"@type":"ImageObject","inLanguage":"it-IT","@id":"https:\/\/secure.gravatar.com\/avatar\/9e2a264bab04e17dea24d937c9956304649a848cb73c46747a692ff1bdeb1cb7?s=96&d=mm&r=g","url":"https:\/\/secure.gravatar.com\/avatar\/9e2a264bab04e17dea24d937c9956304649a848cb73c46747a692ff1bdeb1cb7?s=96&d=mm&r=g","contentUrl":"https:\/\/secure.gravatar.com\/avatar\/9e2a264bab04e17dea24d937c9956304649a848cb73c46747a692ff1bdeb1cb7?s=96&d=mm&r=g","caption":"articolinews"},"url":"https:\/\/www.article-marketing.eu\/comunicatistampa\/author\/articolinews\/"}]}},"_links":{"self":[{"href":"https:\/\/www.article-marketing.eu\/comunicatistampa\/wp-json\/wp\/v2\/posts\/29240","targetHints":{"allow":["GET"]}}],"collection":[{"href":"https:\/\/www.article-marketing.eu\/comunicatistampa\/wp-json\/wp\/v2\/posts"}],"about":[{"href":"https:\/\/www.article-marketing.eu\/comunicatistampa\/wp-json\/wp\/v2\/types\/post"}],"author":[{"embeddable":true,"href":"https:\/\/www.article-marketing.eu\/comunicatistampa\/wp-json\/wp\/v2\/users\/6477"}],"replies":[{"embeddable":true,"href":"https:\/\/www.article-marketing.eu\/comunicatistampa\/wp-json\/wp\/v2\/comments?post=29240"}],"version-history":[{"count":2,"href":"https:\/\/www.article-marketing.eu\/comunicatistampa\/wp-json\/wp\/v2\/posts\/29240\/revisions"}],"predecessor-version":[{"id":29604,"href":"https:\/\/www.article-marketing.eu\/comunicatistampa\/wp-json\/wp\/v2\/posts\/29240\/revisions\/29604"}],"wp:attachment":[{"href":"https:\/\/www.article-marketing.eu\/comunicatistampa\/wp-json\/wp\/v2\/media?parent=29240"}],"wp:term":[{"taxonomy":"category","embeddable":true,"href":"https:\/\/www.article-marketing.eu\/comunicatistampa\/wp-json\/wp\/v2\/categories?post=29240"},{"taxonomy":"post_tag","embeddable":true,"href":"https:\/\/www.article-marketing.eu\/comunicatistampa\/wp-json\/wp\/v2\/tags?post=29240"}],"curies":[{"name":"wp","href":"https:\/\/api.w.org\/{rel}","templated":true}]}}