{"id":29278,"date":"2024-02-12T17:25:18","date_gmt":"2024-02-12T16:25:18","guid":{"rendered":"https:\/\/www.article-marketing.eu\/comunicatistampa\/?p=29278"},"modified":"2024-02-12T17:25:18","modified_gmt":"2024-02-12T16:25:18","slug":"nordest-economia-quale-futuro-per-leconomia-intervista-a-gianpietro-benedetti","status":"publish","type":"post","link":"https:\/\/www.article-marketing.eu\/comunicatistampa\/nordest-economia-quale-futuro-per-leconomia-intervista-a-gianpietro-benedetti\/","title":{"rendered":"\u201cNordest Economia\u201d: quale futuro per l\u2019economia? Intervista a Gianpietro Benedetti"},"content":{"rendered":"<p><strong><em>Competenze specialistiche, innovazione e capacit\u00e0 di garantire il capitale umano giocano un ruolo fondamentale oggi nel rilanciare le imprese: la vision di <a title=\"L'intervista di Gianpietro Benedetti rilasciata a &quot;Nordest economia&quot;\" href=\"https:\/\/nordesteconomia.gelocal.it\/economia\/2023\/12\/28\/news\/lintervista_a_benedetti_serve_unimmigrazione_ben_gestita_le_ambasciate_aiutino_nel_recruiting-13959121\/\">Gianpietro Benedetti<\/a> nell\u2019intervista per \u201cNordest Economia\u201d.<\/em><\/strong><\/p>\n<p><a title=\"Gianpietro Benedetti intervistato da &quot;Nordest Economia&quot;\" href=\"https:\/\/nordesteconomia.gelocal.it\/economia\/2023\/12\/28\/news\/lintervista_a_benedetti_serve_unimmigrazione_ben_gestita_le_ambasciate_aiutino_nel_recruiting-13959121\/\"><img loading=\"lazy\" decoding=\"async\" src=\"https:\/\/www.portaleconomia.net\/wp-content\/uploads\/2021\/01\/gianpietro-benedetti-gruppo-danieli.jpg\" alt=\"Gianpietro Benedetti\" width=\"300\" height=\"300\" \/><\/a><\/p>\n<h2>Gianpietro Benedetti sul ruolo chiave della formazione<\/h2>\n<p>Complice anche uno scenario macroeconomico da alti e bassi, le prospettive di crescita economica non sono delle pi\u00f9 rosee per alcuni settori industriali. Accade ad esempio nel comparto della manifattura, con un rallentamento iniziato negli ultimi quattro mesi del 2023 che potrebbe proseguire per buona parte del 2024. Quali azioni per invertire la rotta e, al contrario, intraprendere quella della crescita? Sul tema si \u00e8 espresso <a title=\"Gianpietro Benedetti sulle prospettive di rallentamento dell\u2019economia\" href=\"https:\/\/nordesteconomia.gelocal.it\/economia\/2023\/12\/28\/news\/lintervista_a_benedetti_serve_unimmigrazione_ben_gestita_le_ambasciate_aiutino_nel_recruiting-13959121\/\"><strong>Gianpietro Benedetti<\/strong><\/a>, Presidente di Confindustria Udine, in un\u2019intervista rilasciata a \u201cNordest Economia\u201d: nella normalit\u00e0 delle fasi di espansione e rallentamento dell\u2019economia, ha spiegato, <em>\u201cl\u2019importante \u00e8 che nell\u2019attesa di un ritorno \u2018up\u2019 le imprese continuino a pensare e investire per essere sempre pi\u00f9 competitive\u201d<\/em>. Come? Innovazione, digitale, supporto al Made in Italy e grande attenzione al fattore umano. Proprio sul punto delle competenze, <strong>Gianpietro Benedetti<\/strong> ha evidenziato l\u2019importanza dell\u2019orientamento scolastico per <em>\u201cincoraggiare verso lo studio di materie tecniche e digitali, anche per facilitarne l\u2019impiego una volta terminati gli studi\u201d<\/em>. Basti pensare che oggi <em>\u201ci tecnici specializzati e gli ingegneri sono particolarmente ricercati dalle aziende meccaniche che faticano a trovarli perch\u00e9 dalla scuola ne escono in numero insufficiente\u201d<\/em>: servono dunque <em>\u201cpi\u00f9 ingegneri di quanti non ne formino l\u2019universit\u00e0 da un lato e gli ITS dall\u2019altro\u201d. <\/em>E ha ricordato la sfida lanciata alla dirigenza del MITS di Udine:<em> \u201cPortare gli iscritti attuali, che sono 285, a 600 nell\u2019arco di un paio di anni\u201d<\/em>.<\/p>\n<h2>Gianpietro Benedetti: anche dall\u2019estero possibilit\u00e0 di specializzazione<\/h2>\n<p>Secondo <strong>Gianpietro Benedetti<\/strong>, in un\u2019ottica di maggiore presenza specializzata in Italia, anche l\u2019estero pu\u00f2 fornire un grande contributo: <em>\u201cL\u2019unica strada \u00e8 quella di andare a cercare ragazzi gi\u00e0 diplomati all\u2019estero, in istituti tecnici e licei, e portarli qui in Italia per farli frequentare gli ITS. A Udine abbiamo aperto la strada con 19 egiziani, ora andremo avanti, andando a cercare altri giovani in aree come Iran, Iraq, Uzbekistan dove la preparazione nelle materie fisiche e matematiche \u00e8 ottima\u201d<\/em>. L\u2019auspicio \u00e8 che possano essere coinvolti tutti gli attori a ogni livello: anche le ambasciate, ad esempio, <em>\u201cche potrebbero affiancare alle attivit\u00e0 commerciali e alle altre che gi\u00e0 svolgono anche funzioni di recruiting, mettendo in piedi collaborazioni con le scuole locali\u201d<\/em>. Tornando sul contesto economico, per il 2024 <strong>Gianpietro Benedetti<\/strong> evidenzia come ci attenda <em>\u201cun anno di discesa per alcuni settori in particolare manifatturieri, buono anche se non da boom per altri, penso in particolare a quelli digitali, dell\u2019energia e dei servizi. Incideranno ancora gli alti tassi d\u2019interesse, ma credo che un qualche alito di ripresa potr\u00e0 forse gi\u00e0 sentirsi nella seconda met\u00e0 dell\u2019anno, tutt\u2019al pi\u00f9 all\u2019inizio del 2025\u201d<\/em>. Nel frattempo, investimenti, innovazione e tecnologia devono essere il mantra per le aziende per rimanere competitive. Lo Stato, dal canto suo, pu\u00f2 fornire impulso con una <em>\u201cgestione pi\u00f9 snella delle pratiche e delle attivit\u00e0 che riguardano l\u2019intraprendere\u201d. <\/em>I finanziamenti ci sono:<em> \u201cPenso ai fondi del PNRR, agli investimenti sullo sviluppo digitale, anche se resto convinto che l\u2019iniziativa debba restare <\/em>in capo alle imprese e che lo Stato debba anzitutto occuparsi di facilitarne l\u2019attivit\u00e0 e non rallentarne i tempi\u201d.<\/p>\n","protected":false},"excerpt":{"rendered":"<p>Le considerazioni di Gianpietro Benedetti sul presente e il futuro dell\u2019economia: necessari investimenti continuativi per garantire la competitivit\u00e0 delle imprese.<\/p>\n","protected":false},"author":6477,"featured_media":0,"comment_status":"open","ping_status":"open","sticky":false,"template":"","format":"standard","meta":{"_monsterinsights_skip_tracking":false,"_monsterinsights_sitenote_active":false,"_monsterinsights_sitenote_note":"","_monsterinsights_sitenote_category":0,"footnotes":""},"categories":[388,78],"tags":[10831],"class_list":["post-29278","post","type-post","status-publish","format-standard","hentry","category-aziende","category-comunicati-stampa","tag-gianpietro-benedetti"],"yoast_head":"<!-- This site is optimized with the Yoast SEO plugin v27.3 - https:\/\/yoast.com\/product\/yoast-seo-wordpress\/ -->\n<title>\u201cNordest Economia\u201d: quale futuro per l\u2019economia? Intervista a Gianpietro Benedetti<\/title>\n<meta name=\"description\" content=\"Le considerazioni di Gianpietro Benedetti sul presente e il futuro dell\u2019economia: necessari investimenti continuativi per garantire la competitivit\u00e0 delle imprese.\" \/>\n<meta name=\"robots\" content=\"index, follow, max-snippet:-1, max-image-preview:large, max-video-preview:-1\" \/>\n<link rel=\"canonical\" href=\"https:\/\/www.article-marketing.eu\/comunicatistampa\/nordest-economia-quale-futuro-per-leconomia-intervista-a-gianpietro-benedetti\/\" \/>\n<meta property=\"og:locale\" content=\"it_IT\" \/>\n<meta property=\"og:type\" content=\"article\" \/>\n<meta property=\"og:title\" content=\"\u201cNordest Economia\u201d: quale futuro per l\u2019economia? Intervista a Gianpietro Benedetti\" \/>\n<meta property=\"og:description\" content=\"Le considerazioni di Gianpietro Benedetti sul presente e il futuro dell\u2019economia: necessari investimenti continuativi per garantire la competitivit\u00e0 delle imprese.\" \/>\n<meta property=\"og:url\" content=\"https:\/\/www.article-marketing.eu\/comunicatistampa\/nordest-economia-quale-futuro-per-leconomia-intervista-a-gianpietro-benedetti\/\" \/>\n<meta property=\"og:site_name\" content=\"Article Marketing\" \/>\n<meta property=\"article:published_time\" content=\"2024-02-12T16:25:18+00:00\" \/>\n<meta property=\"og:image\" content=\"https:\/\/www.portaleconomia.net\/wp-content\/uploads\/2021\/01\/gianpietro-benedetti-gruppo-danieli.jpg\" \/>\n<meta name=\"author\" content=\"articolinews\" \/>\n<meta name=\"twitter:card\" content=\"summary_large_image\" \/>\n<meta name=\"twitter:label1\" content=\"Scritto da\" \/>\n\t<meta name=\"twitter:data1\" content=\"articolinews\" \/>\n\t<meta name=\"twitter:label2\" content=\"Tempo di lettura stimato\" \/>\n\t<meta name=\"twitter:data2\" content=\"4 minuti\" \/>\n<script type=\"application\/ld+json\" class=\"yoast-schema-graph\">{\"@context\":\"https:\\\/\\\/schema.org\",\"@graph\":[{\"@type\":\"Article\",\"@id\":\"https:\\\/\\\/www.article-marketing.eu\\\/comunicatistampa\\\/nordest-economia-quale-futuro-per-leconomia-intervista-a-gianpietro-benedetti\\\/#article\",\"isPartOf\":{\"@id\":\"https:\\\/\\\/www.article-marketing.eu\\\/comunicatistampa\\\/nordest-economia-quale-futuro-per-leconomia-intervista-a-gianpietro-benedetti\\\/\"},\"author\":{\"name\":\"articolinews\",\"@id\":\"https:\\\/\\\/www.article-marketing.eu\\\/comunicatistampa\\\/#\\\/schema\\\/person\\\/2fcaf8f8f3a9eef9eb7f27532d3ca458\"},\"headline\":\"\u201cNordest Economia\u201d: quale futuro per l\u2019economia? Intervista a Gianpietro Benedetti\",\"datePublished\":\"2024-02-12T16:25:18+00:00\",\"mainEntityOfPage\":{\"@id\":\"https:\\\/\\\/www.article-marketing.eu\\\/comunicatistampa\\\/nordest-economia-quale-futuro-per-leconomia-intervista-a-gianpietro-benedetti\\\/\"},\"wordCount\":557,\"commentCount\":0,\"image\":{\"@id\":\"https:\\\/\\\/www.article-marketing.eu\\\/comunicatistampa\\\/nordest-economia-quale-futuro-per-leconomia-intervista-a-gianpietro-benedetti\\\/#primaryimage\"},\"thumbnailUrl\":\"https:\\\/\\\/www.portaleconomia.net\\\/wp-content\\\/uploads\\\/2021\\\/01\\\/gianpietro-benedetti-gruppo-danieli.jpg\",\"keywords\":[\"Gianpietro Benedetti\"],\"articleSection\":[\"Aziende\",\"Comunicati stampa\"],\"inLanguage\":\"it-IT\",\"potentialAction\":[{\"@type\":\"CommentAction\",\"name\":\"Comment\",\"target\":[\"https:\\\/\\\/www.article-marketing.eu\\\/comunicatistampa\\\/nordest-economia-quale-futuro-per-leconomia-intervista-a-gianpietro-benedetti\\\/#respond\"]}]},{\"@type\":\"WebPage\",\"@id\":\"https:\\\/\\\/www.article-marketing.eu\\\/comunicatistampa\\\/nordest-economia-quale-futuro-per-leconomia-intervista-a-gianpietro-benedetti\\\/\",\"url\":\"https:\\\/\\\/www.article-marketing.eu\\\/comunicatistampa\\\/nordest-economia-quale-futuro-per-leconomia-intervista-a-gianpietro-benedetti\\\/\",\"name\":\"\u201cNordest Economia\u201d: quale futuro per l\u2019economia? Intervista a Gianpietro Benedetti\",\"isPartOf\":{\"@id\":\"https:\\\/\\\/www.article-marketing.eu\\\/comunicatistampa\\\/#website\"},\"primaryImageOfPage\":{\"@id\":\"https:\\\/\\\/www.article-marketing.eu\\\/comunicatistampa\\\/nordest-economia-quale-futuro-per-leconomia-intervista-a-gianpietro-benedetti\\\/#primaryimage\"},\"image\":{\"@id\":\"https:\\\/\\\/www.article-marketing.eu\\\/comunicatistampa\\\/nordest-economia-quale-futuro-per-leconomia-intervista-a-gianpietro-benedetti\\\/#primaryimage\"},\"thumbnailUrl\":\"https:\\\/\\\/www.portaleconomia.net\\\/wp-content\\\/uploads\\\/2021\\\/01\\\/gianpietro-benedetti-gruppo-danieli.jpg\",\"datePublished\":\"2024-02-12T16:25:18+00:00\",\"author\":{\"@id\":\"https:\\\/\\\/www.article-marketing.eu\\\/comunicatistampa\\\/#\\\/schema\\\/person\\\/2fcaf8f8f3a9eef9eb7f27532d3ca458\"},\"description\":\"Le considerazioni di Gianpietro Benedetti sul presente e il futuro dell\u2019economia: necessari investimenti continuativi per garantire la competitivit\u00e0 delle imprese.\",\"breadcrumb\":{\"@id\":\"https:\\\/\\\/www.article-marketing.eu\\\/comunicatistampa\\\/nordest-economia-quale-futuro-per-leconomia-intervista-a-gianpietro-benedetti\\\/#breadcrumb\"},\"inLanguage\":\"it-IT\",\"potentialAction\":[{\"@type\":\"ReadAction\",\"target\":[\"https:\\\/\\\/www.article-marketing.eu\\\/comunicatistampa\\\/nordest-economia-quale-futuro-per-leconomia-intervista-a-gianpietro-benedetti\\\/\"]}]},{\"@type\":\"ImageObject\",\"inLanguage\":\"it-IT\",\"@id\":\"https:\\\/\\\/www.article-marketing.eu\\\/comunicatistampa\\\/nordest-economia-quale-futuro-per-leconomia-intervista-a-gianpietro-benedetti\\\/#primaryimage\",\"url\":\"https:\\\/\\\/www.portaleconomia.net\\\/wp-content\\\/uploads\\\/2021\\\/01\\\/gianpietro-benedetti-gruppo-danieli.jpg\",\"contentUrl\":\"https:\\\/\\\/www.portaleconomia.net\\\/wp-content\\\/uploads\\\/2021\\\/01\\\/gianpietro-benedetti-gruppo-danieli.jpg\"},{\"@type\":\"BreadcrumbList\",\"@id\":\"https:\\\/\\\/www.article-marketing.eu\\\/comunicatistampa\\\/nordest-economia-quale-futuro-per-leconomia-intervista-a-gianpietro-benedetti\\\/#breadcrumb\",\"itemListElement\":[{\"@type\":\"ListItem\",\"position\":1,\"name\":\"Home\",\"item\":\"https:\\\/\\\/www.article-marketing.eu\\\/comunicatistampa\\\/\"},{\"@type\":\"ListItem\",\"position\":2,\"name\":\"\u201cNordest Economia\u201d: quale futuro per l\u2019economia? Intervista a Gianpietro Benedetti\"}]},{\"@type\":\"WebSite\",\"@id\":\"https:\\\/\\\/www.article-marketing.eu\\\/comunicatistampa\\\/#website\",\"url\":\"https:\\\/\\\/www.article-marketing.eu\\\/comunicatistampa\\\/\",\"name\":\"Article Marketing\",\"description\":\"article marketing &amp; press release\",\"potentialAction\":[{\"@type\":\"SearchAction\",\"target\":{\"@type\":\"EntryPoint\",\"urlTemplate\":\"https:\\\/\\\/www.article-marketing.eu\\\/comunicatistampa\\\/?s={search_term_string}\"},\"query-input\":{\"@type\":\"PropertyValueSpecification\",\"valueRequired\":true,\"valueName\":\"search_term_string\"}}],\"inLanguage\":\"it-IT\"},{\"@type\":\"Person\",\"@id\":\"https:\\\/\\\/www.article-marketing.eu\\\/comunicatistampa\\\/#\\\/schema\\\/person\\\/2fcaf8f8f3a9eef9eb7f27532d3ca458\",\"name\":\"articolinews\",\"image\":{\"@type\":\"ImageObject\",\"inLanguage\":\"it-IT\",\"@id\":\"https:\\\/\\\/secure.gravatar.com\\\/avatar\\\/9e2a264bab04e17dea24d937c9956304649a848cb73c46747a692ff1bdeb1cb7?s=96&d=mm&r=g\",\"url\":\"https:\\\/\\\/secure.gravatar.com\\\/avatar\\\/9e2a264bab04e17dea24d937c9956304649a848cb73c46747a692ff1bdeb1cb7?s=96&d=mm&r=g\",\"contentUrl\":\"https:\\\/\\\/secure.gravatar.com\\\/avatar\\\/9e2a264bab04e17dea24d937c9956304649a848cb73c46747a692ff1bdeb1cb7?s=96&d=mm&r=g\",\"caption\":\"articolinews\"},\"url\":\"https:\\\/\\\/www.article-marketing.eu\\\/comunicatistampa\\\/author\\\/articolinews\\\/\"}]}<\/script>\n<!-- \/ Yoast SEO plugin. -->","yoast_head_json":{"title":"\u201cNordest Economia\u201d: quale futuro per l\u2019economia? Intervista a Gianpietro Benedetti","description":"Le considerazioni di Gianpietro Benedetti sul presente e il futuro dell\u2019economia: necessari investimenti continuativi per garantire la competitivit\u00e0 delle imprese.","robots":{"index":"index","follow":"follow","max-snippet":"max-snippet:-1","max-image-preview":"max-image-preview:large","max-video-preview":"max-video-preview:-1"},"canonical":"https:\/\/www.article-marketing.eu\/comunicatistampa\/nordest-economia-quale-futuro-per-leconomia-intervista-a-gianpietro-benedetti\/","og_locale":"it_IT","og_type":"article","og_title":"\u201cNordest Economia\u201d: quale futuro per l\u2019economia? Intervista a Gianpietro Benedetti","og_description":"Le considerazioni di Gianpietro Benedetti sul presente e il futuro dell\u2019economia: necessari investimenti continuativi per garantire la competitivit\u00e0 delle imprese.","og_url":"https:\/\/www.article-marketing.eu\/comunicatistampa\/nordest-economia-quale-futuro-per-leconomia-intervista-a-gianpietro-benedetti\/","og_site_name":"Article Marketing","article_published_time":"2024-02-12T16:25:18+00:00","og_image":[{"url":"https:\/\/www.portaleconomia.net\/wp-content\/uploads\/2021\/01\/gianpietro-benedetti-gruppo-danieli.jpg","type":"","width":"","height":""}],"author":"articolinews","twitter_card":"summary_large_image","twitter_misc":{"Scritto da":"articolinews","Tempo di lettura stimato":"4 minuti"},"schema":{"@context":"https:\/\/schema.org","@graph":[{"@type":"Article","@id":"https:\/\/www.article-marketing.eu\/comunicatistampa\/nordest-economia-quale-futuro-per-leconomia-intervista-a-gianpietro-benedetti\/#article","isPartOf":{"@id":"https:\/\/www.article-marketing.eu\/comunicatistampa\/nordest-economia-quale-futuro-per-leconomia-intervista-a-gianpietro-benedetti\/"},"author":{"name":"articolinews","@id":"https:\/\/www.article-marketing.eu\/comunicatistampa\/#\/schema\/person\/2fcaf8f8f3a9eef9eb7f27532d3ca458"},"headline":"\u201cNordest Economia\u201d: quale futuro per l\u2019economia? Intervista a Gianpietro Benedetti","datePublished":"2024-02-12T16:25:18+00:00","mainEntityOfPage":{"@id":"https:\/\/www.article-marketing.eu\/comunicatistampa\/nordest-economia-quale-futuro-per-leconomia-intervista-a-gianpietro-benedetti\/"},"wordCount":557,"commentCount":0,"image":{"@id":"https:\/\/www.article-marketing.eu\/comunicatistampa\/nordest-economia-quale-futuro-per-leconomia-intervista-a-gianpietro-benedetti\/#primaryimage"},"thumbnailUrl":"https:\/\/www.portaleconomia.net\/wp-content\/uploads\/2021\/01\/gianpietro-benedetti-gruppo-danieli.jpg","keywords":["Gianpietro Benedetti"],"articleSection":["Aziende","Comunicati stampa"],"inLanguage":"it-IT","potentialAction":[{"@type":"CommentAction","name":"Comment","target":["https:\/\/www.article-marketing.eu\/comunicatistampa\/nordest-economia-quale-futuro-per-leconomia-intervista-a-gianpietro-benedetti\/#respond"]}]},{"@type":"WebPage","@id":"https:\/\/www.article-marketing.eu\/comunicatistampa\/nordest-economia-quale-futuro-per-leconomia-intervista-a-gianpietro-benedetti\/","url":"https:\/\/www.article-marketing.eu\/comunicatistampa\/nordest-economia-quale-futuro-per-leconomia-intervista-a-gianpietro-benedetti\/","name":"\u201cNordest Economia\u201d: quale futuro per l\u2019economia? Intervista a Gianpietro Benedetti","isPartOf":{"@id":"https:\/\/www.article-marketing.eu\/comunicatistampa\/#website"},"primaryImageOfPage":{"@id":"https:\/\/www.article-marketing.eu\/comunicatistampa\/nordest-economia-quale-futuro-per-leconomia-intervista-a-gianpietro-benedetti\/#primaryimage"},"image":{"@id":"https:\/\/www.article-marketing.eu\/comunicatistampa\/nordest-economia-quale-futuro-per-leconomia-intervista-a-gianpietro-benedetti\/#primaryimage"},"thumbnailUrl":"https:\/\/www.portaleconomia.net\/wp-content\/uploads\/2021\/01\/gianpietro-benedetti-gruppo-danieli.jpg","datePublished":"2024-02-12T16:25:18+00:00","author":{"@id":"https:\/\/www.article-marketing.eu\/comunicatistampa\/#\/schema\/person\/2fcaf8f8f3a9eef9eb7f27532d3ca458"},"description":"Le considerazioni di Gianpietro Benedetti sul presente e il futuro dell\u2019economia: necessari investimenti continuativi per garantire la competitivit\u00e0 delle imprese.","breadcrumb":{"@id":"https:\/\/www.article-marketing.eu\/comunicatistampa\/nordest-economia-quale-futuro-per-leconomia-intervista-a-gianpietro-benedetti\/#breadcrumb"},"inLanguage":"it-IT","potentialAction":[{"@type":"ReadAction","target":["https:\/\/www.article-marketing.eu\/comunicatistampa\/nordest-economia-quale-futuro-per-leconomia-intervista-a-gianpietro-benedetti\/"]}]},{"@type":"ImageObject","inLanguage":"it-IT","@id":"https:\/\/www.article-marketing.eu\/comunicatistampa\/nordest-economia-quale-futuro-per-leconomia-intervista-a-gianpietro-benedetti\/#primaryimage","url":"https:\/\/www.portaleconomia.net\/wp-content\/uploads\/2021\/01\/gianpietro-benedetti-gruppo-danieli.jpg","contentUrl":"https:\/\/www.portaleconomia.net\/wp-content\/uploads\/2021\/01\/gianpietro-benedetti-gruppo-danieli.jpg"},{"@type":"BreadcrumbList","@id":"https:\/\/www.article-marketing.eu\/comunicatistampa\/nordest-economia-quale-futuro-per-leconomia-intervista-a-gianpietro-benedetti\/#breadcrumb","itemListElement":[{"@type":"ListItem","position":1,"name":"Home","item":"https:\/\/www.article-marketing.eu\/comunicatistampa\/"},{"@type":"ListItem","position":2,"name":"\u201cNordest Economia\u201d: quale futuro per l\u2019economia? Intervista a Gianpietro Benedetti"}]},{"@type":"WebSite","@id":"https:\/\/www.article-marketing.eu\/comunicatistampa\/#website","url":"https:\/\/www.article-marketing.eu\/comunicatistampa\/","name":"Article Marketing","description":"article marketing &amp; press release","potentialAction":[{"@type":"SearchAction","target":{"@type":"EntryPoint","urlTemplate":"https:\/\/www.article-marketing.eu\/comunicatistampa\/?s={search_term_string}"},"query-input":{"@type":"PropertyValueSpecification","valueRequired":true,"valueName":"search_term_string"}}],"inLanguage":"it-IT"},{"@type":"Person","@id":"https:\/\/www.article-marketing.eu\/comunicatistampa\/#\/schema\/person\/2fcaf8f8f3a9eef9eb7f27532d3ca458","name":"articolinews","image":{"@type":"ImageObject","inLanguage":"it-IT","@id":"https:\/\/secure.gravatar.com\/avatar\/9e2a264bab04e17dea24d937c9956304649a848cb73c46747a692ff1bdeb1cb7?s=96&d=mm&r=g","url":"https:\/\/secure.gravatar.com\/avatar\/9e2a264bab04e17dea24d937c9956304649a848cb73c46747a692ff1bdeb1cb7?s=96&d=mm&r=g","contentUrl":"https:\/\/secure.gravatar.com\/avatar\/9e2a264bab04e17dea24d937c9956304649a848cb73c46747a692ff1bdeb1cb7?s=96&d=mm&r=g","caption":"articolinews"},"url":"https:\/\/www.article-marketing.eu\/comunicatistampa\/author\/articolinews\/"}]}},"_links":{"self":[{"href":"https:\/\/www.article-marketing.eu\/comunicatistampa\/wp-json\/wp\/v2\/posts\/29278","targetHints":{"allow":["GET"]}}],"collection":[{"href":"https:\/\/www.article-marketing.eu\/comunicatistampa\/wp-json\/wp\/v2\/posts"}],"about":[{"href":"https:\/\/www.article-marketing.eu\/comunicatistampa\/wp-json\/wp\/v2\/types\/post"}],"author":[{"embeddable":true,"href":"https:\/\/www.article-marketing.eu\/comunicatistampa\/wp-json\/wp\/v2\/users\/6477"}],"replies":[{"embeddable":true,"href":"https:\/\/www.article-marketing.eu\/comunicatistampa\/wp-json\/wp\/v2\/comments?post=29278"}],"version-history":[{"count":2,"href":"https:\/\/www.article-marketing.eu\/comunicatistampa\/wp-json\/wp\/v2\/posts\/29278\/revisions"}],"predecessor-version":[{"id":29697,"href":"https:\/\/www.article-marketing.eu\/comunicatistampa\/wp-json\/wp\/v2\/posts\/29278\/revisions\/29697"}],"wp:attachment":[{"href":"https:\/\/www.article-marketing.eu\/comunicatistampa\/wp-json\/wp\/v2\/media?parent=29278"}],"wp:term":[{"taxonomy":"category","embeddable":true,"href":"https:\/\/www.article-marketing.eu\/comunicatistampa\/wp-json\/wp\/v2\/categories?post=29278"},{"taxonomy":"post_tag","embeddable":true,"href":"https:\/\/www.article-marketing.eu\/comunicatistampa\/wp-json\/wp\/v2\/tags?post=29278"}],"curies":[{"name":"wp","href":"https:\/\/api.w.org\/{rel}","templated":true}]}}