{"id":29292,"date":"2024-02-12T16:55:43","date_gmt":"2024-02-12T15:55:43","guid":{"rendered":"https:\/\/www.article-marketing.eu\/comunicatistampa\/?p=29292"},"modified":"2024-02-12T16:55:43","modified_gmt":"2024-02-12T15:55:43","slug":"carlo-messina-nessuno-escluso-intesa-sanpaolo-punta-a-disegnare-unitalia-piu-equa","status":"publish","type":"post","link":"https:\/\/www.article-marketing.eu\/comunicatistampa\/carlo-messina-nessuno-escluso-intesa-sanpaolo-punta-a-disegnare-unitalia-piu-equa\/","title":{"rendered":"Carlo Messina: \u201cNessuno Escluso\u201d, Intesa Sanpaolo punta a disegnare un\u2019Italia pi\u00f9 equa"},"content":{"rendered":"<p><em><strong>Papa Francesco scrive al CEO di Intesa Sanpaolo <a title=\"Inclusione, il Papa scrive a Carlo Messina\" href=\"https:\/\/finanza.lastampa.it\/News\/2023\/10\/26\/lettera-di-papa-francesco-a-carlo-messina-per-liniziativa-sullinclusione\/MTI3XzIwMjMtMTAtMjZfVExC\">Carlo Messina<\/a>: l\u2019importanza di nuove iniziative, pi\u00f9 inclusive e sostenibili, a sostegno dell\u2019economia reale che possano aiutare individui e comunit\u00e0 a realizzare le loro aspirazioni pi\u00f9 profonde e il bene comune universale.<\/strong><\/em><\/p>\n<p><a title=\"Papa Francesco a Carlo Messina: grazie per l'iniziativa &quot;Nessuno Escluso&quot;\" href=\"https:\/\/finanza.lastampa.it\/News\/2023\/10\/26\/lettera-di-papa-francesco-a-carlo-messina-per-liniziativa-sullinclusione\/MTI3XzIwMjMtMTAtMjZfVExC\"><img loading=\"lazy\" decoding=\"async\" src=\"https:\/\/www.comunicati-stampa.net\/immaginics\/large\/ca257ccd84944ab9bb406f3faef9101f.jpg\" alt=\"Carlo Messina\" width=\"301\" height=\"200\" \/><\/a><\/p>\n<h2>Carlo Messina: \u201cNessuno Escluso\u201d, la lettera di Papa Francesco al CEO di Intesa Sanpaolo<\/h2>\n<p>L\u2019ha presentata <a title=\"La lettera di Papa Francesco a Carlo Messina: i dettagli\" href=\"https:\/\/finanza.lastampa.it\/News\/2023\/10\/26\/lettera-di-papa-francesco-a-carlo-messina-per-liniziativa-sullinclusione\/MTI3XzIwMjMtMTAtMjZfVExC\"><strong>Carlo Messina<\/strong><\/a>, Consigliere Delegato e CEO di Intesa Sanpaolo, lo scorso 26 ottobre nel corso di un evento a Brescia. E il valore dell\u2019iniziativa \u201cNessuno escluso. Crescere insieme in un Paese pi\u00f9 equo\u201d e dell\u2019impegno di Intesa Sanpaolo nel contrastare disuguaglianze e povert\u00e0 \u00e8 stato riconosciuto anche da Papa Francesco, che ha inviato al manager un messaggio, letto nel corso dell\u2019evento da Suor Alessandra Smerilli, FMA, Segretario Dicastero per il servizio dello sviluppo umano integrale. \u201c<em>Mi congratulo per l&#8217;iniziativa \u2018NESSUNO ESCLUSO Crescere insieme in un Paese pi\u00f9 equo\u2019 nella quale proporrete esempi concreti di come una banca pu\u00f2 lavorare per l&#8217;inclusione<\/em>\u201d, ha scritto il Pontefice. \u201c<em>Auspico che le vostre discussioni contribuiscano concretamente a disegnare un modello di sviluppo in grado di generare soluzioni nuove, pi\u00f9 inclusive e sostenibili a sostegno dell&#8217;economia reale, aiutando gli individui e le comunit\u00e0 a realizzare le loro aspirazioni pi\u00f9 profonde e il bene comune universale<\/em>\u201d, ha aggiunto, sottolineando il valore delle iniziative che puntino ad <em>\u201celaborare nuove forme di economia e finanza realmente orientate al bene comune e rispettose della dignit\u00e0 umana<\/em>\u201d.<\/p>\n<h2>Carlo Messina: Intesa Sanpaolo per il sociale, il valore dell\u2019impegno del Gruppo<\/h2>\n<p>Intesa Sanpaolo, ha annunciato il CEO <strong>Carlo Messina<\/strong> durante l\u2019evento a Brescia, destiner\u00e0 1,5 miliardi di euro a iniziative e progetti finalizzati alla riduzione delle disuguaglianze entro il 2027 per contribuire al bene della collettivit\u00e0, considerando gli importi destinati alle iniziative e quelli relativi ai costi delle strutture a supporto delle iniziative stesse. \u201c<em>I dati che costantemente raccogliamo, segno della nostra attenzione alla vita del Paese, ci confermano come un\u2019ampia fascia della popolazione italiana sia esclusa dalla possibilit\u00e0 di godere dei livelli di benessere individuale propri di un\u2019economia avanzata. Con l\u2019annuncio di destinare un miliardo e mezzo di euro al sociale entro il 2027, prendiamo un ulteriore forte impegno verso gli azionisti, i clienti, la societ\u00e0 nel suo complesso per contrastare questa situazione<\/em>\u201d, ha spiegato il CEO. Ma lntesa Sanpaolo guarda oltre: proprio a Brescia nascer\u00e0 infatti una nuova unit\u00e0 organizzativa dedicata, \u201cIntesa Sanpaolo per il Sociale\u201d, con funzioni di indirizzo e di governo delle attivit\u00e0 sociali svolte dal Gruppo. \u201c<em>Per noi \u00e8 importante andare oltre le dichiarazioni di principio e tradurre i nostri valori in un impegno quotidiano e credibile frutto di una precisa strategia, di politiche aziendali, di azioni e di consuetudini attente alle esigenze dei territori e delle comunit\u00e0<\/em>\u201d, ha rimarcato il CEO <strong>Carlo Messina<\/strong>.<\/p>\n","protected":false},"excerpt":{"rendered":"<p>\u201cNessuno Escluso\u201d, Papa Francesco scrive al CEO di Intesa Sanpaolo Carlo Messina: \u201cVi esorto a proseguire nei vostri obiettivi per rafforzare il processo di inclusione economico-sociale\u201d.<\/p>\n","protected":false},"author":6477,"featured_media":0,"comment_status":"open","ping_status":"open","sticky":false,"template":"","format":"standard","meta":{"_monsterinsights_skip_tracking":false,"_monsterinsights_sitenote_active":false,"_monsterinsights_sitenote_note":"","_monsterinsights_sitenote_category":0,"footnotes":""},"categories":[388],"tags":[10907],"class_list":["post-29292","post","type-post","status-publish","format-standard","hentry","category-aziende","tag-carlo-messina"],"yoast_head":"<!-- This site is optimized with the Yoast SEO plugin v27.3 - https:\/\/yoast.com\/product\/yoast-seo-wordpress\/ -->\n<title>Carlo Messina: \u201cNessuno Escluso\u201d, Intesa Sanpaolo punta a disegnare un\u2019Italia pi\u00f9 equa<\/title>\n<meta name=\"description\" content=\"\u201cNessuno Escluso\u201d, Papa Francesco scrive al CEO di Intesa Sanpaolo Carlo Messina: \u201cVi esorto a proseguire nei vostri obiettivi per rafforzare il processo di inclusione economico-sociale\u201d.\" \/>\n<meta name=\"robots\" content=\"index, follow, max-snippet:-1, max-image-preview:large, max-video-preview:-1\" \/>\n<link rel=\"canonical\" href=\"https:\/\/www.article-marketing.eu\/comunicatistampa\/carlo-messina-nessuno-escluso-intesa-sanpaolo-punta-a-disegnare-unitalia-piu-equa\/\" \/>\n<meta property=\"og:locale\" content=\"it_IT\" \/>\n<meta property=\"og:type\" content=\"article\" \/>\n<meta property=\"og:title\" content=\"Carlo Messina: \u201cNessuno Escluso\u201d, Intesa Sanpaolo punta a disegnare un\u2019Italia pi\u00f9 equa\" \/>\n<meta property=\"og:description\" content=\"\u201cNessuno Escluso\u201d, Papa Francesco scrive al CEO di Intesa Sanpaolo Carlo Messina: \u201cVi esorto a proseguire nei vostri obiettivi per rafforzare il processo di inclusione economico-sociale\u201d.\" \/>\n<meta property=\"og:url\" content=\"https:\/\/www.article-marketing.eu\/comunicatistampa\/carlo-messina-nessuno-escluso-intesa-sanpaolo-punta-a-disegnare-unitalia-piu-equa\/\" \/>\n<meta property=\"og:site_name\" content=\"Article Marketing\" \/>\n<meta property=\"article:published_time\" content=\"2024-02-12T15:55:43+00:00\" \/>\n<meta property=\"og:image\" content=\"https:\/\/www.comunicati-stampa.net\/immaginics\/large\/ca257ccd84944ab9bb406f3faef9101f.jpg\" \/>\n<meta name=\"author\" content=\"articolinews\" \/>\n<meta name=\"twitter:card\" content=\"summary_large_image\" \/>\n<meta name=\"twitter:label1\" content=\"Scritto da\" \/>\n\t<meta name=\"twitter:data1\" content=\"articolinews\" \/>\n\t<meta name=\"twitter:label2\" content=\"Tempo di lettura stimato\" \/>\n\t<meta name=\"twitter:data2\" content=\"3 minuti\" \/>\n<script type=\"application\/ld+json\" class=\"yoast-schema-graph\">{\"@context\":\"https:\\\/\\\/schema.org\",\"@graph\":[{\"@type\":\"Article\",\"@id\":\"https:\\\/\\\/www.article-marketing.eu\\\/comunicatistampa\\\/carlo-messina-nessuno-escluso-intesa-sanpaolo-punta-a-disegnare-unitalia-piu-equa\\\/#article\",\"isPartOf\":{\"@id\":\"https:\\\/\\\/www.article-marketing.eu\\\/comunicatistampa\\\/carlo-messina-nessuno-escluso-intesa-sanpaolo-punta-a-disegnare-unitalia-piu-equa\\\/\"},\"author\":{\"name\":\"articolinews\",\"@id\":\"https:\\\/\\\/www.article-marketing.eu\\\/comunicatistampa\\\/#\\\/schema\\\/person\\\/2fcaf8f8f3a9eef9eb7f27532d3ca458\"},\"headline\":\"Carlo Messina: \u201cNessuno Escluso\u201d, Intesa Sanpaolo punta a disegnare un\u2019Italia pi\u00f9 equa\",\"datePublished\":\"2024-02-12T15:55:43+00:00\",\"mainEntityOfPage\":{\"@id\":\"https:\\\/\\\/www.article-marketing.eu\\\/comunicatistampa\\\/carlo-messina-nessuno-escluso-intesa-sanpaolo-punta-a-disegnare-unitalia-piu-equa\\\/\"},\"wordCount\":471,\"commentCount\":0,\"image\":{\"@id\":\"https:\\\/\\\/www.article-marketing.eu\\\/comunicatistampa\\\/carlo-messina-nessuno-escluso-intesa-sanpaolo-punta-a-disegnare-unitalia-piu-equa\\\/#primaryimage\"},\"thumbnailUrl\":\"https:\\\/\\\/www.comunicati-stampa.net\\\/immaginics\\\/large\\\/ca257ccd84944ab9bb406f3faef9101f.jpg\",\"keywords\":[\"Carlo Messina\"],\"articleSection\":[\"Aziende\"],\"inLanguage\":\"it-IT\",\"potentialAction\":[{\"@type\":\"CommentAction\",\"name\":\"Comment\",\"target\":[\"https:\\\/\\\/www.article-marketing.eu\\\/comunicatistampa\\\/carlo-messina-nessuno-escluso-intesa-sanpaolo-punta-a-disegnare-unitalia-piu-equa\\\/#respond\"]}]},{\"@type\":\"WebPage\",\"@id\":\"https:\\\/\\\/www.article-marketing.eu\\\/comunicatistampa\\\/carlo-messina-nessuno-escluso-intesa-sanpaolo-punta-a-disegnare-unitalia-piu-equa\\\/\",\"url\":\"https:\\\/\\\/www.article-marketing.eu\\\/comunicatistampa\\\/carlo-messina-nessuno-escluso-intesa-sanpaolo-punta-a-disegnare-unitalia-piu-equa\\\/\",\"name\":\"Carlo Messina: \u201cNessuno Escluso\u201d, Intesa Sanpaolo punta a disegnare un\u2019Italia pi\u00f9 equa\",\"isPartOf\":{\"@id\":\"https:\\\/\\\/www.article-marketing.eu\\\/comunicatistampa\\\/#website\"},\"primaryImageOfPage\":{\"@id\":\"https:\\\/\\\/www.article-marketing.eu\\\/comunicatistampa\\\/carlo-messina-nessuno-escluso-intesa-sanpaolo-punta-a-disegnare-unitalia-piu-equa\\\/#primaryimage\"},\"image\":{\"@id\":\"https:\\\/\\\/www.article-marketing.eu\\\/comunicatistampa\\\/carlo-messina-nessuno-escluso-intesa-sanpaolo-punta-a-disegnare-unitalia-piu-equa\\\/#primaryimage\"},\"thumbnailUrl\":\"https:\\\/\\\/www.comunicati-stampa.net\\\/immaginics\\\/large\\\/ca257ccd84944ab9bb406f3faef9101f.jpg\",\"datePublished\":\"2024-02-12T15:55:43+00:00\",\"author\":{\"@id\":\"https:\\\/\\\/www.article-marketing.eu\\\/comunicatistampa\\\/#\\\/schema\\\/person\\\/2fcaf8f8f3a9eef9eb7f27532d3ca458\"},\"description\":\"\u201cNessuno Escluso\u201d, Papa Francesco scrive al CEO di Intesa Sanpaolo Carlo Messina: \u201cVi esorto a proseguire nei vostri obiettivi per rafforzare il processo di inclusione economico-sociale\u201d.\",\"breadcrumb\":{\"@id\":\"https:\\\/\\\/www.article-marketing.eu\\\/comunicatistampa\\\/carlo-messina-nessuno-escluso-intesa-sanpaolo-punta-a-disegnare-unitalia-piu-equa\\\/#breadcrumb\"},\"inLanguage\":\"it-IT\",\"potentialAction\":[{\"@type\":\"ReadAction\",\"target\":[\"https:\\\/\\\/www.article-marketing.eu\\\/comunicatistampa\\\/carlo-messina-nessuno-escluso-intesa-sanpaolo-punta-a-disegnare-unitalia-piu-equa\\\/\"]}]},{\"@type\":\"ImageObject\",\"inLanguage\":\"it-IT\",\"@id\":\"https:\\\/\\\/www.article-marketing.eu\\\/comunicatistampa\\\/carlo-messina-nessuno-escluso-intesa-sanpaolo-punta-a-disegnare-unitalia-piu-equa\\\/#primaryimage\",\"url\":\"https:\\\/\\\/www.comunicati-stampa.net\\\/immaginics\\\/large\\\/ca257ccd84944ab9bb406f3faef9101f.jpg\",\"contentUrl\":\"https:\\\/\\\/www.comunicati-stampa.net\\\/immaginics\\\/large\\\/ca257ccd84944ab9bb406f3faef9101f.jpg\"},{\"@type\":\"BreadcrumbList\",\"@id\":\"https:\\\/\\\/www.article-marketing.eu\\\/comunicatistampa\\\/carlo-messina-nessuno-escluso-intesa-sanpaolo-punta-a-disegnare-unitalia-piu-equa\\\/#breadcrumb\",\"itemListElement\":[{\"@type\":\"ListItem\",\"position\":1,\"name\":\"Home\",\"item\":\"https:\\\/\\\/www.article-marketing.eu\\\/comunicatistampa\\\/\"},{\"@type\":\"ListItem\",\"position\":2,\"name\":\"Carlo Messina: \u201cNessuno Escluso\u201d, Intesa Sanpaolo punta a disegnare un\u2019Italia pi\u00f9 equa\"}]},{\"@type\":\"WebSite\",\"@id\":\"https:\\\/\\\/www.article-marketing.eu\\\/comunicatistampa\\\/#website\",\"url\":\"https:\\\/\\\/www.article-marketing.eu\\\/comunicatistampa\\\/\",\"name\":\"Article Marketing\",\"description\":\"article marketing &amp; press release\",\"potentialAction\":[{\"@type\":\"SearchAction\",\"target\":{\"@type\":\"EntryPoint\",\"urlTemplate\":\"https:\\\/\\\/www.article-marketing.eu\\\/comunicatistampa\\\/?s={search_term_string}\"},\"query-input\":{\"@type\":\"PropertyValueSpecification\",\"valueRequired\":true,\"valueName\":\"search_term_string\"}}],\"inLanguage\":\"it-IT\"},{\"@type\":\"Person\",\"@id\":\"https:\\\/\\\/www.article-marketing.eu\\\/comunicatistampa\\\/#\\\/schema\\\/person\\\/2fcaf8f8f3a9eef9eb7f27532d3ca458\",\"name\":\"articolinews\",\"image\":{\"@type\":\"ImageObject\",\"inLanguage\":\"it-IT\",\"@id\":\"https:\\\/\\\/secure.gravatar.com\\\/avatar\\\/9e2a264bab04e17dea24d937c9956304649a848cb73c46747a692ff1bdeb1cb7?s=96&d=mm&r=g\",\"url\":\"https:\\\/\\\/secure.gravatar.com\\\/avatar\\\/9e2a264bab04e17dea24d937c9956304649a848cb73c46747a692ff1bdeb1cb7?s=96&d=mm&r=g\",\"contentUrl\":\"https:\\\/\\\/secure.gravatar.com\\\/avatar\\\/9e2a264bab04e17dea24d937c9956304649a848cb73c46747a692ff1bdeb1cb7?s=96&d=mm&r=g\",\"caption\":\"articolinews\"},\"url\":\"https:\\\/\\\/www.article-marketing.eu\\\/comunicatistampa\\\/author\\\/articolinews\\\/\"}]}<\/script>\n<!-- \/ Yoast SEO plugin. -->","yoast_head_json":{"title":"Carlo Messina: \u201cNessuno Escluso\u201d, Intesa Sanpaolo punta a disegnare un\u2019Italia pi\u00f9 equa","description":"\u201cNessuno Escluso\u201d, Papa Francesco scrive al CEO di Intesa Sanpaolo Carlo Messina: \u201cVi esorto a proseguire nei vostri obiettivi per rafforzare il processo di inclusione economico-sociale\u201d.","robots":{"index":"index","follow":"follow","max-snippet":"max-snippet:-1","max-image-preview":"max-image-preview:large","max-video-preview":"max-video-preview:-1"},"canonical":"https:\/\/www.article-marketing.eu\/comunicatistampa\/carlo-messina-nessuno-escluso-intesa-sanpaolo-punta-a-disegnare-unitalia-piu-equa\/","og_locale":"it_IT","og_type":"article","og_title":"Carlo Messina: \u201cNessuno Escluso\u201d, Intesa Sanpaolo punta a disegnare un\u2019Italia pi\u00f9 equa","og_description":"\u201cNessuno Escluso\u201d, Papa Francesco scrive al CEO di Intesa Sanpaolo Carlo Messina: \u201cVi esorto a proseguire nei vostri obiettivi per rafforzare il processo di inclusione economico-sociale\u201d.","og_url":"https:\/\/www.article-marketing.eu\/comunicatistampa\/carlo-messina-nessuno-escluso-intesa-sanpaolo-punta-a-disegnare-unitalia-piu-equa\/","og_site_name":"Article Marketing","article_published_time":"2024-02-12T15:55:43+00:00","og_image":[{"url":"https:\/\/www.comunicati-stampa.net\/immaginics\/large\/ca257ccd84944ab9bb406f3faef9101f.jpg","type":"","width":"","height":""}],"author":"articolinews","twitter_card":"summary_large_image","twitter_misc":{"Scritto da":"articolinews","Tempo di lettura stimato":"3 minuti"},"schema":{"@context":"https:\/\/schema.org","@graph":[{"@type":"Article","@id":"https:\/\/www.article-marketing.eu\/comunicatistampa\/carlo-messina-nessuno-escluso-intesa-sanpaolo-punta-a-disegnare-unitalia-piu-equa\/#article","isPartOf":{"@id":"https:\/\/www.article-marketing.eu\/comunicatistampa\/carlo-messina-nessuno-escluso-intesa-sanpaolo-punta-a-disegnare-unitalia-piu-equa\/"},"author":{"name":"articolinews","@id":"https:\/\/www.article-marketing.eu\/comunicatistampa\/#\/schema\/person\/2fcaf8f8f3a9eef9eb7f27532d3ca458"},"headline":"Carlo Messina: \u201cNessuno Escluso\u201d, Intesa Sanpaolo punta a disegnare un\u2019Italia pi\u00f9 equa","datePublished":"2024-02-12T15:55:43+00:00","mainEntityOfPage":{"@id":"https:\/\/www.article-marketing.eu\/comunicatistampa\/carlo-messina-nessuno-escluso-intesa-sanpaolo-punta-a-disegnare-unitalia-piu-equa\/"},"wordCount":471,"commentCount":0,"image":{"@id":"https:\/\/www.article-marketing.eu\/comunicatistampa\/carlo-messina-nessuno-escluso-intesa-sanpaolo-punta-a-disegnare-unitalia-piu-equa\/#primaryimage"},"thumbnailUrl":"https:\/\/www.comunicati-stampa.net\/immaginics\/large\/ca257ccd84944ab9bb406f3faef9101f.jpg","keywords":["Carlo Messina"],"articleSection":["Aziende"],"inLanguage":"it-IT","potentialAction":[{"@type":"CommentAction","name":"Comment","target":["https:\/\/www.article-marketing.eu\/comunicatistampa\/carlo-messina-nessuno-escluso-intesa-sanpaolo-punta-a-disegnare-unitalia-piu-equa\/#respond"]}]},{"@type":"WebPage","@id":"https:\/\/www.article-marketing.eu\/comunicatistampa\/carlo-messina-nessuno-escluso-intesa-sanpaolo-punta-a-disegnare-unitalia-piu-equa\/","url":"https:\/\/www.article-marketing.eu\/comunicatistampa\/carlo-messina-nessuno-escluso-intesa-sanpaolo-punta-a-disegnare-unitalia-piu-equa\/","name":"Carlo Messina: \u201cNessuno Escluso\u201d, Intesa Sanpaolo punta a disegnare un\u2019Italia pi\u00f9 equa","isPartOf":{"@id":"https:\/\/www.article-marketing.eu\/comunicatistampa\/#website"},"primaryImageOfPage":{"@id":"https:\/\/www.article-marketing.eu\/comunicatistampa\/carlo-messina-nessuno-escluso-intesa-sanpaolo-punta-a-disegnare-unitalia-piu-equa\/#primaryimage"},"image":{"@id":"https:\/\/www.article-marketing.eu\/comunicatistampa\/carlo-messina-nessuno-escluso-intesa-sanpaolo-punta-a-disegnare-unitalia-piu-equa\/#primaryimage"},"thumbnailUrl":"https:\/\/www.comunicati-stampa.net\/immaginics\/large\/ca257ccd84944ab9bb406f3faef9101f.jpg","datePublished":"2024-02-12T15:55:43+00:00","author":{"@id":"https:\/\/www.article-marketing.eu\/comunicatistampa\/#\/schema\/person\/2fcaf8f8f3a9eef9eb7f27532d3ca458"},"description":"\u201cNessuno Escluso\u201d, Papa Francesco scrive al CEO di Intesa Sanpaolo Carlo Messina: \u201cVi esorto a proseguire nei vostri obiettivi per rafforzare il processo di inclusione economico-sociale\u201d.","breadcrumb":{"@id":"https:\/\/www.article-marketing.eu\/comunicatistampa\/carlo-messina-nessuno-escluso-intesa-sanpaolo-punta-a-disegnare-unitalia-piu-equa\/#breadcrumb"},"inLanguage":"it-IT","potentialAction":[{"@type":"ReadAction","target":["https:\/\/www.article-marketing.eu\/comunicatistampa\/carlo-messina-nessuno-escluso-intesa-sanpaolo-punta-a-disegnare-unitalia-piu-equa\/"]}]},{"@type":"ImageObject","inLanguage":"it-IT","@id":"https:\/\/www.article-marketing.eu\/comunicatistampa\/carlo-messina-nessuno-escluso-intesa-sanpaolo-punta-a-disegnare-unitalia-piu-equa\/#primaryimage","url":"https:\/\/www.comunicati-stampa.net\/immaginics\/large\/ca257ccd84944ab9bb406f3faef9101f.jpg","contentUrl":"https:\/\/www.comunicati-stampa.net\/immaginics\/large\/ca257ccd84944ab9bb406f3faef9101f.jpg"},{"@type":"BreadcrumbList","@id":"https:\/\/www.article-marketing.eu\/comunicatistampa\/carlo-messina-nessuno-escluso-intesa-sanpaolo-punta-a-disegnare-unitalia-piu-equa\/#breadcrumb","itemListElement":[{"@type":"ListItem","position":1,"name":"Home","item":"https:\/\/www.article-marketing.eu\/comunicatistampa\/"},{"@type":"ListItem","position":2,"name":"Carlo Messina: \u201cNessuno Escluso\u201d, Intesa Sanpaolo punta a disegnare un\u2019Italia pi\u00f9 equa"}]},{"@type":"WebSite","@id":"https:\/\/www.article-marketing.eu\/comunicatistampa\/#website","url":"https:\/\/www.article-marketing.eu\/comunicatistampa\/","name":"Article Marketing","description":"article marketing &amp; press release","potentialAction":[{"@type":"SearchAction","target":{"@type":"EntryPoint","urlTemplate":"https:\/\/www.article-marketing.eu\/comunicatistampa\/?s={search_term_string}"},"query-input":{"@type":"PropertyValueSpecification","valueRequired":true,"valueName":"search_term_string"}}],"inLanguage":"it-IT"},{"@type":"Person","@id":"https:\/\/www.article-marketing.eu\/comunicatistampa\/#\/schema\/person\/2fcaf8f8f3a9eef9eb7f27532d3ca458","name":"articolinews","image":{"@type":"ImageObject","inLanguage":"it-IT","@id":"https:\/\/secure.gravatar.com\/avatar\/9e2a264bab04e17dea24d937c9956304649a848cb73c46747a692ff1bdeb1cb7?s=96&d=mm&r=g","url":"https:\/\/secure.gravatar.com\/avatar\/9e2a264bab04e17dea24d937c9956304649a848cb73c46747a692ff1bdeb1cb7?s=96&d=mm&r=g","contentUrl":"https:\/\/secure.gravatar.com\/avatar\/9e2a264bab04e17dea24d937c9956304649a848cb73c46747a692ff1bdeb1cb7?s=96&d=mm&r=g","caption":"articolinews"},"url":"https:\/\/www.article-marketing.eu\/comunicatistampa\/author\/articolinews\/"}]}},"_links":{"self":[{"href":"https:\/\/www.article-marketing.eu\/comunicatistampa\/wp-json\/wp\/v2\/posts\/29292","targetHints":{"allow":["GET"]}}],"collection":[{"href":"https:\/\/www.article-marketing.eu\/comunicatistampa\/wp-json\/wp\/v2\/posts"}],"about":[{"href":"https:\/\/www.article-marketing.eu\/comunicatistampa\/wp-json\/wp\/v2\/types\/post"}],"author":[{"embeddable":true,"href":"https:\/\/www.article-marketing.eu\/comunicatistampa\/wp-json\/wp\/v2\/users\/6477"}],"replies":[{"embeddable":true,"href":"https:\/\/www.article-marketing.eu\/comunicatistampa\/wp-json\/wp\/v2\/comments?post=29292"}],"version-history":[{"count":2,"href":"https:\/\/www.article-marketing.eu\/comunicatistampa\/wp-json\/wp\/v2\/posts\/29292\/revisions"}],"predecessor-version":[{"id":29651,"href":"https:\/\/www.article-marketing.eu\/comunicatistampa\/wp-json\/wp\/v2\/posts\/29292\/revisions\/29651"}],"wp:attachment":[{"href":"https:\/\/www.article-marketing.eu\/comunicatistampa\/wp-json\/wp\/v2\/media?parent=29292"}],"wp:term":[{"taxonomy":"category","embeddable":true,"href":"https:\/\/www.article-marketing.eu\/comunicatistampa\/wp-json\/wp\/v2\/categories?post=29292"},{"taxonomy":"post_tag","embeddable":true,"href":"https:\/\/www.article-marketing.eu\/comunicatistampa\/wp-json\/wp\/v2\/tags?post=29292"}],"curies":[{"name":"wp","href":"https:\/\/api.w.org\/{rel}","templated":true}]}}