{"id":29294,"date":"2024-02-12T17:27:06","date_gmt":"2024-02-12T16:27:06","guid":{"rendered":"https:\/\/www.article-marketing.eu\/comunicatistampa\/?p=29294"},"modified":"2024-02-12T17:27:06","modified_gmt":"2024-02-12T16:27:06","slug":"alessandro-benetton-racconta-il-suo-2023-tra-arte-e-imprenditoria","status":"publish","type":"post","link":"https:\/\/www.article-marketing.eu\/comunicatistampa\/alessandro-benetton-racconta-il-suo-2023-tra-arte-e-imprenditoria\/","title":{"rendered":"Alessandro Benetton racconta il suo 2023 tra arte e imprenditoria"},"content":{"rendered":"<p><em><strong>Attraverso un post su LinkedIn, <a title=\"Alessandro Benetton condivide il bilancio personale del 2023\" href=\"https:\/\/nordesteconomia.gelocal.it\/imprese\/2024\/01\/03\/news\/alessandro_benetton_il_bilancio_di_un_anno_il_2023_di_innovazioni_e_nuove_traiettorie-13971304\/\">Alessandro Benetton<\/a> ripercorre i momenti salienti dell\u2019anno appena passato, ricco di novit\u00e0 e sfide: dal restauro del Palazzo Ancilotto, gioiello cinquecentesco che funger\u00e0 da sede per 21 Invest, a una serie di progetti imprenditoriali, il bilancio del 2023 sembra preannunciare un anno nuovo ancora pi\u00f9 denso e ricco di novit\u00e0.<\/strong><\/em><\/p>\n<p><strong>\u00a0<a title=\"Alessandro Benetton ripercorre i momenti pi\u00f9 importanti del 2023\" href=\"https:\/\/nordesteconomia.gelocal.it\/imprese\/2024\/01\/03\/news\/alessandro_benetton_il_bilancio_di_un_anno_il_2023_di_innovazioni_e_nuove_traiettorie-13971304\/\"><img loading=\"lazy\" decoding=\"async\" src=\"https:\/\/www.gedistatic.it\/content\/gnn\/img\/nordesteconomia\/2024\/01\/03\/202255902-fd78fb1a-2e22-45f7-a409-aa16d26cac4e.jpg?webp\" alt=\"L'imprenditore Alessandro Benetton\" width=\"267\" height=\"150\" \/><\/a><\/strong><\/p>\n<h2>Alessandro Benetton, il bilancio del 2023 dell\u2019imprenditore in un post su LinkedIn<\/h2>\n<p>Il 2023? Un anno di grandi novit\u00e0 e successi per <strong>Alessandro Benetton<\/strong>, che ha ripercorso le tappe fondamentali dell\u2019annata attraverso un post su LinkedIn. \u201c<em>\u00c8 arrivato quel momento. Quello in cui il 2024 ci ha aperto da poco le sue porte, e il desiderio di tirare le somme dell\u2019anno passato \u00e8 forte. Sono nati nuovi progetti e quelli che esistevano gi\u00e0 sono avanzati in modo considerevole. Sono per questo felice di condividere con voi i momenti pi\u00f9 significativi e emozionanti dell&#8217;anno appena trascorso. Un capitolo ricco di innovazioni e nuove traiettorie<\/em>\u201d. Uno degli avvenimenti che maggiormente rende orgoglioso l\u2019imprenditore \u00e8 il restauro di Palazzo Ancillotto, sito storico cinquecentesco collocato nel cuore di Treviso, che vivr\u00e0 una nuova vita come sede di 21 Invest. \u201c<em>Il progetto di restauro e riqualifica \u00e8 avvenuto sotto la guida di David Chipperfield, riconosciuto quest&#8217;anno come il miglior architetto al mondo grazie al The Pritzker Architecture Prize<\/em>\u201d, ha rivelato <strong>Alessandro Benetton<\/strong>. Spiccano anche numerose iniziative nel mondo dell\u2019arte, il progetto Aeroporti di Roma e la Factory Food Designer.<\/p>\n<h2>Alessandro Benetton, le maggiori novit\u00e0 del 2023 tra Mundys e 2100 Ventures<\/h2>\n<p>Tra gli episodi pi\u00f9 rilevanti del 2023, <a title=\"Alessandro Benetton tira le somme dell'anno appena passato\" href=\"https:\/\/nordesteconomia.gelocal.it\/imprese\/2024\/01\/03\/news\/alessandro_benetton_il_bilancio_di_un_anno_il_2023_di_innovazioni_e_nuove_traiettorie-13971304\/\"><strong>Alessandro Benetton<\/strong><\/a> ha citato la fusione di Dufry e Autogrill, che ha dato vita ad Avolta, e il lancio di Mundys, un progetto mirato a diventare leader italiano nella gestione di infrastrutture e servizi di mobilit\u00e0 integrata e sostenibile. La nascita della nuova societ\u00e0 \u00e8, nelle parole dell\u2019imprenditore, \u201c<em>un altro momento chiave del mio 2023. Anche qui, in qualche modo, i beneficiari sono e saranno i viaggiatori. Questa iniziativa \u00e8 stata infatti guidata da un ambizioso obiettivo: diventare un gruppo italiano leader nella gestione di infrastrutture e servizi di mobilit\u00e0 integrata e sostenibile entro i prossimi 5 anni<\/em>\u201d. Grande entusiasmo, poi, per 2100 Ventures, che <strong>Alessandro Benetton<\/strong> ha descritto come \u201c<em>un venture capital italo-inglese dedicato a startup e giovani founder italiani ed europei<\/em>\u201d, gi\u00e0 distintasi nei mercati internazionali: \u201c<em>Con una dotazione iniziale di 30 milioni di euro, 2100 Ventures ha gi\u00e0 effettuato 6 investimenti, dimostrando il suo impegno verso settori chiave come B2B SaaS, Climate Tech, Fintech e Data<\/em>\u201d.<\/p>\n","protected":false},"excerpt":{"rendered":"<p>Attraverso un post su LinkedIn, Alessandro Benetton ripercorre i momenti salienti dell\u2019anno appena passato, ricco di novit\u00e0 e sfide: dal restauro del Palazzo Ancilotto, gioiello cinquecentesco che funger\u00e0 da sede per 21 Invest, a una serie di progetti imprenditoriali, il bilancio del 2023 sembra preannunciare un anno nuovo ancora pi\u00f9 denso e ricco di novit\u00e0. \u00a0 Alessandro Benetton, il bilancio del 2023 dell\u2019imprenditore in un post su LinkedIn Il 2023?<\/p>\n<p><a class=\"continue-reading\" href=\"https:\/\/www.article-marketing.eu\/comunicatistampa\/alessandro-benetton-racconta-il-suo-2023-tra-arte-e-imprenditoria\/\">Continue reading&#8230;<\/a><\/p>\n","protected":false},"author":7191,"featured_media":0,"comment_status":"open","ping_status":"open","sticky":false,"template":"","format":"standard","meta":{"_monsterinsights_skip_tracking":false,"_monsterinsights_sitenote_active":false,"_monsterinsights_sitenote_note":"","_monsterinsights_sitenote_category":0,"footnotes":""},"categories":[386],"tags":[9630],"class_list":["post-29294","post","type-post","status-publish","format-standard","hentry","category-economia-e-lavoro","tag-alessandro-benetton"],"yoast_head":"<!-- This site is optimized with the Yoast SEO plugin v27.3 - https:\/\/yoast.com\/product\/yoast-seo-wordpress\/ -->\n<title>Alessandro Benetton racconta il suo 2023 tra arte e imprenditoria - Article Marketing<\/title>\n<meta name=\"description\" content=\"Dai successi di 21 Invest alla fusione di Dufry e Autogrill, Alessandro Benetton racconta un anno di crescita e nuove direzioni\" \/>\n<meta name=\"robots\" content=\"index, follow, max-snippet:-1, max-image-preview:large, max-video-preview:-1\" \/>\n<link rel=\"canonical\" href=\"https:\/\/www.article-marketing.eu\/comunicatistampa\/alessandro-benetton-racconta-il-suo-2023-tra-arte-e-imprenditoria\/\" \/>\n<meta property=\"og:locale\" content=\"it_IT\" \/>\n<meta property=\"og:type\" content=\"article\" \/>\n<meta property=\"og:title\" content=\"Alessandro Benetton racconta il suo 2023 tra arte e imprenditoria - Article Marketing\" \/>\n<meta property=\"og:description\" content=\"Dai successi di 21 Invest alla fusione di Dufry e Autogrill, Alessandro Benetton racconta un anno di crescita e nuove direzioni\" \/>\n<meta property=\"og:url\" content=\"https:\/\/www.article-marketing.eu\/comunicatistampa\/alessandro-benetton-racconta-il-suo-2023-tra-arte-e-imprenditoria\/\" \/>\n<meta property=\"og:site_name\" content=\"Article Marketing\" \/>\n<meta property=\"article:published_time\" content=\"2024-02-12T16:27:06+00:00\" \/>\n<meta property=\"og:image\" content=\"https:\/\/www.gedistatic.it\/content\/gnn\/img\/nordesteconomia\/2024\/01\/03\/202255902-fd78fb1a-2e22-45f7-a409-aa16d26cac4e.jpg?webp\" \/>\n<meta name=\"author\" content=\"agencyabweb\" \/>\n<meta name=\"twitter:card\" content=\"summary_large_image\" \/>\n<meta name=\"twitter:label1\" content=\"Scritto da\" \/>\n\t<meta name=\"twitter:data1\" content=\"agencyabweb\" \/>\n\t<meta name=\"twitter:label2\" content=\"Tempo di lettura stimato\" \/>\n\t<meta name=\"twitter:data2\" content=\"3 minuti\" \/>\n<script type=\"application\/ld+json\" class=\"yoast-schema-graph\">{\"@context\":\"https:\\\/\\\/schema.org\",\"@graph\":[{\"@type\":\"Article\",\"@id\":\"https:\\\/\\\/www.article-marketing.eu\\\/comunicatistampa\\\/alessandro-benetton-racconta-il-suo-2023-tra-arte-e-imprenditoria\\\/#article\",\"isPartOf\":{\"@id\":\"https:\\\/\\\/www.article-marketing.eu\\\/comunicatistampa\\\/alessandro-benetton-racconta-il-suo-2023-tra-arte-e-imprenditoria\\\/\"},\"author\":{\"name\":\"agencyabweb\",\"@id\":\"https:\\\/\\\/www.article-marketing.eu\\\/comunicatistampa\\\/#\\\/schema\\\/person\\\/387302ea07720c8cca9cb7cbc223fca4\"},\"headline\":\"Alessandro Benetton racconta il suo 2023 tra arte e imprenditoria\",\"datePublished\":\"2024-02-12T16:27:06+00:00\",\"mainEntityOfPage\":{\"@id\":\"https:\\\/\\\/www.article-marketing.eu\\\/comunicatistampa\\\/alessandro-benetton-racconta-il-suo-2023-tra-arte-e-imprenditoria\\\/\"},\"wordCount\":413,\"commentCount\":0,\"image\":{\"@id\":\"https:\\\/\\\/www.article-marketing.eu\\\/comunicatistampa\\\/alessandro-benetton-racconta-il-suo-2023-tra-arte-e-imprenditoria\\\/#primaryimage\"},\"thumbnailUrl\":\"https:\\\/\\\/www.gedistatic.it\\\/content\\\/gnn\\\/img\\\/nordesteconomia\\\/2024\\\/01\\\/03\\\/202255902-fd78fb1a-2e22-45f7-a409-aa16d26cac4e.jpg?webp\",\"keywords\":[\"Alessandro Benetton\"],\"articleSection\":[\"Economia e lavoro\"],\"inLanguage\":\"it-IT\",\"potentialAction\":[{\"@type\":\"CommentAction\",\"name\":\"Comment\",\"target\":[\"https:\\\/\\\/www.article-marketing.eu\\\/comunicatistampa\\\/alessandro-benetton-racconta-il-suo-2023-tra-arte-e-imprenditoria\\\/#respond\"]}]},{\"@type\":\"WebPage\",\"@id\":\"https:\\\/\\\/www.article-marketing.eu\\\/comunicatistampa\\\/alessandro-benetton-racconta-il-suo-2023-tra-arte-e-imprenditoria\\\/\",\"url\":\"https:\\\/\\\/www.article-marketing.eu\\\/comunicatistampa\\\/alessandro-benetton-racconta-il-suo-2023-tra-arte-e-imprenditoria\\\/\",\"name\":\"Alessandro Benetton racconta il suo 2023 tra arte e imprenditoria - Article Marketing\",\"isPartOf\":{\"@id\":\"https:\\\/\\\/www.article-marketing.eu\\\/comunicatistampa\\\/#website\"},\"primaryImageOfPage\":{\"@id\":\"https:\\\/\\\/www.article-marketing.eu\\\/comunicatistampa\\\/alessandro-benetton-racconta-il-suo-2023-tra-arte-e-imprenditoria\\\/#primaryimage\"},\"image\":{\"@id\":\"https:\\\/\\\/www.article-marketing.eu\\\/comunicatistampa\\\/alessandro-benetton-racconta-il-suo-2023-tra-arte-e-imprenditoria\\\/#primaryimage\"},\"thumbnailUrl\":\"https:\\\/\\\/www.gedistatic.it\\\/content\\\/gnn\\\/img\\\/nordesteconomia\\\/2024\\\/01\\\/03\\\/202255902-fd78fb1a-2e22-45f7-a409-aa16d26cac4e.jpg?webp\",\"datePublished\":\"2024-02-12T16:27:06+00:00\",\"author\":{\"@id\":\"https:\\\/\\\/www.article-marketing.eu\\\/comunicatistampa\\\/#\\\/schema\\\/person\\\/387302ea07720c8cca9cb7cbc223fca4\"},\"description\":\"Dai successi di 21 Invest alla fusione di Dufry e Autogrill, Alessandro Benetton racconta un anno di crescita e nuove direzioni\",\"breadcrumb\":{\"@id\":\"https:\\\/\\\/www.article-marketing.eu\\\/comunicatistampa\\\/alessandro-benetton-racconta-il-suo-2023-tra-arte-e-imprenditoria\\\/#breadcrumb\"},\"inLanguage\":\"it-IT\",\"potentialAction\":[{\"@type\":\"ReadAction\",\"target\":[\"https:\\\/\\\/www.article-marketing.eu\\\/comunicatistampa\\\/alessandro-benetton-racconta-il-suo-2023-tra-arte-e-imprenditoria\\\/\"]}]},{\"@type\":\"ImageObject\",\"inLanguage\":\"it-IT\",\"@id\":\"https:\\\/\\\/www.article-marketing.eu\\\/comunicatistampa\\\/alessandro-benetton-racconta-il-suo-2023-tra-arte-e-imprenditoria\\\/#primaryimage\",\"url\":\"https:\\\/\\\/www.gedistatic.it\\\/content\\\/gnn\\\/img\\\/nordesteconomia\\\/2024\\\/01\\\/03\\\/202255902-fd78fb1a-2e22-45f7-a409-aa16d26cac4e.jpg?webp\",\"contentUrl\":\"https:\\\/\\\/www.gedistatic.it\\\/content\\\/gnn\\\/img\\\/nordesteconomia\\\/2024\\\/01\\\/03\\\/202255902-fd78fb1a-2e22-45f7-a409-aa16d26cac4e.jpg?webp\"},{\"@type\":\"BreadcrumbList\",\"@id\":\"https:\\\/\\\/www.article-marketing.eu\\\/comunicatistampa\\\/alessandro-benetton-racconta-il-suo-2023-tra-arte-e-imprenditoria\\\/#breadcrumb\",\"itemListElement\":[{\"@type\":\"ListItem\",\"position\":1,\"name\":\"Home\",\"item\":\"https:\\\/\\\/www.article-marketing.eu\\\/comunicatistampa\\\/\"},{\"@type\":\"ListItem\",\"position\":2,\"name\":\"Alessandro Benetton racconta il suo 2023 tra arte e imprenditoria\"}]},{\"@type\":\"WebSite\",\"@id\":\"https:\\\/\\\/www.article-marketing.eu\\\/comunicatistampa\\\/#website\",\"url\":\"https:\\\/\\\/www.article-marketing.eu\\\/comunicatistampa\\\/\",\"name\":\"Article Marketing\",\"description\":\"article marketing &amp; press release\",\"potentialAction\":[{\"@type\":\"SearchAction\",\"target\":{\"@type\":\"EntryPoint\",\"urlTemplate\":\"https:\\\/\\\/www.article-marketing.eu\\\/comunicatistampa\\\/?s={search_term_string}\"},\"query-input\":{\"@type\":\"PropertyValueSpecification\",\"valueRequired\":true,\"valueName\":\"search_term_string\"}}],\"inLanguage\":\"it-IT\"},{\"@type\":\"Person\",\"@id\":\"https:\\\/\\\/www.article-marketing.eu\\\/comunicatistampa\\\/#\\\/schema\\\/person\\\/387302ea07720c8cca9cb7cbc223fca4\",\"name\":\"agencyabweb\",\"image\":{\"@type\":\"ImageObject\",\"inLanguage\":\"it-IT\",\"@id\":\"https:\\\/\\\/secure.gravatar.com\\\/avatar\\\/c9b06452f87b0cd78054668e3d508288cb2761bcd8a9f8bb19bb1cfb5638006f?s=96&d=mm&r=g\",\"url\":\"https:\\\/\\\/secure.gravatar.com\\\/avatar\\\/c9b06452f87b0cd78054668e3d508288cb2761bcd8a9f8bb19bb1cfb5638006f?s=96&d=mm&r=g\",\"contentUrl\":\"https:\\\/\\\/secure.gravatar.com\\\/avatar\\\/c9b06452f87b0cd78054668e3d508288cb2761bcd8a9f8bb19bb1cfb5638006f?s=96&d=mm&r=g\",\"caption\":\"agencyabweb\"},\"url\":\"https:\\\/\\\/www.article-marketing.eu\\\/comunicatistampa\\\/author\\\/agencyabweb\\\/\"}]}<\/script>\n<!-- \/ Yoast SEO plugin. -->","yoast_head_json":{"title":"Alessandro Benetton racconta il suo 2023 tra arte e imprenditoria - Article Marketing","description":"Dai successi di 21 Invest alla fusione di Dufry e Autogrill, Alessandro Benetton racconta un anno di crescita e nuove direzioni","robots":{"index":"index","follow":"follow","max-snippet":"max-snippet:-1","max-image-preview":"max-image-preview:large","max-video-preview":"max-video-preview:-1"},"canonical":"https:\/\/www.article-marketing.eu\/comunicatistampa\/alessandro-benetton-racconta-il-suo-2023-tra-arte-e-imprenditoria\/","og_locale":"it_IT","og_type":"article","og_title":"Alessandro Benetton racconta il suo 2023 tra arte e imprenditoria - Article Marketing","og_description":"Dai successi di 21 Invest alla fusione di Dufry e Autogrill, Alessandro Benetton racconta un anno di crescita e nuove direzioni","og_url":"https:\/\/www.article-marketing.eu\/comunicatistampa\/alessandro-benetton-racconta-il-suo-2023-tra-arte-e-imprenditoria\/","og_site_name":"Article Marketing","article_published_time":"2024-02-12T16:27:06+00:00","og_image":[{"url":"https:\/\/www.gedistatic.it\/content\/gnn\/img\/nordesteconomia\/2024\/01\/03\/202255902-fd78fb1a-2e22-45f7-a409-aa16d26cac4e.jpg?webp","type":"","width":"","height":""}],"author":"agencyabweb","twitter_card":"summary_large_image","twitter_misc":{"Scritto da":"agencyabweb","Tempo di lettura stimato":"3 minuti"},"schema":{"@context":"https:\/\/schema.org","@graph":[{"@type":"Article","@id":"https:\/\/www.article-marketing.eu\/comunicatistampa\/alessandro-benetton-racconta-il-suo-2023-tra-arte-e-imprenditoria\/#article","isPartOf":{"@id":"https:\/\/www.article-marketing.eu\/comunicatistampa\/alessandro-benetton-racconta-il-suo-2023-tra-arte-e-imprenditoria\/"},"author":{"name":"agencyabweb","@id":"https:\/\/www.article-marketing.eu\/comunicatistampa\/#\/schema\/person\/387302ea07720c8cca9cb7cbc223fca4"},"headline":"Alessandro Benetton racconta il suo 2023 tra arte e imprenditoria","datePublished":"2024-02-12T16:27:06+00:00","mainEntityOfPage":{"@id":"https:\/\/www.article-marketing.eu\/comunicatistampa\/alessandro-benetton-racconta-il-suo-2023-tra-arte-e-imprenditoria\/"},"wordCount":413,"commentCount":0,"image":{"@id":"https:\/\/www.article-marketing.eu\/comunicatistampa\/alessandro-benetton-racconta-il-suo-2023-tra-arte-e-imprenditoria\/#primaryimage"},"thumbnailUrl":"https:\/\/www.gedistatic.it\/content\/gnn\/img\/nordesteconomia\/2024\/01\/03\/202255902-fd78fb1a-2e22-45f7-a409-aa16d26cac4e.jpg?webp","keywords":["Alessandro Benetton"],"articleSection":["Economia e lavoro"],"inLanguage":"it-IT","potentialAction":[{"@type":"CommentAction","name":"Comment","target":["https:\/\/www.article-marketing.eu\/comunicatistampa\/alessandro-benetton-racconta-il-suo-2023-tra-arte-e-imprenditoria\/#respond"]}]},{"@type":"WebPage","@id":"https:\/\/www.article-marketing.eu\/comunicatistampa\/alessandro-benetton-racconta-il-suo-2023-tra-arte-e-imprenditoria\/","url":"https:\/\/www.article-marketing.eu\/comunicatistampa\/alessandro-benetton-racconta-il-suo-2023-tra-arte-e-imprenditoria\/","name":"Alessandro Benetton racconta il suo 2023 tra arte e imprenditoria - Article Marketing","isPartOf":{"@id":"https:\/\/www.article-marketing.eu\/comunicatistampa\/#website"},"primaryImageOfPage":{"@id":"https:\/\/www.article-marketing.eu\/comunicatistampa\/alessandro-benetton-racconta-il-suo-2023-tra-arte-e-imprenditoria\/#primaryimage"},"image":{"@id":"https:\/\/www.article-marketing.eu\/comunicatistampa\/alessandro-benetton-racconta-il-suo-2023-tra-arte-e-imprenditoria\/#primaryimage"},"thumbnailUrl":"https:\/\/www.gedistatic.it\/content\/gnn\/img\/nordesteconomia\/2024\/01\/03\/202255902-fd78fb1a-2e22-45f7-a409-aa16d26cac4e.jpg?webp","datePublished":"2024-02-12T16:27:06+00:00","author":{"@id":"https:\/\/www.article-marketing.eu\/comunicatistampa\/#\/schema\/person\/387302ea07720c8cca9cb7cbc223fca4"},"description":"Dai successi di 21 Invest alla fusione di Dufry e Autogrill, Alessandro Benetton racconta un anno di crescita e nuove direzioni","breadcrumb":{"@id":"https:\/\/www.article-marketing.eu\/comunicatistampa\/alessandro-benetton-racconta-il-suo-2023-tra-arte-e-imprenditoria\/#breadcrumb"},"inLanguage":"it-IT","potentialAction":[{"@type":"ReadAction","target":["https:\/\/www.article-marketing.eu\/comunicatistampa\/alessandro-benetton-racconta-il-suo-2023-tra-arte-e-imprenditoria\/"]}]},{"@type":"ImageObject","inLanguage":"it-IT","@id":"https:\/\/www.article-marketing.eu\/comunicatistampa\/alessandro-benetton-racconta-il-suo-2023-tra-arte-e-imprenditoria\/#primaryimage","url":"https:\/\/www.gedistatic.it\/content\/gnn\/img\/nordesteconomia\/2024\/01\/03\/202255902-fd78fb1a-2e22-45f7-a409-aa16d26cac4e.jpg?webp","contentUrl":"https:\/\/www.gedistatic.it\/content\/gnn\/img\/nordesteconomia\/2024\/01\/03\/202255902-fd78fb1a-2e22-45f7-a409-aa16d26cac4e.jpg?webp"},{"@type":"BreadcrumbList","@id":"https:\/\/www.article-marketing.eu\/comunicatistampa\/alessandro-benetton-racconta-il-suo-2023-tra-arte-e-imprenditoria\/#breadcrumb","itemListElement":[{"@type":"ListItem","position":1,"name":"Home","item":"https:\/\/www.article-marketing.eu\/comunicatistampa\/"},{"@type":"ListItem","position":2,"name":"Alessandro Benetton racconta il suo 2023 tra arte e imprenditoria"}]},{"@type":"WebSite","@id":"https:\/\/www.article-marketing.eu\/comunicatistampa\/#website","url":"https:\/\/www.article-marketing.eu\/comunicatistampa\/","name":"Article Marketing","description":"article marketing &amp; press release","potentialAction":[{"@type":"SearchAction","target":{"@type":"EntryPoint","urlTemplate":"https:\/\/www.article-marketing.eu\/comunicatistampa\/?s={search_term_string}"},"query-input":{"@type":"PropertyValueSpecification","valueRequired":true,"valueName":"search_term_string"}}],"inLanguage":"it-IT"},{"@type":"Person","@id":"https:\/\/www.article-marketing.eu\/comunicatistampa\/#\/schema\/person\/387302ea07720c8cca9cb7cbc223fca4","name":"agencyabweb","image":{"@type":"ImageObject","inLanguage":"it-IT","@id":"https:\/\/secure.gravatar.com\/avatar\/c9b06452f87b0cd78054668e3d508288cb2761bcd8a9f8bb19bb1cfb5638006f?s=96&d=mm&r=g","url":"https:\/\/secure.gravatar.com\/avatar\/c9b06452f87b0cd78054668e3d508288cb2761bcd8a9f8bb19bb1cfb5638006f?s=96&d=mm&r=g","contentUrl":"https:\/\/secure.gravatar.com\/avatar\/c9b06452f87b0cd78054668e3d508288cb2761bcd8a9f8bb19bb1cfb5638006f?s=96&d=mm&r=g","caption":"agencyabweb"},"url":"https:\/\/www.article-marketing.eu\/comunicatistampa\/author\/agencyabweb\/"}]}},"_links":{"self":[{"href":"https:\/\/www.article-marketing.eu\/comunicatistampa\/wp-json\/wp\/v2\/posts\/29294","targetHints":{"allow":["GET"]}}],"collection":[{"href":"https:\/\/www.article-marketing.eu\/comunicatistampa\/wp-json\/wp\/v2\/posts"}],"about":[{"href":"https:\/\/www.article-marketing.eu\/comunicatistampa\/wp-json\/wp\/v2\/types\/post"}],"author":[{"embeddable":true,"href":"https:\/\/www.article-marketing.eu\/comunicatistampa\/wp-json\/wp\/v2\/users\/7191"}],"replies":[{"embeddable":true,"href":"https:\/\/www.article-marketing.eu\/comunicatistampa\/wp-json\/wp\/v2\/comments?post=29294"}],"version-history":[{"count":2,"href":"https:\/\/www.article-marketing.eu\/comunicatistampa\/wp-json\/wp\/v2\/posts\/29294\/revisions"}],"predecessor-version":[{"id":29700,"href":"https:\/\/www.article-marketing.eu\/comunicatistampa\/wp-json\/wp\/v2\/posts\/29294\/revisions\/29700"}],"wp:attachment":[{"href":"https:\/\/www.article-marketing.eu\/comunicatistampa\/wp-json\/wp\/v2\/media?parent=29294"}],"wp:term":[{"taxonomy":"category","embeddable":true,"href":"https:\/\/www.article-marketing.eu\/comunicatistampa\/wp-json\/wp\/v2\/categories?post=29294"},{"taxonomy":"post_tag","embeddable":true,"href":"https:\/\/www.article-marketing.eu\/comunicatistampa\/wp-json\/wp\/v2\/tags?post=29294"}],"curies":[{"name":"wp","href":"https:\/\/api.w.org\/{rel}","templated":true}]}}