{"id":29372,"date":"2024-02-12T17:29:25","date_gmt":"2024-02-12T16:29:25","guid":{"rendered":"https:\/\/www.article-marketing.eu\/comunicatistampa\/?p=29372"},"modified":"2024-02-12T17:29:25","modified_gmt":"2024-02-12T16:29:25","slug":"sicurezza-competitivita-sostenibilita-luca-dal-fabbro-e-il-futuro-energetico-in-italia","status":"publish","type":"post","link":"https:\/\/www.article-marketing.eu\/comunicatistampa\/sicurezza-competitivita-sostenibilita-luca-dal-fabbro-e-il-futuro-energetico-in-italia\/","title":{"rendered":"Sicurezza, competitivit\u00e0, sostenibilit\u00e0: Luca Dal Fabbro e il futuro energetico in Italia"},"content":{"rendered":"<p><strong><em>Il Presidente di Iren <a title=\"Il Presidente di Iren Luca Dal Fabbro parla del progetto Gioia Tauro\" href=\"https:\/\/www.repubblica.it\/economia\/affari-e-finanza\/2023\/02\/27\/news\/luca_dal_fabbro_nuove_alleanze_per_diventare_lhub_deuropa-389354696\/\">Luca Dal Fabbro<\/a> ha delineato una prospettiva chiara sulla politica energetica italiana, proiettando il Paese verso una posizione centrale nell\u2019approvvigionamento energetico europeo.<\/em><\/strong><\/p>\n<p><a title=\"Luca Dal Fabbro, Presidente di Iren, sul progetto Gioia Tauro: l'articolo su &quot;La Repubblica&quot;\" href=\"https:\/\/www.repubblica.it\/economia\/affari-e-finanza\/2023\/02\/27\/news\/luca_dal_fabbro_nuove_alleanze_per_diventare_lhub_deuropa-389354696\/\"><strong><em><img loading=\"lazy\" decoding=\"async\" src=\"https:\/\/www.lucadalfabbro.it\/wp-content\/uploads\/2023\/11\/iren_a_economondo_partecipa_il_presidente_luca_dal_fabbro.jpg\" alt=\"Luca Dal Fabbro\" width=\"300\" height=\"200\" \/><\/em><\/strong><\/a><\/p>\n<h2>Luca Dal Fabbro: la visione strategica per l\u2019Italia come hub energetico europeo<\/h2>\n<p><a title=\"Il pensiero di Luca Dal Fabbro, Presidente di Iren, sulla politica energetica in un articolo su &quot;La Repubblica&quot;\" href=\"https:\/\/www.repubblica.it\/economia\/affari-e-finanza\/2023\/02\/27\/news\/luca_dal_fabbro_nuove_alleanze_per_diventare_lhub_deuropa-389354696\/\"><strong>Luca Dal Fabbro<\/strong><\/a> ha enfatizzato l\u2019urgenza di tradurre in azioni concrete le direttive del piano Mattei, focalizzandosi su tre pilastri fondamentali: sicurezza energetica, competitivit\u00e0 delle fonti e sostenibilit\u00e0. Quest\u2019ultima \u201c<em>\u00e8 determinante perch\u00e9 permetter\u00e0 di ridurre i costi, non di aumentarli<\/em>\u201d. La visione del Presidente Iren si estende oltre i confini nazionali, puntando a porre l\u2019Italia al centro di alleanze continentali, ma non solo. L\u2019Africa, ha dichiarato, rivestir\u00e0 un ruolo determinante nella definizione delle politiche energetiche future. La sovranit\u00e0 energetica rappresenta quindi un elemento chiave, ma \u00e8 solo uno degli aspetti della sfida complessiva. E per far s\u00ec che l\u2019Italia diventi l\u2019hub energetico dell\u2019Europa, ha chiarito <strong>Luca Dal Fabbro<\/strong> \u201c<em>bisogna che l\u2019industria, la ricerca, la difesa, la diplomazia, lavorino insieme in maniera sinergica, in modo integrato<\/em>\u201d. Per quanto riguarda invece i gasdotti e i rigassificatori, secondo il Presidente di Iren, \u201c<em>non c\u2019\u00e8 una soluzione migliore<\/em>\u201d: la chiave \u00e8 diversificare le fonti per garantire sicurezza e sovranit\u00e0 energetica. In tale contesto, il rigassificatore gioca un ruolo strategico. \u201c<em>Come Iren stiamo sviluppando il pi\u00f9 grande rigassificatore che c\u2019\u00e8 in Italia, a Gioia Tauro, come potenza, fino a 16 miliardi di metri cubi, dove \u00e8 prevista la possibilit\u00e0 di stoccare un miliardo di metri cubi<\/em>\u201d, ha aggiunto il Presidente.<\/p>\n<h2>Luca Dal Fabbro: prospettive strategiche per il futuro energetico dell\u2019Italia<\/h2>\n<p>Anche la questione relativa alla convenienza tra gas proveniente dai gasdotti e quello liquido \u00e8 al centro dell\u2019analisi di <strong>Luca Dal Fabbro<\/strong>. Nonostante il maggiore costo associato al gas liquefatto dovuto alla necessit\u00e0 di passare attraverso un rigassificatore, infatti, le pipeline non sono esenti da spese: il mantenimento di un gasdotto comporta costi simili a quelli per il mantenimento di un rigassificatore. Quando si costruisce una pipeline, si stabilisce il prezzo del gas per un periodo medio-lungo. Al contrario, con il gas liquido, si stipulano contratti spot, offrendo maggiore flessibilit\u00e0 sui prezzi. Riguardo all\u2019Italia come porta di ingresso dell\u2019Europa per il gas, <strong>Luca Dal Fabbro<\/strong> prospetta un cambiamento significativo. Il Nord Europa vedr\u00e0 una riduzione delle forniture di gas e dalla Russia gli approvvigionamenti saranno assenti, se non drasticamente ridotti per i prossimi anni. L\u2019Italia pu\u00f2 proporsi quindi come centro per rigassificare il gas destinato a Paesi come Germania o Inghilterra. Per rendere questa prospettiva una realt\u00e0, oltre a progetti come Gioia Tauro, \u00e8 fondamentale stringere alleanze in Europa, negli Stati Uniti e con i Paesi fornitori di gas. In termini di energie rinnovabili, <strong>Luca Dal Fabbro<\/strong> sostiene il potenziale del fotovoltaico come alternativa. Per l\u2019Italia, anche lo sviluppo dell\u2019eolico e del solare \u00e8 strategico, \u201c<em>ma vanno sburocratizzati i processi per le autorizzazioni<\/em>\u201d.<\/p>\n","protected":false},"excerpt":{"rendered":"<p>Il Presidente di Iren Luca Dal Fabbro ha delineato una prospettiva chiara sulla politica energetica italiana, proiettando il Paese verso una posizione centrale nell\u2019approvvigionamento energetico europeo. Luca Dal Fabbro: la visione strategica per l\u2019Italia come hub energetico europeo Luca Dal Fabbro ha enfatizzato l\u2019urgenza di tradurre in azioni concrete le direttive del piano Mattei, focalizzandosi su tre pilastri fondamentali: sicurezza energetica, competitivit\u00e0 delle fonti e sostenibilit\u00e0. Quest\u2019ultima \u201c\u00e8 determinante perch\u00e9<\/p>\n<p><a class=\"continue-reading\" href=\"https:\/\/www.article-marketing.eu\/comunicatistampa\/sicurezza-competitivita-sostenibilita-luca-dal-fabbro-e-il-futuro-energetico-in-italia\/\">Continue reading&#8230;<\/a><\/p>\n","protected":false},"author":7233,"featured_media":0,"comment_status":"open","ping_status":"open","sticky":false,"template":"","format":"standard","meta":{"_monsterinsights_skip_tracking":false,"_monsterinsights_sitenote_active":false,"_monsterinsights_sitenote_note":"","_monsterinsights_sitenote_category":0,"footnotes":""},"categories":[386],"tags":[10361],"class_list":["post-29372","post","type-post","status-publish","format-standard","hentry","category-economia-e-lavoro","tag-luca-dal-fabbro"],"yoast_head":"<!-- This site is optimized with the Yoast SEO plugin v27.3 - https:\/\/yoast.com\/product\/yoast-seo-wordpress\/ -->\n<title>Sicurezza, competitivit\u00e0, sostenibilit\u00e0: Luca Dal Fabbro e il futuro energetico in Italia<\/title>\n<meta name=\"description\" content=\"Luca Dal Fabbro offre una prospettiva chiara per l\u2019Italia nel contesto energetico europeo: collaborazioni internazionali e azioni concrete\" \/>\n<meta name=\"robots\" content=\"index, follow, max-snippet:-1, max-image-preview:large, max-video-preview:-1\" \/>\n<link rel=\"canonical\" href=\"https:\/\/www.article-marketing.eu\/comunicatistampa\/sicurezza-competitivita-sostenibilita-luca-dal-fabbro-e-il-futuro-energetico-in-italia\/\" \/>\n<meta property=\"og:locale\" content=\"it_IT\" \/>\n<meta property=\"og:type\" content=\"article\" \/>\n<meta property=\"og:title\" content=\"Sicurezza, competitivit\u00e0, sostenibilit\u00e0: Luca Dal Fabbro e il futuro energetico in Italia\" \/>\n<meta property=\"og:description\" content=\"Luca Dal Fabbro offre una prospettiva chiara per l\u2019Italia nel contesto energetico europeo: collaborazioni internazionali e azioni concrete\" \/>\n<meta property=\"og:url\" content=\"https:\/\/www.article-marketing.eu\/comunicatistampa\/sicurezza-competitivita-sostenibilita-luca-dal-fabbro-e-il-futuro-energetico-in-italia\/\" \/>\n<meta property=\"og:site_name\" content=\"Article Marketing\" \/>\n<meta property=\"article:published_time\" content=\"2024-02-12T16:29:25+00:00\" \/>\n<meta property=\"og:image\" content=\"https:\/\/www.lucadalfabbro.it\/wp-content\/uploads\/2023\/11\/iren_a_economondo_partecipa_il_presidente_luca_dal_fabbro.jpg\" \/>\n<meta name=\"author\" content=\"pressnewsmm\" \/>\n<meta name=\"twitter:card\" content=\"summary_large_image\" \/>\n<meta name=\"twitter:label1\" content=\"Scritto da\" \/>\n\t<meta name=\"twitter:data1\" content=\"pressnewsmm\" \/>\n\t<meta name=\"twitter:label2\" content=\"Tempo di lettura stimato\" \/>\n\t<meta name=\"twitter:data2\" content=\"3 minuti\" \/>\n<script type=\"application\/ld+json\" class=\"yoast-schema-graph\">{\"@context\":\"https:\\\/\\\/schema.org\",\"@graph\":[{\"@type\":\"Article\",\"@id\":\"https:\\\/\\\/www.article-marketing.eu\\\/comunicatistampa\\\/sicurezza-competitivita-sostenibilita-luca-dal-fabbro-e-il-futuro-energetico-in-italia\\\/#article\",\"isPartOf\":{\"@id\":\"https:\\\/\\\/www.article-marketing.eu\\\/comunicatistampa\\\/sicurezza-competitivita-sostenibilita-luca-dal-fabbro-e-il-futuro-energetico-in-italia\\\/\"},\"author\":{\"name\":\"pressnewsmm\",\"@id\":\"https:\\\/\\\/www.article-marketing.eu\\\/comunicatistampa\\\/#\\\/schema\\\/person\\\/ec712baba1e9398fa2b8d17f617a6739\"},\"headline\":\"Sicurezza, competitivit\u00e0, sostenibilit\u00e0: Luca Dal Fabbro e il futuro energetico in Italia\",\"datePublished\":\"2024-02-12T16:29:25+00:00\",\"mainEntityOfPage\":{\"@id\":\"https:\\\/\\\/www.article-marketing.eu\\\/comunicatistampa\\\/sicurezza-competitivita-sostenibilita-luca-dal-fabbro-e-il-futuro-energetico-in-italia\\\/\"},\"wordCount\":487,\"commentCount\":0,\"image\":{\"@id\":\"https:\\\/\\\/www.article-marketing.eu\\\/comunicatistampa\\\/sicurezza-competitivita-sostenibilita-luca-dal-fabbro-e-il-futuro-energetico-in-italia\\\/#primaryimage\"},\"thumbnailUrl\":\"https:\\\/\\\/www.lucadalfabbro.it\\\/wp-content\\\/uploads\\\/2023\\\/11\\\/iren_a_economondo_partecipa_il_presidente_luca_dal_fabbro.jpg\",\"keywords\":[\"Luca Dal Fabbro\"],\"articleSection\":[\"Economia e lavoro\"],\"inLanguage\":\"it-IT\",\"potentialAction\":[{\"@type\":\"CommentAction\",\"name\":\"Comment\",\"target\":[\"https:\\\/\\\/www.article-marketing.eu\\\/comunicatistampa\\\/sicurezza-competitivita-sostenibilita-luca-dal-fabbro-e-il-futuro-energetico-in-italia\\\/#respond\"]}]},{\"@type\":\"WebPage\",\"@id\":\"https:\\\/\\\/www.article-marketing.eu\\\/comunicatistampa\\\/sicurezza-competitivita-sostenibilita-luca-dal-fabbro-e-il-futuro-energetico-in-italia\\\/\",\"url\":\"https:\\\/\\\/www.article-marketing.eu\\\/comunicatistampa\\\/sicurezza-competitivita-sostenibilita-luca-dal-fabbro-e-il-futuro-energetico-in-italia\\\/\",\"name\":\"Sicurezza, competitivit\u00e0, sostenibilit\u00e0: Luca Dal Fabbro e il futuro energetico in Italia\",\"isPartOf\":{\"@id\":\"https:\\\/\\\/www.article-marketing.eu\\\/comunicatistampa\\\/#website\"},\"primaryImageOfPage\":{\"@id\":\"https:\\\/\\\/www.article-marketing.eu\\\/comunicatistampa\\\/sicurezza-competitivita-sostenibilita-luca-dal-fabbro-e-il-futuro-energetico-in-italia\\\/#primaryimage\"},\"image\":{\"@id\":\"https:\\\/\\\/www.article-marketing.eu\\\/comunicatistampa\\\/sicurezza-competitivita-sostenibilita-luca-dal-fabbro-e-il-futuro-energetico-in-italia\\\/#primaryimage\"},\"thumbnailUrl\":\"https:\\\/\\\/www.lucadalfabbro.it\\\/wp-content\\\/uploads\\\/2023\\\/11\\\/iren_a_economondo_partecipa_il_presidente_luca_dal_fabbro.jpg\",\"datePublished\":\"2024-02-12T16:29:25+00:00\",\"author\":{\"@id\":\"https:\\\/\\\/www.article-marketing.eu\\\/comunicatistampa\\\/#\\\/schema\\\/person\\\/ec712baba1e9398fa2b8d17f617a6739\"},\"description\":\"Luca Dal Fabbro offre una prospettiva chiara per l\u2019Italia nel contesto energetico europeo: collaborazioni internazionali e azioni concrete\",\"breadcrumb\":{\"@id\":\"https:\\\/\\\/www.article-marketing.eu\\\/comunicatistampa\\\/sicurezza-competitivita-sostenibilita-luca-dal-fabbro-e-il-futuro-energetico-in-italia\\\/#breadcrumb\"},\"inLanguage\":\"it-IT\",\"potentialAction\":[{\"@type\":\"ReadAction\",\"target\":[\"https:\\\/\\\/www.article-marketing.eu\\\/comunicatistampa\\\/sicurezza-competitivita-sostenibilita-luca-dal-fabbro-e-il-futuro-energetico-in-italia\\\/\"]}]},{\"@type\":\"ImageObject\",\"inLanguage\":\"it-IT\",\"@id\":\"https:\\\/\\\/www.article-marketing.eu\\\/comunicatistampa\\\/sicurezza-competitivita-sostenibilita-luca-dal-fabbro-e-il-futuro-energetico-in-italia\\\/#primaryimage\",\"url\":\"https:\\\/\\\/www.lucadalfabbro.it\\\/wp-content\\\/uploads\\\/2023\\\/11\\\/iren_a_economondo_partecipa_il_presidente_luca_dal_fabbro.jpg\",\"contentUrl\":\"https:\\\/\\\/www.lucadalfabbro.it\\\/wp-content\\\/uploads\\\/2023\\\/11\\\/iren_a_economondo_partecipa_il_presidente_luca_dal_fabbro.jpg\"},{\"@type\":\"BreadcrumbList\",\"@id\":\"https:\\\/\\\/www.article-marketing.eu\\\/comunicatistampa\\\/sicurezza-competitivita-sostenibilita-luca-dal-fabbro-e-il-futuro-energetico-in-italia\\\/#breadcrumb\",\"itemListElement\":[{\"@type\":\"ListItem\",\"position\":1,\"name\":\"Home\",\"item\":\"https:\\\/\\\/www.article-marketing.eu\\\/comunicatistampa\\\/\"},{\"@type\":\"ListItem\",\"position\":2,\"name\":\"Sicurezza, competitivit\u00e0, sostenibilit\u00e0: Luca Dal Fabbro e il futuro energetico in Italia\"}]},{\"@type\":\"WebSite\",\"@id\":\"https:\\\/\\\/www.article-marketing.eu\\\/comunicatistampa\\\/#website\",\"url\":\"https:\\\/\\\/www.article-marketing.eu\\\/comunicatistampa\\\/\",\"name\":\"Article Marketing\",\"description\":\"article marketing &amp; press release\",\"potentialAction\":[{\"@type\":\"SearchAction\",\"target\":{\"@type\":\"EntryPoint\",\"urlTemplate\":\"https:\\\/\\\/www.article-marketing.eu\\\/comunicatistampa\\\/?s={search_term_string}\"},\"query-input\":{\"@type\":\"PropertyValueSpecification\",\"valueRequired\":true,\"valueName\":\"search_term_string\"}}],\"inLanguage\":\"it-IT\"},{\"@type\":\"Person\",\"@id\":\"https:\\\/\\\/www.article-marketing.eu\\\/comunicatistampa\\\/#\\\/schema\\\/person\\\/ec712baba1e9398fa2b8d17f617a6739\",\"name\":\"pressnewsmm\",\"image\":{\"@type\":\"ImageObject\",\"inLanguage\":\"it-IT\",\"@id\":\"https:\\\/\\\/secure.gravatar.com\\\/avatar\\\/5aba7ff1e07f8e7a9ea2320640e560855afc39d6d6ec9b3da82ff83db4225474?s=96&d=mm&r=g\",\"url\":\"https:\\\/\\\/secure.gravatar.com\\\/avatar\\\/5aba7ff1e07f8e7a9ea2320640e560855afc39d6d6ec9b3da82ff83db4225474?s=96&d=mm&r=g\",\"contentUrl\":\"https:\\\/\\\/secure.gravatar.com\\\/avatar\\\/5aba7ff1e07f8e7a9ea2320640e560855afc39d6d6ec9b3da82ff83db4225474?s=96&d=mm&r=g\",\"caption\":\"pressnewsmm\"},\"url\":\"https:\\\/\\\/www.article-marketing.eu\\\/comunicatistampa\\\/author\\\/pressnewsmm\\\/\"}]}<\/script>\n<!-- \/ Yoast SEO plugin. -->","yoast_head_json":{"title":"Sicurezza, competitivit\u00e0, sostenibilit\u00e0: Luca Dal Fabbro e il futuro energetico in Italia","description":"Luca Dal Fabbro offre una prospettiva chiara per l\u2019Italia nel contesto energetico europeo: collaborazioni internazionali e azioni concrete","robots":{"index":"index","follow":"follow","max-snippet":"max-snippet:-1","max-image-preview":"max-image-preview:large","max-video-preview":"max-video-preview:-1"},"canonical":"https:\/\/www.article-marketing.eu\/comunicatistampa\/sicurezza-competitivita-sostenibilita-luca-dal-fabbro-e-il-futuro-energetico-in-italia\/","og_locale":"it_IT","og_type":"article","og_title":"Sicurezza, competitivit\u00e0, sostenibilit\u00e0: Luca Dal Fabbro e il futuro energetico in Italia","og_description":"Luca Dal Fabbro offre una prospettiva chiara per l\u2019Italia nel contesto energetico europeo: collaborazioni internazionali e azioni concrete","og_url":"https:\/\/www.article-marketing.eu\/comunicatistampa\/sicurezza-competitivita-sostenibilita-luca-dal-fabbro-e-il-futuro-energetico-in-italia\/","og_site_name":"Article Marketing","article_published_time":"2024-02-12T16:29:25+00:00","og_image":[{"url":"https:\/\/www.lucadalfabbro.it\/wp-content\/uploads\/2023\/11\/iren_a_economondo_partecipa_il_presidente_luca_dal_fabbro.jpg","type":"","width":"","height":""}],"author":"pressnewsmm","twitter_card":"summary_large_image","twitter_misc":{"Scritto da":"pressnewsmm","Tempo di lettura stimato":"3 minuti"},"schema":{"@context":"https:\/\/schema.org","@graph":[{"@type":"Article","@id":"https:\/\/www.article-marketing.eu\/comunicatistampa\/sicurezza-competitivita-sostenibilita-luca-dal-fabbro-e-il-futuro-energetico-in-italia\/#article","isPartOf":{"@id":"https:\/\/www.article-marketing.eu\/comunicatistampa\/sicurezza-competitivita-sostenibilita-luca-dal-fabbro-e-il-futuro-energetico-in-italia\/"},"author":{"name":"pressnewsmm","@id":"https:\/\/www.article-marketing.eu\/comunicatistampa\/#\/schema\/person\/ec712baba1e9398fa2b8d17f617a6739"},"headline":"Sicurezza, competitivit\u00e0, sostenibilit\u00e0: Luca Dal Fabbro e il futuro energetico in Italia","datePublished":"2024-02-12T16:29:25+00:00","mainEntityOfPage":{"@id":"https:\/\/www.article-marketing.eu\/comunicatistampa\/sicurezza-competitivita-sostenibilita-luca-dal-fabbro-e-il-futuro-energetico-in-italia\/"},"wordCount":487,"commentCount":0,"image":{"@id":"https:\/\/www.article-marketing.eu\/comunicatistampa\/sicurezza-competitivita-sostenibilita-luca-dal-fabbro-e-il-futuro-energetico-in-italia\/#primaryimage"},"thumbnailUrl":"https:\/\/www.lucadalfabbro.it\/wp-content\/uploads\/2023\/11\/iren_a_economondo_partecipa_il_presidente_luca_dal_fabbro.jpg","keywords":["Luca Dal Fabbro"],"articleSection":["Economia e lavoro"],"inLanguage":"it-IT","potentialAction":[{"@type":"CommentAction","name":"Comment","target":["https:\/\/www.article-marketing.eu\/comunicatistampa\/sicurezza-competitivita-sostenibilita-luca-dal-fabbro-e-il-futuro-energetico-in-italia\/#respond"]}]},{"@type":"WebPage","@id":"https:\/\/www.article-marketing.eu\/comunicatistampa\/sicurezza-competitivita-sostenibilita-luca-dal-fabbro-e-il-futuro-energetico-in-italia\/","url":"https:\/\/www.article-marketing.eu\/comunicatistampa\/sicurezza-competitivita-sostenibilita-luca-dal-fabbro-e-il-futuro-energetico-in-italia\/","name":"Sicurezza, competitivit\u00e0, sostenibilit\u00e0: Luca Dal Fabbro e il futuro energetico in Italia","isPartOf":{"@id":"https:\/\/www.article-marketing.eu\/comunicatistampa\/#website"},"primaryImageOfPage":{"@id":"https:\/\/www.article-marketing.eu\/comunicatistampa\/sicurezza-competitivita-sostenibilita-luca-dal-fabbro-e-il-futuro-energetico-in-italia\/#primaryimage"},"image":{"@id":"https:\/\/www.article-marketing.eu\/comunicatistampa\/sicurezza-competitivita-sostenibilita-luca-dal-fabbro-e-il-futuro-energetico-in-italia\/#primaryimage"},"thumbnailUrl":"https:\/\/www.lucadalfabbro.it\/wp-content\/uploads\/2023\/11\/iren_a_economondo_partecipa_il_presidente_luca_dal_fabbro.jpg","datePublished":"2024-02-12T16:29:25+00:00","author":{"@id":"https:\/\/www.article-marketing.eu\/comunicatistampa\/#\/schema\/person\/ec712baba1e9398fa2b8d17f617a6739"},"description":"Luca Dal Fabbro offre una prospettiva chiara per l\u2019Italia nel contesto energetico europeo: collaborazioni internazionali e azioni concrete","breadcrumb":{"@id":"https:\/\/www.article-marketing.eu\/comunicatistampa\/sicurezza-competitivita-sostenibilita-luca-dal-fabbro-e-il-futuro-energetico-in-italia\/#breadcrumb"},"inLanguage":"it-IT","potentialAction":[{"@type":"ReadAction","target":["https:\/\/www.article-marketing.eu\/comunicatistampa\/sicurezza-competitivita-sostenibilita-luca-dal-fabbro-e-il-futuro-energetico-in-italia\/"]}]},{"@type":"ImageObject","inLanguage":"it-IT","@id":"https:\/\/www.article-marketing.eu\/comunicatistampa\/sicurezza-competitivita-sostenibilita-luca-dal-fabbro-e-il-futuro-energetico-in-italia\/#primaryimage","url":"https:\/\/www.lucadalfabbro.it\/wp-content\/uploads\/2023\/11\/iren_a_economondo_partecipa_il_presidente_luca_dal_fabbro.jpg","contentUrl":"https:\/\/www.lucadalfabbro.it\/wp-content\/uploads\/2023\/11\/iren_a_economondo_partecipa_il_presidente_luca_dal_fabbro.jpg"},{"@type":"BreadcrumbList","@id":"https:\/\/www.article-marketing.eu\/comunicatistampa\/sicurezza-competitivita-sostenibilita-luca-dal-fabbro-e-il-futuro-energetico-in-italia\/#breadcrumb","itemListElement":[{"@type":"ListItem","position":1,"name":"Home","item":"https:\/\/www.article-marketing.eu\/comunicatistampa\/"},{"@type":"ListItem","position":2,"name":"Sicurezza, competitivit\u00e0, sostenibilit\u00e0: Luca Dal Fabbro e il futuro energetico in Italia"}]},{"@type":"WebSite","@id":"https:\/\/www.article-marketing.eu\/comunicatistampa\/#website","url":"https:\/\/www.article-marketing.eu\/comunicatistampa\/","name":"Article Marketing","description":"article marketing &amp; press release","potentialAction":[{"@type":"SearchAction","target":{"@type":"EntryPoint","urlTemplate":"https:\/\/www.article-marketing.eu\/comunicatistampa\/?s={search_term_string}"},"query-input":{"@type":"PropertyValueSpecification","valueRequired":true,"valueName":"search_term_string"}}],"inLanguage":"it-IT"},{"@type":"Person","@id":"https:\/\/www.article-marketing.eu\/comunicatistampa\/#\/schema\/person\/ec712baba1e9398fa2b8d17f617a6739","name":"pressnewsmm","image":{"@type":"ImageObject","inLanguage":"it-IT","@id":"https:\/\/secure.gravatar.com\/avatar\/5aba7ff1e07f8e7a9ea2320640e560855afc39d6d6ec9b3da82ff83db4225474?s=96&d=mm&r=g","url":"https:\/\/secure.gravatar.com\/avatar\/5aba7ff1e07f8e7a9ea2320640e560855afc39d6d6ec9b3da82ff83db4225474?s=96&d=mm&r=g","contentUrl":"https:\/\/secure.gravatar.com\/avatar\/5aba7ff1e07f8e7a9ea2320640e560855afc39d6d6ec9b3da82ff83db4225474?s=96&d=mm&r=g","caption":"pressnewsmm"},"url":"https:\/\/www.article-marketing.eu\/comunicatistampa\/author\/pressnewsmm\/"}]}},"_links":{"self":[{"href":"https:\/\/www.article-marketing.eu\/comunicatistampa\/wp-json\/wp\/v2\/posts\/29372","targetHints":{"allow":["GET"]}}],"collection":[{"href":"https:\/\/www.article-marketing.eu\/comunicatistampa\/wp-json\/wp\/v2\/posts"}],"about":[{"href":"https:\/\/www.article-marketing.eu\/comunicatistampa\/wp-json\/wp\/v2\/types\/post"}],"author":[{"embeddable":true,"href":"https:\/\/www.article-marketing.eu\/comunicatistampa\/wp-json\/wp\/v2\/users\/7233"}],"replies":[{"embeddable":true,"href":"https:\/\/www.article-marketing.eu\/comunicatistampa\/wp-json\/wp\/v2\/comments?post=29372"}],"version-history":[{"count":2,"href":"https:\/\/www.article-marketing.eu\/comunicatistampa\/wp-json\/wp\/v2\/posts\/29372\/revisions"}],"predecessor-version":[{"id":29709,"href":"https:\/\/www.article-marketing.eu\/comunicatistampa\/wp-json\/wp\/v2\/posts\/29372\/revisions\/29709"}],"wp:attachment":[{"href":"https:\/\/www.article-marketing.eu\/comunicatistampa\/wp-json\/wp\/v2\/media?parent=29372"}],"wp:term":[{"taxonomy":"category","embeddable":true,"href":"https:\/\/www.article-marketing.eu\/comunicatistampa\/wp-json\/wp\/v2\/categories?post=29372"},{"taxonomy":"post_tag","embeddable":true,"href":"https:\/\/www.article-marketing.eu\/comunicatistampa\/wp-json\/wp\/v2\/tags?post=29372"}],"curies":[{"name":"wp","href":"https:\/\/api.w.org\/{rel}","templated":true}]}}