{"id":29411,"date":"2024-02-23T15:01:13","date_gmt":"2024-02-23T14:01:13","guid":{"rendered":"https:\/\/www.article-marketing.eu\/comunicatistampa\/?p=29411"},"modified":"2024-02-23T15:01:13","modified_gmt":"2024-02-23T14:01:13","slug":"festival-dello-sviluppo-sostenibile-luca-dal-fabbro-iren-diffonde-valori-positivi","status":"publish","type":"post","link":"https:\/\/www.article-marketing.eu\/comunicatistampa\/festival-dello-sviluppo-sostenibile-luca-dal-fabbro-iren-diffonde-valori-positivi\/","title":{"rendered":"Festival dello Sviluppo Sostenibile, Luca Dal Fabbro: Iren diffonde valori positivi"},"content":{"rendered":"<p><em><strong>Ospite al Festival dello Sviluppo Sostenibile, la pi\u00f9 grande iniziativa italiana per la sensibilizzazione di cittadini, imprese e istituzioni sui temi della sostenibilit\u00e0 economica, sociale e ambientale, il Presidente di Iren <a title=\"L'intervento di Luca Dal Fabbro al Festival dello Sviluppo Sostenibile\" href=\"https:\/\/www.youtube.com\/watch?v=Up9UvNfJ1h4\">Luca Dal Fabbro<\/a> ha motivato la sua presenza in questo modo: \u201cVogliamo diffondere valori positivi\u201d.<\/strong><\/em><\/p>\n<p><a title=\"Sostenibilit\u00e0, il punto di Luca Dal Fabbro (Iren)\" href=\"https:\/\/www.youtube.com\/watch?v=Up9UvNfJ1h4\"><img loading=\"lazy\" decoding=\"async\" src=\"https:\/\/www.adnkronos.com\/resources\/0281-18171d1bce7e-eaac1a318fcb-1000\/format\/big\/luca_dal_fabbro_iren_fg.jpeg\" alt=\"Luca Dal Fabbro\" width=\"299\" height=\"200\" \/><\/a><\/p>\n<h2>Luca Dal Fabbro al Festival dello Sviluppo Sostenibile per promuovere valori positivi<\/h2>\n<p>Promuovere i valori della cultura, della sostenibilit\u00e0 e della coesione sociale: sono questi i motivi che hanno spinto il Presidente Iren a presenziare al Festival dello Sviluppo Sostenibile. \u201c<em>Siamo un\u2019azienda che \u00e8 molto in sintonia con il futuro dell\u2019economia e il futuro della societ\u00e0<\/em>\u201d, ha sottolineato <a title=\"Luca Dal Fabbro risponde alle domande di Asvis Italia\" href=\"https:\/\/www.youtube.com\/watch?v=Up9UvNfJ1h4\"><strong>Luca Dal Fabbro<\/strong><\/a>. Una societ\u00e0 che deve essere \u201c<em>inclusiva e volta alla sostenibilit\u00e0<\/em>\u201d. \u201c<em>Siamo qui al salone perch\u00e9 vogliamo diffondere questi valori, questa cultura<\/em>\u201d, ha spiegato. L\u2019impegno della multiutility nell\u2019ambito della sostenibilit\u00e0 \u00e8 reso evidente dalle scelte di business che si dirigono tutte in questa direzione. Iren \u00e8 tra le aziende italiane che investono nel territorio, in particolare nella costruzione di impianti e attivit\u00e0 incentrati sulla rigenerazione e il recupero.<\/p>\n<h2>Luca Dal Fabbro: investiamo nei territori con un\u2019industria buona<\/h2>\n<p>Il Presidente di Iren ha affermato che l\u2019azienda crede molto nella diffusione di valori legati alla sostenibilit\u00e0 anche per essere pi\u00f9 vicina ai territori. \u201c<em>Come Iren investiamo molte risorse nella diffusione di valori positivi perch\u00e9 il nostro ruolo non \u00e8 solo il profitto ma \u00e8 anche il poter essere vicino ai territori, investire nei territori con un\u2019industria buona<\/em>\u201d, ha sottolineato <strong>Luca Dal Fabbro<\/strong>, ricordando inoltre come il progetto \u201cEduiren\u201d nasca proprio dalla voglia di affermare la cultura della sostenibilit\u00e0 e dell\u2019innovazione. Il settore si occupa di disegnare \u201c<em>le attivit\u00e0 del futuro\u201d <\/em>per \u201c<em>diffondere verso i giovani<\/em>\u201d i \u201c<em>valori della sostenibilit\u00e0, dell\u2019inclusione, dell\u2019attenzione al territorio<\/em>\u201d. Valori che oggi sono importanti ma che, come evidenzia Luca Dal Fabbro, \u201c<em>domani lo saranno ancora di pi\u00f9<\/em>\u201d.<\/p>\n","protected":false},"excerpt":{"rendered":"<p>Ospite al Festival dello Sviluppo Sostenibile, la pi\u00f9 grande iniziativa italiana per la sensibilizzazione di cittadini, imprese e istituzioni sui temi della sostenibilit\u00e0 economica, sociale e ambientale, il Presidente di Iren Luca Dal Fabbro ha motivato la sua presenza in questo modo: \u201cVogliamo diffondere valori positivi\u201d. Luca Dal Fabbro al Festival dello Sviluppo Sostenibile per promuovere valori positivi Promuovere i valori della cultura, della sostenibilit\u00e0 e della coesione sociale: sono<\/p>\n<p><a class=\"continue-reading\" href=\"https:\/\/www.article-marketing.eu\/comunicatistampa\/festival-dello-sviluppo-sostenibile-luca-dal-fabbro-iren-diffonde-valori-positivi\/\">Continue reading&#8230;<\/a><\/p>\n","protected":false},"author":7088,"featured_media":0,"comment_status":"open","ping_status":"open","sticky":false,"template":"","format":"standard","meta":{"_monsterinsights_skip_tracking":false,"_monsterinsights_sitenote_active":false,"_monsterinsights_sitenote_note":"","_monsterinsights_sitenote_category":0,"footnotes":""},"categories":[386],"tags":[10361],"class_list":["post-29411","post","type-post","status-publish","format-standard","hentry","category-economia-e-lavoro","tag-luca-dal-fabbro"],"yoast_head":"<!-- This site is optimized with the Yoast SEO plugin v27.3 - https:\/\/yoast.com\/product\/yoast-seo-wordpress\/ -->\n<title>Festival dello Sviluppo Sostenibile, Luca Dal Fabbro: Iren diffonde valori positivi<\/title>\n<meta name=\"description\" content=\"Luca Dal Fabbro : \u201cCrediamo nella cultura e nella diffusione di valori positivi, nei valori della sostenibilit\u00e0 e della coesione sociale\u201d\" \/>\n<meta name=\"robots\" content=\"index, follow, max-snippet:-1, max-image-preview:large, max-video-preview:-1\" \/>\n<link rel=\"canonical\" href=\"https:\/\/www.article-marketing.eu\/comunicatistampa\/festival-dello-sviluppo-sostenibile-luca-dal-fabbro-iren-diffonde-valori-positivi\/\" \/>\n<meta property=\"og:locale\" content=\"it_IT\" \/>\n<meta property=\"og:type\" content=\"article\" \/>\n<meta property=\"og:title\" content=\"Festival dello Sviluppo Sostenibile, Luca Dal Fabbro: Iren diffonde valori positivi\" \/>\n<meta property=\"og:description\" content=\"Luca Dal Fabbro : \u201cCrediamo nella cultura e nella diffusione di valori positivi, nei valori della sostenibilit\u00e0 e della coesione sociale\u201d\" \/>\n<meta property=\"og:url\" content=\"https:\/\/www.article-marketing.eu\/comunicatistampa\/festival-dello-sviluppo-sostenibile-luca-dal-fabbro-iren-diffonde-valori-positivi\/\" \/>\n<meta property=\"og:site_name\" content=\"Article Marketing\" \/>\n<meta property=\"article:published_time\" content=\"2024-02-23T14:01:13+00:00\" \/>\n<meta property=\"og:image\" content=\"https:\/\/www.adnkronos.com\/resources\/0281-18171d1bce7e-eaac1a318fcb-1000\/format\/big\/luca_dal_fabbro_iren_fg.jpeg\" \/>\n<meta name=\"author\" content=\"officecsweb\" \/>\n<meta name=\"twitter:card\" content=\"summary_large_image\" \/>\n<meta name=\"twitter:label1\" content=\"Scritto da\" \/>\n\t<meta name=\"twitter:data1\" content=\"officecsweb\" \/>\n\t<meta name=\"twitter:label2\" content=\"Tempo di lettura stimato\" \/>\n\t<meta name=\"twitter:data2\" content=\"2 minuti\" \/>\n<script type=\"application\/ld+json\" class=\"yoast-schema-graph\">{\"@context\":\"https:\\\/\\\/schema.org\",\"@graph\":[{\"@type\":\"Article\",\"@id\":\"https:\\\/\\\/www.article-marketing.eu\\\/comunicatistampa\\\/festival-dello-sviluppo-sostenibile-luca-dal-fabbro-iren-diffonde-valori-positivi\\\/#article\",\"isPartOf\":{\"@id\":\"https:\\\/\\\/www.article-marketing.eu\\\/comunicatistampa\\\/festival-dello-sviluppo-sostenibile-luca-dal-fabbro-iren-diffonde-valori-positivi\\\/\"},\"author\":{\"name\":\"officecsweb\",\"@id\":\"https:\\\/\\\/www.article-marketing.eu\\\/comunicatistampa\\\/#\\\/schema\\\/person\\\/cfe0e3fe87ac4e737efb364fc81b596f\"},\"headline\":\"Festival dello Sviluppo Sostenibile, Luca Dal Fabbro: Iren diffonde valori positivi\",\"datePublished\":\"2024-02-23T14:01:13+00:00\",\"mainEntityOfPage\":{\"@id\":\"https:\\\/\\\/www.article-marketing.eu\\\/comunicatistampa\\\/festival-dello-sviluppo-sostenibile-luca-dal-fabbro-iren-diffonde-valori-positivi\\\/\"},\"wordCount\":321,\"commentCount\":0,\"image\":{\"@id\":\"https:\\\/\\\/www.article-marketing.eu\\\/comunicatistampa\\\/festival-dello-sviluppo-sostenibile-luca-dal-fabbro-iren-diffonde-valori-positivi\\\/#primaryimage\"},\"thumbnailUrl\":\"https:\\\/\\\/www.adnkronos.com\\\/resources\\\/0281-18171d1bce7e-eaac1a318fcb-1000\\\/format\\\/big\\\/luca_dal_fabbro_iren_fg.jpeg\",\"keywords\":[\"Luca Dal Fabbro\"],\"articleSection\":[\"Economia e lavoro\"],\"inLanguage\":\"it-IT\",\"potentialAction\":[{\"@type\":\"CommentAction\",\"name\":\"Comment\",\"target\":[\"https:\\\/\\\/www.article-marketing.eu\\\/comunicatistampa\\\/festival-dello-sviluppo-sostenibile-luca-dal-fabbro-iren-diffonde-valori-positivi\\\/#respond\"]}]},{\"@type\":\"WebPage\",\"@id\":\"https:\\\/\\\/www.article-marketing.eu\\\/comunicatistampa\\\/festival-dello-sviluppo-sostenibile-luca-dal-fabbro-iren-diffonde-valori-positivi\\\/\",\"url\":\"https:\\\/\\\/www.article-marketing.eu\\\/comunicatistampa\\\/festival-dello-sviluppo-sostenibile-luca-dal-fabbro-iren-diffonde-valori-positivi\\\/\",\"name\":\"Festival dello Sviluppo Sostenibile, Luca Dal Fabbro: Iren diffonde valori positivi\",\"isPartOf\":{\"@id\":\"https:\\\/\\\/www.article-marketing.eu\\\/comunicatistampa\\\/#website\"},\"primaryImageOfPage\":{\"@id\":\"https:\\\/\\\/www.article-marketing.eu\\\/comunicatistampa\\\/festival-dello-sviluppo-sostenibile-luca-dal-fabbro-iren-diffonde-valori-positivi\\\/#primaryimage\"},\"image\":{\"@id\":\"https:\\\/\\\/www.article-marketing.eu\\\/comunicatistampa\\\/festival-dello-sviluppo-sostenibile-luca-dal-fabbro-iren-diffonde-valori-positivi\\\/#primaryimage\"},\"thumbnailUrl\":\"https:\\\/\\\/www.adnkronos.com\\\/resources\\\/0281-18171d1bce7e-eaac1a318fcb-1000\\\/format\\\/big\\\/luca_dal_fabbro_iren_fg.jpeg\",\"datePublished\":\"2024-02-23T14:01:13+00:00\",\"author\":{\"@id\":\"https:\\\/\\\/www.article-marketing.eu\\\/comunicatistampa\\\/#\\\/schema\\\/person\\\/cfe0e3fe87ac4e737efb364fc81b596f\"},\"description\":\"Luca Dal Fabbro : \u201cCrediamo nella cultura e nella diffusione di valori positivi, nei valori della sostenibilit\u00e0 e della coesione sociale\u201d\",\"breadcrumb\":{\"@id\":\"https:\\\/\\\/www.article-marketing.eu\\\/comunicatistampa\\\/festival-dello-sviluppo-sostenibile-luca-dal-fabbro-iren-diffonde-valori-positivi\\\/#breadcrumb\"},\"inLanguage\":\"it-IT\",\"potentialAction\":[{\"@type\":\"ReadAction\",\"target\":[\"https:\\\/\\\/www.article-marketing.eu\\\/comunicatistampa\\\/festival-dello-sviluppo-sostenibile-luca-dal-fabbro-iren-diffonde-valori-positivi\\\/\"]}]},{\"@type\":\"ImageObject\",\"inLanguage\":\"it-IT\",\"@id\":\"https:\\\/\\\/www.article-marketing.eu\\\/comunicatistampa\\\/festival-dello-sviluppo-sostenibile-luca-dal-fabbro-iren-diffonde-valori-positivi\\\/#primaryimage\",\"url\":\"https:\\\/\\\/www.adnkronos.com\\\/resources\\\/0281-18171d1bce7e-eaac1a318fcb-1000\\\/format\\\/big\\\/luca_dal_fabbro_iren_fg.jpeg\",\"contentUrl\":\"https:\\\/\\\/www.adnkronos.com\\\/resources\\\/0281-18171d1bce7e-eaac1a318fcb-1000\\\/format\\\/big\\\/luca_dal_fabbro_iren_fg.jpeg\"},{\"@type\":\"BreadcrumbList\",\"@id\":\"https:\\\/\\\/www.article-marketing.eu\\\/comunicatistampa\\\/festival-dello-sviluppo-sostenibile-luca-dal-fabbro-iren-diffonde-valori-positivi\\\/#breadcrumb\",\"itemListElement\":[{\"@type\":\"ListItem\",\"position\":1,\"name\":\"Home\",\"item\":\"https:\\\/\\\/www.article-marketing.eu\\\/comunicatistampa\\\/\"},{\"@type\":\"ListItem\",\"position\":2,\"name\":\"Festival dello Sviluppo Sostenibile, Luca Dal Fabbro: Iren diffonde valori positivi\"}]},{\"@type\":\"WebSite\",\"@id\":\"https:\\\/\\\/www.article-marketing.eu\\\/comunicatistampa\\\/#website\",\"url\":\"https:\\\/\\\/www.article-marketing.eu\\\/comunicatistampa\\\/\",\"name\":\"Article Marketing\",\"description\":\"article marketing &amp; press release\",\"potentialAction\":[{\"@type\":\"SearchAction\",\"target\":{\"@type\":\"EntryPoint\",\"urlTemplate\":\"https:\\\/\\\/www.article-marketing.eu\\\/comunicatistampa\\\/?s={search_term_string}\"},\"query-input\":{\"@type\":\"PropertyValueSpecification\",\"valueRequired\":true,\"valueName\":\"search_term_string\"}}],\"inLanguage\":\"it-IT\"},{\"@type\":\"Person\",\"@id\":\"https:\\\/\\\/www.article-marketing.eu\\\/comunicatistampa\\\/#\\\/schema\\\/person\\\/cfe0e3fe87ac4e737efb364fc81b596f\",\"name\":\"officecsweb\",\"image\":{\"@type\":\"ImageObject\",\"inLanguage\":\"it-IT\",\"@id\":\"https:\\\/\\\/secure.gravatar.com\\\/avatar\\\/fe6a2860ccda1397815d483f3a9a4df158a311e9771fbd77255eba4a7d3f7d49?s=96&d=mm&r=g\",\"url\":\"https:\\\/\\\/secure.gravatar.com\\\/avatar\\\/fe6a2860ccda1397815d483f3a9a4df158a311e9771fbd77255eba4a7d3f7d49?s=96&d=mm&r=g\",\"contentUrl\":\"https:\\\/\\\/secure.gravatar.com\\\/avatar\\\/fe6a2860ccda1397815d483f3a9a4df158a311e9771fbd77255eba4a7d3f7d49?s=96&d=mm&r=g\",\"caption\":\"officecsweb\"},\"url\":\"https:\\\/\\\/www.article-marketing.eu\\\/comunicatistampa\\\/author\\\/officecsweb\\\/\"}]}<\/script>\n<!-- \/ Yoast SEO plugin. -->","yoast_head_json":{"title":"Festival dello Sviluppo Sostenibile, Luca Dal Fabbro: Iren diffonde valori positivi","description":"Luca Dal Fabbro : \u201cCrediamo nella cultura e nella diffusione di valori positivi, nei valori della sostenibilit\u00e0 e della coesione sociale\u201d","robots":{"index":"index","follow":"follow","max-snippet":"max-snippet:-1","max-image-preview":"max-image-preview:large","max-video-preview":"max-video-preview:-1"},"canonical":"https:\/\/www.article-marketing.eu\/comunicatistampa\/festival-dello-sviluppo-sostenibile-luca-dal-fabbro-iren-diffonde-valori-positivi\/","og_locale":"it_IT","og_type":"article","og_title":"Festival dello Sviluppo Sostenibile, Luca Dal Fabbro: Iren diffonde valori positivi","og_description":"Luca Dal Fabbro : \u201cCrediamo nella cultura e nella diffusione di valori positivi, nei valori della sostenibilit\u00e0 e della coesione sociale\u201d","og_url":"https:\/\/www.article-marketing.eu\/comunicatistampa\/festival-dello-sviluppo-sostenibile-luca-dal-fabbro-iren-diffonde-valori-positivi\/","og_site_name":"Article Marketing","article_published_time":"2024-02-23T14:01:13+00:00","og_image":[{"url":"https:\/\/www.adnkronos.com\/resources\/0281-18171d1bce7e-eaac1a318fcb-1000\/format\/big\/luca_dal_fabbro_iren_fg.jpeg","type":"","width":"","height":""}],"author":"officecsweb","twitter_card":"summary_large_image","twitter_misc":{"Scritto da":"officecsweb","Tempo di lettura stimato":"2 minuti"},"schema":{"@context":"https:\/\/schema.org","@graph":[{"@type":"Article","@id":"https:\/\/www.article-marketing.eu\/comunicatistampa\/festival-dello-sviluppo-sostenibile-luca-dal-fabbro-iren-diffonde-valori-positivi\/#article","isPartOf":{"@id":"https:\/\/www.article-marketing.eu\/comunicatistampa\/festival-dello-sviluppo-sostenibile-luca-dal-fabbro-iren-diffonde-valori-positivi\/"},"author":{"name":"officecsweb","@id":"https:\/\/www.article-marketing.eu\/comunicatistampa\/#\/schema\/person\/cfe0e3fe87ac4e737efb364fc81b596f"},"headline":"Festival dello Sviluppo Sostenibile, Luca Dal Fabbro: Iren diffonde valori positivi","datePublished":"2024-02-23T14:01:13+00:00","mainEntityOfPage":{"@id":"https:\/\/www.article-marketing.eu\/comunicatistampa\/festival-dello-sviluppo-sostenibile-luca-dal-fabbro-iren-diffonde-valori-positivi\/"},"wordCount":321,"commentCount":0,"image":{"@id":"https:\/\/www.article-marketing.eu\/comunicatistampa\/festival-dello-sviluppo-sostenibile-luca-dal-fabbro-iren-diffonde-valori-positivi\/#primaryimage"},"thumbnailUrl":"https:\/\/www.adnkronos.com\/resources\/0281-18171d1bce7e-eaac1a318fcb-1000\/format\/big\/luca_dal_fabbro_iren_fg.jpeg","keywords":["Luca Dal Fabbro"],"articleSection":["Economia e lavoro"],"inLanguage":"it-IT","potentialAction":[{"@type":"CommentAction","name":"Comment","target":["https:\/\/www.article-marketing.eu\/comunicatistampa\/festival-dello-sviluppo-sostenibile-luca-dal-fabbro-iren-diffonde-valori-positivi\/#respond"]}]},{"@type":"WebPage","@id":"https:\/\/www.article-marketing.eu\/comunicatistampa\/festival-dello-sviluppo-sostenibile-luca-dal-fabbro-iren-diffonde-valori-positivi\/","url":"https:\/\/www.article-marketing.eu\/comunicatistampa\/festival-dello-sviluppo-sostenibile-luca-dal-fabbro-iren-diffonde-valori-positivi\/","name":"Festival dello Sviluppo Sostenibile, Luca Dal Fabbro: Iren diffonde valori positivi","isPartOf":{"@id":"https:\/\/www.article-marketing.eu\/comunicatistampa\/#website"},"primaryImageOfPage":{"@id":"https:\/\/www.article-marketing.eu\/comunicatistampa\/festival-dello-sviluppo-sostenibile-luca-dal-fabbro-iren-diffonde-valori-positivi\/#primaryimage"},"image":{"@id":"https:\/\/www.article-marketing.eu\/comunicatistampa\/festival-dello-sviluppo-sostenibile-luca-dal-fabbro-iren-diffonde-valori-positivi\/#primaryimage"},"thumbnailUrl":"https:\/\/www.adnkronos.com\/resources\/0281-18171d1bce7e-eaac1a318fcb-1000\/format\/big\/luca_dal_fabbro_iren_fg.jpeg","datePublished":"2024-02-23T14:01:13+00:00","author":{"@id":"https:\/\/www.article-marketing.eu\/comunicatistampa\/#\/schema\/person\/cfe0e3fe87ac4e737efb364fc81b596f"},"description":"Luca Dal Fabbro : \u201cCrediamo nella cultura e nella diffusione di valori positivi, nei valori della sostenibilit\u00e0 e della coesione sociale\u201d","breadcrumb":{"@id":"https:\/\/www.article-marketing.eu\/comunicatistampa\/festival-dello-sviluppo-sostenibile-luca-dal-fabbro-iren-diffonde-valori-positivi\/#breadcrumb"},"inLanguage":"it-IT","potentialAction":[{"@type":"ReadAction","target":["https:\/\/www.article-marketing.eu\/comunicatistampa\/festival-dello-sviluppo-sostenibile-luca-dal-fabbro-iren-diffonde-valori-positivi\/"]}]},{"@type":"ImageObject","inLanguage":"it-IT","@id":"https:\/\/www.article-marketing.eu\/comunicatistampa\/festival-dello-sviluppo-sostenibile-luca-dal-fabbro-iren-diffonde-valori-positivi\/#primaryimage","url":"https:\/\/www.adnkronos.com\/resources\/0281-18171d1bce7e-eaac1a318fcb-1000\/format\/big\/luca_dal_fabbro_iren_fg.jpeg","contentUrl":"https:\/\/www.adnkronos.com\/resources\/0281-18171d1bce7e-eaac1a318fcb-1000\/format\/big\/luca_dal_fabbro_iren_fg.jpeg"},{"@type":"BreadcrumbList","@id":"https:\/\/www.article-marketing.eu\/comunicatistampa\/festival-dello-sviluppo-sostenibile-luca-dal-fabbro-iren-diffonde-valori-positivi\/#breadcrumb","itemListElement":[{"@type":"ListItem","position":1,"name":"Home","item":"https:\/\/www.article-marketing.eu\/comunicatistampa\/"},{"@type":"ListItem","position":2,"name":"Festival dello Sviluppo Sostenibile, Luca Dal Fabbro: Iren diffonde valori positivi"}]},{"@type":"WebSite","@id":"https:\/\/www.article-marketing.eu\/comunicatistampa\/#website","url":"https:\/\/www.article-marketing.eu\/comunicatistampa\/","name":"Article Marketing","description":"article marketing &amp; press release","potentialAction":[{"@type":"SearchAction","target":{"@type":"EntryPoint","urlTemplate":"https:\/\/www.article-marketing.eu\/comunicatistampa\/?s={search_term_string}"},"query-input":{"@type":"PropertyValueSpecification","valueRequired":true,"valueName":"search_term_string"}}],"inLanguage":"it-IT"},{"@type":"Person","@id":"https:\/\/www.article-marketing.eu\/comunicatistampa\/#\/schema\/person\/cfe0e3fe87ac4e737efb364fc81b596f","name":"officecsweb","image":{"@type":"ImageObject","inLanguage":"it-IT","@id":"https:\/\/secure.gravatar.com\/avatar\/fe6a2860ccda1397815d483f3a9a4df158a311e9771fbd77255eba4a7d3f7d49?s=96&d=mm&r=g","url":"https:\/\/secure.gravatar.com\/avatar\/fe6a2860ccda1397815d483f3a9a4df158a311e9771fbd77255eba4a7d3f7d49?s=96&d=mm&r=g","contentUrl":"https:\/\/secure.gravatar.com\/avatar\/fe6a2860ccda1397815d483f3a9a4df158a311e9771fbd77255eba4a7d3f7d49?s=96&d=mm&r=g","caption":"officecsweb"},"url":"https:\/\/www.article-marketing.eu\/comunicatistampa\/author\/officecsweb\/"}]}},"_links":{"self":[{"href":"https:\/\/www.article-marketing.eu\/comunicatistampa\/wp-json\/wp\/v2\/posts\/29411","targetHints":{"allow":["GET"]}}],"collection":[{"href":"https:\/\/www.article-marketing.eu\/comunicatistampa\/wp-json\/wp\/v2\/posts"}],"about":[{"href":"https:\/\/www.article-marketing.eu\/comunicatistampa\/wp-json\/wp\/v2\/types\/post"}],"author":[{"embeddable":true,"href":"https:\/\/www.article-marketing.eu\/comunicatistampa\/wp-json\/wp\/v2\/users\/7088"}],"replies":[{"embeddable":true,"href":"https:\/\/www.article-marketing.eu\/comunicatistampa\/wp-json\/wp\/v2\/comments?post=29411"}],"version-history":[{"count":2,"href":"https:\/\/www.article-marketing.eu\/comunicatistampa\/wp-json\/wp\/v2\/posts\/29411\/revisions"}],"predecessor-version":[{"id":29843,"href":"https:\/\/www.article-marketing.eu\/comunicatistampa\/wp-json\/wp\/v2\/posts\/29411\/revisions\/29843"}],"wp:attachment":[{"href":"https:\/\/www.article-marketing.eu\/comunicatistampa\/wp-json\/wp\/v2\/media?parent=29411"}],"wp:term":[{"taxonomy":"category","embeddable":true,"href":"https:\/\/www.article-marketing.eu\/comunicatistampa\/wp-json\/wp\/v2\/categories?post=29411"},{"taxonomy":"post_tag","embeddable":true,"href":"https:\/\/www.article-marketing.eu\/comunicatistampa\/wp-json\/wp\/v2\/tags?post=29411"}],"curies":[{"name":"wp","href":"https:\/\/api.w.org\/{rel}","templated":true}]}}