{"id":29435,"date":"2024-03-08T07:16:48","date_gmt":"2024-03-08T06:16:48","guid":{"rendered":"https:\/\/www.article-marketing.eu\/comunicatistampa\/?p=29435"},"modified":"2024-03-05T23:45:25","modified_gmt":"2024-03-05T22:45:25","slug":"luigi-ferraris-gruppo-fs-cosi-raddoppieremo-il-trasporto-ferroviario-delle-merci","status":"publish","type":"post","link":"https:\/\/www.article-marketing.eu\/comunicatistampa\/luigi-ferraris-gruppo-fs-cosi-raddoppieremo-il-trasporto-ferroviario-delle-merci\/","title":{"rendered":"Luigi Ferraris (Gruppo FS): \u201cCos\u00ec raddoppieremo il trasporto ferroviario delle merci\u201d"},"content":{"rendered":"<p><em><strong>Il trasporto ferroviario delle merci in Italia e in Europa \u00e8 il tema centrale dell\u2019intervista che <a title=\"L'intervista integrale dell'ANSA a Luigi Ferraris\" href=\"https:\/\/www.youtube.com\/watch?v=x5Fy1Tf2TKE&amp;ab_channel=GruppoFS\">Luigi Ferraris<\/a>, Amministratore Delegato del Gruppo FS, ha rilasciato ad \u201cAnsa Incontra\u201d. Il manager ha parlato della strategia per aumentare la quota del treno, integrando diversi modi di trasporto e potenziando le infrastrutture.<\/strong><\/em><\/p>\n<p><strong>\u00a0<a title=\"Le dichiarazioni di Luigi Ferraris sul trasporto merci\" href=\"https:\/\/www.youtube.com\/watch?v=x5Fy1Tf2TKE&amp;ab_channel=GruppoFS\"><img loading=\"lazy\" decoding=\"async\" src=\"https:\/\/h2biz.net\/images\/Plats\/20220525145751.jpg\" alt=\"Luigi Ferraris\" width=\"297\" height=\"200\" \/><\/a><\/strong><\/p>\n<h2>La visione di Luigi Ferraris per il trasporto delle merci<\/h2>\n<p>Ad oggi il trasporto ferroviario delle merci rappresenta solo il 10-11% del totale in Italia, una percentuale che non \u00e8 cresciuta negli ultimi anni. Tra le cause principali il mancato adeguamento delle infrastrutture dedicate alla logistica. <strong>Gruppo FS<\/strong> ora intende accelerare puntando su intermodalit\u00e0 e nuove opere. A illustrarne la strategia <a title=\"Luigi Ferraris, le risposte ad ANSA Incontra\" href=\"https:\/\/www.youtube.com\/watch?v=x5Fy1Tf2TKE&amp;ab_channel=GruppoFS\"><strong>Luigi Ferraris<\/strong><\/a>, in un\u2019intervista rilasciata ad \u201cAnsa Incontra\u201d in cui l\u2019Amministratore Delegato ha condiviso la sua visione per trasformare la logistica delle merci in Italia e in Europa. Di strategica importanza la multimodalit\u00e0, ovvero la capacit\u00e0 di integrare diversi modi di trasporto: \u201c<em>Pensiamo che sia essenziale creare le condizioni perch\u00e9 il treno venga utilizzato per coprire soprattutto medie e lunghe distanze. Il viaggio va spezzato, bisogna creare dei terminali multimodali ed \u00e8 l\u00ec che si realizza appieno la strategia intermodale. Si prenda per esempio il container: dal camion lo si carica sul treno, si forma un treno e poi da l\u00ec si parte e si va verso il centro Europa e destinazioni finali. Anche qui, come per il turismo, i porti sono essenziali<\/em>\u201d. In questo modo si potrebbe raddoppiare la quota del trasporto delle merci su rotaia entro i prossimi dieci anni, raggiungendo il 20%. Per realizzare questa strategia, Luigi Ferraris ha indicato la necessit\u00e0 di investire in terminali multimodali, dove si possano caricare e scaricare i container da un mezzo all\u2019altro, e in nuove offerte di trasporto ferroviario avanzate, come quelle gi\u00e0 proposte dal Polo Logistica.<\/p>\n<h2>Luigi Ferraris: le sfide per il potenziamento delle infrastrutture ferroviarie<\/h2>\n<p>Durante il colloquio con \u201cAnsa\u201d, l\u2019AD ha parlato anche delle sfide che il <strong>Gruppo FS<\/strong> deve affrontare sul fronte del potenziamento delle infrastrutture, sia per quanto riguarda il trasporto delle merci che per quello dei passeggeri. <strong>Luigi Ferraris<\/strong> ha ricordato come l\u2019ultima grande opera di ammodernamento realizzata in Italia sia stata l\u2019Alta Velocit\u00e0, entrata a pieno regime nel 2009. Da allora, il traffico ferroviario \u00e8 pi\u00f9 che raddoppiato, ma le infrastrutture non sono state adeguatamente aggiornate. Gruppo FS \u00e8 in linea con i tempi e i costi previsti per la realizzazione delle opere necessarie, che sono state anche oggetto di una rimodulazione da parte del Governo, in accordo con l\u2019Unione Europea. La scadenza fondamentale \u00e8 giugno 2026, quando dovrebbero essere completati i principali interventi, come il Terzo Valico, la Gronda di Genova, il Nodo di Firenze e il Nodo di Bologna. Opere complesse, ha aggiunto, che richiedono una grande capacit\u00e0 di progettazione, esecuzione e controllo, e che non sono esenti da imprevisti. Il manager ha tuttavia espresso la sua fiducia nella professionalit\u00e0 e nella competenza delle persone che lavorano, ribadendo la determinazione del Gruppo a rispettare gli impegni presi con il Paese e con l\u2019Europa.<\/p>\n","protected":false},"excerpt":{"rendered":"<p>Il trasporto ferroviario delle merci in Italia e in Europa \u00e8 il tema centrale dell\u2019intervista che Luigi Ferraris, Amministratore Delegato del Gruppo FS, ha rilasciato ad \u201cAnsa Incontra\u201d. Il manager ha parlato della strategia per aumentare la quota del treno, integrando diversi modi di trasporto e potenziando le infrastrutture. \u00a0 La visione di Luigi Ferraris per il trasporto delle merci Ad oggi il trasporto ferroviario delle merci rappresenta solo il<\/p>\n<p><a class=\"continue-reading\" href=\"https:\/\/www.article-marketing.eu\/comunicatistampa\/luigi-ferraris-gruppo-fs-cosi-raddoppieremo-il-trasporto-ferroviario-delle-merci\/\">Continue reading&#8230;<\/a><\/p>\n","protected":false},"author":7203,"featured_media":0,"comment_status":"open","ping_status":"open","sticky":false,"template":"","format":"standard","meta":{"_monsterinsights_skip_tracking":false,"_monsterinsights_sitenote_active":false,"_monsterinsights_sitenote_note":"","_monsterinsights_sitenote_category":0,"footnotes":""},"categories":[388],"tags":[10013,9540],"class_list":["post-29435","post","type-post","status-publish","format-standard","hentry","category-aziende","tag-gruppo-fs","tag-luigi-ferraris"],"yoast_head":"<!-- This site is optimized with the Yoast SEO plugin v27.3 - https:\/\/yoast.com\/product\/yoast-seo-wordpress\/ -->\n<title>Luigi Ferraris (Gruppo FS): \u201cCos\u00ec raddoppieremo il trasporto ferroviario delle merci\u201d<\/title>\n<meta name=\"description\" content=\"L\u2019Amministratore Delegato Luigi Ferraris spiega all\u2019\u201dAnsa\u201d come il Gruppo FS intende aumentare la quota di merci su ferro\" \/>\n<meta name=\"robots\" content=\"index, follow, max-snippet:-1, max-image-preview:large, max-video-preview:-1\" \/>\n<link rel=\"canonical\" href=\"https:\/\/www.article-marketing.eu\/comunicatistampa\/luigi-ferraris-gruppo-fs-cosi-raddoppieremo-il-trasporto-ferroviario-delle-merci\/\" \/>\n<meta property=\"og:locale\" content=\"it_IT\" \/>\n<meta property=\"og:type\" content=\"article\" \/>\n<meta property=\"og:title\" content=\"Luigi Ferraris (Gruppo FS): \u201cCos\u00ec raddoppieremo il trasporto ferroviario delle merci\u201d\" \/>\n<meta property=\"og:description\" content=\"L\u2019Amministratore Delegato Luigi Ferraris spiega all\u2019\u201dAnsa\u201d come il Gruppo FS intende aumentare la quota di merci su ferro\" \/>\n<meta property=\"og:url\" content=\"https:\/\/www.article-marketing.eu\/comunicatistampa\/luigi-ferraris-gruppo-fs-cosi-raddoppieremo-il-trasporto-ferroviario-delle-merci\/\" \/>\n<meta property=\"og:site_name\" content=\"Article Marketing\" \/>\n<meta property=\"article:published_time\" content=\"2024-03-08T06:16:48+00:00\" \/>\n<meta property=\"og:image\" content=\"https:\/\/h2biz.net\/images\/Plats\/20220525145751.jpg\" \/>\n<meta name=\"author\" content=\"gbofficeprnews\" \/>\n<meta name=\"twitter:card\" content=\"summary_large_image\" \/>\n<meta name=\"twitter:label1\" content=\"Scritto da\" \/>\n\t<meta name=\"twitter:data1\" content=\"gbofficeprnews\" \/>\n\t<meta name=\"twitter:label2\" content=\"Tempo di lettura stimato\" \/>\n\t<meta name=\"twitter:data2\" content=\"3 minuti\" \/>\n<script type=\"application\/ld+json\" class=\"yoast-schema-graph\">{\"@context\":\"https:\\\/\\\/schema.org\",\"@graph\":[{\"@type\":\"Article\",\"@id\":\"https:\\\/\\\/www.article-marketing.eu\\\/comunicatistampa\\\/luigi-ferraris-gruppo-fs-cosi-raddoppieremo-il-trasporto-ferroviario-delle-merci\\\/#article\",\"isPartOf\":{\"@id\":\"https:\\\/\\\/www.article-marketing.eu\\\/comunicatistampa\\\/luigi-ferraris-gruppo-fs-cosi-raddoppieremo-il-trasporto-ferroviario-delle-merci\\\/\"},\"author\":{\"name\":\"gbofficeprnews\",\"@id\":\"https:\\\/\\\/www.article-marketing.eu\\\/comunicatistampa\\\/#\\\/schema\\\/person\\\/00c541681af1a376511ed63d59ca096f\"},\"headline\":\"Luigi Ferraris (Gruppo FS): \u201cCos\u00ec raddoppieremo il trasporto ferroviario delle merci\u201d\",\"datePublished\":\"2024-03-08T06:16:48+00:00\",\"mainEntityOfPage\":{\"@id\":\"https:\\\/\\\/www.article-marketing.eu\\\/comunicatistampa\\\/luigi-ferraris-gruppo-fs-cosi-raddoppieremo-il-trasporto-ferroviario-delle-merci\\\/\"},\"wordCount\":513,\"commentCount\":0,\"image\":{\"@id\":\"https:\\\/\\\/www.article-marketing.eu\\\/comunicatistampa\\\/luigi-ferraris-gruppo-fs-cosi-raddoppieremo-il-trasporto-ferroviario-delle-merci\\\/#primaryimage\"},\"thumbnailUrl\":\"https:\\\/\\\/h2biz.net\\\/images\\\/Plats\\\/20220525145751.jpg\",\"keywords\":[\"Gruppo FS\",\"Luigi Ferraris\"],\"articleSection\":[\"Aziende\"],\"inLanguage\":\"it-IT\",\"potentialAction\":[{\"@type\":\"CommentAction\",\"name\":\"Comment\",\"target\":[\"https:\\\/\\\/www.article-marketing.eu\\\/comunicatistampa\\\/luigi-ferraris-gruppo-fs-cosi-raddoppieremo-il-trasporto-ferroviario-delle-merci\\\/#respond\"]}]},{\"@type\":\"WebPage\",\"@id\":\"https:\\\/\\\/www.article-marketing.eu\\\/comunicatistampa\\\/luigi-ferraris-gruppo-fs-cosi-raddoppieremo-il-trasporto-ferroviario-delle-merci\\\/\",\"url\":\"https:\\\/\\\/www.article-marketing.eu\\\/comunicatistampa\\\/luigi-ferraris-gruppo-fs-cosi-raddoppieremo-il-trasporto-ferroviario-delle-merci\\\/\",\"name\":\"Luigi Ferraris (Gruppo FS): \u201cCos\u00ec raddoppieremo il trasporto ferroviario delle merci\u201d\",\"isPartOf\":{\"@id\":\"https:\\\/\\\/www.article-marketing.eu\\\/comunicatistampa\\\/#website\"},\"primaryImageOfPage\":{\"@id\":\"https:\\\/\\\/www.article-marketing.eu\\\/comunicatistampa\\\/luigi-ferraris-gruppo-fs-cosi-raddoppieremo-il-trasporto-ferroviario-delle-merci\\\/#primaryimage\"},\"image\":{\"@id\":\"https:\\\/\\\/www.article-marketing.eu\\\/comunicatistampa\\\/luigi-ferraris-gruppo-fs-cosi-raddoppieremo-il-trasporto-ferroviario-delle-merci\\\/#primaryimage\"},\"thumbnailUrl\":\"https:\\\/\\\/h2biz.net\\\/images\\\/Plats\\\/20220525145751.jpg\",\"datePublished\":\"2024-03-08T06:16:48+00:00\",\"author\":{\"@id\":\"https:\\\/\\\/www.article-marketing.eu\\\/comunicatistampa\\\/#\\\/schema\\\/person\\\/00c541681af1a376511ed63d59ca096f\"},\"description\":\"L\u2019Amministratore Delegato Luigi Ferraris spiega all\u2019\u201dAnsa\u201d come il Gruppo FS intende aumentare la quota di merci su ferro\",\"breadcrumb\":{\"@id\":\"https:\\\/\\\/www.article-marketing.eu\\\/comunicatistampa\\\/luigi-ferraris-gruppo-fs-cosi-raddoppieremo-il-trasporto-ferroviario-delle-merci\\\/#breadcrumb\"},\"inLanguage\":\"it-IT\",\"potentialAction\":[{\"@type\":\"ReadAction\",\"target\":[\"https:\\\/\\\/www.article-marketing.eu\\\/comunicatistampa\\\/luigi-ferraris-gruppo-fs-cosi-raddoppieremo-il-trasporto-ferroviario-delle-merci\\\/\"]}]},{\"@type\":\"ImageObject\",\"inLanguage\":\"it-IT\",\"@id\":\"https:\\\/\\\/www.article-marketing.eu\\\/comunicatistampa\\\/luigi-ferraris-gruppo-fs-cosi-raddoppieremo-il-trasporto-ferroviario-delle-merci\\\/#primaryimage\",\"url\":\"https:\\\/\\\/h2biz.net\\\/images\\\/Plats\\\/20220525145751.jpg\",\"contentUrl\":\"https:\\\/\\\/h2biz.net\\\/images\\\/Plats\\\/20220525145751.jpg\"},{\"@type\":\"BreadcrumbList\",\"@id\":\"https:\\\/\\\/www.article-marketing.eu\\\/comunicatistampa\\\/luigi-ferraris-gruppo-fs-cosi-raddoppieremo-il-trasporto-ferroviario-delle-merci\\\/#breadcrumb\",\"itemListElement\":[{\"@type\":\"ListItem\",\"position\":1,\"name\":\"Home\",\"item\":\"https:\\\/\\\/www.article-marketing.eu\\\/comunicatistampa\\\/\"},{\"@type\":\"ListItem\",\"position\":2,\"name\":\"Luigi Ferraris (Gruppo FS): \u201cCos\u00ec raddoppieremo il trasporto ferroviario delle merci\u201d\"}]},{\"@type\":\"WebSite\",\"@id\":\"https:\\\/\\\/www.article-marketing.eu\\\/comunicatistampa\\\/#website\",\"url\":\"https:\\\/\\\/www.article-marketing.eu\\\/comunicatistampa\\\/\",\"name\":\"Article Marketing\",\"description\":\"article marketing &amp; press release\",\"potentialAction\":[{\"@type\":\"SearchAction\",\"target\":{\"@type\":\"EntryPoint\",\"urlTemplate\":\"https:\\\/\\\/www.article-marketing.eu\\\/comunicatistampa\\\/?s={search_term_string}\"},\"query-input\":{\"@type\":\"PropertyValueSpecification\",\"valueRequired\":true,\"valueName\":\"search_term_string\"}}],\"inLanguage\":\"it-IT\"},{\"@type\":\"Person\",\"@id\":\"https:\\\/\\\/www.article-marketing.eu\\\/comunicatistampa\\\/#\\\/schema\\\/person\\\/00c541681af1a376511ed63d59ca096f\",\"name\":\"gbofficeprnews\",\"image\":{\"@type\":\"ImageObject\",\"inLanguage\":\"it-IT\",\"@id\":\"https:\\\/\\\/secure.gravatar.com\\\/avatar\\\/6c895f4b9cd59fffe899c25f76b85bf0d427605c1f0d3b07c81e155c001265cf?s=96&d=mm&r=g\",\"url\":\"https:\\\/\\\/secure.gravatar.com\\\/avatar\\\/6c895f4b9cd59fffe899c25f76b85bf0d427605c1f0d3b07c81e155c001265cf?s=96&d=mm&r=g\",\"contentUrl\":\"https:\\\/\\\/secure.gravatar.com\\\/avatar\\\/6c895f4b9cd59fffe899c25f76b85bf0d427605c1f0d3b07c81e155c001265cf?s=96&d=mm&r=g\",\"caption\":\"gbofficeprnews\"},\"url\":\"https:\\\/\\\/www.article-marketing.eu\\\/comunicatistampa\\\/author\\\/gbofficeprnews\\\/\"}]}<\/script>\n<!-- \/ Yoast SEO plugin. -->","yoast_head_json":{"title":"Luigi Ferraris (Gruppo FS): \u201cCos\u00ec raddoppieremo il trasporto ferroviario delle merci\u201d","description":"L\u2019Amministratore Delegato Luigi Ferraris spiega all\u2019\u201dAnsa\u201d come il Gruppo FS intende aumentare la quota di merci su ferro","robots":{"index":"index","follow":"follow","max-snippet":"max-snippet:-1","max-image-preview":"max-image-preview:large","max-video-preview":"max-video-preview:-1"},"canonical":"https:\/\/www.article-marketing.eu\/comunicatistampa\/luigi-ferraris-gruppo-fs-cosi-raddoppieremo-il-trasporto-ferroviario-delle-merci\/","og_locale":"it_IT","og_type":"article","og_title":"Luigi Ferraris (Gruppo FS): \u201cCos\u00ec raddoppieremo il trasporto ferroviario delle merci\u201d","og_description":"L\u2019Amministratore Delegato Luigi Ferraris spiega all\u2019\u201dAnsa\u201d come il Gruppo FS intende aumentare la quota di merci su ferro","og_url":"https:\/\/www.article-marketing.eu\/comunicatistampa\/luigi-ferraris-gruppo-fs-cosi-raddoppieremo-il-trasporto-ferroviario-delle-merci\/","og_site_name":"Article Marketing","article_published_time":"2024-03-08T06:16:48+00:00","og_image":[{"url":"https:\/\/h2biz.net\/images\/Plats\/20220525145751.jpg","type":"","width":"","height":""}],"author":"gbofficeprnews","twitter_card":"summary_large_image","twitter_misc":{"Scritto da":"gbofficeprnews","Tempo di lettura stimato":"3 minuti"},"schema":{"@context":"https:\/\/schema.org","@graph":[{"@type":"Article","@id":"https:\/\/www.article-marketing.eu\/comunicatistampa\/luigi-ferraris-gruppo-fs-cosi-raddoppieremo-il-trasporto-ferroviario-delle-merci\/#article","isPartOf":{"@id":"https:\/\/www.article-marketing.eu\/comunicatistampa\/luigi-ferraris-gruppo-fs-cosi-raddoppieremo-il-trasporto-ferroviario-delle-merci\/"},"author":{"name":"gbofficeprnews","@id":"https:\/\/www.article-marketing.eu\/comunicatistampa\/#\/schema\/person\/00c541681af1a376511ed63d59ca096f"},"headline":"Luigi Ferraris (Gruppo FS): \u201cCos\u00ec raddoppieremo il trasporto ferroviario delle merci\u201d","datePublished":"2024-03-08T06:16:48+00:00","mainEntityOfPage":{"@id":"https:\/\/www.article-marketing.eu\/comunicatistampa\/luigi-ferraris-gruppo-fs-cosi-raddoppieremo-il-trasporto-ferroviario-delle-merci\/"},"wordCount":513,"commentCount":0,"image":{"@id":"https:\/\/www.article-marketing.eu\/comunicatistampa\/luigi-ferraris-gruppo-fs-cosi-raddoppieremo-il-trasporto-ferroviario-delle-merci\/#primaryimage"},"thumbnailUrl":"https:\/\/h2biz.net\/images\/Plats\/20220525145751.jpg","keywords":["Gruppo FS","Luigi Ferraris"],"articleSection":["Aziende"],"inLanguage":"it-IT","potentialAction":[{"@type":"CommentAction","name":"Comment","target":["https:\/\/www.article-marketing.eu\/comunicatistampa\/luigi-ferraris-gruppo-fs-cosi-raddoppieremo-il-trasporto-ferroviario-delle-merci\/#respond"]}]},{"@type":"WebPage","@id":"https:\/\/www.article-marketing.eu\/comunicatistampa\/luigi-ferraris-gruppo-fs-cosi-raddoppieremo-il-trasporto-ferroviario-delle-merci\/","url":"https:\/\/www.article-marketing.eu\/comunicatistampa\/luigi-ferraris-gruppo-fs-cosi-raddoppieremo-il-trasporto-ferroviario-delle-merci\/","name":"Luigi Ferraris (Gruppo FS): \u201cCos\u00ec raddoppieremo il trasporto ferroviario delle merci\u201d","isPartOf":{"@id":"https:\/\/www.article-marketing.eu\/comunicatistampa\/#website"},"primaryImageOfPage":{"@id":"https:\/\/www.article-marketing.eu\/comunicatistampa\/luigi-ferraris-gruppo-fs-cosi-raddoppieremo-il-trasporto-ferroviario-delle-merci\/#primaryimage"},"image":{"@id":"https:\/\/www.article-marketing.eu\/comunicatistampa\/luigi-ferraris-gruppo-fs-cosi-raddoppieremo-il-trasporto-ferroviario-delle-merci\/#primaryimage"},"thumbnailUrl":"https:\/\/h2biz.net\/images\/Plats\/20220525145751.jpg","datePublished":"2024-03-08T06:16:48+00:00","author":{"@id":"https:\/\/www.article-marketing.eu\/comunicatistampa\/#\/schema\/person\/00c541681af1a376511ed63d59ca096f"},"description":"L\u2019Amministratore Delegato Luigi Ferraris spiega all\u2019\u201dAnsa\u201d come il Gruppo FS intende aumentare la quota di merci su ferro","breadcrumb":{"@id":"https:\/\/www.article-marketing.eu\/comunicatistampa\/luigi-ferraris-gruppo-fs-cosi-raddoppieremo-il-trasporto-ferroviario-delle-merci\/#breadcrumb"},"inLanguage":"it-IT","potentialAction":[{"@type":"ReadAction","target":["https:\/\/www.article-marketing.eu\/comunicatistampa\/luigi-ferraris-gruppo-fs-cosi-raddoppieremo-il-trasporto-ferroviario-delle-merci\/"]}]},{"@type":"ImageObject","inLanguage":"it-IT","@id":"https:\/\/www.article-marketing.eu\/comunicatistampa\/luigi-ferraris-gruppo-fs-cosi-raddoppieremo-il-trasporto-ferroviario-delle-merci\/#primaryimage","url":"https:\/\/h2biz.net\/images\/Plats\/20220525145751.jpg","contentUrl":"https:\/\/h2biz.net\/images\/Plats\/20220525145751.jpg"},{"@type":"BreadcrumbList","@id":"https:\/\/www.article-marketing.eu\/comunicatistampa\/luigi-ferraris-gruppo-fs-cosi-raddoppieremo-il-trasporto-ferroviario-delle-merci\/#breadcrumb","itemListElement":[{"@type":"ListItem","position":1,"name":"Home","item":"https:\/\/www.article-marketing.eu\/comunicatistampa\/"},{"@type":"ListItem","position":2,"name":"Luigi Ferraris (Gruppo FS): \u201cCos\u00ec raddoppieremo il trasporto ferroviario delle merci\u201d"}]},{"@type":"WebSite","@id":"https:\/\/www.article-marketing.eu\/comunicatistampa\/#website","url":"https:\/\/www.article-marketing.eu\/comunicatistampa\/","name":"Article Marketing","description":"article marketing &amp; press release","potentialAction":[{"@type":"SearchAction","target":{"@type":"EntryPoint","urlTemplate":"https:\/\/www.article-marketing.eu\/comunicatistampa\/?s={search_term_string}"},"query-input":{"@type":"PropertyValueSpecification","valueRequired":true,"valueName":"search_term_string"}}],"inLanguage":"it-IT"},{"@type":"Person","@id":"https:\/\/www.article-marketing.eu\/comunicatistampa\/#\/schema\/person\/00c541681af1a376511ed63d59ca096f","name":"gbofficeprnews","image":{"@type":"ImageObject","inLanguage":"it-IT","@id":"https:\/\/secure.gravatar.com\/avatar\/6c895f4b9cd59fffe899c25f76b85bf0d427605c1f0d3b07c81e155c001265cf?s=96&d=mm&r=g","url":"https:\/\/secure.gravatar.com\/avatar\/6c895f4b9cd59fffe899c25f76b85bf0d427605c1f0d3b07c81e155c001265cf?s=96&d=mm&r=g","contentUrl":"https:\/\/secure.gravatar.com\/avatar\/6c895f4b9cd59fffe899c25f76b85bf0d427605c1f0d3b07c81e155c001265cf?s=96&d=mm&r=g","caption":"gbofficeprnews"},"url":"https:\/\/www.article-marketing.eu\/comunicatistampa\/author\/gbofficeprnews\/"}]}},"_links":{"self":[{"href":"https:\/\/www.article-marketing.eu\/comunicatistampa\/wp-json\/wp\/v2\/posts\/29435","targetHints":{"allow":["GET"]}}],"collection":[{"href":"https:\/\/www.article-marketing.eu\/comunicatistampa\/wp-json\/wp\/v2\/posts"}],"about":[{"href":"https:\/\/www.article-marketing.eu\/comunicatistampa\/wp-json\/wp\/v2\/types\/post"}],"author":[{"embeddable":true,"href":"https:\/\/www.article-marketing.eu\/comunicatistampa\/wp-json\/wp\/v2\/users\/7203"}],"replies":[{"embeddable":true,"href":"https:\/\/www.article-marketing.eu\/comunicatistampa\/wp-json\/wp\/v2\/comments?post=29435"}],"version-history":[{"count":2,"href":"https:\/\/www.article-marketing.eu\/comunicatistampa\/wp-json\/wp\/v2\/posts\/29435\/revisions"}],"predecessor-version":[{"id":29987,"href":"https:\/\/www.article-marketing.eu\/comunicatistampa\/wp-json\/wp\/v2\/posts\/29435\/revisions\/29987"}],"wp:attachment":[{"href":"https:\/\/www.article-marketing.eu\/comunicatistampa\/wp-json\/wp\/v2\/media?parent=29435"}],"wp:term":[{"taxonomy":"category","embeddable":true,"href":"https:\/\/www.article-marketing.eu\/comunicatistampa\/wp-json\/wp\/v2\/categories?post=29435"},{"taxonomy":"post_tag","embeddable":true,"href":"https:\/\/www.article-marketing.eu\/comunicatistampa\/wp-json\/wp\/v2\/tags?post=29435"}],"curies":[{"name":"wp","href":"https:\/\/api.w.org\/{rel}","templated":true}]}}