{"id":29444,"date":"2024-02-11T16:46:32","date_gmt":"2024-02-11T15:46:32","guid":{"rendered":"https:\/\/www.article-marketing.eu\/comunicatistampa\/?p=29444"},"modified":"2024-02-11T16:46:32","modified_gmt":"2024-02-11T15:46:32","slug":"un-inverno-dal-cuore-caldo-in-cielo-e-terra","status":"publish","type":"post","link":"https:\/\/www.article-marketing.eu\/comunicatistampa\/un-inverno-dal-cuore-caldo-in-cielo-e-terra\/","title":{"rendered":"Un inverno dal cuore caldo in Cielo e Terra"},"content":{"rendered":"<p><em>La storica cantina vicentina si \u00e8 resa protagonista di una serie di iniziative che pongono al centro la persona e l\u2019ambiente, nel segno di una territorialit\u00e0 sostenuta in maniera concreta.<\/em><\/p>\n<p>&nbsp;<\/p>\n<p><strong>Cielo e Terra<\/strong> <strong>ha saputo rendersi protagonista di numerose iniziative<\/strong>, <strong>mettendo al centro le persone e l\u2019ambiente<\/strong>, in un\u2019ottica di impegno concreto nella realizzazione di progetti che sposano pienamente i diversi aspetti della territorialit\u00e0 in cui \u00e8 inserita e in cui opera quotidianamente. Se gi\u00e0 <strong>in autunno aveva presenziato a <\/strong><em><strong>ViWine<\/strong><\/em> <strong>Festival<\/strong>, l&#8217;evento sul vino della Citt\u00e0 di <em>Vicenza, per valorizzare la vocazione vitivinicola locale e la storia secolare della cantina, rimarcata anche <strong>a <\/strong><\/em><strong>Gustus \u2013 Vini e Sapori di Vicenza<\/strong><strong>, l\u2019arrivo dell\u2019inverno non ha raffreddato il desiderio di essere a pieno titolo una realt\u00e0 ambasciatrice del territorio e delle persone dell\u2019area vicentina, a partire dall\u2019adesione al <\/strong><strong>Banco Alimentare Veneto nell\u2019anno del suo trentennale<\/strong>.<\/p>\n<p><strong>Le persone sono al centro in Cielo e Terra<\/strong>, un concetto e un valore alla base di <strong>un\u2019attivit\u00e0 che pur sviluppandosi nel tempo, non ha mai dimenticato i fautori di questa crescita, i tanti lavoratori<\/strong> che con la propria dedizione hanno contribuito a portare la realt\u00e0 vicentina alle dimensioni attuali e alla notoriet\u00e0 internazionale. <strong>In tal senso, i<\/strong><strong>n occasione del 50\u00b0 della cooperativa Azove, la storica cantina vicentina non ha fatto mancare la propria testimonianza, con <\/strong><strong>un intervento dedicato alla gestione delle risorse umane e il rapporto tra lavoro, persone e aziende.<\/strong><strong> Cos\u00ec come <\/strong><strong>in occasione di PMI DAY 2023<\/strong>, l\u2019annuale appuntamento che dal 2010 vede coinvolte le piccole e medie imprese associate a Confindustria, lo scorso novembre, in cui <strong>gli studenti delle medie di Montorso sono stati ospiti per un giorno di Cielo e Terra<\/strong>. L\u2019iniziativa mira a diffondere <strong>la conoscenza del tessuto produttivo, evidenziando le opportunit\u00e0 offerte e l&#8217;impegno verso la crescita posto dalle imprese<\/strong>. Il tour organizzato per questa edizione <strong>ha permesso quindi ai ragazzi di immergersi in questa realt\u00e0 e conoscere diverse figure professionali che potrebbero un giorno essere parte integrante del loro percorso lavorativo<\/strong>.<\/p>\n<p><strong>Altro tema sentito \u00e8 la sostenibilit\u00e0 nell\u2019ottica di un approccio socialmente responsabile<\/strong>, molto caro a <strong>Cielo e Terra<\/strong>, una cantina che <strong>ha affascinato il mondo intero con i suoi prodotti, ma anche per un approccio <\/strong>che l\u2019ha resa una tra le <strong>aziende vitivinicole pi\u00f9 grandi certificata in Europa.<\/strong><\/p>\n<p>Un\u2019attenzione all\u2019ambiente e al territorio che \u00e8 emersa anche <strong>in occasione dell\u2019<\/strong><strong>intervento <\/strong><strong>dedicato al trentennale della scomparsa di Demetrio Zaccaria fondatore della Biblioteca Internazionale La Vigna di Vicenza<\/strong>. Presso l\u2019istituto culturale e di documentazione, specializzato nel settore delle scienze agrarie e della civilt\u00e0 contadina, con particolare attenzione alla viticoltura e all\u2019enologia, <strong>Cielo e Terra ha raccontato il percorso che l\u2019ha condotto a diventare una societ\u00e0 benefit e BCorp<\/strong>.<\/p>\n<p>Sul finire dell\u2019anno \u00e8 giunta anche l\u2019<strong>attivit\u00e0 di sostegno alla Fondazione Citt\u00e0 della Speranza<\/strong>, realt\u00e0 costituita nel 1994 nel vicentino per la raccolta fondi per la costruzione di un moderno reparto di oncoematologia pediatrica e oggi prestigiosa clinica di Padova collegata ai pi\u00f9 importanti centri italiani e mondiali e centro di riferimento nazionale per la diagnosi delle leucemie acute e per la caratterizzazione molecolare di linfomi e sarcomi, oltre che centro di coordinamento di protocolli nazionali ed europei di diagnosi e cura di linfomi, sarcomi, tumori cerebrali ed epatici, tumori rari.<\/p>\n<p>&nbsp;<\/p>\n<p><strong>www.cieloeterravini.com <\/strong><\/p>\n<p><strong>Cielo e Terra<\/strong>\u00a0nasce nel 1908, \u00a0nelle campagne di Vicenza, vicino ai Castelli di Romeo e Giulietta, dove il<strong>\u00a0<\/strong>bisnonno<strong>\u00a0<\/strong>aveva acquistato un piccolo podere con vigneto.\u00a0Il\u00a0nonno Pietro<strong>\u00a0<\/strong>ha proseguito la guida dell\u2019azienda con grande passione impegno sociale. Oggi<strong>\u00a0<\/strong>alla guida dell&#8217;azienda\u00a0ci sono\u00a0Luca e Pierpaolo Cielo, assieme al socio Collis Veneto Wine Group unitosi all\u2019azienda della famiglia Cielo nel 1999. \u00a0Oggi l\u2019azienda\u00a0con una quota di esportazione superiore al 75%\u00a0\u00e8 conosciuta in tutto il mondo con i marchi Cielo, Casa Defr\u00e0 e Bericanto. Il gruppo che nel 2022\u00a0ha\u00a0superato\u00a0i 60 milioni\u00a0di euro\u00a0si caratterizza per un approccio socialmente responsabile,\u00a0orientato alla\u00a0solidariet\u00e0\u2019,\u00a0trasparenza e alla sostenibilit\u00e0.\u00a0Il marchio Cielo e\u2019 infatti legato da anni alla Ong americana Winetowater, con la quale vengono donati sistemi di filtrazione d\u2019acqua \u00a0nelle aree piu\u2019 bisognose.\u00a0Dopo aver ottenuto la certificazione B Corp, l\u2019azienda ha aderito anche VIVA Sustainable, con l\u2019obiettivo di ottimizzare l\u2019impatto ambientale della filiera vite \u2013 vino\u00a0ed e\u2019 dal 2022 anche Societa\u2019 Benefit. Prima realt\u00e0 vinicola italiana a introdurre in azienda il modello della Lean Organization, Cielo e Terra integra numerosi progetti con un piano di economia circolare, affermandosi come realt\u00e0 in grado di fronteggiare le sfide dei mercati mondiali ed attestare la sua presenza in oltre 60 Paesi.<\/p>\n","protected":false},"excerpt":{"rendered":"<p>La storica cantina vicentina si \u00e8 resa protagonista di una serie di iniziative che pongono al centro la persona e l\u2019ambiente, nel segno di una territorialit\u00e0 sostenuta in maniera concreta. &nbsp; Cielo e Terra ha saputo rendersi protagonista di numerose iniziative, mettendo al centro le persone e l\u2019ambiente, in un\u2019ottica di impegno concreto nella realizzazione di progetti che sposano pienamente i diversi aspetti della territorialit\u00e0 in cui \u00e8 inserita e<\/p>\n<p><a class=\"continue-reading\" href=\"https:\/\/www.article-marketing.eu\/comunicatistampa\/un-inverno-dal-cuore-caldo-in-cielo-e-terra\/\">Continue reading&#8230;<\/a><\/p>\n","protected":false},"author":397,"featured_media":0,"comment_status":"open","ping_status":"open","sticky":false,"template":"","format":"standard","meta":{"_monsterinsights_skip_tracking":false,"_monsterinsights_sitenote_active":false,"_monsterinsights_sitenote_note":"","_monsterinsights_sitenote_category":0,"footnotes":""},"categories":[78],"tags":[],"class_list":["post-29444","post","type-post","status-publish","format-standard","hentry","category-comunicati-stampa"],"yoast_head":"<!-- This site is optimized with the Yoast SEO plugin v27.3 - https:\/\/yoast.com\/product\/yoast-seo-wordpress\/ -->\n<title>Un inverno dal cuore caldo in Cielo e Terra - Article Marketing<\/title>\n<meta name=\"robots\" content=\"index, follow, max-snippet:-1, max-image-preview:large, max-video-preview:-1\" \/>\n<link rel=\"canonical\" href=\"https:\/\/www.article-marketing.eu\/comunicatistampa\/un-inverno-dal-cuore-caldo-in-cielo-e-terra\/\" \/>\n<meta property=\"og:locale\" content=\"it_IT\" \/>\n<meta property=\"og:type\" content=\"article\" \/>\n<meta property=\"og:title\" content=\"Un inverno dal cuore caldo in Cielo e Terra - Article Marketing\" \/>\n<meta property=\"og:description\" content=\"La storica cantina vicentina si \u00e8 resa protagonista di una serie di iniziative che pongono al centro la persona e l\u2019ambiente, nel segno di una territorialit\u00e0 sostenuta in maniera concreta. &nbsp; Cielo e Terra ha saputo rendersi protagonista di numerose iniziative, mettendo al centro le persone e l\u2019ambiente, in un\u2019ottica di impegno concreto nella realizzazione di progetti che sposano pienamente i diversi aspetti della territorialit\u00e0 in cui \u00e8 inserita eContinue reading...\" \/>\n<meta property=\"og:url\" content=\"https:\/\/www.article-marketing.eu\/comunicatistampa\/un-inverno-dal-cuore-caldo-in-cielo-e-terra\/\" \/>\n<meta property=\"og:site_name\" content=\"Article Marketing\" \/>\n<meta property=\"article:published_time\" content=\"2024-02-11T15:46:32+00:00\" \/>\n<meta name=\"author\" content=\"Borderline Agency\" \/>\n<meta name=\"twitter:card\" content=\"summary_large_image\" \/>\n<meta name=\"twitter:label1\" content=\"Scritto da\" \/>\n\t<meta name=\"twitter:data1\" content=\"Borderline Agency\" \/>\n\t<meta name=\"twitter:label2\" content=\"Tempo di lettura stimato\" \/>\n\t<meta name=\"twitter:data2\" content=\"5 minuti\" \/>\n<script type=\"application\/ld+json\" class=\"yoast-schema-graph\">{\"@context\":\"https:\\\/\\\/schema.org\",\"@graph\":[{\"@type\":\"Article\",\"@id\":\"https:\\\/\\\/www.article-marketing.eu\\\/comunicatistampa\\\/un-inverno-dal-cuore-caldo-in-cielo-e-terra\\\/#article\",\"isPartOf\":{\"@id\":\"https:\\\/\\\/www.article-marketing.eu\\\/comunicatistampa\\\/un-inverno-dal-cuore-caldo-in-cielo-e-terra\\\/\"},\"author\":{\"name\":\"Borderline Agency\",\"@id\":\"https:\\\/\\\/www.article-marketing.eu\\\/comunicatistampa\\\/#\\\/schema\\\/person\\\/1c4ab1c7aad84347e26e78235da6ff1b\"},\"headline\":\"Un inverno dal cuore caldo in Cielo e Terra\",\"datePublished\":\"2024-02-11T15:46:32+00:00\",\"mainEntityOfPage\":{\"@id\":\"https:\\\/\\\/www.article-marketing.eu\\\/comunicatistampa\\\/un-inverno-dal-cuore-caldo-in-cielo-e-terra\\\/\"},\"wordCount\":780,\"commentCount\":0,\"articleSection\":[\"Comunicati stampa\"],\"inLanguage\":\"it-IT\",\"potentialAction\":[{\"@type\":\"CommentAction\",\"name\":\"Comment\",\"target\":[\"https:\\\/\\\/www.article-marketing.eu\\\/comunicatistampa\\\/un-inverno-dal-cuore-caldo-in-cielo-e-terra\\\/#respond\"]}]},{\"@type\":\"WebPage\",\"@id\":\"https:\\\/\\\/www.article-marketing.eu\\\/comunicatistampa\\\/un-inverno-dal-cuore-caldo-in-cielo-e-terra\\\/\",\"url\":\"https:\\\/\\\/www.article-marketing.eu\\\/comunicatistampa\\\/un-inverno-dal-cuore-caldo-in-cielo-e-terra\\\/\",\"name\":\"Un inverno dal cuore caldo in Cielo e Terra - Article Marketing\",\"isPartOf\":{\"@id\":\"https:\\\/\\\/www.article-marketing.eu\\\/comunicatistampa\\\/#website\"},\"datePublished\":\"2024-02-11T15:46:32+00:00\",\"author\":{\"@id\":\"https:\\\/\\\/www.article-marketing.eu\\\/comunicatistampa\\\/#\\\/schema\\\/person\\\/1c4ab1c7aad84347e26e78235da6ff1b\"},\"breadcrumb\":{\"@id\":\"https:\\\/\\\/www.article-marketing.eu\\\/comunicatistampa\\\/un-inverno-dal-cuore-caldo-in-cielo-e-terra\\\/#breadcrumb\"},\"inLanguage\":\"it-IT\",\"potentialAction\":[{\"@type\":\"ReadAction\",\"target\":[\"https:\\\/\\\/www.article-marketing.eu\\\/comunicatistampa\\\/un-inverno-dal-cuore-caldo-in-cielo-e-terra\\\/\"]}]},{\"@type\":\"BreadcrumbList\",\"@id\":\"https:\\\/\\\/www.article-marketing.eu\\\/comunicatistampa\\\/un-inverno-dal-cuore-caldo-in-cielo-e-terra\\\/#breadcrumb\",\"itemListElement\":[{\"@type\":\"ListItem\",\"position\":1,\"name\":\"Home\",\"item\":\"https:\\\/\\\/www.article-marketing.eu\\\/comunicatistampa\\\/\"},{\"@type\":\"ListItem\",\"position\":2,\"name\":\"Un inverno dal cuore caldo in Cielo e Terra\"}]},{\"@type\":\"WebSite\",\"@id\":\"https:\\\/\\\/www.article-marketing.eu\\\/comunicatistampa\\\/#website\",\"url\":\"https:\\\/\\\/www.article-marketing.eu\\\/comunicatistampa\\\/\",\"name\":\"Article Marketing\",\"description\":\"article marketing &amp; press release\",\"potentialAction\":[{\"@type\":\"SearchAction\",\"target\":{\"@type\":\"EntryPoint\",\"urlTemplate\":\"https:\\\/\\\/www.article-marketing.eu\\\/comunicatistampa\\\/?s={search_term_string}\"},\"query-input\":{\"@type\":\"PropertyValueSpecification\",\"valueRequired\":true,\"valueName\":\"search_term_string\"}}],\"inLanguage\":\"it-IT\"},{\"@type\":\"Person\",\"@id\":\"https:\\\/\\\/www.article-marketing.eu\\\/comunicatistampa\\\/#\\\/schema\\\/person\\\/1c4ab1c7aad84347e26e78235da6ff1b\",\"name\":\"Borderline Agency\",\"image\":{\"@type\":\"ImageObject\",\"inLanguage\":\"it-IT\",\"@id\":\"https:\\\/\\\/secure.gravatar.com\\\/avatar\\\/741fa053101610cb0be7dc835c116926549ae4ae2142ff35eac04d78fda61461?s=96&d=mm&r=g\",\"url\":\"https:\\\/\\\/secure.gravatar.com\\\/avatar\\\/741fa053101610cb0be7dc835c116926549ae4ae2142ff35eac04d78fda61461?s=96&d=mm&r=g\",\"contentUrl\":\"https:\\\/\\\/secure.gravatar.com\\\/avatar\\\/741fa053101610cb0be7dc835c116926549ae4ae2142ff35eac04d78fda61461?s=96&d=mm&r=g\",\"caption\":\"Borderline Agency\"},\"url\":\"https:\\\/\\\/www.article-marketing.eu\\\/comunicatistampa\\\/author\\\/borderline-agency\\\/\"}]}<\/script>\n<!-- \/ Yoast SEO plugin. -->","yoast_head_json":{"title":"Un inverno dal cuore caldo in Cielo e Terra - Article Marketing","robots":{"index":"index","follow":"follow","max-snippet":"max-snippet:-1","max-image-preview":"max-image-preview:large","max-video-preview":"max-video-preview:-1"},"canonical":"https:\/\/www.article-marketing.eu\/comunicatistampa\/un-inverno-dal-cuore-caldo-in-cielo-e-terra\/","og_locale":"it_IT","og_type":"article","og_title":"Un inverno dal cuore caldo in Cielo e Terra - Article Marketing","og_description":"La storica cantina vicentina si \u00e8 resa protagonista di una serie di iniziative che pongono al centro la persona e l\u2019ambiente, nel segno di una territorialit\u00e0 sostenuta in maniera concreta. &nbsp; Cielo e Terra ha saputo rendersi protagonista di numerose iniziative, mettendo al centro le persone e l\u2019ambiente, in un\u2019ottica di impegno concreto nella realizzazione di progetti che sposano pienamente i diversi aspetti della territorialit\u00e0 in cui \u00e8 inserita eContinue reading...","og_url":"https:\/\/www.article-marketing.eu\/comunicatistampa\/un-inverno-dal-cuore-caldo-in-cielo-e-terra\/","og_site_name":"Article Marketing","article_published_time":"2024-02-11T15:46:32+00:00","author":"Borderline Agency","twitter_card":"summary_large_image","twitter_misc":{"Scritto da":"Borderline Agency","Tempo di lettura stimato":"5 minuti"},"schema":{"@context":"https:\/\/schema.org","@graph":[{"@type":"Article","@id":"https:\/\/www.article-marketing.eu\/comunicatistampa\/un-inverno-dal-cuore-caldo-in-cielo-e-terra\/#article","isPartOf":{"@id":"https:\/\/www.article-marketing.eu\/comunicatistampa\/un-inverno-dal-cuore-caldo-in-cielo-e-terra\/"},"author":{"name":"Borderline Agency","@id":"https:\/\/www.article-marketing.eu\/comunicatistampa\/#\/schema\/person\/1c4ab1c7aad84347e26e78235da6ff1b"},"headline":"Un inverno dal cuore caldo in Cielo e Terra","datePublished":"2024-02-11T15:46:32+00:00","mainEntityOfPage":{"@id":"https:\/\/www.article-marketing.eu\/comunicatistampa\/un-inverno-dal-cuore-caldo-in-cielo-e-terra\/"},"wordCount":780,"commentCount":0,"articleSection":["Comunicati stampa"],"inLanguage":"it-IT","potentialAction":[{"@type":"CommentAction","name":"Comment","target":["https:\/\/www.article-marketing.eu\/comunicatistampa\/un-inverno-dal-cuore-caldo-in-cielo-e-terra\/#respond"]}]},{"@type":"WebPage","@id":"https:\/\/www.article-marketing.eu\/comunicatistampa\/un-inverno-dal-cuore-caldo-in-cielo-e-terra\/","url":"https:\/\/www.article-marketing.eu\/comunicatistampa\/un-inverno-dal-cuore-caldo-in-cielo-e-terra\/","name":"Un inverno dal cuore caldo in Cielo e Terra - Article Marketing","isPartOf":{"@id":"https:\/\/www.article-marketing.eu\/comunicatistampa\/#website"},"datePublished":"2024-02-11T15:46:32+00:00","author":{"@id":"https:\/\/www.article-marketing.eu\/comunicatistampa\/#\/schema\/person\/1c4ab1c7aad84347e26e78235da6ff1b"},"breadcrumb":{"@id":"https:\/\/www.article-marketing.eu\/comunicatistampa\/un-inverno-dal-cuore-caldo-in-cielo-e-terra\/#breadcrumb"},"inLanguage":"it-IT","potentialAction":[{"@type":"ReadAction","target":["https:\/\/www.article-marketing.eu\/comunicatistampa\/un-inverno-dal-cuore-caldo-in-cielo-e-terra\/"]}]},{"@type":"BreadcrumbList","@id":"https:\/\/www.article-marketing.eu\/comunicatistampa\/un-inverno-dal-cuore-caldo-in-cielo-e-terra\/#breadcrumb","itemListElement":[{"@type":"ListItem","position":1,"name":"Home","item":"https:\/\/www.article-marketing.eu\/comunicatistampa\/"},{"@type":"ListItem","position":2,"name":"Un inverno dal cuore caldo in Cielo e Terra"}]},{"@type":"WebSite","@id":"https:\/\/www.article-marketing.eu\/comunicatistampa\/#website","url":"https:\/\/www.article-marketing.eu\/comunicatistampa\/","name":"Article Marketing","description":"article marketing &amp; press release","potentialAction":[{"@type":"SearchAction","target":{"@type":"EntryPoint","urlTemplate":"https:\/\/www.article-marketing.eu\/comunicatistampa\/?s={search_term_string}"},"query-input":{"@type":"PropertyValueSpecification","valueRequired":true,"valueName":"search_term_string"}}],"inLanguage":"it-IT"},{"@type":"Person","@id":"https:\/\/www.article-marketing.eu\/comunicatistampa\/#\/schema\/person\/1c4ab1c7aad84347e26e78235da6ff1b","name":"Borderline Agency","image":{"@type":"ImageObject","inLanguage":"it-IT","@id":"https:\/\/secure.gravatar.com\/avatar\/741fa053101610cb0be7dc835c116926549ae4ae2142ff35eac04d78fda61461?s=96&d=mm&r=g","url":"https:\/\/secure.gravatar.com\/avatar\/741fa053101610cb0be7dc835c116926549ae4ae2142ff35eac04d78fda61461?s=96&d=mm&r=g","contentUrl":"https:\/\/secure.gravatar.com\/avatar\/741fa053101610cb0be7dc835c116926549ae4ae2142ff35eac04d78fda61461?s=96&d=mm&r=g","caption":"Borderline Agency"},"url":"https:\/\/www.article-marketing.eu\/comunicatistampa\/author\/borderline-agency\/"}]}},"_links":{"self":[{"href":"https:\/\/www.article-marketing.eu\/comunicatistampa\/wp-json\/wp\/v2\/posts\/29444","targetHints":{"allow":["GET"]}}],"collection":[{"href":"https:\/\/www.article-marketing.eu\/comunicatistampa\/wp-json\/wp\/v2\/posts"}],"about":[{"href":"https:\/\/www.article-marketing.eu\/comunicatistampa\/wp-json\/wp\/v2\/types\/post"}],"author":[{"embeddable":true,"href":"https:\/\/www.article-marketing.eu\/comunicatistampa\/wp-json\/wp\/v2\/users\/397"}],"replies":[{"embeddable":true,"href":"https:\/\/www.article-marketing.eu\/comunicatistampa\/wp-json\/wp\/v2\/comments?post=29444"}],"version-history":[{"count":2,"href":"https:\/\/www.article-marketing.eu\/comunicatistampa\/wp-json\/wp\/v2\/posts\/29444\/revisions"}],"predecessor-version":[{"id":29612,"href":"https:\/\/www.article-marketing.eu\/comunicatistampa\/wp-json\/wp\/v2\/posts\/29444\/revisions\/29612"}],"wp:attachment":[{"href":"https:\/\/www.article-marketing.eu\/comunicatistampa\/wp-json\/wp\/v2\/media?parent=29444"}],"wp:term":[{"taxonomy":"category","embeddable":true,"href":"https:\/\/www.article-marketing.eu\/comunicatistampa\/wp-json\/wp\/v2\/categories?post=29444"},{"taxonomy":"post_tag","embeddable":true,"href":"https:\/\/www.article-marketing.eu\/comunicatistampa\/wp-json\/wp\/v2\/tags?post=29444"}],"curies":[{"name":"wp","href":"https:\/\/api.w.org\/{rel}","templated":true}]}}