{"id":29477,"date":"2024-02-23T16:14:51","date_gmt":"2024-02-23T15:14:51","guid":{"rendered":"https:\/\/www.article-marketing.eu\/comunicatistampa\/?p=29477"},"modified":"2024-02-23T16:14:51","modified_gmt":"2024-02-23T15:14:51","slug":"gruppo-fs-i-progetti-che-contribuiranno-alla-crescita-del-settore-agricolo","status":"publish","type":"post","link":"https:\/\/www.article-marketing.eu\/comunicatistampa\/gruppo-fs-i-progetti-che-contribuiranno-alla-crescita-del-settore-agricolo\/","title":{"rendered":"Gruppo FS: i progetti che contribuiranno alla crescita del settore agricolo"},"content":{"rendered":"<p><strong><em>Il <a title=\"L'articolo di &quot;La Stampa&quot; su Gruppo FS: le dichiarazioni dell'AD al Villaggio Coldiretti di Roma\" href=\"https:\/\/finanza.lastampa.it\/News\/2023\/10\/13\/gruppo-fs-500-stazioni-non-utilizzate-potranno-diventare-presidi-di-telemedicina\/MTc5XzIwMjMtMTAtMTNfVEx\">Gruppo FS<\/a> \u00e8 determinato a essere protagonista dello sviluppo e della crescita del nostro Paese. Con una capillare rete ferroviaria di 17.000 km, la realt\u00e0 guidata da Luigi Ferraris render\u00e0 possibile raggiugere anche quelle aree che fino ad oggi non hanno mai avuto una connettivit\u00e0 adeguata.<\/em><\/strong><\/p>\n<p><a title=\"&quot;La Stampa&quot;, Gruppo FS: 500 stazioni non utilizzate potranno diventare presidi di telemedicina\" href=\"https:\/\/finanza.lastampa.it\/News\/2023\/10\/13\/gruppo-fs-500-stazioni-non-utilizzate-potranno-diventare-presidi-di-telemedicina\/MTc5XzIwMjMtMTAtMTNfVExC\"><img loading=\"lazy\" decoding=\"async\" src=\"https:\/\/h2biz.net\/images\/Plats\/20230628151840.png\" alt=\"Gruppo FS\" width=\"300\" height=\"300\" \/><\/a><\/p>\n<h2>Il ruolo del Gruppo FS nello sviluppo del settore agricolo<\/h2>\n<p>Uno dei principali risvolti positivi del migliorare la connettivit\u00e0 nelle aree rurali \u00e8 permettere agli agricoltori di quelle zone di poter essere pi\u00f9 competitivi e connessi al resto del paese. Lo ha sottolineato l\u2019AD del <a title=\"Gruppo FS: su &quot;La Stampa&quot; le dichiarazioni dell'AD Luigi Ferraris\" href=\"https:\/\/finanza.lastampa.it\/News\/2023\/10\/13\/gruppo-fs-500-stazioni-non-utilizzate-potranno-diventare-presidi-di-telemedicina\/MTc5XzIwMjMtMTAtMTNfVExC\"><strong>Gruppo FS<\/strong><\/a> nel suo intervento sul palco del Villaggio Coldiretti a Roma, dal quale ha infatti evidenziato come tale obiettivo darebbe un nuovo impulso allo sviluppo di attivit\u00e0 come l\u2019irrigazione programmata e consentirebbe, in generale, una migliore gestione di tutte le fasi di produzione degli agricoltori. A migliorare la competitivit\u00e0 delle imprese agricole sar\u00e0 anche il sistema infrastrutturale e di logistica integrata che Gruppo FS intende realizzare per far fronte alle sfide attuali. \u201c<em>Nel trasporto merci siamo fermi da anni a una quota del 10% rispetto al totale della mobilit\u00e0. Nel prossimo decennio l&#8217;obiettivo \u00e8 raddoppiare la quota per arrivare al 20%<\/em>\u201d, ha dichiarato l\u2019AD.<\/p>\n<h2>Dalla collaborazione tra Gruppo FS e Coldiretti nasceranno nuovi itinerari gastronomici<\/h2>\n<p>Su \u201cFS News\u201d, testata ufficiale del <strong>Gruppo FS<\/strong>, viene inoltre riportato che le stazioni ferroviarie saranno utilizzate per migliorare, da un lato, l\u2019attrattivit\u00e0 turistica dei luoghi di piccole e medie dimensioni e, dall\u2019altro, la vivibilit\u00e0 di territori sempre pi\u00f9 soggetti a fenomeni di spopolamento. Oltre alle 2.200 stazioni attive per il trasporto ferroviario, si andranno infatti ad aggiungere 500 stazioni non pi\u00f9 attive, i cui spazi troveranno nuovi utilizzi pi\u00f9 evoluti, trasformandosi in presidi di telemedicina. Le stazioni, insomma, avranno un ruolo fondamentale per il turismo, dando anche la possibilit\u00e0 di organizzare degli itinerari enogastronomici in collaborazione con Coldiretti.<\/p>\n","protected":false},"excerpt":{"rendered":"<p>L\u2019AD Luigi Ferraris ha parlato in un intervento al Villaggio Coldiretti di Roma dei progetti con cui il Gruppo FS migliorer\u00e0 il lavoro degli agricoltori italiani.<\/p>\n","protected":false},"author":7203,"featured_media":0,"comment_status":"open","ping_status":"open","sticky":false,"template":"","format":"standard","meta":{"_monsterinsights_skip_tracking":false,"_monsterinsights_sitenote_active":false,"_monsterinsights_sitenote_note":"","_monsterinsights_sitenote_category":0,"footnotes":""},"categories":[388],"tags":[10013,9540],"class_list":["post-29477","post","type-post","status-publish","format-standard","hentry","category-aziende","tag-gruppo-fs","tag-luigi-ferraris"],"yoast_head":"<!-- This site is optimized with the Yoast SEO plugin v27.3 - https:\/\/yoast.com\/product\/yoast-seo-wordpress\/ -->\n<title>Gruppo FS: i progetti che contribuiranno alla crescita del settore agricolo<\/title>\n<meta name=\"description\" content=\"L\u2019AD Luigi Ferraris ha parlato in un intervento al Villaggio Coldiretti di Roma dei progetti con cui il Gruppo FS migliorer\u00e0 il lavoro degli agricoltori italiani.\" \/>\n<meta name=\"robots\" content=\"index, follow, max-snippet:-1, max-image-preview:large, max-video-preview:-1\" \/>\n<link rel=\"canonical\" href=\"https:\/\/www.article-marketing.eu\/comunicatistampa\/gruppo-fs-i-progetti-che-contribuiranno-alla-crescita-del-settore-agricolo\/\" \/>\n<meta property=\"og:locale\" content=\"it_IT\" \/>\n<meta property=\"og:type\" content=\"article\" \/>\n<meta property=\"og:title\" content=\"Gruppo FS: i progetti che contribuiranno alla crescita del settore agricolo\" \/>\n<meta property=\"og:description\" content=\"L\u2019AD Luigi Ferraris ha parlato in un intervento al Villaggio Coldiretti di Roma dei progetti con cui il Gruppo FS migliorer\u00e0 il lavoro degli agricoltori italiani.\" \/>\n<meta property=\"og:url\" content=\"https:\/\/www.article-marketing.eu\/comunicatistampa\/gruppo-fs-i-progetti-che-contribuiranno-alla-crescita-del-settore-agricolo\/\" \/>\n<meta property=\"og:site_name\" content=\"Article Marketing\" \/>\n<meta property=\"article:published_time\" content=\"2024-02-23T15:14:51+00:00\" \/>\n<meta property=\"og:image\" content=\"https:\/\/h2biz.net\/images\/Plats\/20230628151840.png\" \/>\n<meta name=\"author\" content=\"gbofficeprnews\" \/>\n<meta name=\"twitter:card\" content=\"summary_large_image\" \/>\n<meta name=\"twitter:label1\" content=\"Scritto da\" \/>\n\t<meta name=\"twitter:data1\" content=\"gbofficeprnews\" \/>\n\t<meta name=\"twitter:label2\" content=\"Tempo di lettura stimato\" \/>\n\t<meta name=\"twitter:data2\" content=\"2 minuti\" \/>\n<script type=\"application\/ld+json\" class=\"yoast-schema-graph\">{\"@context\":\"https:\\\/\\\/schema.org\",\"@graph\":[{\"@type\":\"Article\",\"@id\":\"https:\\\/\\\/www.article-marketing.eu\\\/comunicatistampa\\\/gruppo-fs-i-progetti-che-contribuiranno-alla-crescita-del-settore-agricolo\\\/#article\",\"isPartOf\":{\"@id\":\"https:\\\/\\\/www.article-marketing.eu\\\/comunicatistampa\\\/gruppo-fs-i-progetti-che-contribuiranno-alla-crescita-del-settore-agricolo\\\/\"},\"author\":{\"name\":\"gbofficeprnews\",\"@id\":\"https:\\\/\\\/www.article-marketing.eu\\\/comunicatistampa\\\/#\\\/schema\\\/person\\\/00c541681af1a376511ed63d59ca096f\"},\"headline\":\"Gruppo FS: i progetti che contribuiranno alla crescita del settore agricolo\",\"datePublished\":\"2024-02-23T15:14:51+00:00\",\"mainEntityOfPage\":{\"@id\":\"https:\\\/\\\/www.article-marketing.eu\\\/comunicatistampa\\\/gruppo-fs-i-progetti-che-contribuiranno-alla-crescita-del-settore-agricolo\\\/\"},\"wordCount\":315,\"commentCount\":0,\"image\":{\"@id\":\"https:\\\/\\\/www.article-marketing.eu\\\/comunicatistampa\\\/gruppo-fs-i-progetti-che-contribuiranno-alla-crescita-del-settore-agricolo\\\/#primaryimage\"},\"thumbnailUrl\":\"https:\\\/\\\/h2biz.net\\\/images\\\/Plats\\\/20230628151840.png\",\"keywords\":[\"Gruppo FS\",\"Luigi Ferraris\"],\"articleSection\":[\"Aziende\"],\"inLanguage\":\"it-IT\",\"potentialAction\":[{\"@type\":\"CommentAction\",\"name\":\"Comment\",\"target\":[\"https:\\\/\\\/www.article-marketing.eu\\\/comunicatistampa\\\/gruppo-fs-i-progetti-che-contribuiranno-alla-crescita-del-settore-agricolo\\\/#respond\"]}]},{\"@type\":\"WebPage\",\"@id\":\"https:\\\/\\\/www.article-marketing.eu\\\/comunicatistampa\\\/gruppo-fs-i-progetti-che-contribuiranno-alla-crescita-del-settore-agricolo\\\/\",\"url\":\"https:\\\/\\\/www.article-marketing.eu\\\/comunicatistampa\\\/gruppo-fs-i-progetti-che-contribuiranno-alla-crescita-del-settore-agricolo\\\/\",\"name\":\"Gruppo FS: i progetti che contribuiranno alla crescita del settore agricolo\",\"isPartOf\":{\"@id\":\"https:\\\/\\\/www.article-marketing.eu\\\/comunicatistampa\\\/#website\"},\"primaryImageOfPage\":{\"@id\":\"https:\\\/\\\/www.article-marketing.eu\\\/comunicatistampa\\\/gruppo-fs-i-progetti-che-contribuiranno-alla-crescita-del-settore-agricolo\\\/#primaryimage\"},\"image\":{\"@id\":\"https:\\\/\\\/www.article-marketing.eu\\\/comunicatistampa\\\/gruppo-fs-i-progetti-che-contribuiranno-alla-crescita-del-settore-agricolo\\\/#primaryimage\"},\"thumbnailUrl\":\"https:\\\/\\\/h2biz.net\\\/images\\\/Plats\\\/20230628151840.png\",\"datePublished\":\"2024-02-23T15:14:51+00:00\",\"author\":{\"@id\":\"https:\\\/\\\/www.article-marketing.eu\\\/comunicatistampa\\\/#\\\/schema\\\/person\\\/00c541681af1a376511ed63d59ca096f\"},\"description\":\"L\u2019AD Luigi Ferraris ha parlato in un intervento al Villaggio Coldiretti di Roma dei progetti con cui il Gruppo FS migliorer\u00e0 il lavoro degli agricoltori italiani.\",\"breadcrumb\":{\"@id\":\"https:\\\/\\\/www.article-marketing.eu\\\/comunicatistampa\\\/gruppo-fs-i-progetti-che-contribuiranno-alla-crescita-del-settore-agricolo\\\/#breadcrumb\"},\"inLanguage\":\"it-IT\",\"potentialAction\":[{\"@type\":\"ReadAction\",\"target\":[\"https:\\\/\\\/www.article-marketing.eu\\\/comunicatistampa\\\/gruppo-fs-i-progetti-che-contribuiranno-alla-crescita-del-settore-agricolo\\\/\"]}]},{\"@type\":\"ImageObject\",\"inLanguage\":\"it-IT\",\"@id\":\"https:\\\/\\\/www.article-marketing.eu\\\/comunicatistampa\\\/gruppo-fs-i-progetti-che-contribuiranno-alla-crescita-del-settore-agricolo\\\/#primaryimage\",\"url\":\"https:\\\/\\\/h2biz.net\\\/images\\\/Plats\\\/20230628151840.png\",\"contentUrl\":\"https:\\\/\\\/h2biz.net\\\/images\\\/Plats\\\/20230628151840.png\"},{\"@type\":\"BreadcrumbList\",\"@id\":\"https:\\\/\\\/www.article-marketing.eu\\\/comunicatistampa\\\/gruppo-fs-i-progetti-che-contribuiranno-alla-crescita-del-settore-agricolo\\\/#breadcrumb\",\"itemListElement\":[{\"@type\":\"ListItem\",\"position\":1,\"name\":\"Home\",\"item\":\"https:\\\/\\\/www.article-marketing.eu\\\/comunicatistampa\\\/\"},{\"@type\":\"ListItem\",\"position\":2,\"name\":\"Gruppo FS: i progetti che contribuiranno alla crescita del settore agricolo\"}]},{\"@type\":\"WebSite\",\"@id\":\"https:\\\/\\\/www.article-marketing.eu\\\/comunicatistampa\\\/#website\",\"url\":\"https:\\\/\\\/www.article-marketing.eu\\\/comunicatistampa\\\/\",\"name\":\"Article Marketing\",\"description\":\"article marketing &amp; press release\",\"potentialAction\":[{\"@type\":\"SearchAction\",\"target\":{\"@type\":\"EntryPoint\",\"urlTemplate\":\"https:\\\/\\\/www.article-marketing.eu\\\/comunicatistampa\\\/?s={search_term_string}\"},\"query-input\":{\"@type\":\"PropertyValueSpecification\",\"valueRequired\":true,\"valueName\":\"search_term_string\"}}],\"inLanguage\":\"it-IT\"},{\"@type\":\"Person\",\"@id\":\"https:\\\/\\\/www.article-marketing.eu\\\/comunicatistampa\\\/#\\\/schema\\\/person\\\/00c541681af1a376511ed63d59ca096f\",\"name\":\"gbofficeprnews\",\"image\":{\"@type\":\"ImageObject\",\"inLanguage\":\"it-IT\",\"@id\":\"https:\\\/\\\/secure.gravatar.com\\\/avatar\\\/6c895f4b9cd59fffe899c25f76b85bf0d427605c1f0d3b07c81e155c001265cf?s=96&d=mm&r=g\",\"url\":\"https:\\\/\\\/secure.gravatar.com\\\/avatar\\\/6c895f4b9cd59fffe899c25f76b85bf0d427605c1f0d3b07c81e155c001265cf?s=96&d=mm&r=g\",\"contentUrl\":\"https:\\\/\\\/secure.gravatar.com\\\/avatar\\\/6c895f4b9cd59fffe899c25f76b85bf0d427605c1f0d3b07c81e155c001265cf?s=96&d=mm&r=g\",\"caption\":\"gbofficeprnews\"},\"url\":\"https:\\\/\\\/www.article-marketing.eu\\\/comunicatistampa\\\/author\\\/gbofficeprnews\\\/\"}]}<\/script>\n<!-- \/ Yoast SEO plugin. -->","yoast_head_json":{"title":"Gruppo FS: i progetti che contribuiranno alla crescita del settore agricolo","description":"L\u2019AD Luigi Ferraris ha parlato in un intervento al Villaggio Coldiretti di Roma dei progetti con cui il Gruppo FS migliorer\u00e0 il lavoro degli agricoltori italiani.","robots":{"index":"index","follow":"follow","max-snippet":"max-snippet:-1","max-image-preview":"max-image-preview:large","max-video-preview":"max-video-preview:-1"},"canonical":"https:\/\/www.article-marketing.eu\/comunicatistampa\/gruppo-fs-i-progetti-che-contribuiranno-alla-crescita-del-settore-agricolo\/","og_locale":"it_IT","og_type":"article","og_title":"Gruppo FS: i progetti che contribuiranno alla crescita del settore agricolo","og_description":"L\u2019AD Luigi Ferraris ha parlato in un intervento al Villaggio Coldiretti di Roma dei progetti con cui il Gruppo FS migliorer\u00e0 il lavoro degli agricoltori italiani.","og_url":"https:\/\/www.article-marketing.eu\/comunicatistampa\/gruppo-fs-i-progetti-che-contribuiranno-alla-crescita-del-settore-agricolo\/","og_site_name":"Article Marketing","article_published_time":"2024-02-23T15:14:51+00:00","og_image":[{"url":"https:\/\/h2biz.net\/images\/Plats\/20230628151840.png","type":"","width":"","height":""}],"author":"gbofficeprnews","twitter_card":"summary_large_image","twitter_misc":{"Scritto da":"gbofficeprnews","Tempo di lettura stimato":"2 minuti"},"schema":{"@context":"https:\/\/schema.org","@graph":[{"@type":"Article","@id":"https:\/\/www.article-marketing.eu\/comunicatistampa\/gruppo-fs-i-progetti-che-contribuiranno-alla-crescita-del-settore-agricolo\/#article","isPartOf":{"@id":"https:\/\/www.article-marketing.eu\/comunicatistampa\/gruppo-fs-i-progetti-che-contribuiranno-alla-crescita-del-settore-agricolo\/"},"author":{"name":"gbofficeprnews","@id":"https:\/\/www.article-marketing.eu\/comunicatistampa\/#\/schema\/person\/00c541681af1a376511ed63d59ca096f"},"headline":"Gruppo FS: i progetti che contribuiranno alla crescita del settore agricolo","datePublished":"2024-02-23T15:14:51+00:00","mainEntityOfPage":{"@id":"https:\/\/www.article-marketing.eu\/comunicatistampa\/gruppo-fs-i-progetti-che-contribuiranno-alla-crescita-del-settore-agricolo\/"},"wordCount":315,"commentCount":0,"image":{"@id":"https:\/\/www.article-marketing.eu\/comunicatistampa\/gruppo-fs-i-progetti-che-contribuiranno-alla-crescita-del-settore-agricolo\/#primaryimage"},"thumbnailUrl":"https:\/\/h2biz.net\/images\/Plats\/20230628151840.png","keywords":["Gruppo FS","Luigi Ferraris"],"articleSection":["Aziende"],"inLanguage":"it-IT","potentialAction":[{"@type":"CommentAction","name":"Comment","target":["https:\/\/www.article-marketing.eu\/comunicatistampa\/gruppo-fs-i-progetti-che-contribuiranno-alla-crescita-del-settore-agricolo\/#respond"]}]},{"@type":"WebPage","@id":"https:\/\/www.article-marketing.eu\/comunicatistampa\/gruppo-fs-i-progetti-che-contribuiranno-alla-crescita-del-settore-agricolo\/","url":"https:\/\/www.article-marketing.eu\/comunicatistampa\/gruppo-fs-i-progetti-che-contribuiranno-alla-crescita-del-settore-agricolo\/","name":"Gruppo FS: i progetti che contribuiranno alla crescita del settore agricolo","isPartOf":{"@id":"https:\/\/www.article-marketing.eu\/comunicatistampa\/#website"},"primaryImageOfPage":{"@id":"https:\/\/www.article-marketing.eu\/comunicatistampa\/gruppo-fs-i-progetti-che-contribuiranno-alla-crescita-del-settore-agricolo\/#primaryimage"},"image":{"@id":"https:\/\/www.article-marketing.eu\/comunicatistampa\/gruppo-fs-i-progetti-che-contribuiranno-alla-crescita-del-settore-agricolo\/#primaryimage"},"thumbnailUrl":"https:\/\/h2biz.net\/images\/Plats\/20230628151840.png","datePublished":"2024-02-23T15:14:51+00:00","author":{"@id":"https:\/\/www.article-marketing.eu\/comunicatistampa\/#\/schema\/person\/00c541681af1a376511ed63d59ca096f"},"description":"L\u2019AD Luigi Ferraris ha parlato in un intervento al Villaggio Coldiretti di Roma dei progetti con cui il Gruppo FS migliorer\u00e0 il lavoro degli agricoltori italiani.","breadcrumb":{"@id":"https:\/\/www.article-marketing.eu\/comunicatistampa\/gruppo-fs-i-progetti-che-contribuiranno-alla-crescita-del-settore-agricolo\/#breadcrumb"},"inLanguage":"it-IT","potentialAction":[{"@type":"ReadAction","target":["https:\/\/www.article-marketing.eu\/comunicatistampa\/gruppo-fs-i-progetti-che-contribuiranno-alla-crescita-del-settore-agricolo\/"]}]},{"@type":"ImageObject","inLanguage":"it-IT","@id":"https:\/\/www.article-marketing.eu\/comunicatistampa\/gruppo-fs-i-progetti-che-contribuiranno-alla-crescita-del-settore-agricolo\/#primaryimage","url":"https:\/\/h2biz.net\/images\/Plats\/20230628151840.png","contentUrl":"https:\/\/h2biz.net\/images\/Plats\/20230628151840.png"},{"@type":"BreadcrumbList","@id":"https:\/\/www.article-marketing.eu\/comunicatistampa\/gruppo-fs-i-progetti-che-contribuiranno-alla-crescita-del-settore-agricolo\/#breadcrumb","itemListElement":[{"@type":"ListItem","position":1,"name":"Home","item":"https:\/\/www.article-marketing.eu\/comunicatistampa\/"},{"@type":"ListItem","position":2,"name":"Gruppo FS: i progetti che contribuiranno alla crescita del settore agricolo"}]},{"@type":"WebSite","@id":"https:\/\/www.article-marketing.eu\/comunicatistampa\/#website","url":"https:\/\/www.article-marketing.eu\/comunicatistampa\/","name":"Article Marketing","description":"article marketing &amp; press release","potentialAction":[{"@type":"SearchAction","target":{"@type":"EntryPoint","urlTemplate":"https:\/\/www.article-marketing.eu\/comunicatistampa\/?s={search_term_string}"},"query-input":{"@type":"PropertyValueSpecification","valueRequired":true,"valueName":"search_term_string"}}],"inLanguage":"it-IT"},{"@type":"Person","@id":"https:\/\/www.article-marketing.eu\/comunicatistampa\/#\/schema\/person\/00c541681af1a376511ed63d59ca096f","name":"gbofficeprnews","image":{"@type":"ImageObject","inLanguage":"it-IT","@id":"https:\/\/secure.gravatar.com\/avatar\/6c895f4b9cd59fffe899c25f76b85bf0d427605c1f0d3b07c81e155c001265cf?s=96&d=mm&r=g","url":"https:\/\/secure.gravatar.com\/avatar\/6c895f4b9cd59fffe899c25f76b85bf0d427605c1f0d3b07c81e155c001265cf?s=96&d=mm&r=g","contentUrl":"https:\/\/secure.gravatar.com\/avatar\/6c895f4b9cd59fffe899c25f76b85bf0d427605c1f0d3b07c81e155c001265cf?s=96&d=mm&r=g","caption":"gbofficeprnews"},"url":"https:\/\/www.article-marketing.eu\/comunicatistampa\/author\/gbofficeprnews\/"}]}},"_links":{"self":[{"href":"https:\/\/www.article-marketing.eu\/comunicatistampa\/wp-json\/wp\/v2\/posts\/29477","targetHints":{"allow":["GET"]}}],"collection":[{"href":"https:\/\/www.article-marketing.eu\/comunicatistampa\/wp-json\/wp\/v2\/posts"}],"about":[{"href":"https:\/\/www.article-marketing.eu\/comunicatistampa\/wp-json\/wp\/v2\/types\/post"}],"author":[{"embeddable":true,"href":"https:\/\/www.article-marketing.eu\/comunicatistampa\/wp-json\/wp\/v2\/users\/7203"}],"replies":[{"embeddable":true,"href":"https:\/\/www.article-marketing.eu\/comunicatistampa\/wp-json\/wp\/v2\/comments?post=29477"}],"version-history":[{"count":3,"href":"https:\/\/www.article-marketing.eu\/comunicatistampa\/wp-json\/wp\/v2\/posts\/29477\/revisions"}],"predecessor-version":[{"id":29870,"href":"https:\/\/www.article-marketing.eu\/comunicatistampa\/wp-json\/wp\/v2\/posts\/29477\/revisions\/29870"}],"wp:attachment":[{"href":"https:\/\/www.article-marketing.eu\/comunicatistampa\/wp-json\/wp\/v2\/media?parent=29477"}],"wp:term":[{"taxonomy":"category","embeddable":true,"href":"https:\/\/www.article-marketing.eu\/comunicatistampa\/wp-json\/wp\/v2\/categories?post=29477"},{"taxonomy":"post_tag","embeddable":true,"href":"https:\/\/www.article-marketing.eu\/comunicatistampa\/wp-json\/wp\/v2\/tags?post=29477"}],"curies":[{"name":"wp","href":"https:\/\/api.w.org\/{rel}","templated":true}]}}