{"id":29494,"date":"2024-02-23T14:54:26","date_gmt":"2024-02-23T13:54:26","guid":{"rendered":"https:\/\/www.article-marketing.eu\/comunicatistampa\/?p=29494"},"modified":"2024-02-23T14:54:26","modified_gmt":"2024-02-23T13:54:26","slug":"riello-ups-il-2023-e-stato-lanno-dellimpegno-nella-protezione-dei-datacenter","status":"publish","type":"post","link":"https:\/\/www.article-marketing.eu\/comunicatistampa\/riello-ups-il-2023-e-stato-lanno-dellimpegno-nella-protezione-dei-datacenter\/","title":{"rendered":"Riello UPS: il 2023 \u00e8 stato l\u2019anno dell\u2019impegno nella protezione dei Datacenter"},"content":{"rendered":"<h2><em>Con una massiccia presenza agli eventi mondiali del settore nel 2023, l\u2019azienda veronese si \u00e8 attestata come grande player globale di un settore sempre pi\u00f9 strategico e in crescita<\/em><\/h2>\n<p>Riello UPS, brand del gruppo Riello Elettronica, player mondiale nella produzione di gruppi statici di continuit\u00e0, inverter fotovoltaici e sistemi di Energy Storage, dopo un 2023 ricco di eventi, punter\u00e0 anche nel 2024 a ricercare soluzioni tecnologiche sempre pi\u00f9 avanzate per la protezione dei Data Center.<\/p>\n<p>La diffusione della digitalizzazione, trainata dal crescente impiego del cloud computing e alla diffusione di dispositivi connessi in rete, hanno infatti portato a un incremento esponenziale della quantit\u00e0 di dati che vengono generati e conservati. A ci\u00f2 \u00e8 corrisposta una crescita della domanda di infrastrutture Data Center necessarie a fornire potenza di calcolo, archiviazione e capacit\u00e0 di rete per sostenere queste grandi quantit\u00e0 di dati e allo stesso tempo di investimenti in nuove tecnologie e innovazioni per aumentare l&#8217;efficienza energetica, ridurre i costi e migliorare le prestazioni dei sistemi coinvolti in linea con le crescenti istanze di sostenibilit\u00e0.<\/p>\n<p><img decoding=\"async\" class=\"aligncenter\" src=\"https:\/\/www.rgrcomunicazionemarketing.it\/wp-content\/uploads\/2024\/01\/Riello-UPS-eventi-2023_low-1024x576.jpg\" alt=\"\" \/><\/p>\n<p>Per questo Riello UPS ha orientato il suo impegno in tutto il 2023 verso la ricerca di soluzioni sempre pi\u00f9 performanti per il settore dei Data Center, soprattutto nell\u2019ottica del loro efficientamento nella riduzione dei consumi energetici, delle materie prime utilizzate e conseguentemente delle emissioni. Un impegno che ha visto l\u2019azienda veronese essere presente a ben 9 grandissimi aventi a tema in tutto il Mondo:<\/p>\n<ul>\n<li>MEE Dubai, 7-9 marzo<\/li>\n<li>Data Center World Londra, 8-9 marzo<\/li>\n<li>Datacloud Global Congress Monaco, 25-27 aprile<\/li>\n<li>Data Center World Francoforte, 10-11 maggio<\/li>\n<li>Data Center Nation Milano, 31 maggio<\/li>\n<li>Data Center World Singapore, 11-12 ottobre<\/li>\n<li>Data Center World Madrid, 30-31 ottobre<\/li>\n<li>Data Center World Parigi, 15-16 novembre<\/li>\n<li>Data Center Ireland, 22-23 novembre<\/li>\n<li>Mumbai Cloud and DTC Convention, 1 dicembre<\/li>\n<\/ul>\n<p>Proprio in occasione di Data Center World a Londra Riello UPS ha presentato in anteprima la gamma di UPS Multi Power2, che con un&#8217;efficienza fino al 98.1%, ha alzato ulteriormente l\u2019asticella delle prestazioni per la protezione di applicazioni critiche come i moderni Data Center.<\/p>\n<p>Progettati per far fronte proprio alla crescente richiesta del settore, i Multi Power2 sono perfetti per supportare una strategia sostenibile di decarbonizzazione che contribuisce ad abbassare le emissioni di CO2, mantenendo allo stesso tempo un livello di prestazioni eccezionali, indispensabili in ambienti di calcolo critici ad alta densit\u00e0 come i Data Center di medie e grandi dimensioni.<\/p>\n<p><em>\u201cIl mercato dei Data Center e delle applicazioni critiche \u00e8 diventato cruciale per chi sviluppa soluzioni tecnologiche per la protezione dell\u2019alimentazione elettrica come Riello UPS. Per questo nel 2023 abbiamo concentrato i nostri sforzi per sviluppare soluzioni che si sono rivelate all\u2019avanguardia e che hanno riscosso grande successo in tutti gli eventi mondiali pi\u00f9 importanti del settore. Una solida base di partenza che ci permetter\u00e0 di affrontare il 2024 con un vantaggio competitivo che abbiamo intenzione di sfruttare per alzare ulteriormente l\u2019asticella dell\u2019efficienza energetica, offrendo maggiore densit\u00e0 di potenza, migliori integrazioni con le installazioni esistenti e sempre pi\u00f9 flessibilit\u00e0\u201d<\/em> ha dichiarato <strong>Salvatore Moria<\/strong>, Direttore Commerciale Italia.<\/p>\n<p>L\u2019impegno di Riello UPS nel settore della protezione dei Data Center continuer\u00e0 quindi rinnovato anche nel 2024 in termini tecnologici con un\u2019ulteriore spinta in ricerca e sviluppo. Per questo \u00e8 gi\u00e0 stata riconfermata la partecipazione a tutti gli eventi dello scorso anno.<\/p>\n","protected":false},"excerpt":{"rendered":"<p>Con una massiccia presenza agli eventi mondiali del settore nel 2023, l\u2019azienda veronese si \u00e8 attestata come grande player globale di un settore sempre pi\u00f9 strategico e in crescita Riello UPS, brand del gruppo Riello Elettronica, player mondiale nella produzione di gruppi statici di continuit\u00e0, inverter fotovoltaici e sistemi di Energy Storage, dopo un 2023 ricco di eventi, punter\u00e0 anche nel 2024 a ricercare soluzioni tecnologiche sempre pi\u00f9 avanzate per<\/p>\n<p><a class=\"continue-reading\" href=\"https:\/\/www.article-marketing.eu\/comunicatistampa\/riello-ups-il-2023-e-stato-lanno-dellimpegno-nella-protezione-dei-datacenter\/\">Continue reading&#8230;<\/a><\/p>\n","protected":false},"author":1112,"featured_media":0,"comment_status":"open","ping_status":"open","sticky":false,"template":"","format":"standard","meta":{"_monsterinsights_skip_tracking":false,"_monsterinsights_sitenote_active":false,"_monsterinsights_sitenote_note":"","_monsterinsights_sitenote_category":0,"footnotes":""},"categories":[388,386],"tags":[10982,6898],"class_list":["post-29494","post","type-post","status-publish","format-standard","hentry","category-aziende","category-economia-e-lavoro","tag-datacenter","tag-riello-ups"],"yoast_head":"<!-- This site is optimized with the Yoast SEO plugin v27.3 - https:\/\/yoast.com\/product\/yoast-seo-wordpress\/ -->\n<title>Riello UPS: il 2023 \u00e8 stato l\u2019anno dell\u2019impegno nella protezione dei Datacenter<\/title>\n<meta name=\"description\" content=\"Con una massiccia presenza agli eventi mondiali del settore nel 2023, l\u2019azienda veronese si \u00e8 attestata come grande player globale del settore\" \/>\n<meta name=\"robots\" content=\"index, follow, max-snippet:-1, max-image-preview:large, max-video-preview:-1\" \/>\n<link rel=\"canonical\" href=\"https:\/\/www.article-marketing.eu\/comunicatistampa\/riello-ups-il-2023-e-stato-lanno-dellimpegno-nella-protezione-dei-datacenter\/\" \/>\n<meta property=\"og:locale\" content=\"it_IT\" \/>\n<meta property=\"og:type\" content=\"article\" \/>\n<meta property=\"og:title\" content=\"Riello UPS: il 2023 \u00e8 stato l\u2019anno dell\u2019impegno nella protezione dei Datacenter\" \/>\n<meta property=\"og:description\" content=\"Con una massiccia presenza agli eventi mondiali del settore nel 2023, l\u2019azienda veronese si \u00e8 attestata come grande player globale del settore\" \/>\n<meta property=\"og:url\" content=\"https:\/\/www.article-marketing.eu\/comunicatistampa\/riello-ups-il-2023-e-stato-lanno-dellimpegno-nella-protezione-dei-datacenter\/\" \/>\n<meta property=\"og:site_name\" content=\"Article Marketing\" \/>\n<meta property=\"article:published_time\" content=\"2024-02-23T13:54:26+00:00\" \/>\n<meta property=\"og:image\" content=\"https:\/\/www.rgrcomunicazionemarketing.it\/wp-content\/uploads\/2024\/01\/Riello-UPS-eventi-2023_low-1024x576.jpg\" \/>\n<meta name=\"author\" content=\"RGR Comunicazione\" \/>\n<meta name=\"twitter:card\" content=\"summary_large_image\" \/>\n<meta name=\"twitter:label1\" content=\"Scritto da\" \/>\n\t<meta name=\"twitter:data1\" content=\"RGR Comunicazione\" \/>\n\t<meta name=\"twitter:label2\" content=\"Tempo di lettura stimato\" \/>\n\t<meta name=\"twitter:data2\" content=\"4 minuti\" \/>\n<script type=\"application\/ld+json\" class=\"yoast-schema-graph\">{\"@context\":\"https:\\\/\\\/schema.org\",\"@graph\":[{\"@type\":\"Article\",\"@id\":\"https:\\\/\\\/www.article-marketing.eu\\\/comunicatistampa\\\/riello-ups-il-2023-e-stato-lanno-dellimpegno-nella-protezione-dei-datacenter\\\/#article\",\"isPartOf\":{\"@id\":\"https:\\\/\\\/www.article-marketing.eu\\\/comunicatistampa\\\/riello-ups-il-2023-e-stato-lanno-dellimpegno-nella-protezione-dei-datacenter\\\/\"},\"author\":{\"name\":\"RGR Comunicazione\",\"@id\":\"https:\\\/\\\/www.article-marketing.eu\\\/comunicatistampa\\\/#\\\/schema\\\/person\\\/76367e3093e2d092ab725eb726737838\"},\"headline\":\"Riello UPS: il 2023 \u00e8 stato l\u2019anno dell\u2019impegno nella protezione dei Datacenter\",\"datePublished\":\"2024-02-23T13:54:26+00:00\",\"mainEntityOfPage\":{\"@id\":\"https:\\\/\\\/www.article-marketing.eu\\\/comunicatistampa\\\/riello-ups-il-2023-e-stato-lanno-dellimpegno-nella-protezione-dei-datacenter\\\/\"},\"wordCount\":552,\"commentCount\":0,\"image\":{\"@id\":\"https:\\\/\\\/www.article-marketing.eu\\\/comunicatistampa\\\/riello-ups-il-2023-e-stato-lanno-dellimpegno-nella-protezione-dei-datacenter\\\/#primaryimage\"},\"thumbnailUrl\":\"https:\\\/\\\/www.rgrcomunicazionemarketing.it\\\/wp-content\\\/uploads\\\/2024\\\/01\\\/Riello-UPS-eventi-2023_low-1024x576.jpg\",\"keywords\":[\"datacenter\",\"Riello UPS\"],\"articleSection\":[\"Aziende\",\"Economia e lavoro\"],\"inLanguage\":\"it-IT\",\"potentialAction\":[{\"@type\":\"CommentAction\",\"name\":\"Comment\",\"target\":[\"https:\\\/\\\/www.article-marketing.eu\\\/comunicatistampa\\\/riello-ups-il-2023-e-stato-lanno-dellimpegno-nella-protezione-dei-datacenter\\\/#respond\"]}]},{\"@type\":\"WebPage\",\"@id\":\"https:\\\/\\\/www.article-marketing.eu\\\/comunicatistampa\\\/riello-ups-il-2023-e-stato-lanno-dellimpegno-nella-protezione-dei-datacenter\\\/\",\"url\":\"https:\\\/\\\/www.article-marketing.eu\\\/comunicatistampa\\\/riello-ups-il-2023-e-stato-lanno-dellimpegno-nella-protezione-dei-datacenter\\\/\",\"name\":\"Riello UPS: il 2023 \u00e8 stato l\u2019anno dell\u2019impegno nella protezione dei Datacenter\",\"isPartOf\":{\"@id\":\"https:\\\/\\\/www.article-marketing.eu\\\/comunicatistampa\\\/#website\"},\"primaryImageOfPage\":{\"@id\":\"https:\\\/\\\/www.article-marketing.eu\\\/comunicatistampa\\\/riello-ups-il-2023-e-stato-lanno-dellimpegno-nella-protezione-dei-datacenter\\\/#primaryimage\"},\"image\":{\"@id\":\"https:\\\/\\\/www.article-marketing.eu\\\/comunicatistampa\\\/riello-ups-il-2023-e-stato-lanno-dellimpegno-nella-protezione-dei-datacenter\\\/#primaryimage\"},\"thumbnailUrl\":\"https:\\\/\\\/www.rgrcomunicazionemarketing.it\\\/wp-content\\\/uploads\\\/2024\\\/01\\\/Riello-UPS-eventi-2023_low-1024x576.jpg\",\"datePublished\":\"2024-02-23T13:54:26+00:00\",\"author\":{\"@id\":\"https:\\\/\\\/www.article-marketing.eu\\\/comunicatistampa\\\/#\\\/schema\\\/person\\\/76367e3093e2d092ab725eb726737838\"},\"description\":\"Con una massiccia presenza agli eventi mondiali del settore nel 2023, l\u2019azienda veronese si \u00e8 attestata come grande player globale del settore\",\"breadcrumb\":{\"@id\":\"https:\\\/\\\/www.article-marketing.eu\\\/comunicatistampa\\\/riello-ups-il-2023-e-stato-lanno-dellimpegno-nella-protezione-dei-datacenter\\\/#breadcrumb\"},\"inLanguage\":\"it-IT\",\"potentialAction\":[{\"@type\":\"ReadAction\",\"target\":[\"https:\\\/\\\/www.article-marketing.eu\\\/comunicatistampa\\\/riello-ups-il-2023-e-stato-lanno-dellimpegno-nella-protezione-dei-datacenter\\\/\"]}]},{\"@type\":\"ImageObject\",\"inLanguage\":\"it-IT\",\"@id\":\"https:\\\/\\\/www.article-marketing.eu\\\/comunicatistampa\\\/riello-ups-il-2023-e-stato-lanno-dellimpegno-nella-protezione-dei-datacenter\\\/#primaryimage\",\"url\":\"https:\\\/\\\/www.rgrcomunicazionemarketing.it\\\/wp-content\\\/uploads\\\/2024\\\/01\\\/Riello-UPS-eventi-2023_low-1024x576.jpg\",\"contentUrl\":\"https:\\\/\\\/www.rgrcomunicazionemarketing.it\\\/wp-content\\\/uploads\\\/2024\\\/01\\\/Riello-UPS-eventi-2023_low-1024x576.jpg\"},{\"@type\":\"BreadcrumbList\",\"@id\":\"https:\\\/\\\/www.article-marketing.eu\\\/comunicatistampa\\\/riello-ups-il-2023-e-stato-lanno-dellimpegno-nella-protezione-dei-datacenter\\\/#breadcrumb\",\"itemListElement\":[{\"@type\":\"ListItem\",\"position\":1,\"name\":\"Home\",\"item\":\"https:\\\/\\\/www.article-marketing.eu\\\/comunicatistampa\\\/\"},{\"@type\":\"ListItem\",\"position\":2,\"name\":\"Riello UPS: il 2023 \u00e8 stato l\u2019anno dell\u2019impegno nella protezione dei Datacenter\"}]},{\"@type\":\"WebSite\",\"@id\":\"https:\\\/\\\/www.article-marketing.eu\\\/comunicatistampa\\\/#website\",\"url\":\"https:\\\/\\\/www.article-marketing.eu\\\/comunicatistampa\\\/\",\"name\":\"Article Marketing\",\"description\":\"article marketing &amp; press release\",\"potentialAction\":[{\"@type\":\"SearchAction\",\"target\":{\"@type\":\"EntryPoint\",\"urlTemplate\":\"https:\\\/\\\/www.article-marketing.eu\\\/comunicatistampa\\\/?s={search_term_string}\"},\"query-input\":{\"@type\":\"PropertyValueSpecification\",\"valueRequired\":true,\"valueName\":\"search_term_string\"}}],\"inLanguage\":\"it-IT\"},{\"@type\":\"Person\",\"@id\":\"https:\\\/\\\/www.article-marketing.eu\\\/comunicatistampa\\\/#\\\/schema\\\/person\\\/76367e3093e2d092ab725eb726737838\",\"name\":\"RGR Comunicazione\",\"image\":{\"@type\":\"ImageObject\",\"inLanguage\":\"it-IT\",\"@id\":\"https:\\\/\\\/secure.gravatar.com\\\/avatar\\\/ede9863dffa1dd4d938132da0a252a3ccea8941d92fcb0abedb060c3e79f35ce?s=96&d=mm&r=g\",\"url\":\"https:\\\/\\\/secure.gravatar.com\\\/avatar\\\/ede9863dffa1dd4d938132da0a252a3ccea8941d92fcb0abedb060c3e79f35ce?s=96&d=mm&r=g\",\"contentUrl\":\"https:\\\/\\\/secure.gravatar.com\\\/avatar\\\/ede9863dffa1dd4d938132da0a252a3ccea8941d92fcb0abedb060c3e79f35ce?s=96&d=mm&r=g\",\"caption\":\"RGR Comunicazione\"},\"description\":\"RGR \u00e8 un\u2019agenzia di comunicazione integrata e ufficio stampa, che supporta le aziende nell\u2019esaltare la propria immagine e le proprie eccellenze attraverso il mix pi\u00f9 opportuno di canali di comunicazione.\",\"sameAs\":[\"https:\\\/\\\/www.rgrcomunicazionemarketing.it\\\/\"],\"url\":\"https:\\\/\\\/www.article-marketing.eu\\\/comunicatistampa\\\/author\\\/rgr-comunicazione\\\/\"}]}<\/script>\n<!-- \/ Yoast SEO plugin. -->","yoast_head_json":{"title":"Riello UPS: il 2023 \u00e8 stato l\u2019anno dell\u2019impegno nella protezione dei Datacenter","description":"Con una massiccia presenza agli eventi mondiali del settore nel 2023, l\u2019azienda veronese si \u00e8 attestata come grande player globale del settore","robots":{"index":"index","follow":"follow","max-snippet":"max-snippet:-1","max-image-preview":"max-image-preview:large","max-video-preview":"max-video-preview:-1"},"canonical":"https:\/\/www.article-marketing.eu\/comunicatistampa\/riello-ups-il-2023-e-stato-lanno-dellimpegno-nella-protezione-dei-datacenter\/","og_locale":"it_IT","og_type":"article","og_title":"Riello UPS: il 2023 \u00e8 stato l\u2019anno dell\u2019impegno nella protezione dei Datacenter","og_description":"Con una massiccia presenza agli eventi mondiali del settore nel 2023, l\u2019azienda veronese si \u00e8 attestata come grande player globale del settore","og_url":"https:\/\/www.article-marketing.eu\/comunicatistampa\/riello-ups-il-2023-e-stato-lanno-dellimpegno-nella-protezione-dei-datacenter\/","og_site_name":"Article Marketing","article_published_time":"2024-02-23T13:54:26+00:00","og_image":[{"url":"https:\/\/www.rgrcomunicazionemarketing.it\/wp-content\/uploads\/2024\/01\/Riello-UPS-eventi-2023_low-1024x576.jpg","type":"","width":"","height":""}],"author":"RGR Comunicazione","twitter_card":"summary_large_image","twitter_misc":{"Scritto da":"RGR Comunicazione","Tempo di lettura stimato":"4 minuti"},"schema":{"@context":"https:\/\/schema.org","@graph":[{"@type":"Article","@id":"https:\/\/www.article-marketing.eu\/comunicatistampa\/riello-ups-il-2023-e-stato-lanno-dellimpegno-nella-protezione-dei-datacenter\/#article","isPartOf":{"@id":"https:\/\/www.article-marketing.eu\/comunicatistampa\/riello-ups-il-2023-e-stato-lanno-dellimpegno-nella-protezione-dei-datacenter\/"},"author":{"name":"RGR Comunicazione","@id":"https:\/\/www.article-marketing.eu\/comunicatistampa\/#\/schema\/person\/76367e3093e2d092ab725eb726737838"},"headline":"Riello UPS: il 2023 \u00e8 stato l\u2019anno dell\u2019impegno nella protezione dei Datacenter","datePublished":"2024-02-23T13:54:26+00:00","mainEntityOfPage":{"@id":"https:\/\/www.article-marketing.eu\/comunicatistampa\/riello-ups-il-2023-e-stato-lanno-dellimpegno-nella-protezione-dei-datacenter\/"},"wordCount":552,"commentCount":0,"image":{"@id":"https:\/\/www.article-marketing.eu\/comunicatistampa\/riello-ups-il-2023-e-stato-lanno-dellimpegno-nella-protezione-dei-datacenter\/#primaryimage"},"thumbnailUrl":"https:\/\/www.rgrcomunicazionemarketing.it\/wp-content\/uploads\/2024\/01\/Riello-UPS-eventi-2023_low-1024x576.jpg","keywords":["datacenter","Riello UPS"],"articleSection":["Aziende","Economia e lavoro"],"inLanguage":"it-IT","potentialAction":[{"@type":"CommentAction","name":"Comment","target":["https:\/\/www.article-marketing.eu\/comunicatistampa\/riello-ups-il-2023-e-stato-lanno-dellimpegno-nella-protezione-dei-datacenter\/#respond"]}]},{"@type":"WebPage","@id":"https:\/\/www.article-marketing.eu\/comunicatistampa\/riello-ups-il-2023-e-stato-lanno-dellimpegno-nella-protezione-dei-datacenter\/","url":"https:\/\/www.article-marketing.eu\/comunicatistampa\/riello-ups-il-2023-e-stato-lanno-dellimpegno-nella-protezione-dei-datacenter\/","name":"Riello UPS: il 2023 \u00e8 stato l\u2019anno dell\u2019impegno nella protezione dei Datacenter","isPartOf":{"@id":"https:\/\/www.article-marketing.eu\/comunicatistampa\/#website"},"primaryImageOfPage":{"@id":"https:\/\/www.article-marketing.eu\/comunicatistampa\/riello-ups-il-2023-e-stato-lanno-dellimpegno-nella-protezione-dei-datacenter\/#primaryimage"},"image":{"@id":"https:\/\/www.article-marketing.eu\/comunicatistampa\/riello-ups-il-2023-e-stato-lanno-dellimpegno-nella-protezione-dei-datacenter\/#primaryimage"},"thumbnailUrl":"https:\/\/www.rgrcomunicazionemarketing.it\/wp-content\/uploads\/2024\/01\/Riello-UPS-eventi-2023_low-1024x576.jpg","datePublished":"2024-02-23T13:54:26+00:00","author":{"@id":"https:\/\/www.article-marketing.eu\/comunicatistampa\/#\/schema\/person\/76367e3093e2d092ab725eb726737838"},"description":"Con una massiccia presenza agli eventi mondiali del settore nel 2023, l\u2019azienda veronese si \u00e8 attestata come grande player globale del settore","breadcrumb":{"@id":"https:\/\/www.article-marketing.eu\/comunicatistampa\/riello-ups-il-2023-e-stato-lanno-dellimpegno-nella-protezione-dei-datacenter\/#breadcrumb"},"inLanguage":"it-IT","potentialAction":[{"@type":"ReadAction","target":["https:\/\/www.article-marketing.eu\/comunicatistampa\/riello-ups-il-2023-e-stato-lanno-dellimpegno-nella-protezione-dei-datacenter\/"]}]},{"@type":"ImageObject","inLanguage":"it-IT","@id":"https:\/\/www.article-marketing.eu\/comunicatistampa\/riello-ups-il-2023-e-stato-lanno-dellimpegno-nella-protezione-dei-datacenter\/#primaryimage","url":"https:\/\/www.rgrcomunicazionemarketing.it\/wp-content\/uploads\/2024\/01\/Riello-UPS-eventi-2023_low-1024x576.jpg","contentUrl":"https:\/\/www.rgrcomunicazionemarketing.it\/wp-content\/uploads\/2024\/01\/Riello-UPS-eventi-2023_low-1024x576.jpg"},{"@type":"BreadcrumbList","@id":"https:\/\/www.article-marketing.eu\/comunicatistampa\/riello-ups-il-2023-e-stato-lanno-dellimpegno-nella-protezione-dei-datacenter\/#breadcrumb","itemListElement":[{"@type":"ListItem","position":1,"name":"Home","item":"https:\/\/www.article-marketing.eu\/comunicatistampa\/"},{"@type":"ListItem","position":2,"name":"Riello UPS: il 2023 \u00e8 stato l\u2019anno dell\u2019impegno nella protezione dei Datacenter"}]},{"@type":"WebSite","@id":"https:\/\/www.article-marketing.eu\/comunicatistampa\/#website","url":"https:\/\/www.article-marketing.eu\/comunicatistampa\/","name":"Article Marketing","description":"article marketing &amp; press release","potentialAction":[{"@type":"SearchAction","target":{"@type":"EntryPoint","urlTemplate":"https:\/\/www.article-marketing.eu\/comunicatistampa\/?s={search_term_string}"},"query-input":{"@type":"PropertyValueSpecification","valueRequired":true,"valueName":"search_term_string"}}],"inLanguage":"it-IT"},{"@type":"Person","@id":"https:\/\/www.article-marketing.eu\/comunicatistampa\/#\/schema\/person\/76367e3093e2d092ab725eb726737838","name":"RGR Comunicazione","image":{"@type":"ImageObject","inLanguage":"it-IT","@id":"https:\/\/secure.gravatar.com\/avatar\/ede9863dffa1dd4d938132da0a252a3ccea8941d92fcb0abedb060c3e79f35ce?s=96&d=mm&r=g","url":"https:\/\/secure.gravatar.com\/avatar\/ede9863dffa1dd4d938132da0a252a3ccea8941d92fcb0abedb060c3e79f35ce?s=96&d=mm&r=g","contentUrl":"https:\/\/secure.gravatar.com\/avatar\/ede9863dffa1dd4d938132da0a252a3ccea8941d92fcb0abedb060c3e79f35ce?s=96&d=mm&r=g","caption":"RGR Comunicazione"},"description":"RGR \u00e8 un\u2019agenzia di comunicazione integrata e ufficio stampa, che supporta le aziende nell\u2019esaltare la propria immagine e le proprie eccellenze attraverso il mix pi\u00f9 opportuno di canali di comunicazione.","sameAs":["https:\/\/www.rgrcomunicazionemarketing.it\/"],"url":"https:\/\/www.article-marketing.eu\/comunicatistampa\/author\/rgr-comunicazione\/"}]}},"_links":{"self":[{"href":"https:\/\/www.article-marketing.eu\/comunicatistampa\/wp-json\/wp\/v2\/posts\/29494","targetHints":{"allow":["GET"]}}],"collection":[{"href":"https:\/\/www.article-marketing.eu\/comunicatistampa\/wp-json\/wp\/v2\/posts"}],"about":[{"href":"https:\/\/www.article-marketing.eu\/comunicatistampa\/wp-json\/wp\/v2\/types\/post"}],"author":[{"embeddable":true,"href":"https:\/\/www.article-marketing.eu\/comunicatistampa\/wp-json\/wp\/v2\/users\/1112"}],"replies":[{"embeddable":true,"href":"https:\/\/www.article-marketing.eu\/comunicatistampa\/wp-json\/wp\/v2\/comments?post=29494"}],"version-history":[{"count":3,"href":"https:\/\/www.article-marketing.eu\/comunicatistampa\/wp-json\/wp\/v2\/posts\/29494\/revisions"}],"predecessor-version":[{"id":29841,"href":"https:\/\/www.article-marketing.eu\/comunicatistampa\/wp-json\/wp\/v2\/posts\/29494\/revisions\/29841"}],"wp:attachment":[{"href":"https:\/\/www.article-marketing.eu\/comunicatistampa\/wp-json\/wp\/v2\/media?parent=29494"}],"wp:term":[{"taxonomy":"category","embeddable":true,"href":"https:\/\/www.article-marketing.eu\/comunicatistampa\/wp-json\/wp\/v2\/categories?post=29494"},{"taxonomy":"post_tag","embeddable":true,"href":"https:\/\/www.article-marketing.eu\/comunicatistampa\/wp-json\/wp\/v2\/tags?post=29494"}],"curies":[{"name":"wp","href":"https:\/\/api.w.org\/{rel}","templated":true}]}}