{"id":29497,"date":"2024-02-11T16:50:38","date_gmt":"2024-02-11T15:50:38","guid":{"rendered":"https:\/\/www.article-marketing.eu\/comunicatistampa\/?p=29497"},"modified":"2024-02-11T16:50:38","modified_gmt":"2024-02-11T15:50:38","slug":"auto-46-milioni-di-italiani-hanno-subito-danni-a-causa-del-maltempo","status":"publish","type":"post","link":"https:\/\/www.article-marketing.eu\/comunicatistampa\/auto-46-milioni-di-italiani-hanno-subito-danni-a-causa-del-maltempo\/","title":{"rendered":"Auto: 4,6 milioni di italiani hanno subito danni a causa del maltempo"},"content":{"rendered":"<p>Sono pi\u00f9 di <strong>4,6 milioni gli italiani<\/strong> con un\u2019auto di propriet\u00e0 che nell\u2019ultimo anno hanno subito <strong>danni alla propria vettura<\/strong> a causa di <strong>calamit\u00e0 naturali o maltempo<\/strong>; fra di loro, <strong>quasi 1 su 2 non aveva una polizza assicurativa<\/strong> che tutelasse il mezzo dagli eventi atmosferici. Ecco alcuni dei dati emersi dall\u2019indagine che <strong>Facile.it<\/strong> ha commissionato agli istituti mUp Research e Norstat.<\/p>\n<p><strong>Gli eventi dannosi piu diffusi<\/strong><\/p>\n<p>Dallo studio &#8211; realizzato su un campione rappresentativo della popolazione nazionale* &#8211; si vede come, per chi ha subito danni al proprio veicolo, l\u2019<strong>evento<\/strong> <strong>dannoso pi\u00f9 diffuso<\/strong> sia stata la <strong>grandine<\/strong>, indicata dal <strong>67,9%<\/strong> dei rispondenti. Seguono i danni causati dal<strong> vento<\/strong>, sia diretti che causati da cose trasportate, subiti dal<strong> 25,7%<\/strong> degli intervistati danneggiati.<\/p>\n<p>Anche l\u2019<strong>acqua<\/strong> ha causato non pochi problemi dal momento che il <strong>19,3%<\/strong> di chi ha subito danni ha attribuito la colpa a <strong>inondazioni, alluvioni e all\u2019acqua<\/strong> in generale, ancora una volta sia per danni diretti che indiretti.<\/p>\n<p><strong>Le polizze auto contro gli eventi atmosferici<\/strong><\/p>\n<p>Guardando pi\u00f9 da vicino i risultati dell\u2019indagine emerge come, al momento del sinistro, quasi <strong>2 milioni di italiani non avessero alcuna copertura assicurativa<\/strong> contro gli eventi atmosferici.<\/p>\n<p>Parte degli intervistati danneggiati, per\u00f2, sembra aver imparato, sia pure in ritardo; a seguito del danno subito, pi\u00f9 di <strong>7 rispondenti su 10<\/strong> hanno deciso di sottoscrivere una polizza che tuteli l\u2019automobile dagli eventi atmosferici e dalle calamit\u00e0 naturali; nel dettaglio, il 30% ha gi\u00e0 stipulato una copertura assicurativa, mentre il 44% \u00e8 intenzionato a farlo.<\/p>\n<p><strong>Quanto costa la garanzia contro le calamit\u00e0 naturali?<\/strong><\/p>\n<p>Prima di tutto \u00e8 bene sapere che <strong>l&#8217;assicurazione per gli eventi naturali e atmosferici<\/strong> \u00e8 una <strong><a href=\"https:\/\/www.facile.it\/assicurazioni\/guida\/garanzie-accessorie-quali-sono-e-a-cosa-servono.html\">garanzia accessoria<\/a> <\/strong>rispetto all&#8217;Rc auto obbligatoria e che quindi pu\u00f2 essere aggiunta, a discrezione dell\u2019assicurato, in fase di sottoscrizione della polizza auto. Questa garanzia <strong>tutela il proprietario<\/strong> della <strong>vettura dai danni provocati al mezzo da eventi atmosferici<\/strong> come, ad esempio, inondazioni, esondazioni, grandine, alluvioni, trombe d\u2019aria, uragani e frane.<\/p>\n<p>Per analizzare i <strong>costi<\/strong> della polizza contro gli eventi naturali e atmosferici, Facile.it ha preso in esame** una vettura dal valore medio di 10.000 euro e ha scoperto come, nel 2023, il <strong>premio medio<\/strong> di questa garanzia in Italia fosse pari a <strong>circa 97 euro<\/strong>.<\/p>\n<p>Nonostante l\u2019aumentare degli eventi atmosferici di grave intensit\u00e0 e sebbene l\u2019importo sia contenuto rispetto ai benefici garantiti in caso di danno, sono ancora<strong> pochi gli automobilisti italiani che scelgono di aggiungere questa garanzia<\/strong> accessoria; secondo l\u2019analisi di Facile.it, tra settembre e dicembre 2023, <strong>appena il 5,5%<\/strong> di chi ha rinnovato\/sottoscritto la propria polizza ha aggiunto la garanzia eventi atmosferici.<\/p>\n<p>Ma <strong>cosa comprende nel dettaglio questa copertura<\/strong>? E <strong>come funziona<\/strong>? Guardando a <strong>casi specifici<\/strong>, generalmente sono compresi i danni causati al veicolo da cose trasportate dal vento e dalla caduta di alberi, ma solo se questi sono conseguenti agli eventi atmosferici esplicitamente inclusi nel contratto. Attenzione, come sempre, alle esclusioni; per quanto riguarda i danni legati all\u2019acqua, ad esempio, vengono normalmente esclusi quelli arrecati al motore a seguito di circolazione in zone allagate.<\/p>\n<p>Alcune compagnie assicurative, in caso di danno, richiedono all\u2019assicurato di <strong>fornire una prova dell\u2019evento<\/strong> tramite articoli usciti sui media (che siano online o cartacei), una dichiarazione scritta da parte delle autorit\u00e0 locali o, ancora, la conferma da parte dell\u2019osservatorio meteorologico pi\u00f9 vicino.<\/p>\n<p>Attenzione, in ultimo al fatto che, in alcuni casi, la polizza eventi naturali \u00e8 acquistabile <strong>solo se aggiunta ad altre garanzie <\/strong>accessorie come, ad esempio, incendio e furto, cristalli o atti vandalici.<\/p>\n<p><em>\u00abQuando si \u00e8 alle prese con la scelta di una garanzia specifica il consiglio \u00e8 di verificare attentamente quali siano le condizioni offerte, i massimali, le esclusioni e la presenza o meno di franchigie<\/em><em>\u00bb<\/em>, spiega <strong>Andrea Ghizzoni, Managing Director assicurazioni di Facile.it.<\/strong> <em>\u00abNel caso della copertura contro gli eventi atmosferici \u00e8 bene sapere che molte compagnie applicano uno scoperto, ovvero un importo fisso o una percentuale &#8211; che varia normalmente tra il 5% e 10% &#8211; non coperto dalla polizza. Proprio per questo il suggerimento \u00e8 di mettere a confronto pi\u00f9 offerte e scegliere quella che maggiormente risponde alle nostre esigenze\u00bb.<\/em><\/p>\n<p><em>* Indagine commissionata da Facile.it a mUp Research &#8211; svolta fra il 13 ed il 16 novembre 2023 attraverso la somministrazione di n.1005 interviste CAWI ad un campione di individui in et\u00e0 compresa fra 18 e 74 anni, rappresentativo della popolazione italiana residente sull\u2019intero territorio nazionale nell\u2019intervallo di et\u00e0 considerato.<\/em><\/p>\n<p><em>** Analisi realizzata su un campione di oltre 5 milioni preventivi raccolti su Facile.it nel 2023.<\/em><\/p>\n","protected":false},"excerpt":{"rendered":"<p>Sono pi\u00f9 di 4,6 milioni gli italiani con un\u2019auto di propriet\u00e0 che nell\u2019ultimo anno hanno subito danni alla propria vettura a causa di calamit\u00e0 naturali o maltempo; fra di loro, quasi 1 su 2 non aveva una polizza assicurativa che tutelasse il mezzo dagli eventi atmosferici. Ecco alcuni dei dati emersi dall\u2019indagine che Facile.it ha commissionato agli istituti mUp Research e Norstat. Gli eventi dannosi piu diffusi Dallo studio &#8211;<\/p>\n<p><a class=\"continue-reading\" href=\"https:\/\/www.article-marketing.eu\/comunicatistampa\/auto-46-milioni-di-italiani-hanno-subito-danni-a-causa-del-maltempo\/\">Continue reading&#8230;<\/a><\/p>\n","protected":false},"author":62,"featured_media":0,"comment_status":"open","ping_status":"open","sticky":false,"template":"","format":"standard","meta":{"_monsterinsights_skip_tracking":false,"_monsterinsights_sitenote_active":false,"_monsterinsights_sitenote_note":"","_monsterinsights_sitenote_category":0,"footnotes":""},"categories":[386],"tags":[10984,555,10985,10983,662],"class_list":["post-29497","post","type-post","status-publish","format-standard","hentry","category-economia-e-lavoro","tag-eventi-atmosferici","tag-facile-it","tag-garanzia-accessoria","tag-maltempo","tag-rc-auto"],"yoast_head":"<!-- This site is optimized with the Yoast SEO plugin v27.3 - https:\/\/yoast.com\/product\/yoast-seo-wordpress\/ -->\n<title>Auto: 4,6 milioni di italiani hanno subito danni a causa del maltempo<\/title>\n<meta name=\"robots\" content=\"index, follow, max-snippet:-1, max-image-preview:large, max-video-preview:-1\" \/>\n<link rel=\"canonical\" href=\"https:\/\/www.article-marketing.eu\/comunicatistampa\/auto-46-milioni-di-italiani-hanno-subito-danni-a-causa-del-maltempo\/\" \/>\n<meta property=\"og:locale\" content=\"it_IT\" \/>\n<meta property=\"og:type\" content=\"article\" \/>\n<meta property=\"og:title\" content=\"Auto: 4,6 milioni di italiani hanno subito danni a causa del maltempo\" \/>\n<meta property=\"og:description\" content=\"Sono pi\u00f9 di 4,6 milioni gli italiani con un\u2019auto di propriet\u00e0 che nell\u2019ultimo anno hanno subito danni alla propria vettura a causa di calamit\u00e0 naturali o maltempo; fra di loro, quasi 1 su 2 non aveva una polizza assicurativa che tutelasse il mezzo dagli eventi atmosferici. Ecco alcuni dei dati emersi dall\u2019indagine che Facile.it ha commissionato agli istituti mUp Research e Norstat. Gli eventi dannosi piu diffusi Dallo studio &#8211;Continue reading...\" \/>\n<meta property=\"og:url\" content=\"https:\/\/www.article-marketing.eu\/comunicatistampa\/auto-46-milioni-di-italiani-hanno-subito-danni-a-causa-del-maltempo\/\" \/>\n<meta property=\"og:site_name\" content=\"Article Marketing\" \/>\n<meta property=\"article:published_time\" content=\"2024-02-11T15:50:38+00:00\" \/>\n<meta name=\"author\" content=\"Facile.it\" \/>\n<meta name=\"twitter:card\" content=\"summary_large_image\" \/>\n<meta name=\"twitter:label1\" content=\"Scritto da\" \/>\n\t<meta name=\"twitter:data1\" content=\"Facile.it\" \/>\n\t<meta name=\"twitter:label2\" content=\"Tempo di lettura stimato\" \/>\n\t<meta name=\"twitter:data2\" content=\"4 minuti\" \/>\n<script type=\"application\/ld+json\" class=\"yoast-schema-graph\">{\"@context\":\"https:\\\/\\\/schema.org\",\"@graph\":[{\"@type\":\"Article\",\"@id\":\"https:\\\/\\\/www.article-marketing.eu\\\/comunicatistampa\\\/auto-46-milioni-di-italiani-hanno-subito-danni-a-causa-del-maltempo\\\/#article\",\"isPartOf\":{\"@id\":\"https:\\\/\\\/www.article-marketing.eu\\\/comunicatistampa\\\/auto-46-milioni-di-italiani-hanno-subito-danni-a-causa-del-maltempo\\\/\"},\"author\":{\"name\":\"Facile.it\",\"@id\":\"https:\\\/\\\/www.article-marketing.eu\\\/comunicatistampa\\\/#\\\/schema\\\/person\\\/1deca6d9e0cf173abfe76a90ef261a2a\"},\"headline\":\"Auto: 4,6 milioni di italiani hanno subito danni a causa del maltempo\",\"datePublished\":\"2024-02-11T15:50:38+00:00\",\"mainEntityOfPage\":{\"@id\":\"https:\\\/\\\/www.article-marketing.eu\\\/comunicatistampa\\\/auto-46-milioni-di-italiani-hanno-subito-danni-a-causa-del-maltempo\\\/\"},\"wordCount\":742,\"commentCount\":0,\"keywords\":[\"eventi atmosferici\",\"facile.it\",\"garanzia accessoria\",\"maltempo\",\"rc auto\"],\"articleSection\":[\"Economia e lavoro\"],\"inLanguage\":\"it-IT\",\"potentialAction\":[{\"@type\":\"CommentAction\",\"name\":\"Comment\",\"target\":[\"https:\\\/\\\/www.article-marketing.eu\\\/comunicatistampa\\\/auto-46-milioni-di-italiani-hanno-subito-danni-a-causa-del-maltempo\\\/#respond\"]}]},{\"@type\":\"WebPage\",\"@id\":\"https:\\\/\\\/www.article-marketing.eu\\\/comunicatistampa\\\/auto-46-milioni-di-italiani-hanno-subito-danni-a-causa-del-maltempo\\\/\",\"url\":\"https:\\\/\\\/www.article-marketing.eu\\\/comunicatistampa\\\/auto-46-milioni-di-italiani-hanno-subito-danni-a-causa-del-maltempo\\\/\",\"name\":\"Auto: 4,6 milioni di italiani hanno subito danni a causa del maltempo\",\"isPartOf\":{\"@id\":\"https:\\\/\\\/www.article-marketing.eu\\\/comunicatistampa\\\/#website\"},\"datePublished\":\"2024-02-11T15:50:38+00:00\",\"author\":{\"@id\":\"https:\\\/\\\/www.article-marketing.eu\\\/comunicatistampa\\\/#\\\/schema\\\/person\\\/1deca6d9e0cf173abfe76a90ef261a2a\"},\"breadcrumb\":{\"@id\":\"https:\\\/\\\/www.article-marketing.eu\\\/comunicatistampa\\\/auto-46-milioni-di-italiani-hanno-subito-danni-a-causa-del-maltempo\\\/#breadcrumb\"},\"inLanguage\":\"it-IT\",\"potentialAction\":[{\"@type\":\"ReadAction\",\"target\":[\"https:\\\/\\\/www.article-marketing.eu\\\/comunicatistampa\\\/auto-46-milioni-di-italiani-hanno-subito-danni-a-causa-del-maltempo\\\/\"]}]},{\"@type\":\"BreadcrumbList\",\"@id\":\"https:\\\/\\\/www.article-marketing.eu\\\/comunicatistampa\\\/auto-46-milioni-di-italiani-hanno-subito-danni-a-causa-del-maltempo\\\/#breadcrumb\",\"itemListElement\":[{\"@type\":\"ListItem\",\"position\":1,\"name\":\"Home\",\"item\":\"https:\\\/\\\/www.article-marketing.eu\\\/comunicatistampa\\\/\"},{\"@type\":\"ListItem\",\"position\":2,\"name\":\"Auto: 4,6 milioni di italiani hanno subito danni a causa del maltempo\"}]},{\"@type\":\"WebSite\",\"@id\":\"https:\\\/\\\/www.article-marketing.eu\\\/comunicatistampa\\\/#website\",\"url\":\"https:\\\/\\\/www.article-marketing.eu\\\/comunicatistampa\\\/\",\"name\":\"Article Marketing\",\"description\":\"article marketing &amp; press release\",\"potentialAction\":[{\"@type\":\"SearchAction\",\"target\":{\"@type\":\"EntryPoint\",\"urlTemplate\":\"https:\\\/\\\/www.article-marketing.eu\\\/comunicatistampa\\\/?s={search_term_string}\"},\"query-input\":{\"@type\":\"PropertyValueSpecification\",\"valueRequired\":true,\"valueName\":\"search_term_string\"}}],\"inLanguage\":\"it-IT\"},{\"@type\":\"Person\",\"@id\":\"https:\\\/\\\/www.article-marketing.eu\\\/comunicatistampa\\\/#\\\/schema\\\/person\\\/1deca6d9e0cf173abfe76a90ef261a2a\",\"name\":\"Facile.it\",\"image\":{\"@type\":\"ImageObject\",\"inLanguage\":\"it-IT\",\"@id\":\"https:\\\/\\\/secure.gravatar.com\\\/avatar\\\/2623775dfcd174bde1a788a4bc028e9035747fa40886953f4954f56c45cf4b34?s=96&d=mm&r=g\",\"url\":\"https:\\\/\\\/secure.gravatar.com\\\/avatar\\\/2623775dfcd174bde1a788a4bc028e9035747fa40886953f4954f56c45cf4b34?s=96&d=mm&r=g\",\"contentUrl\":\"https:\\\/\\\/secure.gravatar.com\\\/avatar\\\/2623775dfcd174bde1a788a4bc028e9035747fa40886953f4954f56c45cf4b34?s=96&d=mm&r=g\",\"caption\":\"Facile.it\"},\"url\":\"https:\\\/\\\/www.article-marketing.eu\\\/comunicatistampa\\\/author\\\/facile-it\\\/\"}]}<\/script>\n<!-- \/ Yoast SEO plugin. -->","yoast_head_json":{"title":"Auto: 4,6 milioni di italiani hanno subito danni a causa del maltempo","robots":{"index":"index","follow":"follow","max-snippet":"max-snippet:-1","max-image-preview":"max-image-preview:large","max-video-preview":"max-video-preview:-1"},"canonical":"https:\/\/www.article-marketing.eu\/comunicatistampa\/auto-46-milioni-di-italiani-hanno-subito-danni-a-causa-del-maltempo\/","og_locale":"it_IT","og_type":"article","og_title":"Auto: 4,6 milioni di italiani hanno subito danni a causa del maltempo","og_description":"Sono pi\u00f9 di 4,6 milioni gli italiani con un\u2019auto di propriet\u00e0 che nell\u2019ultimo anno hanno subito danni alla propria vettura a causa di calamit\u00e0 naturali o maltempo; fra di loro, quasi 1 su 2 non aveva una polizza assicurativa che tutelasse il mezzo dagli eventi atmosferici. Ecco alcuni dei dati emersi dall\u2019indagine che Facile.it ha commissionato agli istituti mUp Research e Norstat. Gli eventi dannosi piu diffusi Dallo studio &#8211;Continue reading...","og_url":"https:\/\/www.article-marketing.eu\/comunicatistampa\/auto-46-milioni-di-italiani-hanno-subito-danni-a-causa-del-maltempo\/","og_site_name":"Article Marketing","article_published_time":"2024-02-11T15:50:38+00:00","author":"Facile.it","twitter_card":"summary_large_image","twitter_misc":{"Scritto da":"Facile.it","Tempo di lettura stimato":"4 minuti"},"schema":{"@context":"https:\/\/schema.org","@graph":[{"@type":"Article","@id":"https:\/\/www.article-marketing.eu\/comunicatistampa\/auto-46-milioni-di-italiani-hanno-subito-danni-a-causa-del-maltempo\/#article","isPartOf":{"@id":"https:\/\/www.article-marketing.eu\/comunicatistampa\/auto-46-milioni-di-italiani-hanno-subito-danni-a-causa-del-maltempo\/"},"author":{"name":"Facile.it","@id":"https:\/\/www.article-marketing.eu\/comunicatistampa\/#\/schema\/person\/1deca6d9e0cf173abfe76a90ef261a2a"},"headline":"Auto: 4,6 milioni di italiani hanno subito danni a causa del maltempo","datePublished":"2024-02-11T15:50:38+00:00","mainEntityOfPage":{"@id":"https:\/\/www.article-marketing.eu\/comunicatistampa\/auto-46-milioni-di-italiani-hanno-subito-danni-a-causa-del-maltempo\/"},"wordCount":742,"commentCount":0,"keywords":["eventi atmosferici","facile.it","garanzia accessoria","maltempo","rc auto"],"articleSection":["Economia e lavoro"],"inLanguage":"it-IT","potentialAction":[{"@type":"CommentAction","name":"Comment","target":["https:\/\/www.article-marketing.eu\/comunicatistampa\/auto-46-milioni-di-italiani-hanno-subito-danni-a-causa-del-maltempo\/#respond"]}]},{"@type":"WebPage","@id":"https:\/\/www.article-marketing.eu\/comunicatistampa\/auto-46-milioni-di-italiani-hanno-subito-danni-a-causa-del-maltempo\/","url":"https:\/\/www.article-marketing.eu\/comunicatistampa\/auto-46-milioni-di-italiani-hanno-subito-danni-a-causa-del-maltempo\/","name":"Auto: 4,6 milioni di italiani hanno subito danni a causa del maltempo","isPartOf":{"@id":"https:\/\/www.article-marketing.eu\/comunicatistampa\/#website"},"datePublished":"2024-02-11T15:50:38+00:00","author":{"@id":"https:\/\/www.article-marketing.eu\/comunicatistampa\/#\/schema\/person\/1deca6d9e0cf173abfe76a90ef261a2a"},"breadcrumb":{"@id":"https:\/\/www.article-marketing.eu\/comunicatistampa\/auto-46-milioni-di-italiani-hanno-subito-danni-a-causa-del-maltempo\/#breadcrumb"},"inLanguage":"it-IT","potentialAction":[{"@type":"ReadAction","target":["https:\/\/www.article-marketing.eu\/comunicatistampa\/auto-46-milioni-di-italiani-hanno-subito-danni-a-causa-del-maltempo\/"]}]},{"@type":"BreadcrumbList","@id":"https:\/\/www.article-marketing.eu\/comunicatistampa\/auto-46-milioni-di-italiani-hanno-subito-danni-a-causa-del-maltempo\/#breadcrumb","itemListElement":[{"@type":"ListItem","position":1,"name":"Home","item":"https:\/\/www.article-marketing.eu\/comunicatistampa\/"},{"@type":"ListItem","position":2,"name":"Auto: 4,6 milioni di italiani hanno subito danni a causa del maltempo"}]},{"@type":"WebSite","@id":"https:\/\/www.article-marketing.eu\/comunicatistampa\/#website","url":"https:\/\/www.article-marketing.eu\/comunicatistampa\/","name":"Article Marketing","description":"article marketing &amp; press release","potentialAction":[{"@type":"SearchAction","target":{"@type":"EntryPoint","urlTemplate":"https:\/\/www.article-marketing.eu\/comunicatistampa\/?s={search_term_string}"},"query-input":{"@type":"PropertyValueSpecification","valueRequired":true,"valueName":"search_term_string"}}],"inLanguage":"it-IT"},{"@type":"Person","@id":"https:\/\/www.article-marketing.eu\/comunicatistampa\/#\/schema\/person\/1deca6d9e0cf173abfe76a90ef261a2a","name":"Facile.it","image":{"@type":"ImageObject","inLanguage":"it-IT","@id":"https:\/\/secure.gravatar.com\/avatar\/2623775dfcd174bde1a788a4bc028e9035747fa40886953f4954f56c45cf4b34?s=96&d=mm&r=g","url":"https:\/\/secure.gravatar.com\/avatar\/2623775dfcd174bde1a788a4bc028e9035747fa40886953f4954f56c45cf4b34?s=96&d=mm&r=g","contentUrl":"https:\/\/secure.gravatar.com\/avatar\/2623775dfcd174bde1a788a4bc028e9035747fa40886953f4954f56c45cf4b34?s=96&d=mm&r=g","caption":"Facile.it"},"url":"https:\/\/www.article-marketing.eu\/comunicatistampa\/author\/facile-it\/"}]}},"_links":{"self":[{"href":"https:\/\/www.article-marketing.eu\/comunicatistampa\/wp-json\/wp\/v2\/posts\/29497","targetHints":{"allow":["GET"]}}],"collection":[{"href":"https:\/\/www.article-marketing.eu\/comunicatistampa\/wp-json\/wp\/v2\/posts"}],"about":[{"href":"https:\/\/www.article-marketing.eu\/comunicatistampa\/wp-json\/wp\/v2\/types\/post"}],"author":[{"embeddable":true,"href":"https:\/\/www.article-marketing.eu\/comunicatistampa\/wp-json\/wp\/v2\/users\/62"}],"replies":[{"embeddable":true,"href":"https:\/\/www.article-marketing.eu\/comunicatistampa\/wp-json\/wp\/v2\/comments?post=29497"}],"version-history":[{"count":2,"href":"https:\/\/www.article-marketing.eu\/comunicatistampa\/wp-json\/wp\/v2\/posts\/29497\/revisions"}],"predecessor-version":[{"id":29617,"href":"https:\/\/www.article-marketing.eu\/comunicatistampa\/wp-json\/wp\/v2\/posts\/29497\/revisions\/29617"}],"wp:attachment":[{"href":"https:\/\/www.article-marketing.eu\/comunicatistampa\/wp-json\/wp\/v2\/media?parent=29497"}],"wp:term":[{"taxonomy":"category","embeddable":true,"href":"https:\/\/www.article-marketing.eu\/comunicatistampa\/wp-json\/wp\/v2\/categories?post=29497"},{"taxonomy":"post_tag","embeddable":true,"href":"https:\/\/www.article-marketing.eu\/comunicatistampa\/wp-json\/wp\/v2\/tags?post=29497"}],"curies":[{"name":"wp","href":"https:\/\/api.w.org\/{rel}","templated":true}]}}