{"id":29504,"date":"2024-03-05T23:23:40","date_gmt":"2024-03-05T22:23:40","guid":{"rendered":"https:\/\/www.article-marketing.eu\/comunicatistampa\/?p=29504"},"modified":"2024-03-05T23:23:40","modified_gmt":"2024-03-05T22:23:40","slug":"carlo-messina-al-wef-di-davos-la-vision-sul-2024-di-intesa-sanpaolo-nellintervista-al-ceo","status":"publish","type":"post","link":"https:\/\/www.article-marketing.eu\/comunicatistampa\/carlo-messina-al-wef-di-davos-la-vision-sul-2024-di-intesa-sanpaolo-nellintervista-al-ceo\/","title":{"rendered":"Carlo Messina al WEF di Davos: la vision sul 2024 di Intesa Sanpaolo nell\u2019intervista al CEO"},"content":{"rendered":"<p><em><strong>\u201cPer noi il 2024 sar\u00e0 un anno molto buono\u201d: il CEO di Intesa Sanpaolo <a title=\"Chi \u00e8 Carlo Messina\" href=\"https:\/\/h2biz.net\/Manager\/carlo-messina-12871\">Carlo Messina<\/a> a Davos per partecipare al World Economic Forum parla ai microfoni di Class Cnbc ribadendo fiducia nei confronti dell\u2019economia italiana.<\/strong><\/em><\/p>\n<p><a title=\"L'excursus professionale di Carlo Messina\" href=\"https:\/\/h2biz.net\/Manager\/carlo-messina-12871\"><img loading=\"lazy\" decoding=\"async\" src=\"https:\/\/h2biz.net\/images\/Plats\/20231116095742.jpeg\" alt=\"Carlo Messina, CEO di Intesa\" width=\"200\" height=\"200\" \/><\/a><\/p>\n<h2>Carlo Messina a Davos: intervista al CEO di Intesa Sanpaolo<\/h2>\n<p>Il CEO <a title=\"Esplora il profilo H2biz di Carlo Messina\" href=\"https:\/\/h2biz.net\/Manager\/carlo-messina-12871\"><strong>Carlo Messina<\/strong><\/a>, parlando a margine del meeting internazionale di Davos, ha anticipato che il 2024 sar\u00e0 un anno \u201c<em>molto buono<\/em>\u201d per Intesa Sanpaolo e \u201c<em>in qualunque scenario dei tassi di interesse<\/em>\u201d: intervistato da Class Cnbc in occasione della partecipazione al World Economic Forum, ha preventivato per la seconda parte dell\u2019anno una riduzione dei tassi di interesse. \u201c<em>Credo sia giusto acquisire pi\u00f9 informazioni e dati ma che questo percorso sar\u00e0 inevitabile<\/em>\u201d, ha spiegato il CEO di Intesa Sanpaolo analizzando la situazione attuale. \u201c<em>L\u2019inflazione sta scendendo in modo significativo in tutti i Paesi; in Italia in particolare in questo momento l\u2019inflazione \u00e8 completamente sotto controllo. Per noi tassi pi\u00f9 bassi significher\u00e0 comunque mantenimento di alti utili, anzi probabilmente torneremo ad essere un\u2019azienda che avr\u00e0 una forte crescita a livello di commissioni<\/em>\u201d: Intesa Sanpaolo, ha precisato Carlo Messina, pu\u00f2 contare su \u201c<em>un trilione e trecento miliardi di risparmi degli italiani, la gran parte \u00e8 risparmio gestito e assicurazione<\/em> <em>e quando i tassi di interesse scendono \u00e8 il momento in cui quelle aree tornano a crescere<\/em>\u201d. Da qui la vision ottimistica del CEO: per Intesa Sanpaolo questo significa infatti \u201c<em>avere un forte rilancio del mondo commissionale e in ogni caso abbiamo anche un hedging facility, una copertura sul fronte del margine di interesse, che ci preserver\u00e0 il margine di interesse. Noi ci aspettiamo un anno molto buono, il 2024, in qualunque scenario dei tassi di interesse<\/em>\u201d.<strong>\u00a0<\/strong><\/p>\n<h2>L\u2019intervento del CEO Carlo Messina all\u2019Opening Concert del World Economic Forum di Davos supportato da Intesa Sanpaolo<\/h2>\n<p><strong>Carlo Messina<\/strong>, in occasione dell\u2019Opening Concert del World Economic Forum di Davos 2024, ha ricordato l\u2019impegno di Intesa Sanpaolo per la Cultura e il Sociale: \u201c<em>Abbiamo deciso di impegnare 1,5 miliardi di euro in un programma ad alto impatto sociale per contrastare la povert\u00e0 e per ridurre le disuguaglianze per essere la prima impact bank al mondo<\/em>\u201d. Gli investimenti in questo ambito, ha specificato il CEO, sono secondi solo a quelli in tecnologia, intelligenza artificiale, banca digitale. \u201c<em>Allo stesso tempo, grazie alle attivit\u00e0 nel sociale diamo lavoro a persone che possono trovarsi in situazioni difficili a causa degli impatti sul lavoro dell\u2019intelligenza artificiale: su centomila persone che lavorano in Intesa Sanpaolo, mille lavorano nel sociale<\/em>\u201d, ha aggiunto <strong>Carlo Messina<\/strong>. \u201c<em>Ritengo che lavorare per la Corporate social responsibility e per chi ha bisogno possa essere una via anche per altre societ\u00e0 che potrebbero cos\u00ec sviluppare tecnologia senza ridurre i livelli dell\u2019occupazione<\/em>\u201d: Intesa Sanpaolo oggi punta ad essere molto pi\u00f9 di \u201c<em>un forte creatore di valore nel settore bancario<\/em>\u201d.<\/p>\n","protected":false},"excerpt":{"rendered":"<p>\u201cPer noi il 2024 sar\u00e0 un anno molto buono\u201d: il CEO di Intesa Sanpaolo Carlo Messina a Davos per partecipare al World Economic Forum parla ai microfoni di Class Cnbc ribadendo fiducia nei confronti dell\u2019economia italiana. Carlo Messina a Davos: intervista al CEO di Intesa Sanpaolo Il CEO Carlo Messina, parlando a margine del meeting internazionale di Davos, ha anticipato che il 2024 sar\u00e0 un anno \u201cmolto buono\u201d per Intesa<\/p>\n<p><a class=\"continue-reading\" href=\"https:\/\/www.article-marketing.eu\/comunicatistampa\/carlo-messina-al-wef-di-davos-la-vision-sul-2024-di-intesa-sanpaolo-nellintervista-al-ceo\/\">Continue reading&#8230;<\/a><\/p>\n","protected":false},"author":6477,"featured_media":0,"comment_status":"open","ping_status":"open","sticky":false,"template":"","format":"standard","meta":{"_monsterinsights_skip_tracking":false,"_monsterinsights_sitenote_active":false,"_monsterinsights_sitenote_note":"","_monsterinsights_sitenote_category":0,"footnotes":""},"categories":[386],"tags":[10907],"class_list":["post-29504","post","type-post","status-publish","format-standard","hentry","category-economia-e-lavoro","tag-carlo-messina"],"yoast_head":"<!-- This site is optimized with the Yoast SEO plugin v27.3 - https:\/\/yoast.com\/product\/yoast-seo-wordpress\/ -->\n<title>Carlo Messina al WEF di Davos: la vision sul 2024 di Intesa Sanpaolo nell\u2019intervista al CEO<\/title>\n<meta name=\"robots\" content=\"index, follow, max-snippet:-1, max-image-preview:large, max-video-preview:-1\" \/>\n<link rel=\"canonical\" href=\"https:\/\/www.article-marketing.eu\/comunicatistampa\/carlo-messina-al-wef-di-davos-la-vision-sul-2024-di-intesa-sanpaolo-nellintervista-al-ceo\/\" \/>\n<meta property=\"og:locale\" content=\"it_IT\" \/>\n<meta property=\"og:type\" content=\"article\" \/>\n<meta property=\"og:title\" content=\"Carlo Messina al WEF di Davos: la vision sul 2024 di Intesa Sanpaolo nell\u2019intervista al CEO\" \/>\n<meta property=\"og:description\" content=\"\u201cPer noi il 2024 sar\u00e0 un anno molto buono\u201d: il CEO di Intesa Sanpaolo Carlo Messina a Davos per partecipare al World Economic Forum parla ai microfoni di Class Cnbc ribadendo fiducia nei confronti dell\u2019economia italiana. Carlo Messina a Davos: intervista al CEO di Intesa Sanpaolo Il CEO Carlo Messina, parlando a margine del meeting internazionale di Davos, ha anticipato che il 2024 sar\u00e0 un anno \u201cmolto buono\u201d per IntesaContinue reading...\" \/>\n<meta property=\"og:url\" content=\"https:\/\/www.article-marketing.eu\/comunicatistampa\/carlo-messina-al-wef-di-davos-la-vision-sul-2024-di-intesa-sanpaolo-nellintervista-al-ceo\/\" \/>\n<meta property=\"og:site_name\" content=\"Article Marketing\" \/>\n<meta property=\"article:published_time\" content=\"2024-03-05T22:23:40+00:00\" \/>\n<meta property=\"og:image\" content=\"https:\/\/h2biz.net\/images\/Plats\/20231116095742.jpeg\" \/>\n<meta name=\"author\" content=\"articolinews\" \/>\n<meta name=\"twitter:card\" content=\"summary_large_image\" \/>\n<meta name=\"twitter:label1\" content=\"Scritto da\" \/>\n\t<meta name=\"twitter:data1\" content=\"articolinews\" \/>\n\t<meta name=\"twitter:label2\" content=\"Tempo di lettura stimato\" \/>\n\t<meta name=\"twitter:data2\" content=\"3 minuti\" \/>\n<script type=\"application\/ld+json\" class=\"yoast-schema-graph\">{\"@context\":\"https:\\\/\\\/schema.org\",\"@graph\":[{\"@type\":\"Article\",\"@id\":\"https:\\\/\\\/www.article-marketing.eu\\\/comunicatistampa\\\/carlo-messina-al-wef-di-davos-la-vision-sul-2024-di-intesa-sanpaolo-nellintervista-al-ceo\\\/#article\",\"isPartOf\":{\"@id\":\"https:\\\/\\\/www.article-marketing.eu\\\/comunicatistampa\\\/carlo-messina-al-wef-di-davos-la-vision-sul-2024-di-intesa-sanpaolo-nellintervista-al-ceo\\\/\"},\"author\":{\"name\":\"articolinews\",\"@id\":\"https:\\\/\\\/www.article-marketing.eu\\\/comunicatistampa\\\/#\\\/schema\\\/person\\\/2fcaf8f8f3a9eef9eb7f27532d3ca458\"},\"headline\":\"Carlo Messina al WEF di Davos: la vision sul 2024 di Intesa Sanpaolo nell\u2019intervista al CEO\",\"datePublished\":\"2024-03-05T22:23:40+00:00\",\"mainEntityOfPage\":{\"@id\":\"https:\\\/\\\/www.article-marketing.eu\\\/comunicatistampa\\\/carlo-messina-al-wef-di-davos-la-vision-sul-2024-di-intesa-sanpaolo-nellintervista-al-ceo\\\/\"},\"wordCount\":483,\"commentCount\":0,\"image\":{\"@id\":\"https:\\\/\\\/www.article-marketing.eu\\\/comunicatistampa\\\/carlo-messina-al-wef-di-davos-la-vision-sul-2024-di-intesa-sanpaolo-nellintervista-al-ceo\\\/#primaryimage\"},\"thumbnailUrl\":\"https:\\\/\\\/h2biz.net\\\/images\\\/Plats\\\/20231116095742.jpeg\",\"keywords\":[\"Carlo Messina\"],\"articleSection\":[\"Economia e lavoro\"],\"inLanguage\":\"it-IT\",\"potentialAction\":[{\"@type\":\"CommentAction\",\"name\":\"Comment\",\"target\":[\"https:\\\/\\\/www.article-marketing.eu\\\/comunicatistampa\\\/carlo-messina-al-wef-di-davos-la-vision-sul-2024-di-intesa-sanpaolo-nellintervista-al-ceo\\\/#respond\"]}]},{\"@type\":\"WebPage\",\"@id\":\"https:\\\/\\\/www.article-marketing.eu\\\/comunicatistampa\\\/carlo-messina-al-wef-di-davos-la-vision-sul-2024-di-intesa-sanpaolo-nellintervista-al-ceo\\\/\",\"url\":\"https:\\\/\\\/www.article-marketing.eu\\\/comunicatistampa\\\/carlo-messina-al-wef-di-davos-la-vision-sul-2024-di-intesa-sanpaolo-nellintervista-al-ceo\\\/\",\"name\":\"Carlo Messina al WEF di Davos: la vision sul 2024 di Intesa Sanpaolo nell\u2019intervista al CEO\",\"isPartOf\":{\"@id\":\"https:\\\/\\\/www.article-marketing.eu\\\/comunicatistampa\\\/#website\"},\"primaryImageOfPage\":{\"@id\":\"https:\\\/\\\/www.article-marketing.eu\\\/comunicatistampa\\\/carlo-messina-al-wef-di-davos-la-vision-sul-2024-di-intesa-sanpaolo-nellintervista-al-ceo\\\/#primaryimage\"},\"image\":{\"@id\":\"https:\\\/\\\/www.article-marketing.eu\\\/comunicatistampa\\\/carlo-messina-al-wef-di-davos-la-vision-sul-2024-di-intesa-sanpaolo-nellintervista-al-ceo\\\/#primaryimage\"},\"thumbnailUrl\":\"https:\\\/\\\/h2biz.net\\\/images\\\/Plats\\\/20231116095742.jpeg\",\"datePublished\":\"2024-03-05T22:23:40+00:00\",\"author\":{\"@id\":\"https:\\\/\\\/www.article-marketing.eu\\\/comunicatistampa\\\/#\\\/schema\\\/person\\\/2fcaf8f8f3a9eef9eb7f27532d3ca458\"},\"breadcrumb\":{\"@id\":\"https:\\\/\\\/www.article-marketing.eu\\\/comunicatistampa\\\/carlo-messina-al-wef-di-davos-la-vision-sul-2024-di-intesa-sanpaolo-nellintervista-al-ceo\\\/#breadcrumb\"},\"inLanguage\":\"it-IT\",\"potentialAction\":[{\"@type\":\"ReadAction\",\"target\":[\"https:\\\/\\\/www.article-marketing.eu\\\/comunicatistampa\\\/carlo-messina-al-wef-di-davos-la-vision-sul-2024-di-intesa-sanpaolo-nellintervista-al-ceo\\\/\"]}]},{\"@type\":\"ImageObject\",\"inLanguage\":\"it-IT\",\"@id\":\"https:\\\/\\\/www.article-marketing.eu\\\/comunicatistampa\\\/carlo-messina-al-wef-di-davos-la-vision-sul-2024-di-intesa-sanpaolo-nellintervista-al-ceo\\\/#primaryimage\",\"url\":\"https:\\\/\\\/h2biz.net\\\/images\\\/Plats\\\/20231116095742.jpeg\",\"contentUrl\":\"https:\\\/\\\/h2biz.net\\\/images\\\/Plats\\\/20231116095742.jpeg\"},{\"@type\":\"BreadcrumbList\",\"@id\":\"https:\\\/\\\/www.article-marketing.eu\\\/comunicatistampa\\\/carlo-messina-al-wef-di-davos-la-vision-sul-2024-di-intesa-sanpaolo-nellintervista-al-ceo\\\/#breadcrumb\",\"itemListElement\":[{\"@type\":\"ListItem\",\"position\":1,\"name\":\"Home\",\"item\":\"https:\\\/\\\/www.article-marketing.eu\\\/comunicatistampa\\\/\"},{\"@type\":\"ListItem\",\"position\":2,\"name\":\"Carlo Messina al WEF di Davos: la vision sul 2024 di Intesa Sanpaolo nell\u2019intervista al CEO\"}]},{\"@type\":\"WebSite\",\"@id\":\"https:\\\/\\\/www.article-marketing.eu\\\/comunicatistampa\\\/#website\",\"url\":\"https:\\\/\\\/www.article-marketing.eu\\\/comunicatistampa\\\/\",\"name\":\"Article Marketing\",\"description\":\"article marketing &amp; press release\",\"potentialAction\":[{\"@type\":\"SearchAction\",\"target\":{\"@type\":\"EntryPoint\",\"urlTemplate\":\"https:\\\/\\\/www.article-marketing.eu\\\/comunicatistampa\\\/?s={search_term_string}\"},\"query-input\":{\"@type\":\"PropertyValueSpecification\",\"valueRequired\":true,\"valueName\":\"search_term_string\"}}],\"inLanguage\":\"it-IT\"},{\"@type\":\"Person\",\"@id\":\"https:\\\/\\\/www.article-marketing.eu\\\/comunicatistampa\\\/#\\\/schema\\\/person\\\/2fcaf8f8f3a9eef9eb7f27532d3ca458\",\"name\":\"articolinews\",\"image\":{\"@type\":\"ImageObject\",\"inLanguage\":\"it-IT\",\"@id\":\"https:\\\/\\\/secure.gravatar.com\\\/avatar\\\/9e2a264bab04e17dea24d937c9956304649a848cb73c46747a692ff1bdeb1cb7?s=96&d=mm&r=g\",\"url\":\"https:\\\/\\\/secure.gravatar.com\\\/avatar\\\/9e2a264bab04e17dea24d937c9956304649a848cb73c46747a692ff1bdeb1cb7?s=96&d=mm&r=g\",\"contentUrl\":\"https:\\\/\\\/secure.gravatar.com\\\/avatar\\\/9e2a264bab04e17dea24d937c9956304649a848cb73c46747a692ff1bdeb1cb7?s=96&d=mm&r=g\",\"caption\":\"articolinews\"},\"url\":\"https:\\\/\\\/www.article-marketing.eu\\\/comunicatistampa\\\/author\\\/articolinews\\\/\"}]}<\/script>\n<!-- \/ Yoast SEO plugin. -->","yoast_head_json":{"title":"Carlo Messina al WEF di Davos: la vision sul 2024 di Intesa Sanpaolo nell\u2019intervista al CEO","robots":{"index":"index","follow":"follow","max-snippet":"max-snippet:-1","max-image-preview":"max-image-preview:large","max-video-preview":"max-video-preview:-1"},"canonical":"https:\/\/www.article-marketing.eu\/comunicatistampa\/carlo-messina-al-wef-di-davos-la-vision-sul-2024-di-intesa-sanpaolo-nellintervista-al-ceo\/","og_locale":"it_IT","og_type":"article","og_title":"Carlo Messina al WEF di Davos: la vision sul 2024 di Intesa Sanpaolo nell\u2019intervista al CEO","og_description":"\u201cPer noi il 2024 sar\u00e0 un anno molto buono\u201d: il CEO di Intesa Sanpaolo Carlo Messina a Davos per partecipare al World Economic Forum parla ai microfoni di Class Cnbc ribadendo fiducia nei confronti dell\u2019economia italiana. Carlo Messina a Davos: intervista al CEO di Intesa Sanpaolo Il CEO Carlo Messina, parlando a margine del meeting internazionale di Davos, ha anticipato che il 2024 sar\u00e0 un anno \u201cmolto buono\u201d per IntesaContinue reading...","og_url":"https:\/\/www.article-marketing.eu\/comunicatistampa\/carlo-messina-al-wef-di-davos-la-vision-sul-2024-di-intesa-sanpaolo-nellintervista-al-ceo\/","og_site_name":"Article Marketing","article_published_time":"2024-03-05T22:23:40+00:00","og_image":[{"url":"https:\/\/h2biz.net\/images\/Plats\/20231116095742.jpeg","type":"","width":"","height":""}],"author":"articolinews","twitter_card":"summary_large_image","twitter_misc":{"Scritto da":"articolinews","Tempo di lettura stimato":"3 minuti"},"schema":{"@context":"https:\/\/schema.org","@graph":[{"@type":"Article","@id":"https:\/\/www.article-marketing.eu\/comunicatistampa\/carlo-messina-al-wef-di-davos-la-vision-sul-2024-di-intesa-sanpaolo-nellintervista-al-ceo\/#article","isPartOf":{"@id":"https:\/\/www.article-marketing.eu\/comunicatistampa\/carlo-messina-al-wef-di-davos-la-vision-sul-2024-di-intesa-sanpaolo-nellintervista-al-ceo\/"},"author":{"name":"articolinews","@id":"https:\/\/www.article-marketing.eu\/comunicatistampa\/#\/schema\/person\/2fcaf8f8f3a9eef9eb7f27532d3ca458"},"headline":"Carlo Messina al WEF di Davos: la vision sul 2024 di Intesa Sanpaolo nell\u2019intervista al CEO","datePublished":"2024-03-05T22:23:40+00:00","mainEntityOfPage":{"@id":"https:\/\/www.article-marketing.eu\/comunicatistampa\/carlo-messina-al-wef-di-davos-la-vision-sul-2024-di-intesa-sanpaolo-nellintervista-al-ceo\/"},"wordCount":483,"commentCount":0,"image":{"@id":"https:\/\/www.article-marketing.eu\/comunicatistampa\/carlo-messina-al-wef-di-davos-la-vision-sul-2024-di-intesa-sanpaolo-nellintervista-al-ceo\/#primaryimage"},"thumbnailUrl":"https:\/\/h2biz.net\/images\/Plats\/20231116095742.jpeg","keywords":["Carlo Messina"],"articleSection":["Economia e lavoro"],"inLanguage":"it-IT","potentialAction":[{"@type":"CommentAction","name":"Comment","target":["https:\/\/www.article-marketing.eu\/comunicatistampa\/carlo-messina-al-wef-di-davos-la-vision-sul-2024-di-intesa-sanpaolo-nellintervista-al-ceo\/#respond"]}]},{"@type":"WebPage","@id":"https:\/\/www.article-marketing.eu\/comunicatistampa\/carlo-messina-al-wef-di-davos-la-vision-sul-2024-di-intesa-sanpaolo-nellintervista-al-ceo\/","url":"https:\/\/www.article-marketing.eu\/comunicatistampa\/carlo-messina-al-wef-di-davos-la-vision-sul-2024-di-intesa-sanpaolo-nellintervista-al-ceo\/","name":"Carlo Messina al WEF di Davos: la vision sul 2024 di Intesa Sanpaolo nell\u2019intervista al CEO","isPartOf":{"@id":"https:\/\/www.article-marketing.eu\/comunicatistampa\/#website"},"primaryImageOfPage":{"@id":"https:\/\/www.article-marketing.eu\/comunicatistampa\/carlo-messina-al-wef-di-davos-la-vision-sul-2024-di-intesa-sanpaolo-nellintervista-al-ceo\/#primaryimage"},"image":{"@id":"https:\/\/www.article-marketing.eu\/comunicatistampa\/carlo-messina-al-wef-di-davos-la-vision-sul-2024-di-intesa-sanpaolo-nellintervista-al-ceo\/#primaryimage"},"thumbnailUrl":"https:\/\/h2biz.net\/images\/Plats\/20231116095742.jpeg","datePublished":"2024-03-05T22:23:40+00:00","author":{"@id":"https:\/\/www.article-marketing.eu\/comunicatistampa\/#\/schema\/person\/2fcaf8f8f3a9eef9eb7f27532d3ca458"},"breadcrumb":{"@id":"https:\/\/www.article-marketing.eu\/comunicatistampa\/carlo-messina-al-wef-di-davos-la-vision-sul-2024-di-intesa-sanpaolo-nellintervista-al-ceo\/#breadcrumb"},"inLanguage":"it-IT","potentialAction":[{"@type":"ReadAction","target":["https:\/\/www.article-marketing.eu\/comunicatistampa\/carlo-messina-al-wef-di-davos-la-vision-sul-2024-di-intesa-sanpaolo-nellintervista-al-ceo\/"]}]},{"@type":"ImageObject","inLanguage":"it-IT","@id":"https:\/\/www.article-marketing.eu\/comunicatistampa\/carlo-messina-al-wef-di-davos-la-vision-sul-2024-di-intesa-sanpaolo-nellintervista-al-ceo\/#primaryimage","url":"https:\/\/h2biz.net\/images\/Plats\/20231116095742.jpeg","contentUrl":"https:\/\/h2biz.net\/images\/Plats\/20231116095742.jpeg"},{"@type":"BreadcrumbList","@id":"https:\/\/www.article-marketing.eu\/comunicatistampa\/carlo-messina-al-wef-di-davos-la-vision-sul-2024-di-intesa-sanpaolo-nellintervista-al-ceo\/#breadcrumb","itemListElement":[{"@type":"ListItem","position":1,"name":"Home","item":"https:\/\/www.article-marketing.eu\/comunicatistampa\/"},{"@type":"ListItem","position":2,"name":"Carlo Messina al WEF di Davos: la vision sul 2024 di Intesa Sanpaolo nell\u2019intervista al CEO"}]},{"@type":"WebSite","@id":"https:\/\/www.article-marketing.eu\/comunicatistampa\/#website","url":"https:\/\/www.article-marketing.eu\/comunicatistampa\/","name":"Article Marketing","description":"article marketing &amp; press release","potentialAction":[{"@type":"SearchAction","target":{"@type":"EntryPoint","urlTemplate":"https:\/\/www.article-marketing.eu\/comunicatistampa\/?s={search_term_string}"},"query-input":{"@type":"PropertyValueSpecification","valueRequired":true,"valueName":"search_term_string"}}],"inLanguage":"it-IT"},{"@type":"Person","@id":"https:\/\/www.article-marketing.eu\/comunicatistampa\/#\/schema\/person\/2fcaf8f8f3a9eef9eb7f27532d3ca458","name":"articolinews","image":{"@type":"ImageObject","inLanguage":"it-IT","@id":"https:\/\/secure.gravatar.com\/avatar\/9e2a264bab04e17dea24d937c9956304649a848cb73c46747a692ff1bdeb1cb7?s=96&d=mm&r=g","url":"https:\/\/secure.gravatar.com\/avatar\/9e2a264bab04e17dea24d937c9956304649a848cb73c46747a692ff1bdeb1cb7?s=96&d=mm&r=g","contentUrl":"https:\/\/secure.gravatar.com\/avatar\/9e2a264bab04e17dea24d937c9956304649a848cb73c46747a692ff1bdeb1cb7?s=96&d=mm&r=g","caption":"articolinews"},"url":"https:\/\/www.article-marketing.eu\/comunicatistampa\/author\/articolinews\/"}]}},"_links":{"self":[{"href":"https:\/\/www.article-marketing.eu\/comunicatistampa\/wp-json\/wp\/v2\/posts\/29504","targetHints":{"allow":["GET"]}}],"collection":[{"href":"https:\/\/www.article-marketing.eu\/comunicatistampa\/wp-json\/wp\/v2\/posts"}],"about":[{"href":"https:\/\/www.article-marketing.eu\/comunicatistampa\/wp-json\/wp\/v2\/types\/post"}],"author":[{"embeddable":true,"href":"https:\/\/www.article-marketing.eu\/comunicatistampa\/wp-json\/wp\/v2\/users\/6477"}],"replies":[{"embeddable":true,"href":"https:\/\/www.article-marketing.eu\/comunicatistampa\/wp-json\/wp\/v2\/comments?post=29504"}],"version-history":[{"count":2,"href":"https:\/\/www.article-marketing.eu\/comunicatistampa\/wp-json\/wp\/v2\/posts\/29504\/revisions"}],"predecessor-version":[{"id":29977,"href":"https:\/\/www.article-marketing.eu\/comunicatistampa\/wp-json\/wp\/v2\/posts\/29504\/revisions\/29977"}],"wp:attachment":[{"href":"https:\/\/www.article-marketing.eu\/comunicatistampa\/wp-json\/wp\/v2\/media?parent=29504"}],"wp:term":[{"taxonomy":"category","embeddable":true,"href":"https:\/\/www.article-marketing.eu\/comunicatistampa\/wp-json\/wp\/v2\/categories?post=29504"},{"taxonomy":"post_tag","embeddable":true,"href":"https:\/\/www.article-marketing.eu\/comunicatistampa\/wp-json\/wp\/v2\/tags?post=29504"}],"curies":[{"name":"wp","href":"https:\/\/api.w.org\/{rel}","templated":true}]}}