{"id":29526,"date":"2024-02-14T14:42:27","date_gmt":"2024-02-14T13:42:27","guid":{"rendered":"https:\/\/www.article-marketing.eu\/comunicatistampa\/?p=29526"},"modified":"2024-02-14T14:42:27","modified_gmt":"2024-02-14T13:42:27","slug":"appropriatezza-in-pediatria-susanna-esposito-sfide-post-covid-e-soluzioni","status":"publish","type":"post","link":"https:\/\/www.article-marketing.eu\/comunicatistampa\/appropriatezza-in-pediatria-susanna-esposito-sfide-post-covid-e-soluzioni\/","title":{"rendered":"Appropriatezza in pediatria, Susanna Esposito: sfide post-Covid e soluzioni"},"content":{"rendered":"<p><strong><em>Negli atti del XXXV Congresso Nazionale della Societ\u00e0 Italiana di Pediatria Preventiva e Sociale (SIPPS) a Bologna, \u00e8 stata presentata la \u201cConsensus su Appropriatezza Prescrittiva Diagnostica\u201d, un documento cruciale per i pediatri finalizzato a ridurre le liste d\u2019attesa, garantendo un accesso equo alle cure e rivisitando le indicazioni diagnostiche validate dalla letteratura scientifica. Il suo scopo principale \u00e8 identificare criteri condivisi per le dieci patologie pi\u00f9 comuni in ogni sottospecialit\u00e0 pediatrica, al fine di tutelare i pazienti e ridurre il cattivo uso delle risorse. Il commento di <a title=\"La biografia professionale della Prof.ssa Susanna Esposito\" href=\"https:\/\/h2biz.net\/Manager\/susanna-esposito-11460\">Susanna Esposito<\/a>.<\/em><\/strong><\/p>\n<p><a title=\"Il profilo professionale di Susanna Esposito\" href=\"https:\/\/h2biz.net\/Manager\/susanna-esposito-11460\"><img loading=\"lazy\" decoding=\"async\" src=\"https:\/\/www.susannaesposito.it\/wp-content\/uploads\/2016\/04\/Foto-Susanna-Esposito-2-e1459953218264-400x403.jpg\" alt=\"Susanna Esposito\" width=\"298\" height=\"300\" \/><\/a><\/p>\n<h2>Analisi e indicazioni della Prof.ssa Susanna Esposito sulle cure pediatriche<\/h2>\n<p>Il concetto di appropriatezza assume un ruolo ancor pi\u00f9 cruciale nel contesto del Servizio Sanitario Nazionale, specialmente alla luce della pandemia di Covid-19, che ha generato ritardi nelle visite e lunghe liste d\u2019attesa. La Prof.ssa <a title=\"Susanna Esposito: la carriera professionale dell'ordinaria di Pediatria all\u2019Universit\u00e0 di Parma\" href=\"https:\/\/h2biz.net\/Manager\/susanna-esposito-11460\"><strong>Susanna Esposito<\/strong><\/a>, ordinaria di Pediatria all\u2019Universit\u00e0 di Parma e Presidente della SIPPS sezione Emilia-Romagna, sottolinea come la situazione abbia allungato le liste d\u2019attesa per approfondire dubbi diagnostici negli ambulatori specialistici di 2\u00b0 livello. L\u2019analisi, estesa a tutte le sottospecialit\u00e0 pediatriche, si articola attorno a tre domande chiave: quando sono indicati esami di laboratorio o radiologici, quando \u00e8 necessario l\u2019invio in ospedale per una visita specialistica e con quale priorit\u00e0 (Urgente, Breve, Differibile, Programmabile), e quali sono le esigenze formative rilevanti. I 26 ambiti specialistici presi in considerazione vanno dall\u2019allergologia alla psicologia clinica, coprendo un ampio spettro di discipline <em>mediche. \u201cAbbiamo riportato due tabelle per ognuna di queste singole specialit\u00e0 \u2013 <\/em>spiega <strong>Susanna Esposito<\/strong><em> \u2013 con i principali dieci quesiti diagnostici che arrivano all\u2019attenzione dello specialista e le manifestazioni cliniche per cui ha senso procedere con approfondimenti specialistici<\/em>\u201d.<\/p>\n<h2>Susanna Esposito: disparit\u00e0 e sfide nell\u2019emergenza pediatrica in Italia<\/h2>\n<p>Parallelamente, il XVII Congresso Nazionale della Simeup ha presentato i risultati preliminari della prima indagine nazionale sull\u2019emergenza-urgenza pediatrica in Italia. L\u2019indagine coinvolge 252 ospedali in 16 Regioni ed evidenzia disparit\u00e0 significative, soprattutto nelle regioni del Sud e nelle Isole. Le linee guida sul triage ospedaliero non sono uniformemente applicate e la presenza di posti letto in Terapia Intensiva Pediatrica \u00e8 penalizzante per il Mezzogiorno. Uno degli aspetti critici evidenziati, oltre alle lunghe liste di attesa gi\u00e0 rimarcate da <strong>Susanna Esposito<\/strong>, riguarda la limitata accoglienza nei Pronto Soccorso Pediatrici e nei reparti di Pediatria per i ragazzi fino a 18 anni, contribuendo cos\u00ec a una disuguaglianza assistenziale. Emerge inoltre la necessit\u00e0 di valorizzare e gratificare il ruolo del pediatra di emergenza-urgenza, il cui profilo specialistico \u00e8 cruciale sia nella gestione di patologie acute sia nelle riacutizzazioni di malattie croniche che colpiscono il 18% della popolazione pediatrica. La Presidente della Simeup, Stefania Zampogna, evidenzia la fuga di medici dai Pronto Soccorso, attribuendo la crisi di vocazione a turni massacranti, stipendi inferiori rispetto a quelli europei e una maggiore attrattivit\u00e0 del territorio. La crescente frequenza di aggressioni, soprattutto nei confronti dei medici dei Pronto Soccorso, costituisce un ulteriore elemento di preoccupazione, accentuato dalla difficile situazione post-Covid.<\/p>\n","protected":false},"excerpt":{"rendered":"<p>Negli atti del XXXV Congresso Nazionale della Societ\u00e0 Italiana di Pediatria Preventiva e Sociale (SIPPS) a Bologna, \u00e8 stata presentata la \u201cConsensus su Appropriatezza Prescrittiva Diagnostica\u201d, un documento cruciale per i pediatri finalizzato a ridurre le liste d\u2019attesa, garantendo un accesso equo alle cure e rivisitando le indicazioni diagnostiche validate dalla letteratura scientifica. Il suo scopo principale \u00e8 identificare criteri condivisi per le dieci patologie pi\u00f9 comuni in ogni sottospecialit\u00e0<\/p>\n<p><a class=\"continue-reading\" href=\"https:\/\/www.article-marketing.eu\/comunicatistampa\/appropriatezza-in-pediatria-susanna-esposito-sfide-post-covid-e-soluzioni\/\">Continue reading&#8230;<\/a><\/p>\n","protected":false},"author":6477,"featured_media":0,"comment_status":"open","ping_status":"open","sticky":false,"template":"","format":"standard","meta":{"_monsterinsights_skip_tracking":false,"_monsterinsights_sitenote_active":false,"_monsterinsights_sitenote_note":"","_monsterinsights_sitenote_category":0,"footnotes":""},"categories":[369],"tags":[10779],"class_list":["post-29526","post","type-post","status-publish","format-standard","hentry","category-salute-e-benessere","tag-susanna-esposito"],"yoast_head":"<!-- This site is optimized with the Yoast SEO plugin v27.3 - https:\/\/yoast.com\/product\/yoast-seo-wordpress\/ -->\n<title>Appropriatezza in pediatria, Susanna Esposito: sfide post-Covid e soluzioni<\/title>\n<meta name=\"robots\" content=\"index, follow, max-snippet:-1, max-image-preview:large, max-video-preview:-1\" \/>\n<link rel=\"canonical\" href=\"https:\/\/www.article-marketing.eu\/comunicatistampa\/appropriatezza-in-pediatria-susanna-esposito-sfide-post-covid-e-soluzioni\/\" \/>\n<meta property=\"og:locale\" content=\"it_IT\" \/>\n<meta property=\"og:type\" content=\"article\" \/>\n<meta property=\"og:title\" content=\"Appropriatezza in pediatria, Susanna Esposito: sfide post-Covid e soluzioni\" \/>\n<meta property=\"og:description\" content=\"Negli atti del XXXV Congresso Nazionale della Societ\u00e0 Italiana di Pediatria Preventiva e Sociale (SIPPS) a Bologna, \u00e8 stata presentata la \u201cConsensus su Appropriatezza Prescrittiva Diagnostica\u201d, un documento cruciale per i pediatri finalizzato a ridurre le liste d\u2019attesa, garantendo un accesso equo alle cure e rivisitando le indicazioni diagnostiche validate dalla letteratura scientifica. Il suo scopo principale \u00e8 identificare criteri condivisi per le dieci patologie pi\u00f9 comuni in ogni sottospecialit\u00e0Continue reading...\" \/>\n<meta property=\"og:url\" content=\"https:\/\/www.article-marketing.eu\/comunicatistampa\/appropriatezza-in-pediatria-susanna-esposito-sfide-post-covid-e-soluzioni\/\" \/>\n<meta property=\"og:site_name\" content=\"Article Marketing\" \/>\n<meta property=\"article:published_time\" content=\"2024-02-14T13:42:27+00:00\" \/>\n<meta property=\"og:image\" content=\"https:\/\/www.susannaesposito.it\/wp-content\/uploads\/2016\/04\/Foto-Susanna-Esposito-2-e1459953218264-400x403.jpg\" \/>\n<meta name=\"author\" content=\"articolinews\" \/>\n<meta name=\"twitter:card\" content=\"summary_large_image\" \/>\n<meta name=\"twitter:label1\" content=\"Scritto da\" \/>\n\t<meta name=\"twitter:data1\" content=\"articolinews\" \/>\n\t<meta name=\"twitter:label2\" content=\"Tempo di lettura stimato\" \/>\n\t<meta name=\"twitter:data2\" content=\"3 minuti\" \/>\n<script type=\"application\/ld+json\" class=\"yoast-schema-graph\">{\"@context\":\"https:\\\/\\\/schema.org\",\"@graph\":[{\"@type\":\"Article\",\"@id\":\"https:\\\/\\\/www.article-marketing.eu\\\/comunicatistampa\\\/appropriatezza-in-pediatria-susanna-esposito-sfide-post-covid-e-soluzioni\\\/#article\",\"isPartOf\":{\"@id\":\"https:\\\/\\\/www.article-marketing.eu\\\/comunicatistampa\\\/appropriatezza-in-pediatria-susanna-esposito-sfide-post-covid-e-soluzioni\\\/\"},\"author\":{\"name\":\"articolinews\",\"@id\":\"https:\\\/\\\/www.article-marketing.eu\\\/comunicatistampa\\\/#\\\/schema\\\/person\\\/2fcaf8f8f3a9eef9eb7f27532d3ca458\"},\"headline\":\"Appropriatezza in pediatria, Susanna Esposito: sfide post-Covid e soluzioni\",\"datePublished\":\"2024-02-14T13:42:27+00:00\",\"mainEntityOfPage\":{\"@id\":\"https:\\\/\\\/www.article-marketing.eu\\\/comunicatistampa\\\/appropriatezza-in-pediatria-susanna-esposito-sfide-post-covid-e-soluzioni\\\/\"},\"wordCount\":492,\"commentCount\":0,\"image\":{\"@id\":\"https:\\\/\\\/www.article-marketing.eu\\\/comunicatistampa\\\/appropriatezza-in-pediatria-susanna-esposito-sfide-post-covid-e-soluzioni\\\/#primaryimage\"},\"thumbnailUrl\":\"https:\\\/\\\/www.susannaesposito.it\\\/wp-content\\\/uploads\\\/2016\\\/04\\\/Foto-Susanna-Esposito-2-e1459953218264-400x403.jpg\",\"keywords\":[\"Susanna Esposito\"],\"articleSection\":[\"Salute e benessere\"],\"inLanguage\":\"it-IT\",\"potentialAction\":[{\"@type\":\"CommentAction\",\"name\":\"Comment\",\"target\":[\"https:\\\/\\\/www.article-marketing.eu\\\/comunicatistampa\\\/appropriatezza-in-pediatria-susanna-esposito-sfide-post-covid-e-soluzioni\\\/#respond\"]}]},{\"@type\":\"WebPage\",\"@id\":\"https:\\\/\\\/www.article-marketing.eu\\\/comunicatistampa\\\/appropriatezza-in-pediatria-susanna-esposito-sfide-post-covid-e-soluzioni\\\/\",\"url\":\"https:\\\/\\\/www.article-marketing.eu\\\/comunicatistampa\\\/appropriatezza-in-pediatria-susanna-esposito-sfide-post-covid-e-soluzioni\\\/\",\"name\":\"Appropriatezza in pediatria, Susanna Esposito: sfide post-Covid e soluzioni\",\"isPartOf\":{\"@id\":\"https:\\\/\\\/www.article-marketing.eu\\\/comunicatistampa\\\/#website\"},\"primaryImageOfPage\":{\"@id\":\"https:\\\/\\\/www.article-marketing.eu\\\/comunicatistampa\\\/appropriatezza-in-pediatria-susanna-esposito-sfide-post-covid-e-soluzioni\\\/#primaryimage\"},\"image\":{\"@id\":\"https:\\\/\\\/www.article-marketing.eu\\\/comunicatistampa\\\/appropriatezza-in-pediatria-susanna-esposito-sfide-post-covid-e-soluzioni\\\/#primaryimage\"},\"thumbnailUrl\":\"https:\\\/\\\/www.susannaesposito.it\\\/wp-content\\\/uploads\\\/2016\\\/04\\\/Foto-Susanna-Esposito-2-e1459953218264-400x403.jpg\",\"datePublished\":\"2024-02-14T13:42:27+00:00\",\"author\":{\"@id\":\"https:\\\/\\\/www.article-marketing.eu\\\/comunicatistampa\\\/#\\\/schema\\\/person\\\/2fcaf8f8f3a9eef9eb7f27532d3ca458\"},\"breadcrumb\":{\"@id\":\"https:\\\/\\\/www.article-marketing.eu\\\/comunicatistampa\\\/appropriatezza-in-pediatria-susanna-esposito-sfide-post-covid-e-soluzioni\\\/#breadcrumb\"},\"inLanguage\":\"it-IT\",\"potentialAction\":[{\"@type\":\"ReadAction\",\"target\":[\"https:\\\/\\\/www.article-marketing.eu\\\/comunicatistampa\\\/appropriatezza-in-pediatria-susanna-esposito-sfide-post-covid-e-soluzioni\\\/\"]}]},{\"@type\":\"ImageObject\",\"inLanguage\":\"it-IT\",\"@id\":\"https:\\\/\\\/www.article-marketing.eu\\\/comunicatistampa\\\/appropriatezza-in-pediatria-susanna-esposito-sfide-post-covid-e-soluzioni\\\/#primaryimage\",\"url\":\"https:\\\/\\\/www.susannaesposito.it\\\/wp-content\\\/uploads\\\/2016\\\/04\\\/Foto-Susanna-Esposito-2-e1459953218264-400x403.jpg\",\"contentUrl\":\"https:\\\/\\\/www.susannaesposito.it\\\/wp-content\\\/uploads\\\/2016\\\/04\\\/Foto-Susanna-Esposito-2-e1459953218264-400x403.jpg\"},{\"@type\":\"BreadcrumbList\",\"@id\":\"https:\\\/\\\/www.article-marketing.eu\\\/comunicatistampa\\\/appropriatezza-in-pediatria-susanna-esposito-sfide-post-covid-e-soluzioni\\\/#breadcrumb\",\"itemListElement\":[{\"@type\":\"ListItem\",\"position\":1,\"name\":\"Home\",\"item\":\"https:\\\/\\\/www.article-marketing.eu\\\/comunicatistampa\\\/\"},{\"@type\":\"ListItem\",\"position\":2,\"name\":\"Appropriatezza in pediatria, Susanna Esposito: sfide post-Covid e soluzioni\"}]},{\"@type\":\"WebSite\",\"@id\":\"https:\\\/\\\/www.article-marketing.eu\\\/comunicatistampa\\\/#website\",\"url\":\"https:\\\/\\\/www.article-marketing.eu\\\/comunicatistampa\\\/\",\"name\":\"Article Marketing\",\"description\":\"article marketing &amp; press release\",\"potentialAction\":[{\"@type\":\"SearchAction\",\"target\":{\"@type\":\"EntryPoint\",\"urlTemplate\":\"https:\\\/\\\/www.article-marketing.eu\\\/comunicatistampa\\\/?s={search_term_string}\"},\"query-input\":{\"@type\":\"PropertyValueSpecification\",\"valueRequired\":true,\"valueName\":\"search_term_string\"}}],\"inLanguage\":\"it-IT\"},{\"@type\":\"Person\",\"@id\":\"https:\\\/\\\/www.article-marketing.eu\\\/comunicatistampa\\\/#\\\/schema\\\/person\\\/2fcaf8f8f3a9eef9eb7f27532d3ca458\",\"name\":\"articolinews\",\"image\":{\"@type\":\"ImageObject\",\"inLanguage\":\"it-IT\",\"@id\":\"https:\\\/\\\/secure.gravatar.com\\\/avatar\\\/9e2a264bab04e17dea24d937c9956304649a848cb73c46747a692ff1bdeb1cb7?s=96&d=mm&r=g\",\"url\":\"https:\\\/\\\/secure.gravatar.com\\\/avatar\\\/9e2a264bab04e17dea24d937c9956304649a848cb73c46747a692ff1bdeb1cb7?s=96&d=mm&r=g\",\"contentUrl\":\"https:\\\/\\\/secure.gravatar.com\\\/avatar\\\/9e2a264bab04e17dea24d937c9956304649a848cb73c46747a692ff1bdeb1cb7?s=96&d=mm&r=g\",\"caption\":\"articolinews\"},\"url\":\"https:\\\/\\\/www.article-marketing.eu\\\/comunicatistampa\\\/author\\\/articolinews\\\/\"}]}<\/script>\n<!-- \/ Yoast SEO plugin. -->","yoast_head_json":{"title":"Appropriatezza in pediatria, Susanna Esposito: sfide post-Covid e soluzioni","robots":{"index":"index","follow":"follow","max-snippet":"max-snippet:-1","max-image-preview":"max-image-preview:large","max-video-preview":"max-video-preview:-1"},"canonical":"https:\/\/www.article-marketing.eu\/comunicatistampa\/appropriatezza-in-pediatria-susanna-esposito-sfide-post-covid-e-soluzioni\/","og_locale":"it_IT","og_type":"article","og_title":"Appropriatezza in pediatria, Susanna Esposito: sfide post-Covid e soluzioni","og_description":"Negli atti del XXXV Congresso Nazionale della Societ\u00e0 Italiana di Pediatria Preventiva e Sociale (SIPPS) a Bologna, \u00e8 stata presentata la \u201cConsensus su Appropriatezza Prescrittiva Diagnostica\u201d, un documento cruciale per i pediatri finalizzato a ridurre le liste d\u2019attesa, garantendo un accesso equo alle cure e rivisitando le indicazioni diagnostiche validate dalla letteratura scientifica. Il suo scopo principale \u00e8 identificare criteri condivisi per le dieci patologie pi\u00f9 comuni in ogni sottospecialit\u00e0Continue reading...","og_url":"https:\/\/www.article-marketing.eu\/comunicatistampa\/appropriatezza-in-pediatria-susanna-esposito-sfide-post-covid-e-soluzioni\/","og_site_name":"Article Marketing","article_published_time":"2024-02-14T13:42:27+00:00","og_image":[{"url":"https:\/\/www.susannaesposito.it\/wp-content\/uploads\/2016\/04\/Foto-Susanna-Esposito-2-e1459953218264-400x403.jpg","type":"","width":"","height":""}],"author":"articolinews","twitter_card":"summary_large_image","twitter_misc":{"Scritto da":"articolinews","Tempo di lettura stimato":"3 minuti"},"schema":{"@context":"https:\/\/schema.org","@graph":[{"@type":"Article","@id":"https:\/\/www.article-marketing.eu\/comunicatistampa\/appropriatezza-in-pediatria-susanna-esposito-sfide-post-covid-e-soluzioni\/#article","isPartOf":{"@id":"https:\/\/www.article-marketing.eu\/comunicatistampa\/appropriatezza-in-pediatria-susanna-esposito-sfide-post-covid-e-soluzioni\/"},"author":{"name":"articolinews","@id":"https:\/\/www.article-marketing.eu\/comunicatistampa\/#\/schema\/person\/2fcaf8f8f3a9eef9eb7f27532d3ca458"},"headline":"Appropriatezza in pediatria, Susanna Esposito: sfide post-Covid e soluzioni","datePublished":"2024-02-14T13:42:27+00:00","mainEntityOfPage":{"@id":"https:\/\/www.article-marketing.eu\/comunicatistampa\/appropriatezza-in-pediatria-susanna-esposito-sfide-post-covid-e-soluzioni\/"},"wordCount":492,"commentCount":0,"image":{"@id":"https:\/\/www.article-marketing.eu\/comunicatistampa\/appropriatezza-in-pediatria-susanna-esposito-sfide-post-covid-e-soluzioni\/#primaryimage"},"thumbnailUrl":"https:\/\/www.susannaesposito.it\/wp-content\/uploads\/2016\/04\/Foto-Susanna-Esposito-2-e1459953218264-400x403.jpg","keywords":["Susanna Esposito"],"articleSection":["Salute e benessere"],"inLanguage":"it-IT","potentialAction":[{"@type":"CommentAction","name":"Comment","target":["https:\/\/www.article-marketing.eu\/comunicatistampa\/appropriatezza-in-pediatria-susanna-esposito-sfide-post-covid-e-soluzioni\/#respond"]}]},{"@type":"WebPage","@id":"https:\/\/www.article-marketing.eu\/comunicatistampa\/appropriatezza-in-pediatria-susanna-esposito-sfide-post-covid-e-soluzioni\/","url":"https:\/\/www.article-marketing.eu\/comunicatistampa\/appropriatezza-in-pediatria-susanna-esposito-sfide-post-covid-e-soluzioni\/","name":"Appropriatezza in pediatria, Susanna Esposito: sfide post-Covid e soluzioni","isPartOf":{"@id":"https:\/\/www.article-marketing.eu\/comunicatistampa\/#website"},"primaryImageOfPage":{"@id":"https:\/\/www.article-marketing.eu\/comunicatistampa\/appropriatezza-in-pediatria-susanna-esposito-sfide-post-covid-e-soluzioni\/#primaryimage"},"image":{"@id":"https:\/\/www.article-marketing.eu\/comunicatistampa\/appropriatezza-in-pediatria-susanna-esposito-sfide-post-covid-e-soluzioni\/#primaryimage"},"thumbnailUrl":"https:\/\/www.susannaesposito.it\/wp-content\/uploads\/2016\/04\/Foto-Susanna-Esposito-2-e1459953218264-400x403.jpg","datePublished":"2024-02-14T13:42:27+00:00","author":{"@id":"https:\/\/www.article-marketing.eu\/comunicatistampa\/#\/schema\/person\/2fcaf8f8f3a9eef9eb7f27532d3ca458"},"breadcrumb":{"@id":"https:\/\/www.article-marketing.eu\/comunicatistampa\/appropriatezza-in-pediatria-susanna-esposito-sfide-post-covid-e-soluzioni\/#breadcrumb"},"inLanguage":"it-IT","potentialAction":[{"@type":"ReadAction","target":["https:\/\/www.article-marketing.eu\/comunicatistampa\/appropriatezza-in-pediatria-susanna-esposito-sfide-post-covid-e-soluzioni\/"]}]},{"@type":"ImageObject","inLanguage":"it-IT","@id":"https:\/\/www.article-marketing.eu\/comunicatistampa\/appropriatezza-in-pediatria-susanna-esposito-sfide-post-covid-e-soluzioni\/#primaryimage","url":"https:\/\/www.susannaesposito.it\/wp-content\/uploads\/2016\/04\/Foto-Susanna-Esposito-2-e1459953218264-400x403.jpg","contentUrl":"https:\/\/www.susannaesposito.it\/wp-content\/uploads\/2016\/04\/Foto-Susanna-Esposito-2-e1459953218264-400x403.jpg"},{"@type":"BreadcrumbList","@id":"https:\/\/www.article-marketing.eu\/comunicatistampa\/appropriatezza-in-pediatria-susanna-esposito-sfide-post-covid-e-soluzioni\/#breadcrumb","itemListElement":[{"@type":"ListItem","position":1,"name":"Home","item":"https:\/\/www.article-marketing.eu\/comunicatistampa\/"},{"@type":"ListItem","position":2,"name":"Appropriatezza in pediatria, Susanna Esposito: sfide post-Covid e soluzioni"}]},{"@type":"WebSite","@id":"https:\/\/www.article-marketing.eu\/comunicatistampa\/#website","url":"https:\/\/www.article-marketing.eu\/comunicatistampa\/","name":"Article Marketing","description":"article marketing &amp; press release","potentialAction":[{"@type":"SearchAction","target":{"@type":"EntryPoint","urlTemplate":"https:\/\/www.article-marketing.eu\/comunicatistampa\/?s={search_term_string}"},"query-input":{"@type":"PropertyValueSpecification","valueRequired":true,"valueName":"search_term_string"}}],"inLanguage":"it-IT"},{"@type":"Person","@id":"https:\/\/www.article-marketing.eu\/comunicatistampa\/#\/schema\/person\/2fcaf8f8f3a9eef9eb7f27532d3ca458","name":"articolinews","image":{"@type":"ImageObject","inLanguage":"it-IT","@id":"https:\/\/secure.gravatar.com\/avatar\/9e2a264bab04e17dea24d937c9956304649a848cb73c46747a692ff1bdeb1cb7?s=96&d=mm&r=g","url":"https:\/\/secure.gravatar.com\/avatar\/9e2a264bab04e17dea24d937c9956304649a848cb73c46747a692ff1bdeb1cb7?s=96&d=mm&r=g","contentUrl":"https:\/\/secure.gravatar.com\/avatar\/9e2a264bab04e17dea24d937c9956304649a848cb73c46747a692ff1bdeb1cb7?s=96&d=mm&r=g","caption":"articolinews"},"url":"https:\/\/www.article-marketing.eu\/comunicatistampa\/author\/articolinews\/"}]}},"_links":{"self":[{"href":"https:\/\/www.article-marketing.eu\/comunicatistampa\/wp-json\/wp\/v2\/posts\/29526","targetHints":{"allow":["GET"]}}],"collection":[{"href":"https:\/\/www.article-marketing.eu\/comunicatistampa\/wp-json\/wp\/v2\/posts"}],"about":[{"href":"https:\/\/www.article-marketing.eu\/comunicatistampa\/wp-json\/wp\/v2\/types\/post"}],"author":[{"embeddable":true,"href":"https:\/\/www.article-marketing.eu\/comunicatistampa\/wp-json\/wp\/v2\/users\/6477"}],"replies":[{"embeddable":true,"href":"https:\/\/www.article-marketing.eu\/comunicatistampa\/wp-json\/wp\/v2\/comments?post=29526"}],"version-history":[{"count":2,"href":"https:\/\/www.article-marketing.eu\/comunicatistampa\/wp-json\/wp\/v2\/posts\/29526\/revisions"}],"predecessor-version":[{"id":29730,"href":"https:\/\/www.article-marketing.eu\/comunicatistampa\/wp-json\/wp\/v2\/posts\/29526\/revisions\/29730"}],"wp:attachment":[{"href":"https:\/\/www.article-marketing.eu\/comunicatistampa\/wp-json\/wp\/v2\/media?parent=29526"}],"wp:term":[{"taxonomy":"category","embeddable":true,"href":"https:\/\/www.article-marketing.eu\/comunicatistampa\/wp-json\/wp\/v2\/categories?post=29526"},{"taxonomy":"post_tag","embeddable":true,"href":"https:\/\/www.article-marketing.eu\/comunicatistampa\/wp-json\/wp\/v2\/tags?post=29526"}],"curies":[{"name":"wp","href":"https:\/\/api.w.org\/{rel}","templated":true}]}}