{"id":29561,"date":"2024-02-12T17:32:32","date_gmt":"2024-02-12T16:32:32","guid":{"rendered":"https:\/\/www.article-marketing.eu\/comunicatistampa\/?p=29561"},"modified":"2024-02-12T17:32:32","modified_gmt":"2024-02-12T16:32:32","slug":"stefano-venier-snam-presenta-il-piano-strategico-2023-2027-intervista-allad","status":"publish","type":"post","link":"https:\/\/www.article-marketing.eu\/comunicatistampa\/stefano-venier-snam-presenta-il-piano-strategico-2023-2027-intervista-allad\/","title":{"rendered":"Stefano Venier: Snam presenta il Piano Strategico 2023-2027, intervista all\u2019AD"},"content":{"rendered":"<p><em><strong>Snam, l\u2019AD <a title=\"Stefano Venier intervistato sul Piano Strategico 2023-2027 di Snam\" href=\"https:\/\/video.milanofinanza.it\/video\/esclusiva-stefano-venier-ad-snam-batteremo-le-previsioni-GGdNUeKDWcXM\">Stefano Venier<\/a> presenta le linee guida del nuovo Piano Strategico 2023-2027 ai professionisti del Gruppo: \u201cIl nostro piano \u00e8 ambizioso, e potremo affrontare ognuna delle sfide che ci siamo prefissati solo grazie alle persone, che sono e restano centrali nella nostra strategia\u201d. <\/strong><\/em><\/p>\n<p><strong>\u00a0<a title=\"Stefano Venier: l\u2019intervista di Class Cnbc all\u2019AD\" href=\"https:\/\/video.milanofinanza.it\/video\/esclusiva-stefano-venier-ad-snam-batteremo-le-previsioni-GGdNUeKDWcXM\"><img loading=\"lazy\" decoding=\"async\" src=\"https:\/\/www.topmanagers.it\/sharingfolder\/topmanager\/it\/managerprofilephoto\/photo\/stefanovenier-topmanager.jpg\" alt=\"Stefano Venier\" width=\"253\" height=\"200\" \/><\/a><\/strong><\/p>\n<h2>Stefano Venier, AD di Snam: il Piano Strategico 2023-2027 \u00e8 ambizioso ma siamo abituati a battere le previsioni<\/h2>\n<p>L\u2019AD <strong>Stefano Venier<\/strong> ha sottolineato come il contesto energetico globale ancora oggi continui ad essere \u201c<em>sfidante e volatile<\/em>\u201d per rimarcare l\u2019impegno sempre pi\u00f9 forte di Snam in risposta alla necessit\u00e0 di garantire la sicurezza degli approvvigionamenti senza arretrare nel percorso di transizione energetica (anzi accelerando). Lo dice anche il Piano Strategico 2023-2027 presentato lo scorso 25 gennaio agli investitori e successivamente, come ricorda anche su LinkedIn l\u2019AD <strong>Stefano Venier<\/strong>, a quanti lavorano quotidianamente all\u2019interno del Gruppo contribuendo alla crescita. \u201c<em>Importante momento di condivisione e buona occasione per rispondere direttamente a domande, dubbi e richieste di approfondimento<\/em>\u201d, commenta l\u2019AD su LinkedIn sottolineando come sia fondamentale \u201c<em>conoscere e condividere non solo gli obiettivi del percorso che stiamo facendo insieme, ma anche gli impegni che ci siamo prefissati<\/em>\u201d.<\/p>\n<h2>Snam, l\u2019AD Stefano Venier: potremo affrontare ognuna delle sfide che ci siamo prefissati solo grazie alle persone<\/h2>\n<p>\u201c<em>Siamo abituati a battere le previsioni<\/em>\u201d, ha detto l\u2019AD <strong><a title=\"L'intervista a Stefano Venier sul Piano Strategico 2023-2027 di Snam\" href=\"https:\/\/video.milanofinanza.it\/video\/esclusiva-stefano-venier-ad-snam-batteremo-le-previsioni-GGdNUeKDWcXM\">Stefano Venier<\/a><\/strong> in un\u2019intervista a Class Cnbc parlando degli obiettivi sfidanti inclusi nel Piano per continuare a rispondere in maniera bilanciata alle sfide del trilemma energetico. \u201c<em>Investiremo 11,5 miliardi di euro seguendo la nuova ambition di Snam: sviluppare un\u2019infrastruttura energetica per un futuro sostenibile, attraverso il repurposing e il continuo ammodernamento della nostra rete, per accogliere in prospettiva volumi crescenti di molecole verdi. La multimolecolarit\u00e0 ci permetter\u00e0 di considerare il tema della sicurezza sempre pi\u00f9 integrato con quello della transizione energetica, come fossero due lati della stessa medaglia<\/em>\u201d, si legge nel post LinkedIn dell\u2019AD <strong>Stefano Venier<\/strong>. \u201c<em>Il nostro piano \u00e8 ambizioso, e potremo affrontare ognuna delle sfide che ci siamo prefissati solo grazie alle persone, che sono e restano centrali nella nostra strategia. Solo attraverso il contributo di tutti sostenibilit\u00e0 e innovazione possono diventare le leve strategiche che riteniamo fondamentali per le attivit\u00e0 e i progetti che dobbiamo sviluppare insieme<\/em>\u201d, aggiunge concludendo che \u201c<em>realizzare quanto previsto dal nostro Piano sar\u00e0 il miglior nutrimento dell\u2019orgoglio con cui lavoriamo ogni giorno in questa azienda<\/em>\u201d.<\/p>\n","protected":false},"excerpt":{"rendered":"<p>Snam, l\u2019AD Stefano Venier presenta le linee guida del nuovo Piano Strategico 2023-2027 ai professionisti del Gruppo: \u201cIl nostro piano \u00e8 ambizioso, e potremo affrontare ognuna delle sfide che ci siamo prefissati solo grazie alle persone, che sono e restano centrali nella nostra strategia\u201d. \u00a0 Stefano Venier, AD di Snam: il Piano Strategico 2023-2027 \u00e8 ambizioso ma siamo abituati a battere le previsioni L\u2019AD Stefano Venier ha sottolineato come il<\/p>\n<p><a class=\"continue-reading\" href=\"https:\/\/www.article-marketing.eu\/comunicatistampa\/stefano-venier-snam-presenta-il-piano-strategico-2023-2027-intervista-allad\/\">Continue reading&#8230;<\/a><\/p>\n","protected":false},"author":6477,"featured_media":0,"comment_status":"open","ping_status":"open","sticky":false,"template":"","format":"standard","meta":{"_monsterinsights_skip_tracking":false,"_monsterinsights_sitenote_active":false,"_monsterinsights_sitenote_note":"","_monsterinsights_sitenote_category":0,"footnotes":""},"categories":[388],"tags":[10792],"class_list":["post-29561","post","type-post","status-publish","format-standard","hentry","category-aziende","tag-stefano-venier"],"yoast_head":"<!-- This site is optimized with the Yoast SEO plugin v27.3 - https:\/\/yoast.com\/product\/yoast-seo-wordpress\/ -->\n<title>Stefano Venier: Snam presenta il Piano Strategico 2023-2027, intervista all\u2019AD<\/title>\n<meta name=\"description\" content=\"\u201cInvestiremo 11,5 miliardi di euro seguendo la nuova ambition di Snam\u201d: l\u2019AD Stefano Venier illustra le linee guida del nuovo Piano\" \/>\n<meta name=\"robots\" content=\"index, follow, max-snippet:-1, max-image-preview:large, max-video-preview:-1\" \/>\n<link rel=\"canonical\" href=\"https:\/\/www.article-marketing.eu\/comunicatistampa\/stefano-venier-snam-presenta-il-piano-strategico-2023-2027-intervista-allad\/\" \/>\n<meta property=\"og:locale\" content=\"it_IT\" \/>\n<meta property=\"og:type\" content=\"article\" \/>\n<meta property=\"og:title\" content=\"Stefano Venier: Snam presenta il Piano Strategico 2023-2027, intervista all\u2019AD\" \/>\n<meta property=\"og:description\" content=\"\u201cInvestiremo 11,5 miliardi di euro seguendo la nuova ambition di Snam\u201d: l\u2019AD Stefano Venier illustra le linee guida del nuovo Piano\" \/>\n<meta property=\"og:url\" content=\"https:\/\/www.article-marketing.eu\/comunicatistampa\/stefano-venier-snam-presenta-il-piano-strategico-2023-2027-intervista-allad\/\" \/>\n<meta property=\"og:site_name\" content=\"Article Marketing\" \/>\n<meta property=\"article:published_time\" content=\"2024-02-12T16:32:32+00:00\" \/>\n<meta property=\"og:image\" content=\"https:\/\/www.topmanagers.it\/sharingfolder\/topmanager\/it\/managerprofilephoto\/photo\/stefanovenier-topmanager.jpg\" \/>\n<meta name=\"author\" content=\"articolinews\" \/>\n<meta name=\"twitter:card\" content=\"summary_large_image\" \/>\n<meta name=\"twitter:label1\" content=\"Scritto da\" \/>\n\t<meta name=\"twitter:data1\" content=\"articolinews\" \/>\n\t<meta name=\"twitter:label2\" content=\"Tempo di lettura stimato\" \/>\n\t<meta name=\"twitter:data2\" content=\"3 minuti\" \/>\n<script type=\"application\/ld+json\" class=\"yoast-schema-graph\">{\"@context\":\"https:\\\/\\\/schema.org\",\"@graph\":[{\"@type\":\"Article\",\"@id\":\"https:\\\/\\\/www.article-marketing.eu\\\/comunicatistampa\\\/stefano-venier-snam-presenta-il-piano-strategico-2023-2027-intervista-allad\\\/#article\",\"isPartOf\":{\"@id\":\"https:\\\/\\\/www.article-marketing.eu\\\/comunicatistampa\\\/stefano-venier-snam-presenta-il-piano-strategico-2023-2027-intervista-allad\\\/\"},\"author\":{\"name\":\"articolinews\",\"@id\":\"https:\\\/\\\/www.article-marketing.eu\\\/comunicatistampa\\\/#\\\/schema\\\/person\\\/2fcaf8f8f3a9eef9eb7f27532d3ca458\"},\"headline\":\"Stefano Venier: Snam presenta il Piano Strategico 2023-2027, intervista all\u2019AD\",\"datePublished\":\"2024-02-12T16:32:32+00:00\",\"mainEntityOfPage\":{\"@id\":\"https:\\\/\\\/www.article-marketing.eu\\\/comunicatistampa\\\/stefano-venier-snam-presenta-il-piano-strategico-2023-2027-intervista-allad\\\/\"},\"wordCount\":403,\"commentCount\":0,\"image\":{\"@id\":\"https:\\\/\\\/www.article-marketing.eu\\\/comunicatistampa\\\/stefano-venier-snam-presenta-il-piano-strategico-2023-2027-intervista-allad\\\/#primaryimage\"},\"thumbnailUrl\":\"https:\\\/\\\/www.topmanagers.it\\\/sharingfolder\\\/topmanager\\\/it\\\/managerprofilephoto\\\/photo\\\/stefanovenier-topmanager.jpg\",\"keywords\":[\"Stefano Venier\"],\"articleSection\":[\"Aziende\"],\"inLanguage\":\"it-IT\",\"potentialAction\":[{\"@type\":\"CommentAction\",\"name\":\"Comment\",\"target\":[\"https:\\\/\\\/www.article-marketing.eu\\\/comunicatistampa\\\/stefano-venier-snam-presenta-il-piano-strategico-2023-2027-intervista-allad\\\/#respond\"]}]},{\"@type\":\"WebPage\",\"@id\":\"https:\\\/\\\/www.article-marketing.eu\\\/comunicatistampa\\\/stefano-venier-snam-presenta-il-piano-strategico-2023-2027-intervista-allad\\\/\",\"url\":\"https:\\\/\\\/www.article-marketing.eu\\\/comunicatistampa\\\/stefano-venier-snam-presenta-il-piano-strategico-2023-2027-intervista-allad\\\/\",\"name\":\"Stefano Venier: Snam presenta il Piano Strategico 2023-2027, intervista all\u2019AD\",\"isPartOf\":{\"@id\":\"https:\\\/\\\/www.article-marketing.eu\\\/comunicatistampa\\\/#website\"},\"primaryImageOfPage\":{\"@id\":\"https:\\\/\\\/www.article-marketing.eu\\\/comunicatistampa\\\/stefano-venier-snam-presenta-il-piano-strategico-2023-2027-intervista-allad\\\/#primaryimage\"},\"image\":{\"@id\":\"https:\\\/\\\/www.article-marketing.eu\\\/comunicatistampa\\\/stefano-venier-snam-presenta-il-piano-strategico-2023-2027-intervista-allad\\\/#primaryimage\"},\"thumbnailUrl\":\"https:\\\/\\\/www.topmanagers.it\\\/sharingfolder\\\/topmanager\\\/it\\\/managerprofilephoto\\\/photo\\\/stefanovenier-topmanager.jpg\",\"datePublished\":\"2024-02-12T16:32:32+00:00\",\"author\":{\"@id\":\"https:\\\/\\\/www.article-marketing.eu\\\/comunicatistampa\\\/#\\\/schema\\\/person\\\/2fcaf8f8f3a9eef9eb7f27532d3ca458\"},\"description\":\"\u201cInvestiremo 11,5 miliardi di euro seguendo la nuova ambition di Snam\u201d: l\u2019AD Stefano Venier illustra le linee guida del nuovo Piano\",\"breadcrumb\":{\"@id\":\"https:\\\/\\\/www.article-marketing.eu\\\/comunicatistampa\\\/stefano-venier-snam-presenta-il-piano-strategico-2023-2027-intervista-allad\\\/#breadcrumb\"},\"inLanguage\":\"it-IT\",\"potentialAction\":[{\"@type\":\"ReadAction\",\"target\":[\"https:\\\/\\\/www.article-marketing.eu\\\/comunicatistampa\\\/stefano-venier-snam-presenta-il-piano-strategico-2023-2027-intervista-allad\\\/\"]}]},{\"@type\":\"ImageObject\",\"inLanguage\":\"it-IT\",\"@id\":\"https:\\\/\\\/www.article-marketing.eu\\\/comunicatistampa\\\/stefano-venier-snam-presenta-il-piano-strategico-2023-2027-intervista-allad\\\/#primaryimage\",\"url\":\"https:\\\/\\\/www.topmanagers.it\\\/sharingfolder\\\/topmanager\\\/it\\\/managerprofilephoto\\\/photo\\\/stefanovenier-topmanager.jpg\",\"contentUrl\":\"https:\\\/\\\/www.topmanagers.it\\\/sharingfolder\\\/topmanager\\\/it\\\/managerprofilephoto\\\/photo\\\/stefanovenier-topmanager.jpg\"},{\"@type\":\"BreadcrumbList\",\"@id\":\"https:\\\/\\\/www.article-marketing.eu\\\/comunicatistampa\\\/stefano-venier-snam-presenta-il-piano-strategico-2023-2027-intervista-allad\\\/#breadcrumb\",\"itemListElement\":[{\"@type\":\"ListItem\",\"position\":1,\"name\":\"Home\",\"item\":\"https:\\\/\\\/www.article-marketing.eu\\\/comunicatistampa\\\/\"},{\"@type\":\"ListItem\",\"position\":2,\"name\":\"Stefano Venier: Snam presenta il Piano Strategico 2023-2027, intervista all\u2019AD\"}]},{\"@type\":\"WebSite\",\"@id\":\"https:\\\/\\\/www.article-marketing.eu\\\/comunicatistampa\\\/#website\",\"url\":\"https:\\\/\\\/www.article-marketing.eu\\\/comunicatistampa\\\/\",\"name\":\"Article Marketing\",\"description\":\"article marketing &amp; press release\",\"potentialAction\":[{\"@type\":\"SearchAction\",\"target\":{\"@type\":\"EntryPoint\",\"urlTemplate\":\"https:\\\/\\\/www.article-marketing.eu\\\/comunicatistampa\\\/?s={search_term_string}\"},\"query-input\":{\"@type\":\"PropertyValueSpecification\",\"valueRequired\":true,\"valueName\":\"search_term_string\"}}],\"inLanguage\":\"it-IT\"},{\"@type\":\"Person\",\"@id\":\"https:\\\/\\\/www.article-marketing.eu\\\/comunicatistampa\\\/#\\\/schema\\\/person\\\/2fcaf8f8f3a9eef9eb7f27532d3ca458\",\"name\":\"articolinews\",\"image\":{\"@type\":\"ImageObject\",\"inLanguage\":\"it-IT\",\"@id\":\"https:\\\/\\\/secure.gravatar.com\\\/avatar\\\/9e2a264bab04e17dea24d937c9956304649a848cb73c46747a692ff1bdeb1cb7?s=96&d=mm&r=g\",\"url\":\"https:\\\/\\\/secure.gravatar.com\\\/avatar\\\/9e2a264bab04e17dea24d937c9956304649a848cb73c46747a692ff1bdeb1cb7?s=96&d=mm&r=g\",\"contentUrl\":\"https:\\\/\\\/secure.gravatar.com\\\/avatar\\\/9e2a264bab04e17dea24d937c9956304649a848cb73c46747a692ff1bdeb1cb7?s=96&d=mm&r=g\",\"caption\":\"articolinews\"},\"url\":\"https:\\\/\\\/www.article-marketing.eu\\\/comunicatistampa\\\/author\\\/articolinews\\\/\"}]}<\/script>\n<!-- \/ Yoast SEO plugin. -->","yoast_head_json":{"title":"Stefano Venier: Snam presenta il Piano Strategico 2023-2027, intervista all\u2019AD","description":"\u201cInvestiremo 11,5 miliardi di euro seguendo la nuova ambition di Snam\u201d: l\u2019AD Stefano Venier illustra le linee guida del nuovo Piano","robots":{"index":"index","follow":"follow","max-snippet":"max-snippet:-1","max-image-preview":"max-image-preview:large","max-video-preview":"max-video-preview:-1"},"canonical":"https:\/\/www.article-marketing.eu\/comunicatistampa\/stefano-venier-snam-presenta-il-piano-strategico-2023-2027-intervista-allad\/","og_locale":"it_IT","og_type":"article","og_title":"Stefano Venier: Snam presenta il Piano Strategico 2023-2027, intervista all\u2019AD","og_description":"\u201cInvestiremo 11,5 miliardi di euro seguendo la nuova ambition di Snam\u201d: l\u2019AD Stefano Venier illustra le linee guida del nuovo Piano","og_url":"https:\/\/www.article-marketing.eu\/comunicatistampa\/stefano-venier-snam-presenta-il-piano-strategico-2023-2027-intervista-allad\/","og_site_name":"Article Marketing","article_published_time":"2024-02-12T16:32:32+00:00","og_image":[{"url":"https:\/\/www.topmanagers.it\/sharingfolder\/topmanager\/it\/managerprofilephoto\/photo\/stefanovenier-topmanager.jpg","type":"","width":"","height":""}],"author":"articolinews","twitter_card":"summary_large_image","twitter_misc":{"Scritto da":"articolinews","Tempo di lettura stimato":"3 minuti"},"schema":{"@context":"https:\/\/schema.org","@graph":[{"@type":"Article","@id":"https:\/\/www.article-marketing.eu\/comunicatistampa\/stefano-venier-snam-presenta-il-piano-strategico-2023-2027-intervista-allad\/#article","isPartOf":{"@id":"https:\/\/www.article-marketing.eu\/comunicatistampa\/stefano-venier-snam-presenta-il-piano-strategico-2023-2027-intervista-allad\/"},"author":{"name":"articolinews","@id":"https:\/\/www.article-marketing.eu\/comunicatistampa\/#\/schema\/person\/2fcaf8f8f3a9eef9eb7f27532d3ca458"},"headline":"Stefano Venier: Snam presenta il Piano Strategico 2023-2027, intervista all\u2019AD","datePublished":"2024-02-12T16:32:32+00:00","mainEntityOfPage":{"@id":"https:\/\/www.article-marketing.eu\/comunicatistampa\/stefano-venier-snam-presenta-il-piano-strategico-2023-2027-intervista-allad\/"},"wordCount":403,"commentCount":0,"image":{"@id":"https:\/\/www.article-marketing.eu\/comunicatistampa\/stefano-venier-snam-presenta-il-piano-strategico-2023-2027-intervista-allad\/#primaryimage"},"thumbnailUrl":"https:\/\/www.topmanagers.it\/sharingfolder\/topmanager\/it\/managerprofilephoto\/photo\/stefanovenier-topmanager.jpg","keywords":["Stefano Venier"],"articleSection":["Aziende"],"inLanguage":"it-IT","potentialAction":[{"@type":"CommentAction","name":"Comment","target":["https:\/\/www.article-marketing.eu\/comunicatistampa\/stefano-venier-snam-presenta-il-piano-strategico-2023-2027-intervista-allad\/#respond"]}]},{"@type":"WebPage","@id":"https:\/\/www.article-marketing.eu\/comunicatistampa\/stefano-venier-snam-presenta-il-piano-strategico-2023-2027-intervista-allad\/","url":"https:\/\/www.article-marketing.eu\/comunicatistampa\/stefano-venier-snam-presenta-il-piano-strategico-2023-2027-intervista-allad\/","name":"Stefano Venier: Snam presenta il Piano Strategico 2023-2027, intervista all\u2019AD","isPartOf":{"@id":"https:\/\/www.article-marketing.eu\/comunicatistampa\/#website"},"primaryImageOfPage":{"@id":"https:\/\/www.article-marketing.eu\/comunicatistampa\/stefano-venier-snam-presenta-il-piano-strategico-2023-2027-intervista-allad\/#primaryimage"},"image":{"@id":"https:\/\/www.article-marketing.eu\/comunicatistampa\/stefano-venier-snam-presenta-il-piano-strategico-2023-2027-intervista-allad\/#primaryimage"},"thumbnailUrl":"https:\/\/www.topmanagers.it\/sharingfolder\/topmanager\/it\/managerprofilephoto\/photo\/stefanovenier-topmanager.jpg","datePublished":"2024-02-12T16:32:32+00:00","author":{"@id":"https:\/\/www.article-marketing.eu\/comunicatistampa\/#\/schema\/person\/2fcaf8f8f3a9eef9eb7f27532d3ca458"},"description":"\u201cInvestiremo 11,5 miliardi di euro seguendo la nuova ambition di Snam\u201d: l\u2019AD Stefano Venier illustra le linee guida del nuovo Piano","breadcrumb":{"@id":"https:\/\/www.article-marketing.eu\/comunicatistampa\/stefano-venier-snam-presenta-il-piano-strategico-2023-2027-intervista-allad\/#breadcrumb"},"inLanguage":"it-IT","potentialAction":[{"@type":"ReadAction","target":["https:\/\/www.article-marketing.eu\/comunicatistampa\/stefano-venier-snam-presenta-il-piano-strategico-2023-2027-intervista-allad\/"]}]},{"@type":"ImageObject","inLanguage":"it-IT","@id":"https:\/\/www.article-marketing.eu\/comunicatistampa\/stefano-venier-snam-presenta-il-piano-strategico-2023-2027-intervista-allad\/#primaryimage","url":"https:\/\/www.topmanagers.it\/sharingfolder\/topmanager\/it\/managerprofilephoto\/photo\/stefanovenier-topmanager.jpg","contentUrl":"https:\/\/www.topmanagers.it\/sharingfolder\/topmanager\/it\/managerprofilephoto\/photo\/stefanovenier-topmanager.jpg"},{"@type":"BreadcrumbList","@id":"https:\/\/www.article-marketing.eu\/comunicatistampa\/stefano-venier-snam-presenta-il-piano-strategico-2023-2027-intervista-allad\/#breadcrumb","itemListElement":[{"@type":"ListItem","position":1,"name":"Home","item":"https:\/\/www.article-marketing.eu\/comunicatistampa\/"},{"@type":"ListItem","position":2,"name":"Stefano Venier: Snam presenta il Piano Strategico 2023-2027, intervista all\u2019AD"}]},{"@type":"WebSite","@id":"https:\/\/www.article-marketing.eu\/comunicatistampa\/#website","url":"https:\/\/www.article-marketing.eu\/comunicatistampa\/","name":"Article Marketing","description":"article marketing &amp; press release","potentialAction":[{"@type":"SearchAction","target":{"@type":"EntryPoint","urlTemplate":"https:\/\/www.article-marketing.eu\/comunicatistampa\/?s={search_term_string}"},"query-input":{"@type":"PropertyValueSpecification","valueRequired":true,"valueName":"search_term_string"}}],"inLanguage":"it-IT"},{"@type":"Person","@id":"https:\/\/www.article-marketing.eu\/comunicatistampa\/#\/schema\/person\/2fcaf8f8f3a9eef9eb7f27532d3ca458","name":"articolinews","image":{"@type":"ImageObject","inLanguage":"it-IT","@id":"https:\/\/secure.gravatar.com\/avatar\/9e2a264bab04e17dea24d937c9956304649a848cb73c46747a692ff1bdeb1cb7?s=96&d=mm&r=g","url":"https:\/\/secure.gravatar.com\/avatar\/9e2a264bab04e17dea24d937c9956304649a848cb73c46747a692ff1bdeb1cb7?s=96&d=mm&r=g","contentUrl":"https:\/\/secure.gravatar.com\/avatar\/9e2a264bab04e17dea24d937c9956304649a848cb73c46747a692ff1bdeb1cb7?s=96&d=mm&r=g","caption":"articolinews"},"url":"https:\/\/www.article-marketing.eu\/comunicatistampa\/author\/articolinews\/"}]}},"_links":{"self":[{"href":"https:\/\/www.article-marketing.eu\/comunicatistampa\/wp-json\/wp\/v2\/posts\/29561","targetHints":{"allow":["GET"]}}],"collection":[{"href":"https:\/\/www.article-marketing.eu\/comunicatistampa\/wp-json\/wp\/v2\/posts"}],"about":[{"href":"https:\/\/www.article-marketing.eu\/comunicatistampa\/wp-json\/wp\/v2\/types\/post"}],"author":[{"embeddable":true,"href":"https:\/\/www.article-marketing.eu\/comunicatistampa\/wp-json\/wp\/v2\/users\/6477"}],"replies":[{"embeddable":true,"href":"https:\/\/www.article-marketing.eu\/comunicatistampa\/wp-json\/wp\/v2\/comments?post=29561"}],"version-history":[{"count":3,"href":"https:\/\/www.article-marketing.eu\/comunicatistampa\/wp-json\/wp\/v2\/posts\/29561\/revisions"}],"predecessor-version":[{"id":29714,"href":"https:\/\/www.article-marketing.eu\/comunicatistampa\/wp-json\/wp\/v2\/posts\/29561\/revisions\/29714"}],"wp:attachment":[{"href":"https:\/\/www.article-marketing.eu\/comunicatistampa\/wp-json\/wp\/v2\/media?parent=29561"}],"wp:term":[{"taxonomy":"category","embeddable":true,"href":"https:\/\/www.article-marketing.eu\/comunicatistampa\/wp-json\/wp\/v2\/categories?post=29561"},{"taxonomy":"post_tag","embeddable":true,"href":"https:\/\/www.article-marketing.eu\/comunicatistampa\/wp-json\/wp\/v2\/tags?post=29561"}],"curies":[{"name":"wp","href":"https:\/\/api.w.org\/{rel}","templated":true}]}}