{"id":29574,"date":"2024-02-12T17:32:02","date_gmt":"2024-02-12T16:32:02","guid":{"rendered":"https:\/\/www.article-marketing.eu\/comunicatistampa\/?p=29574"},"modified":"2024-02-12T17:32:02","modified_gmt":"2024-02-12T16:32:02","slug":"bollette-nel-2023-34-per-lelettricita-e-27-per-il-gas","status":"publish","type":"post","link":"https:\/\/www.article-marketing.eu\/comunicatistampa\/bollette-nel-2023-34-per-lelettricita-e-27-per-il-gas\/","title":{"rendered":"Bollette: nel 2023 -34% per l\u2019elettricit\u00e0 e -27% per il gas"},"content":{"rendered":"<p><em>Secondo l\u2019analisi<\/em><em>* <\/em><em>di <strong>Facile.it <\/strong>\u2013 a parit\u00e0 di consumi \u2013 nel 2023 le famiglie italiane con un contratto di fornitura nel mercato tutelato hanno speso, in media, circa <strong>770 euro<\/strong> per la <strong>bolletta della luce <\/strong>e <strong>863 euro<\/strong> per quella del <strong>gas<\/strong>; vale a dire, rispettivamente, il <strong>34% ed il 27%<\/strong> <strong>in meno <\/strong>rispetto all\u2019anno precedente. <\/em><\/p>\n<p><em>\u00abNel 2023 abbiamo fatto i conti con bollette meno salate, con l\u2019arrivo del 2024 assistiamo a buoni segnali sul fronte del costo delle materie prime, ma questo non significa che automaticamente le bollette caleranno\u00bb<\/em><em>, <\/em><em>spiega <strong>Mario Rasimelli<\/strong>, <strong>Managing Director Utilities di Facile.it<\/strong><\/em><em><strong>.<\/strong><\/em> <em>\u00abIl consiglio \u00e8 di continuare a monitorare i propri consumi, verificando periodicamente se sul mercato esistano offerte in grado di farci risparmiare\u00bb. <\/em><\/p>\n<p><strong>L\u2019andamento regionale della bolletta elettrica<\/strong><\/p>\n<p><em>Tra <a href=\"https:\/\/www.facile.it\/energia-luce-gas.html\">luce e gas<\/a>, lo scorso anno gli italiani hanno pagato, mediamente, <strong>1.633 euro a famiglia<\/strong> (erano 2.349 nel 2022), ma <strong>in quali regioni si \u00e8 speso di pi\u00f9<\/strong>? <\/em><\/p>\n<p>Prendendo in considerazione la sola energia elettrica ed analizzando i dati su base locale, emerge come la <strong>Sardegna <\/strong>sia stata la zona d\u2019Italia<strong> dove le bollette sono state pi\u00f9 pesanti<\/strong>; nell\u2019Isola il consumo medio a famiglia rilevato \u00e8 stato di 2.835 kWh che, considerando le tariffe dello scorso anno in regime di tutela, corrisponde ad un costo di <strong>914 euro<\/strong>, ovvero il <strong>18,7% in pi\u00f9 rispetto alla media nazionale<\/strong>. \u00c8 bene ricordare che in molte parti della regione non \u00e8 attivo il riscaldamento con gas di citt\u00e0, situazione che spesso viene compensata utilizzando dispositivi elettrici con conseguenti forti impatti sui consumi.<\/p>\n<p>Al secondo posto della graduatoria si posiziona la <strong>Sicilia<\/strong>, dove lo scorso anno sono stati messi a budget, mediamente, <strong>825 euro<\/strong> a famiglia con un consumo medio rilevato di 2.557 kWh. Chiude il podio il <strong>Veneto<\/strong>, area dove si sono spesi <strong>814 euro<\/strong> (2.525 kWh).<\/p>\n<p>Guardando la classifica dal lato opposto, invece, emerge come le aree in cui &#8211; a fronte di <strong>consumi elettrici pi\u00f9 contenuti<\/strong> &#8211; \u00a0le bollette sono state pi\u00f9 leggere sono la <strong>Liguria<\/strong> (642 euro per un consumo di 1.991 kWh), la <strong>Basilicata<\/strong> (662 euro, 2.054 kWh) e il <strong>Trentino-Alto Adige<\/strong> (675 euro, 2.093 kWh).<\/p>\n<p><strong>L\u2019andamento regionale della bolletta del gas<\/strong><\/p>\n<p>Anche per il gas le bollette variano a seconda dei consumi medi rilevati. Se nel 2023 sul fronte dell\u2019elettricit\u00e0 gli abitanti del <strong>Trentino-Alto Adige <\/strong>sono stati tra i pi\u00f9 fortunati, la situazione cambia per la fornitura di gas dal momento che hanno pagato il conto pi\u00f9 salato: mediamente, <strong>976<\/strong><strong> euro<\/strong> (a fronte di un consumo medio di 1.049 smc); dati alla mano, <strong>il 13% in pi\u00f9 di quanto rilevato a livello nazionale<\/strong>.<\/p>\n<p>Seguono sul podio, a breve distanza, la <strong>Lombardia <\/strong>(968 euro con un consumo medio di 1.040 smc) e l\u2019<strong>Emilia-Romagna<\/strong> (958 euro, 1.030 smc).<\/p>\n<p>Le aree in cui, di contro, nel 2023 le bollette del gas sono state pi\u00f9 leggere sono la <strong>Sicilia <\/strong>(598 euro, 643 smc), la <strong>Campania<\/strong> (609 euro, 654 smc) e il <strong>Lazio<\/strong>, dove la spesa per il gas \u00e8 stata di <strong>619 euro<\/strong> (665 smc).<\/p>\n<p><em>* L\u2019analisi \u00e8 stata realizzata sui consumi dichiarati da un campione di oltre 800.000 richieste di fornitura luce e gas raccolte nel 2023 (pari, a livello nazionale, a 2.388 kWh per l\u2019energia elettrica e 927 smc per la fornitura di gas), prendendo in considerazione i prezzi offerti nel mercato tutelato. <\/em><\/p>\n","protected":false},"excerpt":{"rendered":"<p>Secondo l\u2019analisi* di Facile.it \u2013 a parit\u00e0 di consumi \u2013 nel 2023 le famiglie italiane con un contratto di fornitura nel mercato tutelato hanno speso, in media, circa 770 euro per la bolletta della luce e 863 euro per quella del gas; vale a dire, rispettivamente, il 34% ed il 27% in meno rispetto all\u2019anno precedente. \u00abNel 2023 abbiamo fatto i conti con bollette meno salate, con l\u2019arrivo del 2024<\/p>\n<p><a class=\"continue-reading\" href=\"https:\/\/www.article-marketing.eu\/comunicatistampa\/bollette-nel-2023-34-per-lelettricita-e-27-per-il-gas\/\">Continue reading&#8230;<\/a><\/p>\n","protected":false},"author":62,"featured_media":0,"comment_status":"open","ping_status":"open","sticky":false,"template":"","format":"standard","meta":{"_monsterinsights_skip_tracking":false,"_monsterinsights_sitenote_active":false,"_monsterinsights_sitenote_note":"","_monsterinsights_sitenote_category":0,"footnotes":""},"categories":[386],"tags":[751,8570,4194,608,555,753],"class_list":["post-29574","post","type-post","status-publish","format-standard","hentry","category-economia-e-lavoro","tag-bollette","tag-bollette-luce-e-gas","tag-consumi-energetici","tag-energia","tag-facile-it","tag-gas"],"yoast_head":"<!-- This site is optimized with the Yoast SEO plugin v27.3 - https:\/\/yoast.com\/product\/yoast-seo-wordpress\/ -->\n<title>Bollette: nel 2023 -34% per l\u2019elettricit\u00e0 e -27% per il gas - Article Marketing<\/title>\n<meta name=\"robots\" content=\"index, follow, max-snippet:-1, max-image-preview:large, max-video-preview:-1\" \/>\n<link rel=\"canonical\" href=\"https:\/\/www.article-marketing.eu\/comunicatistampa\/bollette-nel-2023-34-per-lelettricita-e-27-per-il-gas\/\" \/>\n<meta property=\"og:locale\" content=\"it_IT\" \/>\n<meta property=\"og:type\" content=\"article\" \/>\n<meta property=\"og:title\" content=\"Bollette: nel 2023 -34% per l\u2019elettricit\u00e0 e -27% per il gas - Article Marketing\" \/>\n<meta property=\"og:description\" content=\"Secondo l\u2019analisi* di Facile.it \u2013 a parit\u00e0 di consumi \u2013 nel 2023 le famiglie italiane con un contratto di fornitura nel mercato tutelato hanno speso, in media, circa 770 euro per la bolletta della luce e 863 euro per quella del gas; vale a dire, rispettivamente, il 34% ed il 27% in meno rispetto all\u2019anno precedente. \u00abNel 2023 abbiamo fatto i conti con bollette meno salate, con l\u2019arrivo del 2024Continue reading...\" \/>\n<meta property=\"og:url\" content=\"https:\/\/www.article-marketing.eu\/comunicatistampa\/bollette-nel-2023-34-per-lelettricita-e-27-per-il-gas\/\" \/>\n<meta property=\"og:site_name\" content=\"Article Marketing\" \/>\n<meta property=\"article:published_time\" content=\"2024-02-12T16:32:02+00:00\" \/>\n<meta name=\"author\" content=\"Facile.it\" \/>\n<meta name=\"twitter:card\" content=\"summary_large_image\" \/>\n<meta name=\"twitter:label1\" content=\"Scritto da\" \/>\n\t<meta name=\"twitter:data1\" content=\"Facile.it\" \/>\n\t<meta name=\"twitter:label2\" content=\"Tempo di lettura stimato\" \/>\n\t<meta name=\"twitter:data2\" content=\"3 minuti\" \/>\n<script type=\"application\/ld+json\" class=\"yoast-schema-graph\">{\"@context\":\"https:\\\/\\\/schema.org\",\"@graph\":[{\"@type\":\"Article\",\"@id\":\"https:\\\/\\\/www.article-marketing.eu\\\/comunicatistampa\\\/bollette-nel-2023-34-per-lelettricita-e-27-per-il-gas\\\/#article\",\"isPartOf\":{\"@id\":\"https:\\\/\\\/www.article-marketing.eu\\\/comunicatistampa\\\/bollette-nel-2023-34-per-lelettricita-e-27-per-il-gas\\\/\"},\"author\":{\"name\":\"Facile.it\",\"@id\":\"https:\\\/\\\/www.article-marketing.eu\\\/comunicatistampa\\\/#\\\/schema\\\/person\\\/1deca6d9e0cf173abfe76a90ef261a2a\"},\"headline\":\"Bollette: nel 2023 -34% per l\u2019elettricit\u00e0 e -27% per il gas\",\"datePublished\":\"2024-02-12T16:32:02+00:00\",\"mainEntityOfPage\":{\"@id\":\"https:\\\/\\\/www.article-marketing.eu\\\/comunicatistampa\\\/bollette-nel-2023-34-per-lelettricita-e-27-per-il-gas\\\/\"},\"wordCount\":521,\"commentCount\":0,\"keywords\":[\"bollette\",\"bollette luce e gas\",\"consumi energetici\",\"energia\",\"facile.it\",\"gas\"],\"articleSection\":[\"Economia e lavoro\"],\"inLanguage\":\"it-IT\",\"potentialAction\":[{\"@type\":\"CommentAction\",\"name\":\"Comment\",\"target\":[\"https:\\\/\\\/www.article-marketing.eu\\\/comunicatistampa\\\/bollette-nel-2023-34-per-lelettricita-e-27-per-il-gas\\\/#respond\"]}]},{\"@type\":\"WebPage\",\"@id\":\"https:\\\/\\\/www.article-marketing.eu\\\/comunicatistampa\\\/bollette-nel-2023-34-per-lelettricita-e-27-per-il-gas\\\/\",\"url\":\"https:\\\/\\\/www.article-marketing.eu\\\/comunicatistampa\\\/bollette-nel-2023-34-per-lelettricita-e-27-per-il-gas\\\/\",\"name\":\"Bollette: nel 2023 -34% per l\u2019elettricit\u00e0 e -27% per il gas - Article Marketing\",\"isPartOf\":{\"@id\":\"https:\\\/\\\/www.article-marketing.eu\\\/comunicatistampa\\\/#website\"},\"datePublished\":\"2024-02-12T16:32:02+00:00\",\"author\":{\"@id\":\"https:\\\/\\\/www.article-marketing.eu\\\/comunicatistampa\\\/#\\\/schema\\\/person\\\/1deca6d9e0cf173abfe76a90ef261a2a\"},\"breadcrumb\":{\"@id\":\"https:\\\/\\\/www.article-marketing.eu\\\/comunicatistampa\\\/bollette-nel-2023-34-per-lelettricita-e-27-per-il-gas\\\/#breadcrumb\"},\"inLanguage\":\"it-IT\",\"potentialAction\":[{\"@type\":\"ReadAction\",\"target\":[\"https:\\\/\\\/www.article-marketing.eu\\\/comunicatistampa\\\/bollette-nel-2023-34-per-lelettricita-e-27-per-il-gas\\\/\"]}]},{\"@type\":\"BreadcrumbList\",\"@id\":\"https:\\\/\\\/www.article-marketing.eu\\\/comunicatistampa\\\/bollette-nel-2023-34-per-lelettricita-e-27-per-il-gas\\\/#breadcrumb\",\"itemListElement\":[{\"@type\":\"ListItem\",\"position\":1,\"name\":\"Home\",\"item\":\"https:\\\/\\\/www.article-marketing.eu\\\/comunicatistampa\\\/\"},{\"@type\":\"ListItem\",\"position\":2,\"name\":\"Bollette: nel 2023 -34% per l\u2019elettricit\u00e0 e -27% per il gas\"}]},{\"@type\":\"WebSite\",\"@id\":\"https:\\\/\\\/www.article-marketing.eu\\\/comunicatistampa\\\/#website\",\"url\":\"https:\\\/\\\/www.article-marketing.eu\\\/comunicatistampa\\\/\",\"name\":\"Article Marketing\",\"description\":\"article marketing &amp; press release\",\"potentialAction\":[{\"@type\":\"SearchAction\",\"target\":{\"@type\":\"EntryPoint\",\"urlTemplate\":\"https:\\\/\\\/www.article-marketing.eu\\\/comunicatistampa\\\/?s={search_term_string}\"},\"query-input\":{\"@type\":\"PropertyValueSpecification\",\"valueRequired\":true,\"valueName\":\"search_term_string\"}}],\"inLanguage\":\"it-IT\"},{\"@type\":\"Person\",\"@id\":\"https:\\\/\\\/www.article-marketing.eu\\\/comunicatistampa\\\/#\\\/schema\\\/person\\\/1deca6d9e0cf173abfe76a90ef261a2a\",\"name\":\"Facile.it\",\"image\":{\"@type\":\"ImageObject\",\"inLanguage\":\"it-IT\",\"@id\":\"https:\\\/\\\/secure.gravatar.com\\\/avatar\\\/2623775dfcd174bde1a788a4bc028e9035747fa40886953f4954f56c45cf4b34?s=96&d=mm&r=g\",\"url\":\"https:\\\/\\\/secure.gravatar.com\\\/avatar\\\/2623775dfcd174bde1a788a4bc028e9035747fa40886953f4954f56c45cf4b34?s=96&d=mm&r=g\",\"contentUrl\":\"https:\\\/\\\/secure.gravatar.com\\\/avatar\\\/2623775dfcd174bde1a788a4bc028e9035747fa40886953f4954f56c45cf4b34?s=96&d=mm&r=g\",\"caption\":\"Facile.it\"},\"url\":\"https:\\\/\\\/www.article-marketing.eu\\\/comunicatistampa\\\/author\\\/facile-it\\\/\"}]}<\/script>\n<!-- \/ Yoast SEO plugin. -->","yoast_head_json":{"title":"Bollette: nel 2023 -34% per l\u2019elettricit\u00e0 e -27% per il gas - Article Marketing","robots":{"index":"index","follow":"follow","max-snippet":"max-snippet:-1","max-image-preview":"max-image-preview:large","max-video-preview":"max-video-preview:-1"},"canonical":"https:\/\/www.article-marketing.eu\/comunicatistampa\/bollette-nel-2023-34-per-lelettricita-e-27-per-il-gas\/","og_locale":"it_IT","og_type":"article","og_title":"Bollette: nel 2023 -34% per l\u2019elettricit\u00e0 e -27% per il gas - Article Marketing","og_description":"Secondo l\u2019analisi* di Facile.it \u2013 a parit\u00e0 di consumi \u2013 nel 2023 le famiglie italiane con un contratto di fornitura nel mercato tutelato hanno speso, in media, circa 770 euro per la bolletta della luce e 863 euro per quella del gas; vale a dire, rispettivamente, il 34% ed il 27% in meno rispetto all\u2019anno precedente. \u00abNel 2023 abbiamo fatto i conti con bollette meno salate, con l\u2019arrivo del 2024Continue reading...","og_url":"https:\/\/www.article-marketing.eu\/comunicatistampa\/bollette-nel-2023-34-per-lelettricita-e-27-per-il-gas\/","og_site_name":"Article Marketing","article_published_time":"2024-02-12T16:32:02+00:00","author":"Facile.it","twitter_card":"summary_large_image","twitter_misc":{"Scritto da":"Facile.it","Tempo di lettura stimato":"3 minuti"},"schema":{"@context":"https:\/\/schema.org","@graph":[{"@type":"Article","@id":"https:\/\/www.article-marketing.eu\/comunicatistampa\/bollette-nel-2023-34-per-lelettricita-e-27-per-il-gas\/#article","isPartOf":{"@id":"https:\/\/www.article-marketing.eu\/comunicatistampa\/bollette-nel-2023-34-per-lelettricita-e-27-per-il-gas\/"},"author":{"name":"Facile.it","@id":"https:\/\/www.article-marketing.eu\/comunicatistampa\/#\/schema\/person\/1deca6d9e0cf173abfe76a90ef261a2a"},"headline":"Bollette: nel 2023 -34% per l\u2019elettricit\u00e0 e -27% per il gas","datePublished":"2024-02-12T16:32:02+00:00","mainEntityOfPage":{"@id":"https:\/\/www.article-marketing.eu\/comunicatistampa\/bollette-nel-2023-34-per-lelettricita-e-27-per-il-gas\/"},"wordCount":521,"commentCount":0,"keywords":["bollette","bollette luce e gas","consumi energetici","energia","facile.it","gas"],"articleSection":["Economia e lavoro"],"inLanguage":"it-IT","potentialAction":[{"@type":"CommentAction","name":"Comment","target":["https:\/\/www.article-marketing.eu\/comunicatistampa\/bollette-nel-2023-34-per-lelettricita-e-27-per-il-gas\/#respond"]}]},{"@type":"WebPage","@id":"https:\/\/www.article-marketing.eu\/comunicatistampa\/bollette-nel-2023-34-per-lelettricita-e-27-per-il-gas\/","url":"https:\/\/www.article-marketing.eu\/comunicatistampa\/bollette-nel-2023-34-per-lelettricita-e-27-per-il-gas\/","name":"Bollette: nel 2023 -34% per l\u2019elettricit\u00e0 e -27% per il gas - Article Marketing","isPartOf":{"@id":"https:\/\/www.article-marketing.eu\/comunicatistampa\/#website"},"datePublished":"2024-02-12T16:32:02+00:00","author":{"@id":"https:\/\/www.article-marketing.eu\/comunicatistampa\/#\/schema\/person\/1deca6d9e0cf173abfe76a90ef261a2a"},"breadcrumb":{"@id":"https:\/\/www.article-marketing.eu\/comunicatistampa\/bollette-nel-2023-34-per-lelettricita-e-27-per-il-gas\/#breadcrumb"},"inLanguage":"it-IT","potentialAction":[{"@type":"ReadAction","target":["https:\/\/www.article-marketing.eu\/comunicatistampa\/bollette-nel-2023-34-per-lelettricita-e-27-per-il-gas\/"]}]},{"@type":"BreadcrumbList","@id":"https:\/\/www.article-marketing.eu\/comunicatistampa\/bollette-nel-2023-34-per-lelettricita-e-27-per-il-gas\/#breadcrumb","itemListElement":[{"@type":"ListItem","position":1,"name":"Home","item":"https:\/\/www.article-marketing.eu\/comunicatistampa\/"},{"@type":"ListItem","position":2,"name":"Bollette: nel 2023 -34% per l\u2019elettricit\u00e0 e -27% per il gas"}]},{"@type":"WebSite","@id":"https:\/\/www.article-marketing.eu\/comunicatistampa\/#website","url":"https:\/\/www.article-marketing.eu\/comunicatistampa\/","name":"Article Marketing","description":"article marketing &amp; press release","potentialAction":[{"@type":"SearchAction","target":{"@type":"EntryPoint","urlTemplate":"https:\/\/www.article-marketing.eu\/comunicatistampa\/?s={search_term_string}"},"query-input":{"@type":"PropertyValueSpecification","valueRequired":true,"valueName":"search_term_string"}}],"inLanguage":"it-IT"},{"@type":"Person","@id":"https:\/\/www.article-marketing.eu\/comunicatistampa\/#\/schema\/person\/1deca6d9e0cf173abfe76a90ef261a2a","name":"Facile.it","image":{"@type":"ImageObject","inLanguage":"it-IT","@id":"https:\/\/secure.gravatar.com\/avatar\/2623775dfcd174bde1a788a4bc028e9035747fa40886953f4954f56c45cf4b34?s=96&d=mm&r=g","url":"https:\/\/secure.gravatar.com\/avatar\/2623775dfcd174bde1a788a4bc028e9035747fa40886953f4954f56c45cf4b34?s=96&d=mm&r=g","contentUrl":"https:\/\/secure.gravatar.com\/avatar\/2623775dfcd174bde1a788a4bc028e9035747fa40886953f4954f56c45cf4b34?s=96&d=mm&r=g","caption":"Facile.it"},"url":"https:\/\/www.article-marketing.eu\/comunicatistampa\/author\/facile-it\/"}]}},"_links":{"self":[{"href":"https:\/\/www.article-marketing.eu\/comunicatistampa\/wp-json\/wp\/v2\/posts\/29574","targetHints":{"allow":["GET"]}}],"collection":[{"href":"https:\/\/www.article-marketing.eu\/comunicatistampa\/wp-json\/wp\/v2\/posts"}],"about":[{"href":"https:\/\/www.article-marketing.eu\/comunicatistampa\/wp-json\/wp\/v2\/types\/post"}],"author":[{"embeddable":true,"href":"https:\/\/www.article-marketing.eu\/comunicatistampa\/wp-json\/wp\/v2\/users\/62"}],"replies":[{"embeddable":true,"href":"https:\/\/www.article-marketing.eu\/comunicatistampa\/wp-json\/wp\/v2\/comments?post=29574"}],"version-history":[{"count":2,"href":"https:\/\/www.article-marketing.eu\/comunicatistampa\/wp-json\/wp\/v2\/posts\/29574\/revisions"}],"predecessor-version":[{"id":29710,"href":"https:\/\/www.article-marketing.eu\/comunicatistampa\/wp-json\/wp\/v2\/posts\/29574\/revisions\/29710"}],"wp:attachment":[{"href":"https:\/\/www.article-marketing.eu\/comunicatistampa\/wp-json\/wp\/v2\/media?parent=29574"}],"wp:term":[{"taxonomy":"category","embeddable":true,"href":"https:\/\/www.article-marketing.eu\/comunicatistampa\/wp-json\/wp\/v2\/categories?post=29574"},{"taxonomy":"post_tag","embeddable":true,"href":"https:\/\/www.article-marketing.eu\/comunicatistampa\/wp-json\/wp\/v2\/tags?post=29574"}],"curies":[{"name":"wp","href":"https:\/\/api.w.org\/{rel}","templated":true}]}}