{"id":29733,"date":"2024-02-23T16:06:33","date_gmt":"2024-02-23T15:06:33","guid":{"rendered":"https:\/\/www.article-marketing.eu\/comunicatistampa\/?p=29733"},"modified":"2024-02-23T16:06:33","modified_gmt":"2024-02-23T15:06:33","slug":"lad-stefano-venier-la-sostenibilita-al-centro-del-piano-strategico-2023-2027","status":"publish","type":"post","link":"https:\/\/www.article-marketing.eu\/comunicatistampa\/lad-stefano-venier-la-sostenibilita-al-centro-del-piano-strategico-2023-2027\/","title":{"rendered":"L\u2019AD Stefano Venier: la sostenibilit\u00e0 al centro del Piano Strategico 2023-2027"},"content":{"rendered":"<p><em><strong><a title=\"Biografia professionale di Stefano Venier\" href=\"https:\/\/h2biz.net\/Manager\/stefano-venier-12762\">Stefano Venier<\/a>: ulteriori riconoscimenti per l\u2019impegno di Snam nella riduzione delle emissioni e nel contrasto al cambiamento climatico oltre che per l\u2019adozione di pratiche ESG su tutta la catena del valore.<\/strong><\/em><\/p>\n<p><strong>\u00a0<a title=\"Stefano Venier, Amministratore Delegato di Snam\" href=\"https:\/\/h2biz.net\/Manager\/stefano-venier-12762\"><img decoding=\"async\" src=\"https:\/\/h2biz.net\/images\/Plats\/crop_min_20230803091934.jpg\" alt=\"Stefano Venier\" height=\"150\" \/><\/a><\/strong><\/p>\n<h2>Stefano Venier: Snam riconfermata al vertice della \u201cA List\u201d di CDP e prima nell\u2019indice Sustainalytics per l\u2019impegno ESG<\/h2>\n<p>L\u2019AD di Snam <strong><a title=\"La carriera professionale di Stefano Venier su H2biz\" href=\"https:\/\/h2biz.net\/Manager\/stefano-venier-12762\">Stefano Venier<\/a><\/strong> lo aveva sottolineato anche in occasione del nuovo Piano Strategico 2023-2027: \u201c<em>Prosegue il nostro impegno per rafforzare la sicurezza energetica, garantendo infrastrutture per forniture diversificate e sostenibili nel lungo periodo e supportando il percorso di transizione, anche attraverso progetti considerati strategici a livello europeo<\/em>\u201d. D\u2019altronde sostenibilit\u00e0 e innovazione sono le due leve strategiche abilitanti a servizio delle direttrici principali intorno a cui si sviluppa il nuovo Piano: da un lato gli investimenti nelle infrastrutture lungo l\u2019intera catena del valore; dall\u2019altro il contributo alla decarbonizzazione attraverso lo sviluppo della piattaforma Energy Transition. \u00c8 un percorso quello intrapreso da Snam che, come indicano anche le parole dell\u2019AD <strong>Stefano Venier<\/strong>, guarda in direzione di un futuro sempre pi\u00f9 sostenibile, sicuro, digitale, connesso e inclusivo. E il valore delle iniziative avviate in quest\u2019ottica \u00e8 stato riconosciuto anche da CDP (ex Carbon Disclosure Project), che per il terzo anno consecutivo ha inserito Snam al vertice della \u201cA List\u201d, indice che raggruppa le aziende che si distinguono per l\u2019impegno e la trasparenza nel contrasto al cambiamento climatico. La classifica ha preso in esame oltre 21.000 aziende in tutto il mondo, indagandone le risposte sui temi del cambiamento climatico, delle foreste e della sicurezza idrica. Circa 400 aziende a livello globale hanno raggiunto il &#8220;livello A&#8221;, di cui 346 per il cambiamento climatico e tra queste anche Snam insieme ad altre sette aziende italiane.<\/p>\n<h2>Stefano Venier, Snam: potenziato l\u2019impegno di sostenibilit\u00e0 nel medio-lungo periodo<\/h2>\n<p>Per il Gruppo guidato da <strong>Stefano Venier<\/strong>, a riprova dell\u2019efficacia delle iniziative legate alla sostenibilit\u00e0, \u00e8 arrivata in questi giorni anche la riconferma al vertice dell\u2019indice Sustainalytics per il settore gas utility (prima su 96), una delle principali societ\u00e0 indipendenti di analisi, rating e ricerca ESG e corporate governance. Il modello di valutazione di Sustainalytics riguarda un&#8217;ampia gamma di temi di rischio ESG specifici per settore e azienda. In questo, Snam, apprezzata per le solide performance di corporate governance, \u00e8 passata in soli cinque anni da 22.8 (medium risk) a 12.9 (low risk), a dimostrazione di una gestione del rischio efficace e costante. Entrambi i riconoscimenti confermano l\u2019impegno di Snam per la riduzione delle emissioni e il contrasto al cambiamento climatico, oltre che l\u2019adozione di pratiche ESG su tutta la catena del valore, attraverso un approccio sostenibile all-round declinato su pi\u00f9 fronti: dal nuovo target di biodiversit\u00e0 alla rigenerazione, dalle local communities alle attivit\u00e0 DE&amp;I (diversity, equity, inclusion) interne all\u2019azienda, alla neutralit\u00e0 carbonica. Impegni che si riflettono nel Piano strategico 2023-2027 presentato nelle scorse settimane da <strong>Stefano Venier<\/strong>: l\u2019AD in merito ha sottolineato come includa \u201c<em>una strategia di sostenibilit\u00e0 ampliata, che all\u2019impegno sul fronte delle emissioni affianca il mantenimento di altri equilibri come quello della biodiversit\u00e0 e della rigenerazione territoriale<\/em>\u201d.<\/p>\n","protected":false},"excerpt":{"rendered":"<p>Stefano Venier: dalla neutralit\u00e0 carbonica alla lotta al climate change, fino all\u2019adozione di pratiche ESG lungo tutta la catena del valore: premiato l\u2019impegno ESG di Snam.<\/p>\n","protected":false},"author":6477,"featured_media":0,"comment_status":"open","ping_status":"open","sticky":false,"template":"","format":"standard","meta":{"_monsterinsights_skip_tracking":false,"_monsterinsights_sitenote_active":false,"_monsterinsights_sitenote_note":"","_monsterinsights_sitenote_category":0,"footnotes":""},"categories":[416],"tags":[10792],"class_list":["post-29733","post","type-post","status-publish","format-standard","hentry","category-ambiente","tag-stefano-venier"],"yoast_head":"<!-- This site is optimized with the Yoast SEO plugin v27.3 - https:\/\/yoast.com\/product\/yoast-seo-wordpress\/ -->\n<title>L\u2019AD Stefano Venier: la sostenibilit\u00e0 al centro del Piano Strategico 2023-2027<\/title>\n<meta name=\"description\" content=\"Stefano Venier: dalla neutralit\u00e0 carbonica alla lotta al climate change, fino all\u2019adozione di pratiche ESG lungo tutta la catena del valore: premiato l\u2019impegno ESG di Snam.\" \/>\n<meta name=\"robots\" content=\"index, follow, max-snippet:-1, max-image-preview:large, max-video-preview:-1\" \/>\n<link rel=\"canonical\" href=\"https:\/\/www.article-marketing.eu\/comunicatistampa\/lad-stefano-venier-la-sostenibilita-al-centro-del-piano-strategico-2023-2027\/\" \/>\n<meta property=\"og:locale\" content=\"it_IT\" \/>\n<meta property=\"og:type\" content=\"article\" \/>\n<meta property=\"og:title\" content=\"L\u2019AD Stefano Venier: la sostenibilit\u00e0 al centro del Piano Strategico 2023-2027\" \/>\n<meta property=\"og:description\" content=\"Stefano Venier: dalla neutralit\u00e0 carbonica alla lotta al climate change, fino all\u2019adozione di pratiche ESG lungo tutta la catena del valore: premiato l\u2019impegno ESG di Snam.\" \/>\n<meta property=\"og:url\" content=\"https:\/\/www.article-marketing.eu\/comunicatistampa\/lad-stefano-venier-la-sostenibilita-al-centro-del-piano-strategico-2023-2027\/\" \/>\n<meta property=\"og:site_name\" content=\"Article Marketing\" \/>\n<meta property=\"article:published_time\" content=\"2024-02-23T15:06:33+00:00\" \/>\n<meta property=\"og:image\" content=\"https:\/\/h2biz.net\/images\/Plats\/crop_min_20230803091934.jpg\" \/>\n<meta name=\"author\" content=\"articolinews\" \/>\n<meta name=\"twitter:card\" content=\"summary_large_image\" \/>\n<meta name=\"twitter:label1\" content=\"Scritto da\" \/>\n\t<meta name=\"twitter:data1\" content=\"articolinews\" \/>\n\t<meta name=\"twitter:label2\" content=\"Tempo di lettura stimato\" \/>\n\t<meta name=\"twitter:data2\" content=\"3 minuti\" \/>\n<script type=\"application\/ld+json\" class=\"yoast-schema-graph\">{\"@context\":\"https:\\\/\\\/schema.org\",\"@graph\":[{\"@type\":\"Article\",\"@id\":\"https:\\\/\\\/www.article-marketing.eu\\\/comunicatistampa\\\/lad-stefano-venier-la-sostenibilita-al-centro-del-piano-strategico-2023-2027\\\/#article\",\"isPartOf\":{\"@id\":\"https:\\\/\\\/www.article-marketing.eu\\\/comunicatistampa\\\/lad-stefano-venier-la-sostenibilita-al-centro-del-piano-strategico-2023-2027\\\/\"},\"author\":{\"name\":\"articolinews\",\"@id\":\"https:\\\/\\\/www.article-marketing.eu\\\/comunicatistampa\\\/#\\\/schema\\\/person\\\/2fcaf8f8f3a9eef9eb7f27532d3ca458\"},\"headline\":\"L\u2019AD Stefano Venier: la sostenibilit\u00e0 al centro del Piano Strategico 2023-2027\",\"datePublished\":\"2024-02-23T15:06:33+00:00\",\"mainEntityOfPage\":{\"@id\":\"https:\\\/\\\/www.article-marketing.eu\\\/comunicatistampa\\\/lad-stefano-venier-la-sostenibilita-al-centro-del-piano-strategico-2023-2027\\\/\"},\"wordCount\":524,\"commentCount\":0,\"image\":{\"@id\":\"https:\\\/\\\/www.article-marketing.eu\\\/comunicatistampa\\\/lad-stefano-venier-la-sostenibilita-al-centro-del-piano-strategico-2023-2027\\\/#primaryimage\"},\"thumbnailUrl\":\"https:\\\/\\\/h2biz.net\\\/images\\\/Plats\\\/crop_min_20230803091934.jpg\",\"keywords\":[\"Stefano Venier\"],\"articleSection\":[\"Ambiente\"],\"inLanguage\":\"it-IT\",\"potentialAction\":[{\"@type\":\"CommentAction\",\"name\":\"Comment\",\"target\":[\"https:\\\/\\\/www.article-marketing.eu\\\/comunicatistampa\\\/lad-stefano-venier-la-sostenibilita-al-centro-del-piano-strategico-2023-2027\\\/#respond\"]}]},{\"@type\":\"WebPage\",\"@id\":\"https:\\\/\\\/www.article-marketing.eu\\\/comunicatistampa\\\/lad-stefano-venier-la-sostenibilita-al-centro-del-piano-strategico-2023-2027\\\/\",\"url\":\"https:\\\/\\\/www.article-marketing.eu\\\/comunicatistampa\\\/lad-stefano-venier-la-sostenibilita-al-centro-del-piano-strategico-2023-2027\\\/\",\"name\":\"L\u2019AD Stefano Venier: la sostenibilit\u00e0 al centro del Piano Strategico 2023-2027\",\"isPartOf\":{\"@id\":\"https:\\\/\\\/www.article-marketing.eu\\\/comunicatistampa\\\/#website\"},\"primaryImageOfPage\":{\"@id\":\"https:\\\/\\\/www.article-marketing.eu\\\/comunicatistampa\\\/lad-stefano-venier-la-sostenibilita-al-centro-del-piano-strategico-2023-2027\\\/#primaryimage\"},\"image\":{\"@id\":\"https:\\\/\\\/www.article-marketing.eu\\\/comunicatistampa\\\/lad-stefano-venier-la-sostenibilita-al-centro-del-piano-strategico-2023-2027\\\/#primaryimage\"},\"thumbnailUrl\":\"https:\\\/\\\/h2biz.net\\\/images\\\/Plats\\\/crop_min_20230803091934.jpg\",\"datePublished\":\"2024-02-23T15:06:33+00:00\",\"author\":{\"@id\":\"https:\\\/\\\/www.article-marketing.eu\\\/comunicatistampa\\\/#\\\/schema\\\/person\\\/2fcaf8f8f3a9eef9eb7f27532d3ca458\"},\"description\":\"Stefano Venier: dalla neutralit\u00e0 carbonica alla lotta al climate change, fino all\u2019adozione di pratiche ESG lungo tutta la catena del valore: premiato l\u2019impegno ESG di Snam.\",\"breadcrumb\":{\"@id\":\"https:\\\/\\\/www.article-marketing.eu\\\/comunicatistampa\\\/lad-stefano-venier-la-sostenibilita-al-centro-del-piano-strategico-2023-2027\\\/#breadcrumb\"},\"inLanguage\":\"it-IT\",\"potentialAction\":[{\"@type\":\"ReadAction\",\"target\":[\"https:\\\/\\\/www.article-marketing.eu\\\/comunicatistampa\\\/lad-stefano-venier-la-sostenibilita-al-centro-del-piano-strategico-2023-2027\\\/\"]}]},{\"@type\":\"ImageObject\",\"inLanguage\":\"it-IT\",\"@id\":\"https:\\\/\\\/www.article-marketing.eu\\\/comunicatistampa\\\/lad-stefano-venier-la-sostenibilita-al-centro-del-piano-strategico-2023-2027\\\/#primaryimage\",\"url\":\"https:\\\/\\\/h2biz.net\\\/images\\\/Plats\\\/crop_min_20230803091934.jpg\",\"contentUrl\":\"https:\\\/\\\/h2biz.net\\\/images\\\/Plats\\\/crop_min_20230803091934.jpg\"},{\"@type\":\"BreadcrumbList\",\"@id\":\"https:\\\/\\\/www.article-marketing.eu\\\/comunicatistampa\\\/lad-stefano-venier-la-sostenibilita-al-centro-del-piano-strategico-2023-2027\\\/#breadcrumb\",\"itemListElement\":[{\"@type\":\"ListItem\",\"position\":1,\"name\":\"Home\",\"item\":\"https:\\\/\\\/www.article-marketing.eu\\\/comunicatistampa\\\/\"},{\"@type\":\"ListItem\",\"position\":2,\"name\":\"L\u2019AD Stefano Venier: la sostenibilit\u00e0 al centro del Piano Strategico 2023-2027\"}]},{\"@type\":\"WebSite\",\"@id\":\"https:\\\/\\\/www.article-marketing.eu\\\/comunicatistampa\\\/#website\",\"url\":\"https:\\\/\\\/www.article-marketing.eu\\\/comunicatistampa\\\/\",\"name\":\"Article Marketing\",\"description\":\"article marketing &amp; press release\",\"potentialAction\":[{\"@type\":\"SearchAction\",\"target\":{\"@type\":\"EntryPoint\",\"urlTemplate\":\"https:\\\/\\\/www.article-marketing.eu\\\/comunicatistampa\\\/?s={search_term_string}\"},\"query-input\":{\"@type\":\"PropertyValueSpecification\",\"valueRequired\":true,\"valueName\":\"search_term_string\"}}],\"inLanguage\":\"it-IT\"},{\"@type\":\"Person\",\"@id\":\"https:\\\/\\\/www.article-marketing.eu\\\/comunicatistampa\\\/#\\\/schema\\\/person\\\/2fcaf8f8f3a9eef9eb7f27532d3ca458\",\"name\":\"articolinews\",\"image\":{\"@type\":\"ImageObject\",\"inLanguage\":\"it-IT\",\"@id\":\"https:\\\/\\\/secure.gravatar.com\\\/avatar\\\/9e2a264bab04e17dea24d937c9956304649a848cb73c46747a692ff1bdeb1cb7?s=96&d=mm&r=g\",\"url\":\"https:\\\/\\\/secure.gravatar.com\\\/avatar\\\/9e2a264bab04e17dea24d937c9956304649a848cb73c46747a692ff1bdeb1cb7?s=96&d=mm&r=g\",\"contentUrl\":\"https:\\\/\\\/secure.gravatar.com\\\/avatar\\\/9e2a264bab04e17dea24d937c9956304649a848cb73c46747a692ff1bdeb1cb7?s=96&d=mm&r=g\",\"caption\":\"articolinews\"},\"url\":\"https:\\\/\\\/www.article-marketing.eu\\\/comunicatistampa\\\/author\\\/articolinews\\\/\"}]}<\/script>\n<!-- \/ Yoast SEO plugin. -->","yoast_head_json":{"title":"L\u2019AD Stefano Venier: la sostenibilit\u00e0 al centro del Piano Strategico 2023-2027","description":"Stefano Venier: dalla neutralit\u00e0 carbonica alla lotta al climate change, fino all\u2019adozione di pratiche ESG lungo tutta la catena del valore: premiato l\u2019impegno ESG di Snam.","robots":{"index":"index","follow":"follow","max-snippet":"max-snippet:-1","max-image-preview":"max-image-preview:large","max-video-preview":"max-video-preview:-1"},"canonical":"https:\/\/www.article-marketing.eu\/comunicatistampa\/lad-stefano-venier-la-sostenibilita-al-centro-del-piano-strategico-2023-2027\/","og_locale":"it_IT","og_type":"article","og_title":"L\u2019AD Stefano Venier: la sostenibilit\u00e0 al centro del Piano Strategico 2023-2027","og_description":"Stefano Venier: dalla neutralit\u00e0 carbonica alla lotta al climate change, fino all\u2019adozione di pratiche ESG lungo tutta la catena del valore: premiato l\u2019impegno ESG di Snam.","og_url":"https:\/\/www.article-marketing.eu\/comunicatistampa\/lad-stefano-venier-la-sostenibilita-al-centro-del-piano-strategico-2023-2027\/","og_site_name":"Article Marketing","article_published_time":"2024-02-23T15:06:33+00:00","og_image":[{"url":"https:\/\/h2biz.net\/images\/Plats\/crop_min_20230803091934.jpg","type":"","width":"","height":""}],"author":"articolinews","twitter_card":"summary_large_image","twitter_misc":{"Scritto da":"articolinews","Tempo di lettura stimato":"3 minuti"},"schema":{"@context":"https:\/\/schema.org","@graph":[{"@type":"Article","@id":"https:\/\/www.article-marketing.eu\/comunicatistampa\/lad-stefano-venier-la-sostenibilita-al-centro-del-piano-strategico-2023-2027\/#article","isPartOf":{"@id":"https:\/\/www.article-marketing.eu\/comunicatistampa\/lad-stefano-venier-la-sostenibilita-al-centro-del-piano-strategico-2023-2027\/"},"author":{"name":"articolinews","@id":"https:\/\/www.article-marketing.eu\/comunicatistampa\/#\/schema\/person\/2fcaf8f8f3a9eef9eb7f27532d3ca458"},"headline":"L\u2019AD Stefano Venier: la sostenibilit\u00e0 al centro del Piano Strategico 2023-2027","datePublished":"2024-02-23T15:06:33+00:00","mainEntityOfPage":{"@id":"https:\/\/www.article-marketing.eu\/comunicatistampa\/lad-stefano-venier-la-sostenibilita-al-centro-del-piano-strategico-2023-2027\/"},"wordCount":524,"commentCount":0,"image":{"@id":"https:\/\/www.article-marketing.eu\/comunicatistampa\/lad-stefano-venier-la-sostenibilita-al-centro-del-piano-strategico-2023-2027\/#primaryimage"},"thumbnailUrl":"https:\/\/h2biz.net\/images\/Plats\/crop_min_20230803091934.jpg","keywords":["Stefano Venier"],"articleSection":["Ambiente"],"inLanguage":"it-IT","potentialAction":[{"@type":"CommentAction","name":"Comment","target":["https:\/\/www.article-marketing.eu\/comunicatistampa\/lad-stefano-venier-la-sostenibilita-al-centro-del-piano-strategico-2023-2027\/#respond"]}]},{"@type":"WebPage","@id":"https:\/\/www.article-marketing.eu\/comunicatistampa\/lad-stefano-venier-la-sostenibilita-al-centro-del-piano-strategico-2023-2027\/","url":"https:\/\/www.article-marketing.eu\/comunicatistampa\/lad-stefano-venier-la-sostenibilita-al-centro-del-piano-strategico-2023-2027\/","name":"L\u2019AD Stefano Venier: la sostenibilit\u00e0 al centro del Piano Strategico 2023-2027","isPartOf":{"@id":"https:\/\/www.article-marketing.eu\/comunicatistampa\/#website"},"primaryImageOfPage":{"@id":"https:\/\/www.article-marketing.eu\/comunicatistampa\/lad-stefano-venier-la-sostenibilita-al-centro-del-piano-strategico-2023-2027\/#primaryimage"},"image":{"@id":"https:\/\/www.article-marketing.eu\/comunicatistampa\/lad-stefano-venier-la-sostenibilita-al-centro-del-piano-strategico-2023-2027\/#primaryimage"},"thumbnailUrl":"https:\/\/h2biz.net\/images\/Plats\/crop_min_20230803091934.jpg","datePublished":"2024-02-23T15:06:33+00:00","author":{"@id":"https:\/\/www.article-marketing.eu\/comunicatistampa\/#\/schema\/person\/2fcaf8f8f3a9eef9eb7f27532d3ca458"},"description":"Stefano Venier: dalla neutralit\u00e0 carbonica alla lotta al climate change, fino all\u2019adozione di pratiche ESG lungo tutta la catena del valore: premiato l\u2019impegno ESG di Snam.","breadcrumb":{"@id":"https:\/\/www.article-marketing.eu\/comunicatistampa\/lad-stefano-venier-la-sostenibilita-al-centro-del-piano-strategico-2023-2027\/#breadcrumb"},"inLanguage":"it-IT","potentialAction":[{"@type":"ReadAction","target":["https:\/\/www.article-marketing.eu\/comunicatistampa\/lad-stefano-venier-la-sostenibilita-al-centro-del-piano-strategico-2023-2027\/"]}]},{"@type":"ImageObject","inLanguage":"it-IT","@id":"https:\/\/www.article-marketing.eu\/comunicatistampa\/lad-stefano-venier-la-sostenibilita-al-centro-del-piano-strategico-2023-2027\/#primaryimage","url":"https:\/\/h2biz.net\/images\/Plats\/crop_min_20230803091934.jpg","contentUrl":"https:\/\/h2biz.net\/images\/Plats\/crop_min_20230803091934.jpg"},{"@type":"BreadcrumbList","@id":"https:\/\/www.article-marketing.eu\/comunicatistampa\/lad-stefano-venier-la-sostenibilita-al-centro-del-piano-strategico-2023-2027\/#breadcrumb","itemListElement":[{"@type":"ListItem","position":1,"name":"Home","item":"https:\/\/www.article-marketing.eu\/comunicatistampa\/"},{"@type":"ListItem","position":2,"name":"L\u2019AD Stefano Venier: la sostenibilit\u00e0 al centro del Piano Strategico 2023-2027"}]},{"@type":"WebSite","@id":"https:\/\/www.article-marketing.eu\/comunicatistampa\/#website","url":"https:\/\/www.article-marketing.eu\/comunicatistampa\/","name":"Article Marketing","description":"article marketing &amp; press release","potentialAction":[{"@type":"SearchAction","target":{"@type":"EntryPoint","urlTemplate":"https:\/\/www.article-marketing.eu\/comunicatistampa\/?s={search_term_string}"},"query-input":{"@type":"PropertyValueSpecification","valueRequired":true,"valueName":"search_term_string"}}],"inLanguage":"it-IT"},{"@type":"Person","@id":"https:\/\/www.article-marketing.eu\/comunicatistampa\/#\/schema\/person\/2fcaf8f8f3a9eef9eb7f27532d3ca458","name":"articolinews","image":{"@type":"ImageObject","inLanguage":"it-IT","@id":"https:\/\/secure.gravatar.com\/avatar\/9e2a264bab04e17dea24d937c9956304649a848cb73c46747a692ff1bdeb1cb7?s=96&d=mm&r=g","url":"https:\/\/secure.gravatar.com\/avatar\/9e2a264bab04e17dea24d937c9956304649a848cb73c46747a692ff1bdeb1cb7?s=96&d=mm&r=g","contentUrl":"https:\/\/secure.gravatar.com\/avatar\/9e2a264bab04e17dea24d937c9956304649a848cb73c46747a692ff1bdeb1cb7?s=96&d=mm&r=g","caption":"articolinews"},"url":"https:\/\/www.article-marketing.eu\/comunicatistampa\/author\/articolinews\/"}]}},"_links":{"self":[{"href":"https:\/\/www.article-marketing.eu\/comunicatistampa\/wp-json\/wp\/v2\/posts\/29733","targetHints":{"allow":["GET"]}}],"collection":[{"href":"https:\/\/www.article-marketing.eu\/comunicatistampa\/wp-json\/wp\/v2\/posts"}],"about":[{"href":"https:\/\/www.article-marketing.eu\/comunicatistampa\/wp-json\/wp\/v2\/types\/post"}],"author":[{"embeddable":true,"href":"https:\/\/www.article-marketing.eu\/comunicatistampa\/wp-json\/wp\/v2\/users\/6477"}],"replies":[{"embeddable":true,"href":"https:\/\/www.article-marketing.eu\/comunicatistampa\/wp-json\/wp\/v2\/comments?post=29733"}],"version-history":[{"count":2,"href":"https:\/\/www.article-marketing.eu\/comunicatistampa\/wp-json\/wp\/v2\/posts\/29733\/revisions"}],"predecessor-version":[{"id":29859,"href":"https:\/\/www.article-marketing.eu\/comunicatistampa\/wp-json\/wp\/v2\/posts\/29733\/revisions\/29859"}],"wp:attachment":[{"href":"https:\/\/www.article-marketing.eu\/comunicatistampa\/wp-json\/wp\/v2\/media?parent=29733"}],"wp:term":[{"taxonomy":"category","embeddable":true,"href":"https:\/\/www.article-marketing.eu\/comunicatistampa\/wp-json\/wp\/v2\/categories?post=29733"},{"taxonomy":"post_tag","embeddable":true,"href":"https:\/\/www.article-marketing.eu\/comunicatistampa\/wp-json\/wp\/v2\/tags?post=29733"}],"curies":[{"name":"wp","href":"https:\/\/api.w.org\/{rel}","templated":true}]}}