{"id":29737,"date":"2024-03-19T14:06:17","date_gmt":"2024-03-19T13:06:17","guid":{"rendered":"https:\/\/www.article-marketing.eu\/comunicatistampa\/?p=29737"},"modified":"2024-03-19T14:06:17","modified_gmt":"2024-03-19T13:06:17","slug":"ares-ambiente-e-lutilizzo-responsabile-dei-materiali-di-recupero","status":"publish","type":"post","link":"https:\/\/www.article-marketing.eu\/comunicatistampa\/ares-ambiente-e-lutilizzo-responsabile-dei-materiali-di-recupero\/","title":{"rendered":"Ares Ambiente e l\u2019utilizzo responsabile dei materiali di recupero"},"content":{"rendered":"<p><strong><em>In un contesto globale sempre pi\u00f9 orientato verso la sostenibilit\u00e0 ambientale, <a title=\"Ares Ambiente: descrizione dell'azienda\" href=\"https:\/\/www.webbrand.it\/Ares-Ambiente\/\">Ares Ambiente<\/a> si pone come un punto di riferimento nel settore della gestione dei rifiuti, con particolare attenzione ai materiali di recupero. Questi, se gestiti adeguatamente, possono rappresentare una risorsa preziosa per la promozione di una sostenibilit\u00e0 ambientale e l\u2019adozione di pratiche dell\u2019economia circolare.<\/em><\/strong><\/p>\n<p><a title=\"Ares Ambiente: il profilo dell'azienda guidata da Marco Domizio\" href=\"https:\/\/www.webbrand.it\/Ares-Ambiente\/\"><strong><em><img loading=\"lazy\" decoding=\"async\" src=\"https:\/\/h2biz.net\/images\/Plats\/crop_min_20211203102317.jpg\" alt=\"Ares Ambiente\" width=\"200\" height=\"200\" \/><\/em><\/strong><\/a><\/p>\n<h2>Ares Ambiente: i materiali di recupero<\/h2>\n<p>I materiali di recupero come terre, refrattari, polveri, ceneri, materiali da demolizioni e FORSU, spiega <a title=\"Ares Ambiente: profilo e attivit\u00e0 dell'azienda\" href=\"https:\/\/www.webbrand.it\/Ares-Ambiente\/\"><strong>Ares Ambiente<\/strong><\/a>, costituiscono una categoria di rifiuti che possono essere recuperati, riutilizzati o riciclati, contribuendo cos\u00ec alla riduzione degli sprechi e dell\u2019impatto ambientale. Tali materiali rappresentano una vasta gamma di risorse provenienti da diverse attivit\u00e0, ciascuna con il potenziale per essere sfruttata in modo sostenibile, e includono: terre, ovvero materiali estratti da scavi o attivit\u00e0 edili che possono essere trattati e riutilizzati in progetti edili o di riqualificazione ambientale; i refrattari che sono resistenti alle alte temperature e possono essere recuperati o riciclati al momento della sostituzione; le polveri, sottoprodotti industriali provenienti da processi come la lavorazione dei metalli, che possono essere recuperate o trattate per ridurre l\u2019impatto ambientale; le ceneri derivanti da processi di combustione che richiedono trattamenti speciali a causa del potenziale contenuto di metalli pesanti o inquinanti; i materiali da demolizioni come cemento, mattoni, legno e altri materiali edili derivanti dalla demolizione di edifici e infine la FORSU, ovvero la Frazione Organica del Rifiuto Solido Organico, che comprende rifiuti biodegradabili come scarti alimentari e carta.<\/p>\n<h2>Sostenibilit\u00e0: il ruolo chiave di Ares Ambiente<\/h2>\n<p>L\u2019obiettivo finale del recupero di tali materiali, ci tiene a specificare <strong>Ares Ambiente<\/strong>, \u00e8 l\u2019ottimizzazione dell\u2019impiego delle risorse e la diminuzione dell\u2019accumulo nei siti di smaltimento a favore della sostenibilit\u00e0 ambientale tramite strategie quali il riciclo, il riutilizzo e il compostaggio. L\u2019azienda si distingue come partner affidabile e competente nella gestione dei rifiuti: la squadra di tecnici altamente specializzati, costantemente aggiornati sulle normative, offre soluzioni personalizzate per ogni tipo di rifiuto. La sostenibilit\u00e0 ambientale \u00e8 al centro della mission del Gruppo, che da sempre \u00e8 impegnato nella promozione dei valori fondamentali per lo sviluppo sostenibile. In vista del 2024, <strong>Ares Ambiente<\/strong> si impegna a intensificare gli sforzi per aumentare la consapevolezza e l\u2019engagement verso l\u2019ambiente e l\u2019eco-sostenibilit\u00e0 tra tutti gli stakeholder. L\u2019obiettivo \u00e8 coinvolgere dipendenti, fornitori e clienti nella promozione di pratiche di gestione dei rifiuti pi\u00f9 responsabili e sostenibili.<\/p>\n","protected":false},"excerpt":{"rendered":"<p>Ares Ambiente illustra la vasta gamma di materiali di recupero, da terre a FORSU, sottolineando il loro potenziale nella riduzione degli sprechi e dell\u2019impatto ambientale.<\/p>\n","protected":false},"author":6477,"featured_media":0,"comment_status":"open","ping_status":"open","sticky":false,"template":"","format":"standard","meta":{"_monsterinsights_skip_tracking":false,"_monsterinsights_sitenote_active":false,"_monsterinsights_sitenote_note":"","_monsterinsights_sitenote_category":0,"footnotes":""},"categories":[416],"tags":[9165],"class_list":["post-29737","post","type-post","status-publish","format-standard","hentry","category-ambiente","tag-ares-ambiente"],"yoast_head":"<!-- This site is optimized with the Yoast SEO plugin v27.3 - https:\/\/yoast.com\/product\/yoast-seo-wordpress\/ -->\n<title>Ares Ambiente e l\u2019utilizzo responsabile dei materiali di recupero - Article Marketing<\/title>\n<meta name=\"description\" content=\"Ares Ambiente illustra la vasta gamma di materiali di recupero, da terre a FORSU, sottolineando il loro potenziale nella riduzione degli sprechi e dell\u2019impatto ambientale.\" \/>\n<meta name=\"robots\" content=\"index, follow, max-snippet:-1, max-image-preview:large, max-video-preview:-1\" \/>\n<link rel=\"canonical\" href=\"https:\/\/www.article-marketing.eu\/comunicatistampa\/ares-ambiente-e-lutilizzo-responsabile-dei-materiali-di-recupero\/\" \/>\n<meta property=\"og:locale\" content=\"it_IT\" \/>\n<meta property=\"og:type\" content=\"article\" \/>\n<meta property=\"og:title\" content=\"Ares Ambiente e l\u2019utilizzo responsabile dei materiali di recupero - Article Marketing\" \/>\n<meta property=\"og:description\" content=\"Ares Ambiente illustra la vasta gamma di materiali di recupero, da terre a FORSU, sottolineando il loro potenziale nella riduzione degli sprechi e dell\u2019impatto ambientale.\" \/>\n<meta property=\"og:url\" content=\"https:\/\/www.article-marketing.eu\/comunicatistampa\/ares-ambiente-e-lutilizzo-responsabile-dei-materiali-di-recupero\/\" \/>\n<meta property=\"og:site_name\" content=\"Article Marketing\" \/>\n<meta property=\"article:published_time\" content=\"2024-03-19T13:06:17+00:00\" \/>\n<meta property=\"og:image\" content=\"https:\/\/h2biz.net\/images\/Plats\/crop_min_20211203102317.jpg\" \/>\n<meta name=\"author\" content=\"articolinews\" \/>\n<meta name=\"twitter:card\" content=\"summary_large_image\" \/>\n<meta name=\"twitter:label1\" content=\"Scritto da\" \/>\n\t<meta name=\"twitter:data1\" content=\"articolinews\" \/>\n\t<meta name=\"twitter:label2\" content=\"Tempo di lettura stimato\" \/>\n\t<meta name=\"twitter:data2\" content=\"3 minuti\" \/>\n<script type=\"application\/ld+json\" class=\"yoast-schema-graph\">{\"@context\":\"https:\\\/\\\/schema.org\",\"@graph\":[{\"@type\":\"Article\",\"@id\":\"https:\\\/\\\/www.article-marketing.eu\\\/comunicatistampa\\\/ares-ambiente-e-lutilizzo-responsabile-dei-materiali-di-recupero\\\/#article\",\"isPartOf\":{\"@id\":\"https:\\\/\\\/www.article-marketing.eu\\\/comunicatistampa\\\/ares-ambiente-e-lutilizzo-responsabile-dei-materiali-di-recupero\\\/\"},\"author\":{\"name\":\"articolinews\",\"@id\":\"https:\\\/\\\/www.article-marketing.eu\\\/comunicatistampa\\\/#\\\/schema\\\/person\\\/2fcaf8f8f3a9eef9eb7f27532d3ca458\"},\"headline\":\"Ares Ambiente e l\u2019utilizzo responsabile dei materiali di recupero\",\"datePublished\":\"2024-03-19T13:06:17+00:00\",\"mainEntityOfPage\":{\"@id\":\"https:\\\/\\\/www.article-marketing.eu\\\/comunicatistampa\\\/ares-ambiente-e-lutilizzo-responsabile-dei-materiali-di-recupero\\\/\"},\"wordCount\":409,\"commentCount\":0,\"image\":{\"@id\":\"https:\\\/\\\/www.article-marketing.eu\\\/comunicatistampa\\\/ares-ambiente-e-lutilizzo-responsabile-dei-materiali-di-recupero\\\/#primaryimage\"},\"thumbnailUrl\":\"https:\\\/\\\/h2biz.net\\\/images\\\/Plats\\\/crop_min_20211203102317.jpg\",\"keywords\":[\"Ares Ambiente\"],\"articleSection\":[\"Ambiente\"],\"inLanguage\":\"it-IT\",\"potentialAction\":[{\"@type\":\"CommentAction\",\"name\":\"Comment\",\"target\":[\"https:\\\/\\\/www.article-marketing.eu\\\/comunicatistampa\\\/ares-ambiente-e-lutilizzo-responsabile-dei-materiali-di-recupero\\\/#respond\"]}]},{\"@type\":\"WebPage\",\"@id\":\"https:\\\/\\\/www.article-marketing.eu\\\/comunicatistampa\\\/ares-ambiente-e-lutilizzo-responsabile-dei-materiali-di-recupero\\\/\",\"url\":\"https:\\\/\\\/www.article-marketing.eu\\\/comunicatistampa\\\/ares-ambiente-e-lutilizzo-responsabile-dei-materiali-di-recupero\\\/\",\"name\":\"Ares Ambiente e l\u2019utilizzo responsabile dei materiali di recupero - Article Marketing\",\"isPartOf\":{\"@id\":\"https:\\\/\\\/www.article-marketing.eu\\\/comunicatistampa\\\/#website\"},\"primaryImageOfPage\":{\"@id\":\"https:\\\/\\\/www.article-marketing.eu\\\/comunicatistampa\\\/ares-ambiente-e-lutilizzo-responsabile-dei-materiali-di-recupero\\\/#primaryimage\"},\"image\":{\"@id\":\"https:\\\/\\\/www.article-marketing.eu\\\/comunicatistampa\\\/ares-ambiente-e-lutilizzo-responsabile-dei-materiali-di-recupero\\\/#primaryimage\"},\"thumbnailUrl\":\"https:\\\/\\\/h2biz.net\\\/images\\\/Plats\\\/crop_min_20211203102317.jpg\",\"datePublished\":\"2024-03-19T13:06:17+00:00\",\"author\":{\"@id\":\"https:\\\/\\\/www.article-marketing.eu\\\/comunicatistampa\\\/#\\\/schema\\\/person\\\/2fcaf8f8f3a9eef9eb7f27532d3ca458\"},\"description\":\"Ares Ambiente illustra la vasta gamma di materiali di recupero, da terre a FORSU, sottolineando il loro potenziale nella riduzione degli sprechi e dell\u2019impatto ambientale.\",\"breadcrumb\":{\"@id\":\"https:\\\/\\\/www.article-marketing.eu\\\/comunicatistampa\\\/ares-ambiente-e-lutilizzo-responsabile-dei-materiali-di-recupero\\\/#breadcrumb\"},\"inLanguage\":\"it-IT\",\"potentialAction\":[{\"@type\":\"ReadAction\",\"target\":[\"https:\\\/\\\/www.article-marketing.eu\\\/comunicatistampa\\\/ares-ambiente-e-lutilizzo-responsabile-dei-materiali-di-recupero\\\/\"]}]},{\"@type\":\"ImageObject\",\"inLanguage\":\"it-IT\",\"@id\":\"https:\\\/\\\/www.article-marketing.eu\\\/comunicatistampa\\\/ares-ambiente-e-lutilizzo-responsabile-dei-materiali-di-recupero\\\/#primaryimage\",\"url\":\"https:\\\/\\\/h2biz.net\\\/images\\\/Plats\\\/crop_min_20211203102317.jpg\",\"contentUrl\":\"https:\\\/\\\/h2biz.net\\\/images\\\/Plats\\\/crop_min_20211203102317.jpg\"},{\"@type\":\"BreadcrumbList\",\"@id\":\"https:\\\/\\\/www.article-marketing.eu\\\/comunicatistampa\\\/ares-ambiente-e-lutilizzo-responsabile-dei-materiali-di-recupero\\\/#breadcrumb\",\"itemListElement\":[{\"@type\":\"ListItem\",\"position\":1,\"name\":\"Home\",\"item\":\"https:\\\/\\\/www.article-marketing.eu\\\/comunicatistampa\\\/\"},{\"@type\":\"ListItem\",\"position\":2,\"name\":\"Ares Ambiente e l\u2019utilizzo responsabile dei materiali di recupero\"}]},{\"@type\":\"WebSite\",\"@id\":\"https:\\\/\\\/www.article-marketing.eu\\\/comunicatistampa\\\/#website\",\"url\":\"https:\\\/\\\/www.article-marketing.eu\\\/comunicatistampa\\\/\",\"name\":\"Article Marketing\",\"description\":\"article marketing &amp; press release\",\"potentialAction\":[{\"@type\":\"SearchAction\",\"target\":{\"@type\":\"EntryPoint\",\"urlTemplate\":\"https:\\\/\\\/www.article-marketing.eu\\\/comunicatistampa\\\/?s={search_term_string}\"},\"query-input\":{\"@type\":\"PropertyValueSpecification\",\"valueRequired\":true,\"valueName\":\"search_term_string\"}}],\"inLanguage\":\"it-IT\"},{\"@type\":\"Person\",\"@id\":\"https:\\\/\\\/www.article-marketing.eu\\\/comunicatistampa\\\/#\\\/schema\\\/person\\\/2fcaf8f8f3a9eef9eb7f27532d3ca458\",\"name\":\"articolinews\",\"image\":{\"@type\":\"ImageObject\",\"inLanguage\":\"it-IT\",\"@id\":\"https:\\\/\\\/secure.gravatar.com\\\/avatar\\\/9e2a264bab04e17dea24d937c9956304649a848cb73c46747a692ff1bdeb1cb7?s=96&d=mm&r=g\",\"url\":\"https:\\\/\\\/secure.gravatar.com\\\/avatar\\\/9e2a264bab04e17dea24d937c9956304649a848cb73c46747a692ff1bdeb1cb7?s=96&d=mm&r=g\",\"contentUrl\":\"https:\\\/\\\/secure.gravatar.com\\\/avatar\\\/9e2a264bab04e17dea24d937c9956304649a848cb73c46747a692ff1bdeb1cb7?s=96&d=mm&r=g\",\"caption\":\"articolinews\"},\"url\":\"https:\\\/\\\/www.article-marketing.eu\\\/comunicatistampa\\\/author\\\/articolinews\\\/\"}]}<\/script>\n<!-- \/ Yoast SEO plugin. -->","yoast_head_json":{"title":"Ares Ambiente e l\u2019utilizzo responsabile dei materiali di recupero - Article Marketing","description":"Ares Ambiente illustra la vasta gamma di materiali di recupero, da terre a FORSU, sottolineando il loro potenziale nella riduzione degli sprechi e dell\u2019impatto ambientale.","robots":{"index":"index","follow":"follow","max-snippet":"max-snippet:-1","max-image-preview":"max-image-preview:large","max-video-preview":"max-video-preview:-1"},"canonical":"https:\/\/www.article-marketing.eu\/comunicatistampa\/ares-ambiente-e-lutilizzo-responsabile-dei-materiali-di-recupero\/","og_locale":"it_IT","og_type":"article","og_title":"Ares Ambiente e l\u2019utilizzo responsabile dei materiali di recupero - Article Marketing","og_description":"Ares Ambiente illustra la vasta gamma di materiali di recupero, da terre a FORSU, sottolineando il loro potenziale nella riduzione degli sprechi e dell\u2019impatto ambientale.","og_url":"https:\/\/www.article-marketing.eu\/comunicatistampa\/ares-ambiente-e-lutilizzo-responsabile-dei-materiali-di-recupero\/","og_site_name":"Article Marketing","article_published_time":"2024-03-19T13:06:17+00:00","og_image":[{"url":"https:\/\/h2biz.net\/images\/Plats\/crop_min_20211203102317.jpg","type":"","width":"","height":""}],"author":"articolinews","twitter_card":"summary_large_image","twitter_misc":{"Scritto da":"articolinews","Tempo di lettura stimato":"3 minuti"},"schema":{"@context":"https:\/\/schema.org","@graph":[{"@type":"Article","@id":"https:\/\/www.article-marketing.eu\/comunicatistampa\/ares-ambiente-e-lutilizzo-responsabile-dei-materiali-di-recupero\/#article","isPartOf":{"@id":"https:\/\/www.article-marketing.eu\/comunicatistampa\/ares-ambiente-e-lutilizzo-responsabile-dei-materiali-di-recupero\/"},"author":{"name":"articolinews","@id":"https:\/\/www.article-marketing.eu\/comunicatistampa\/#\/schema\/person\/2fcaf8f8f3a9eef9eb7f27532d3ca458"},"headline":"Ares Ambiente e l\u2019utilizzo responsabile dei materiali di recupero","datePublished":"2024-03-19T13:06:17+00:00","mainEntityOfPage":{"@id":"https:\/\/www.article-marketing.eu\/comunicatistampa\/ares-ambiente-e-lutilizzo-responsabile-dei-materiali-di-recupero\/"},"wordCount":409,"commentCount":0,"image":{"@id":"https:\/\/www.article-marketing.eu\/comunicatistampa\/ares-ambiente-e-lutilizzo-responsabile-dei-materiali-di-recupero\/#primaryimage"},"thumbnailUrl":"https:\/\/h2biz.net\/images\/Plats\/crop_min_20211203102317.jpg","keywords":["Ares Ambiente"],"articleSection":["Ambiente"],"inLanguage":"it-IT","potentialAction":[{"@type":"CommentAction","name":"Comment","target":["https:\/\/www.article-marketing.eu\/comunicatistampa\/ares-ambiente-e-lutilizzo-responsabile-dei-materiali-di-recupero\/#respond"]}]},{"@type":"WebPage","@id":"https:\/\/www.article-marketing.eu\/comunicatistampa\/ares-ambiente-e-lutilizzo-responsabile-dei-materiali-di-recupero\/","url":"https:\/\/www.article-marketing.eu\/comunicatistampa\/ares-ambiente-e-lutilizzo-responsabile-dei-materiali-di-recupero\/","name":"Ares Ambiente e l\u2019utilizzo responsabile dei materiali di recupero - Article Marketing","isPartOf":{"@id":"https:\/\/www.article-marketing.eu\/comunicatistampa\/#website"},"primaryImageOfPage":{"@id":"https:\/\/www.article-marketing.eu\/comunicatistampa\/ares-ambiente-e-lutilizzo-responsabile-dei-materiali-di-recupero\/#primaryimage"},"image":{"@id":"https:\/\/www.article-marketing.eu\/comunicatistampa\/ares-ambiente-e-lutilizzo-responsabile-dei-materiali-di-recupero\/#primaryimage"},"thumbnailUrl":"https:\/\/h2biz.net\/images\/Plats\/crop_min_20211203102317.jpg","datePublished":"2024-03-19T13:06:17+00:00","author":{"@id":"https:\/\/www.article-marketing.eu\/comunicatistampa\/#\/schema\/person\/2fcaf8f8f3a9eef9eb7f27532d3ca458"},"description":"Ares Ambiente illustra la vasta gamma di materiali di recupero, da terre a FORSU, sottolineando il loro potenziale nella riduzione degli sprechi e dell\u2019impatto ambientale.","breadcrumb":{"@id":"https:\/\/www.article-marketing.eu\/comunicatistampa\/ares-ambiente-e-lutilizzo-responsabile-dei-materiali-di-recupero\/#breadcrumb"},"inLanguage":"it-IT","potentialAction":[{"@type":"ReadAction","target":["https:\/\/www.article-marketing.eu\/comunicatistampa\/ares-ambiente-e-lutilizzo-responsabile-dei-materiali-di-recupero\/"]}]},{"@type":"ImageObject","inLanguage":"it-IT","@id":"https:\/\/www.article-marketing.eu\/comunicatistampa\/ares-ambiente-e-lutilizzo-responsabile-dei-materiali-di-recupero\/#primaryimage","url":"https:\/\/h2biz.net\/images\/Plats\/crop_min_20211203102317.jpg","contentUrl":"https:\/\/h2biz.net\/images\/Plats\/crop_min_20211203102317.jpg"},{"@type":"BreadcrumbList","@id":"https:\/\/www.article-marketing.eu\/comunicatistampa\/ares-ambiente-e-lutilizzo-responsabile-dei-materiali-di-recupero\/#breadcrumb","itemListElement":[{"@type":"ListItem","position":1,"name":"Home","item":"https:\/\/www.article-marketing.eu\/comunicatistampa\/"},{"@type":"ListItem","position":2,"name":"Ares Ambiente e l\u2019utilizzo responsabile dei materiali di recupero"}]},{"@type":"WebSite","@id":"https:\/\/www.article-marketing.eu\/comunicatistampa\/#website","url":"https:\/\/www.article-marketing.eu\/comunicatistampa\/","name":"Article Marketing","description":"article marketing &amp; press release","potentialAction":[{"@type":"SearchAction","target":{"@type":"EntryPoint","urlTemplate":"https:\/\/www.article-marketing.eu\/comunicatistampa\/?s={search_term_string}"},"query-input":{"@type":"PropertyValueSpecification","valueRequired":true,"valueName":"search_term_string"}}],"inLanguage":"it-IT"},{"@type":"Person","@id":"https:\/\/www.article-marketing.eu\/comunicatistampa\/#\/schema\/person\/2fcaf8f8f3a9eef9eb7f27532d3ca458","name":"articolinews","image":{"@type":"ImageObject","inLanguage":"it-IT","@id":"https:\/\/secure.gravatar.com\/avatar\/9e2a264bab04e17dea24d937c9956304649a848cb73c46747a692ff1bdeb1cb7?s=96&d=mm&r=g","url":"https:\/\/secure.gravatar.com\/avatar\/9e2a264bab04e17dea24d937c9956304649a848cb73c46747a692ff1bdeb1cb7?s=96&d=mm&r=g","contentUrl":"https:\/\/secure.gravatar.com\/avatar\/9e2a264bab04e17dea24d937c9956304649a848cb73c46747a692ff1bdeb1cb7?s=96&d=mm&r=g","caption":"articolinews"},"url":"https:\/\/www.article-marketing.eu\/comunicatistampa\/author\/articolinews\/"}]}},"_links":{"self":[{"href":"https:\/\/www.article-marketing.eu\/comunicatistampa\/wp-json\/wp\/v2\/posts\/29737","targetHints":{"allow":["GET"]}}],"collection":[{"href":"https:\/\/www.article-marketing.eu\/comunicatistampa\/wp-json\/wp\/v2\/posts"}],"about":[{"href":"https:\/\/www.article-marketing.eu\/comunicatistampa\/wp-json\/wp\/v2\/types\/post"}],"author":[{"embeddable":true,"href":"https:\/\/www.article-marketing.eu\/comunicatistampa\/wp-json\/wp\/v2\/users\/6477"}],"replies":[{"embeddable":true,"href":"https:\/\/www.article-marketing.eu\/comunicatistampa\/wp-json\/wp\/v2\/comments?post=29737"}],"version-history":[{"count":3,"href":"https:\/\/www.article-marketing.eu\/comunicatistampa\/wp-json\/wp\/v2\/posts\/29737\/revisions"}],"predecessor-version":[{"id":30174,"href":"https:\/\/www.article-marketing.eu\/comunicatistampa\/wp-json\/wp\/v2\/posts\/29737\/revisions\/30174"}],"wp:attachment":[{"href":"https:\/\/www.article-marketing.eu\/comunicatistampa\/wp-json\/wp\/v2\/media?parent=29737"}],"wp:term":[{"taxonomy":"category","embeddable":true,"href":"https:\/\/www.article-marketing.eu\/comunicatistampa\/wp-json\/wp\/v2\/categories?post=29737"},{"taxonomy":"post_tag","embeddable":true,"href":"https:\/\/www.article-marketing.eu\/comunicatistampa\/wp-json\/wp\/v2\/tags?post=29737"}],"curies":[{"name":"wp","href":"https:\/\/api.w.org\/{rel}","templated":true}]}}