{"id":29779,"date":"2024-03-09T08:37:00","date_gmt":"2024-03-09T07:37:00","guid":{"rendered":"https:\/\/www.article-marketing.eu\/comunicatistampa\/?p=29779"},"modified":"2024-03-05T23:52:20","modified_gmt":"2024-03-05T22:52:20","slug":"luca-dal-fabbro-presenta-la-challenge-di-iren-sulla-sostenibilita-120-idee-da-studenti-di-varie-facolta","status":"publish","type":"post","link":"https:\/\/www.article-marketing.eu\/comunicatistampa\/luca-dal-fabbro-presenta-la-challenge-di-iren-sulla-sostenibilita-120-idee-da-studenti-di-varie-facolta\/","title":{"rendered":"Luca Dal Fabbro presenta la challenge di Iren sulla sostenibilit\u00e0: \u201c120 idee da studenti di varie facolt\u00e0\u201d"},"content":{"rendered":"<p><em><strong>Dare voce alle idee dei giovani sulla sostenibilit\u00e0, perch\u00e9 \u00e8 proprio da loro che parte il cambiamento verso un mondo migliore: cos\u00ec il Presidente <a title=\"Iren: il Presidente Luca Dal Fabbro premia 120 tesi ESG\" href=\"https:\/\/www.ilgiornaleditalia.it\/video\/mondo-imprese\/571887\/esg-challenge-2024-iren-dal-fabbro-.html\">Luca Dal Fabbro<\/a> ha spiegato la filosofia di ESG Challenge 2024, iniziativa promossa da Iren per riaccendere il dibattito sugli aspetti ESG. La crisi economica, infatti, non deve far dimenticare queste priorit\u00e0.<\/strong><\/em><\/p>\n<p><a title=\"Luca Dal Fabbro (Iren) illustra la seconda edizione di ESG Challenge\" href=\"https:\/\/www.ilgiornaleditalia.it\/video\/mondo-imprese\/571887\/esg-challenge-2024-iren-dal-fabbro-.html\"><img loading=\"lazy\" decoding=\"async\" src=\"https:\/\/www.gruppoiren.it\/content\/dam\/iren\/everyday-magazine\/iren-news\/IMG_0666L%20(1).jpg.transform\/1356x1000\/47adf48c6bea1ec333ce105297647fcaf540d7b5\/img.jpeg\" alt=\"Luca Dal Fabbro\" width=\"130\" height=\"200\" \/><\/a><\/p>\n<h2>Luca Dal Fabbro: \u201c<em>120 tesi di differenti facolt\u00e0, una ricchezza straordinaria di idee per la ESG Challenge<\/em>\u201d<\/h2>\n<p>La seconda edizione della ESG Challenge di Iren avr\u00e0 luogo: lo ha annunciato il Presidente <strong>Luca Dal Fabbro<\/strong>, rimarcando come gli aspetti ESG costituiscano il cuore pulsante delle attivit\u00e0 del Gruppo. La sede prescelta per l\u2019evento \u00e8 Torino, tra le citt\u00e0 italiane pi\u00f9 attente in ottica sostenibile, con gi\u00e0 in attivo diverse collaborazioni con il Gruppo guidato da <strong>Luca Dal Fabbro<\/strong>: tra queste, EfficientTO, progetto finanziato dal Comune, Iren e Cdp, che ha permesso di aumentare l\u2019efficienza energetica di 860 edifici nella citt\u00e0. Nell\u2019ambito dell\u2019iniziativa, 120 studenti di diverse facolt\u00e0 hanno inviato tesi di laurea incentrate sugli aspetti della sostenibilit\u00e0 sociale, ambientale e di governance, fornendo dunque spunti preziosi per un futuro migliore.<\/p>\n<h2>Luca Dal Fabbro: \u201c<em>Iren non \u00e8 interessata ai giacimenti di gas, bens\u00ec alle rinnovabili<\/em>\u201d<\/h2>\n<p><strong><a title=\"ESG: 120 tesi premiate dal Presidente di Iren Luca Dal Fabbro\" href=\"https:\/\/www.ilgiornaleditalia.it\/video\/mondo-imprese\/571887\/esg-challenge-2024-iren-dal-fabbro-.html\">Luca Dal Fabbro<\/a><\/strong> ha evidenziato come nel dibattito sugli aspetti ESG sia necessario dare voce ai giovani, che rappresentano i primi attori del cambiamento sostenibile, insistendo sulla necessit\u00e0 di valorizzare la loro visione e i loro contributi intellettuali: \u201c<em>Noi vogliamo promuovere il dibattito, dibattito che parte dai giovani, che talvolta sono un po&#8217; dimenticati ma che a nostro parere devono essere valorizzati nelle loro idee e aiutati a svilupparle<\/em>&#8220;. Il Presidente ha poi lodato la diversit\u00e0 e ricchezza, tanto geografica quanto disciplinare, dei lavori degli studenti: \u201c<em>Le studentesse e gli studenti provengono da background diversi; c&#8217;\u00e8 chi ha studiato legge, chi ingegneria, chi fisica e questa \u00e8 una ricchezza perch\u00e9 genera una diversit\u00e0 di idee<\/em>\u201d. <strong>Luca Dal Fabbro<\/strong> ha infine insistito sul fatto che ormai la rivoluzione sostenibile sia un processo da cui non si pu\u00f2 pi\u00f9 tornare indietro e che Iren ha abbracciato senza compromessi: \u201c<em>Non siamo interessati a giacimenti di gas ma a sviluppare le rinnovabili<\/em>\u201d.<\/p>\n","protected":false},"excerpt":{"rendered":"<p>Dare voce alle idee dei giovani sulla sostenibilit\u00e0, perch\u00e9 \u00e8 proprio da loro che parte il cambiamento verso un mondo migliore: cos\u00ec il Presidente Luca Dal Fabbro ha spiegato la filosofia di ESG Challenge 2024, iniziativa promossa da Iren per riaccendere il dibattito sugli aspetti ESG. La crisi economica, infatti, non deve far dimenticare queste priorit\u00e0. Luca Dal Fabbro: \u201c120 tesi di differenti facolt\u00e0, una ricchezza straordinaria di idee per<\/p>\n<p><a class=\"continue-reading\" href=\"https:\/\/www.article-marketing.eu\/comunicatistampa\/luca-dal-fabbro-presenta-la-challenge-di-iren-sulla-sostenibilita-120-idee-da-studenti-di-varie-facolta\/\">Continue reading&#8230;<\/a><\/p>\n","protected":false},"author":6477,"featured_media":0,"comment_status":"open","ping_status":"open","sticky":false,"template":"","format":"standard","meta":{"_monsterinsights_skip_tracking":false,"_monsterinsights_sitenote_active":false,"_monsterinsights_sitenote_note":"","_monsterinsights_sitenote_category":0,"footnotes":""},"categories":[390],"tags":[10361],"class_list":["post-29779","post","type-post","status-publish","format-standard","hentry","category-professionisti","tag-luca-dal-fabbro"],"yoast_head":"<!-- This site is optimized with the Yoast SEO plugin v27.3 - https:\/\/yoast.com\/product\/yoast-seo-wordpress\/ -->\n<title>Luca Dal Fabbro presenta la challenge di Iren sulla sostenibilit\u00e0: \u201c120 idee da studenti di varie facolt\u00e0\u201d<\/title>\n<meta name=\"robots\" content=\"index, follow, max-snippet:-1, max-image-preview:large, max-video-preview:-1\" \/>\n<link rel=\"canonical\" href=\"https:\/\/www.article-marketing.eu\/comunicatistampa\/luca-dal-fabbro-presenta-la-challenge-di-iren-sulla-sostenibilita-120-idee-da-studenti-di-varie-facolta\/\" \/>\n<meta property=\"og:locale\" content=\"it_IT\" \/>\n<meta property=\"og:type\" content=\"article\" \/>\n<meta property=\"og:title\" content=\"Luca Dal Fabbro presenta la challenge di Iren sulla sostenibilit\u00e0: \u201c120 idee da studenti di varie facolt\u00e0\u201d\" \/>\n<meta property=\"og:description\" content=\"Dare voce alle idee dei giovani sulla sostenibilit\u00e0, perch\u00e9 \u00e8 proprio da loro che parte il cambiamento verso un mondo migliore: cos\u00ec il Presidente Luca Dal Fabbro ha spiegato la filosofia di ESG Challenge 2024, iniziativa promossa da Iren per riaccendere il dibattito sugli aspetti ESG. La crisi economica, infatti, non deve far dimenticare queste priorit\u00e0. Luca Dal Fabbro: \u201c120 tesi di differenti facolt\u00e0, una ricchezza straordinaria di idee perContinue reading...\" \/>\n<meta property=\"og:url\" content=\"https:\/\/www.article-marketing.eu\/comunicatistampa\/luca-dal-fabbro-presenta-la-challenge-di-iren-sulla-sostenibilita-120-idee-da-studenti-di-varie-facolta\/\" \/>\n<meta property=\"og:site_name\" content=\"Article Marketing\" \/>\n<meta property=\"article:published_time\" content=\"2024-03-09T07:37:00+00:00\" \/>\n<meta property=\"og:image\" content=\"https:\/\/www.gruppoiren.it\/content\/dam\/iren\/everyday-magazine\/iren-news\/IMG_0666L%20(1).jpg.transform\/1356x1000\/47adf48c6bea1ec333ce105297647fcaf540d7b5\/img.jpeg\" \/>\n<meta name=\"author\" content=\"articolinews\" \/>\n<meta name=\"twitter:card\" content=\"summary_large_image\" \/>\n<meta name=\"twitter:label1\" content=\"Scritto da\" \/>\n\t<meta name=\"twitter:data1\" content=\"articolinews\" \/>\n\t<meta name=\"twitter:label2\" content=\"Tempo di lettura stimato\" \/>\n\t<meta name=\"twitter:data2\" content=\"3 minuti\" \/>\n<script type=\"application\/ld+json\" class=\"yoast-schema-graph\">{\"@context\":\"https:\\\/\\\/schema.org\",\"@graph\":[{\"@type\":\"Article\",\"@id\":\"https:\\\/\\\/www.article-marketing.eu\\\/comunicatistampa\\\/luca-dal-fabbro-presenta-la-challenge-di-iren-sulla-sostenibilita-120-idee-da-studenti-di-varie-facolta\\\/#article\",\"isPartOf\":{\"@id\":\"https:\\\/\\\/www.article-marketing.eu\\\/comunicatistampa\\\/luca-dal-fabbro-presenta-la-challenge-di-iren-sulla-sostenibilita-120-idee-da-studenti-di-varie-facolta\\\/\"},\"author\":{\"name\":\"articolinews\",\"@id\":\"https:\\\/\\\/www.article-marketing.eu\\\/comunicatistampa\\\/#\\\/schema\\\/person\\\/2fcaf8f8f3a9eef9eb7f27532d3ca458\"},\"headline\":\"Luca Dal Fabbro presenta la challenge di Iren sulla sostenibilit\u00e0: \u201c120 idee da studenti di varie facolt\u00e0\u201d\",\"datePublished\":\"2024-03-09T07:37:00+00:00\",\"mainEntityOfPage\":{\"@id\":\"https:\\\/\\\/www.article-marketing.eu\\\/comunicatistampa\\\/luca-dal-fabbro-presenta-la-challenge-di-iren-sulla-sostenibilita-120-idee-da-studenti-di-varie-facolta\\\/\"},\"wordCount\":370,\"commentCount\":0,\"image\":{\"@id\":\"https:\\\/\\\/www.article-marketing.eu\\\/comunicatistampa\\\/luca-dal-fabbro-presenta-la-challenge-di-iren-sulla-sostenibilita-120-idee-da-studenti-di-varie-facolta\\\/#primaryimage\"},\"thumbnailUrl\":\"https:\\\/\\\/www.gruppoiren.it\\\/content\\\/dam\\\/iren\\\/everyday-magazine\\\/iren-news\\\/IMG_0666L%20(1).jpg.transform\\\/1356x1000\\\/47adf48c6bea1ec333ce105297647fcaf540d7b5\\\/img.jpeg\",\"keywords\":[\"Luca Dal Fabbro\"],\"articleSection\":[\"Professionisti\"],\"inLanguage\":\"it-IT\",\"potentialAction\":[{\"@type\":\"CommentAction\",\"name\":\"Comment\",\"target\":[\"https:\\\/\\\/www.article-marketing.eu\\\/comunicatistampa\\\/luca-dal-fabbro-presenta-la-challenge-di-iren-sulla-sostenibilita-120-idee-da-studenti-di-varie-facolta\\\/#respond\"]}]},{\"@type\":\"WebPage\",\"@id\":\"https:\\\/\\\/www.article-marketing.eu\\\/comunicatistampa\\\/luca-dal-fabbro-presenta-la-challenge-di-iren-sulla-sostenibilita-120-idee-da-studenti-di-varie-facolta\\\/\",\"url\":\"https:\\\/\\\/www.article-marketing.eu\\\/comunicatistampa\\\/luca-dal-fabbro-presenta-la-challenge-di-iren-sulla-sostenibilita-120-idee-da-studenti-di-varie-facolta\\\/\",\"name\":\"Luca Dal Fabbro presenta la challenge di Iren sulla sostenibilit\u00e0: \u201c120 idee da studenti di varie facolt\u00e0\u201d\",\"isPartOf\":{\"@id\":\"https:\\\/\\\/www.article-marketing.eu\\\/comunicatistampa\\\/#website\"},\"primaryImageOfPage\":{\"@id\":\"https:\\\/\\\/www.article-marketing.eu\\\/comunicatistampa\\\/luca-dal-fabbro-presenta-la-challenge-di-iren-sulla-sostenibilita-120-idee-da-studenti-di-varie-facolta\\\/#primaryimage\"},\"image\":{\"@id\":\"https:\\\/\\\/www.article-marketing.eu\\\/comunicatistampa\\\/luca-dal-fabbro-presenta-la-challenge-di-iren-sulla-sostenibilita-120-idee-da-studenti-di-varie-facolta\\\/#primaryimage\"},\"thumbnailUrl\":\"https:\\\/\\\/www.gruppoiren.it\\\/content\\\/dam\\\/iren\\\/everyday-magazine\\\/iren-news\\\/IMG_0666L%20(1).jpg.transform\\\/1356x1000\\\/47adf48c6bea1ec333ce105297647fcaf540d7b5\\\/img.jpeg\",\"datePublished\":\"2024-03-09T07:37:00+00:00\",\"author\":{\"@id\":\"https:\\\/\\\/www.article-marketing.eu\\\/comunicatistampa\\\/#\\\/schema\\\/person\\\/2fcaf8f8f3a9eef9eb7f27532d3ca458\"},\"breadcrumb\":{\"@id\":\"https:\\\/\\\/www.article-marketing.eu\\\/comunicatistampa\\\/luca-dal-fabbro-presenta-la-challenge-di-iren-sulla-sostenibilita-120-idee-da-studenti-di-varie-facolta\\\/#breadcrumb\"},\"inLanguage\":\"it-IT\",\"potentialAction\":[{\"@type\":\"ReadAction\",\"target\":[\"https:\\\/\\\/www.article-marketing.eu\\\/comunicatistampa\\\/luca-dal-fabbro-presenta-la-challenge-di-iren-sulla-sostenibilita-120-idee-da-studenti-di-varie-facolta\\\/\"]}]},{\"@type\":\"ImageObject\",\"inLanguage\":\"it-IT\",\"@id\":\"https:\\\/\\\/www.article-marketing.eu\\\/comunicatistampa\\\/luca-dal-fabbro-presenta-la-challenge-di-iren-sulla-sostenibilita-120-idee-da-studenti-di-varie-facolta\\\/#primaryimage\",\"url\":\"https:\\\/\\\/www.gruppoiren.it\\\/content\\\/dam\\\/iren\\\/everyday-magazine\\\/iren-news\\\/IMG_0666L%20(1).jpg.transform\\\/1356x1000\\\/47adf48c6bea1ec333ce105297647fcaf540d7b5\\\/img.jpeg\",\"contentUrl\":\"https:\\\/\\\/www.gruppoiren.it\\\/content\\\/dam\\\/iren\\\/everyday-magazine\\\/iren-news\\\/IMG_0666L%20(1).jpg.transform\\\/1356x1000\\\/47adf48c6bea1ec333ce105297647fcaf540d7b5\\\/img.jpeg\"},{\"@type\":\"BreadcrumbList\",\"@id\":\"https:\\\/\\\/www.article-marketing.eu\\\/comunicatistampa\\\/luca-dal-fabbro-presenta-la-challenge-di-iren-sulla-sostenibilita-120-idee-da-studenti-di-varie-facolta\\\/#breadcrumb\",\"itemListElement\":[{\"@type\":\"ListItem\",\"position\":1,\"name\":\"Home\",\"item\":\"https:\\\/\\\/www.article-marketing.eu\\\/comunicatistampa\\\/\"},{\"@type\":\"ListItem\",\"position\":2,\"name\":\"Luca Dal Fabbro presenta la challenge di Iren sulla sostenibilit\u00e0: \u201c120 idee da studenti di varie facolt\u00e0\u201d\"}]},{\"@type\":\"WebSite\",\"@id\":\"https:\\\/\\\/www.article-marketing.eu\\\/comunicatistampa\\\/#website\",\"url\":\"https:\\\/\\\/www.article-marketing.eu\\\/comunicatistampa\\\/\",\"name\":\"Article Marketing\",\"description\":\"article marketing &amp; press release\",\"potentialAction\":[{\"@type\":\"SearchAction\",\"target\":{\"@type\":\"EntryPoint\",\"urlTemplate\":\"https:\\\/\\\/www.article-marketing.eu\\\/comunicatistampa\\\/?s={search_term_string}\"},\"query-input\":{\"@type\":\"PropertyValueSpecification\",\"valueRequired\":true,\"valueName\":\"search_term_string\"}}],\"inLanguage\":\"it-IT\"},{\"@type\":\"Person\",\"@id\":\"https:\\\/\\\/www.article-marketing.eu\\\/comunicatistampa\\\/#\\\/schema\\\/person\\\/2fcaf8f8f3a9eef9eb7f27532d3ca458\",\"name\":\"articolinews\",\"image\":{\"@type\":\"ImageObject\",\"inLanguage\":\"it-IT\",\"@id\":\"https:\\\/\\\/secure.gravatar.com\\\/avatar\\\/9e2a264bab04e17dea24d937c9956304649a848cb73c46747a692ff1bdeb1cb7?s=96&d=mm&r=g\",\"url\":\"https:\\\/\\\/secure.gravatar.com\\\/avatar\\\/9e2a264bab04e17dea24d937c9956304649a848cb73c46747a692ff1bdeb1cb7?s=96&d=mm&r=g\",\"contentUrl\":\"https:\\\/\\\/secure.gravatar.com\\\/avatar\\\/9e2a264bab04e17dea24d937c9956304649a848cb73c46747a692ff1bdeb1cb7?s=96&d=mm&r=g\",\"caption\":\"articolinews\"},\"url\":\"https:\\\/\\\/www.article-marketing.eu\\\/comunicatistampa\\\/author\\\/articolinews\\\/\"}]}<\/script>\n<!-- \/ Yoast SEO plugin. -->","yoast_head_json":{"title":"Luca Dal Fabbro presenta la challenge di Iren sulla sostenibilit\u00e0: \u201c120 idee da studenti di varie facolt\u00e0\u201d","robots":{"index":"index","follow":"follow","max-snippet":"max-snippet:-1","max-image-preview":"max-image-preview:large","max-video-preview":"max-video-preview:-1"},"canonical":"https:\/\/www.article-marketing.eu\/comunicatistampa\/luca-dal-fabbro-presenta-la-challenge-di-iren-sulla-sostenibilita-120-idee-da-studenti-di-varie-facolta\/","og_locale":"it_IT","og_type":"article","og_title":"Luca Dal Fabbro presenta la challenge di Iren sulla sostenibilit\u00e0: \u201c120 idee da studenti di varie facolt\u00e0\u201d","og_description":"Dare voce alle idee dei giovani sulla sostenibilit\u00e0, perch\u00e9 \u00e8 proprio da loro che parte il cambiamento verso un mondo migliore: cos\u00ec il Presidente Luca Dal Fabbro ha spiegato la filosofia di ESG Challenge 2024, iniziativa promossa da Iren per riaccendere il dibattito sugli aspetti ESG. La crisi economica, infatti, non deve far dimenticare queste priorit\u00e0. Luca Dal Fabbro: \u201c120 tesi di differenti facolt\u00e0, una ricchezza straordinaria di idee perContinue reading...","og_url":"https:\/\/www.article-marketing.eu\/comunicatistampa\/luca-dal-fabbro-presenta-la-challenge-di-iren-sulla-sostenibilita-120-idee-da-studenti-di-varie-facolta\/","og_site_name":"Article Marketing","article_published_time":"2024-03-09T07:37:00+00:00","og_image":[{"url":"https:\/\/www.gruppoiren.it\/content\/dam\/iren\/everyday-magazine\/iren-news\/IMG_0666L%20(1).jpg.transform\/1356x1000\/47adf48c6bea1ec333ce105297647fcaf540d7b5\/img.jpeg","type":"","width":"","height":""}],"author":"articolinews","twitter_card":"summary_large_image","twitter_misc":{"Scritto da":"articolinews","Tempo di lettura stimato":"3 minuti"},"schema":{"@context":"https:\/\/schema.org","@graph":[{"@type":"Article","@id":"https:\/\/www.article-marketing.eu\/comunicatistampa\/luca-dal-fabbro-presenta-la-challenge-di-iren-sulla-sostenibilita-120-idee-da-studenti-di-varie-facolta\/#article","isPartOf":{"@id":"https:\/\/www.article-marketing.eu\/comunicatistampa\/luca-dal-fabbro-presenta-la-challenge-di-iren-sulla-sostenibilita-120-idee-da-studenti-di-varie-facolta\/"},"author":{"name":"articolinews","@id":"https:\/\/www.article-marketing.eu\/comunicatistampa\/#\/schema\/person\/2fcaf8f8f3a9eef9eb7f27532d3ca458"},"headline":"Luca Dal Fabbro presenta la challenge di Iren sulla sostenibilit\u00e0: \u201c120 idee da studenti di varie facolt\u00e0\u201d","datePublished":"2024-03-09T07:37:00+00:00","mainEntityOfPage":{"@id":"https:\/\/www.article-marketing.eu\/comunicatistampa\/luca-dal-fabbro-presenta-la-challenge-di-iren-sulla-sostenibilita-120-idee-da-studenti-di-varie-facolta\/"},"wordCount":370,"commentCount":0,"image":{"@id":"https:\/\/www.article-marketing.eu\/comunicatistampa\/luca-dal-fabbro-presenta-la-challenge-di-iren-sulla-sostenibilita-120-idee-da-studenti-di-varie-facolta\/#primaryimage"},"thumbnailUrl":"https:\/\/www.gruppoiren.it\/content\/dam\/iren\/everyday-magazine\/iren-news\/IMG_0666L%20(1).jpg.transform\/1356x1000\/47adf48c6bea1ec333ce105297647fcaf540d7b5\/img.jpeg","keywords":["Luca Dal Fabbro"],"articleSection":["Professionisti"],"inLanguage":"it-IT","potentialAction":[{"@type":"CommentAction","name":"Comment","target":["https:\/\/www.article-marketing.eu\/comunicatistampa\/luca-dal-fabbro-presenta-la-challenge-di-iren-sulla-sostenibilita-120-idee-da-studenti-di-varie-facolta\/#respond"]}]},{"@type":"WebPage","@id":"https:\/\/www.article-marketing.eu\/comunicatistampa\/luca-dal-fabbro-presenta-la-challenge-di-iren-sulla-sostenibilita-120-idee-da-studenti-di-varie-facolta\/","url":"https:\/\/www.article-marketing.eu\/comunicatistampa\/luca-dal-fabbro-presenta-la-challenge-di-iren-sulla-sostenibilita-120-idee-da-studenti-di-varie-facolta\/","name":"Luca Dal Fabbro presenta la challenge di Iren sulla sostenibilit\u00e0: \u201c120 idee da studenti di varie facolt\u00e0\u201d","isPartOf":{"@id":"https:\/\/www.article-marketing.eu\/comunicatistampa\/#website"},"primaryImageOfPage":{"@id":"https:\/\/www.article-marketing.eu\/comunicatistampa\/luca-dal-fabbro-presenta-la-challenge-di-iren-sulla-sostenibilita-120-idee-da-studenti-di-varie-facolta\/#primaryimage"},"image":{"@id":"https:\/\/www.article-marketing.eu\/comunicatistampa\/luca-dal-fabbro-presenta-la-challenge-di-iren-sulla-sostenibilita-120-idee-da-studenti-di-varie-facolta\/#primaryimage"},"thumbnailUrl":"https:\/\/www.gruppoiren.it\/content\/dam\/iren\/everyday-magazine\/iren-news\/IMG_0666L%20(1).jpg.transform\/1356x1000\/47adf48c6bea1ec333ce105297647fcaf540d7b5\/img.jpeg","datePublished":"2024-03-09T07:37:00+00:00","author":{"@id":"https:\/\/www.article-marketing.eu\/comunicatistampa\/#\/schema\/person\/2fcaf8f8f3a9eef9eb7f27532d3ca458"},"breadcrumb":{"@id":"https:\/\/www.article-marketing.eu\/comunicatistampa\/luca-dal-fabbro-presenta-la-challenge-di-iren-sulla-sostenibilita-120-idee-da-studenti-di-varie-facolta\/#breadcrumb"},"inLanguage":"it-IT","potentialAction":[{"@type":"ReadAction","target":["https:\/\/www.article-marketing.eu\/comunicatistampa\/luca-dal-fabbro-presenta-la-challenge-di-iren-sulla-sostenibilita-120-idee-da-studenti-di-varie-facolta\/"]}]},{"@type":"ImageObject","inLanguage":"it-IT","@id":"https:\/\/www.article-marketing.eu\/comunicatistampa\/luca-dal-fabbro-presenta-la-challenge-di-iren-sulla-sostenibilita-120-idee-da-studenti-di-varie-facolta\/#primaryimage","url":"https:\/\/www.gruppoiren.it\/content\/dam\/iren\/everyday-magazine\/iren-news\/IMG_0666L%20(1).jpg.transform\/1356x1000\/47adf48c6bea1ec333ce105297647fcaf540d7b5\/img.jpeg","contentUrl":"https:\/\/www.gruppoiren.it\/content\/dam\/iren\/everyday-magazine\/iren-news\/IMG_0666L%20(1).jpg.transform\/1356x1000\/47adf48c6bea1ec333ce105297647fcaf540d7b5\/img.jpeg"},{"@type":"BreadcrumbList","@id":"https:\/\/www.article-marketing.eu\/comunicatistampa\/luca-dal-fabbro-presenta-la-challenge-di-iren-sulla-sostenibilita-120-idee-da-studenti-di-varie-facolta\/#breadcrumb","itemListElement":[{"@type":"ListItem","position":1,"name":"Home","item":"https:\/\/www.article-marketing.eu\/comunicatistampa\/"},{"@type":"ListItem","position":2,"name":"Luca Dal Fabbro presenta la challenge di Iren sulla sostenibilit\u00e0: \u201c120 idee da studenti di varie facolt\u00e0\u201d"}]},{"@type":"WebSite","@id":"https:\/\/www.article-marketing.eu\/comunicatistampa\/#website","url":"https:\/\/www.article-marketing.eu\/comunicatistampa\/","name":"Article Marketing","description":"article marketing &amp; press release","potentialAction":[{"@type":"SearchAction","target":{"@type":"EntryPoint","urlTemplate":"https:\/\/www.article-marketing.eu\/comunicatistampa\/?s={search_term_string}"},"query-input":{"@type":"PropertyValueSpecification","valueRequired":true,"valueName":"search_term_string"}}],"inLanguage":"it-IT"},{"@type":"Person","@id":"https:\/\/www.article-marketing.eu\/comunicatistampa\/#\/schema\/person\/2fcaf8f8f3a9eef9eb7f27532d3ca458","name":"articolinews","image":{"@type":"ImageObject","inLanguage":"it-IT","@id":"https:\/\/secure.gravatar.com\/avatar\/9e2a264bab04e17dea24d937c9956304649a848cb73c46747a692ff1bdeb1cb7?s=96&d=mm&r=g","url":"https:\/\/secure.gravatar.com\/avatar\/9e2a264bab04e17dea24d937c9956304649a848cb73c46747a692ff1bdeb1cb7?s=96&d=mm&r=g","contentUrl":"https:\/\/secure.gravatar.com\/avatar\/9e2a264bab04e17dea24d937c9956304649a848cb73c46747a692ff1bdeb1cb7?s=96&d=mm&r=g","caption":"articolinews"},"url":"https:\/\/www.article-marketing.eu\/comunicatistampa\/author\/articolinews\/"}]}},"_links":{"self":[{"href":"https:\/\/www.article-marketing.eu\/comunicatistampa\/wp-json\/wp\/v2\/posts\/29779","targetHints":{"allow":["GET"]}}],"collection":[{"href":"https:\/\/www.article-marketing.eu\/comunicatistampa\/wp-json\/wp\/v2\/posts"}],"about":[{"href":"https:\/\/www.article-marketing.eu\/comunicatistampa\/wp-json\/wp\/v2\/types\/post"}],"author":[{"embeddable":true,"href":"https:\/\/www.article-marketing.eu\/comunicatistampa\/wp-json\/wp\/v2\/users\/6477"}],"replies":[{"embeddable":true,"href":"https:\/\/www.article-marketing.eu\/comunicatistampa\/wp-json\/wp\/v2\/comments?post=29779"}],"version-history":[{"count":2,"href":"https:\/\/www.article-marketing.eu\/comunicatistampa\/wp-json\/wp\/v2\/posts\/29779\/revisions"}],"predecessor-version":[{"id":30001,"href":"https:\/\/www.article-marketing.eu\/comunicatistampa\/wp-json\/wp\/v2\/posts\/29779\/revisions\/30001"}],"wp:attachment":[{"href":"https:\/\/www.article-marketing.eu\/comunicatistampa\/wp-json\/wp\/v2\/media?parent=29779"}],"wp:term":[{"taxonomy":"category","embeddable":true,"href":"https:\/\/www.article-marketing.eu\/comunicatistampa\/wp-json\/wp\/v2\/categories?post=29779"},{"taxonomy":"post_tag","embeddable":true,"href":"https:\/\/www.article-marketing.eu\/comunicatistampa\/wp-json\/wp\/v2\/tags?post=29779"}],"curies":[{"name":"wp","href":"https:\/\/api.w.org\/{rel}","templated":true}]}}