{"id":29793,"date":"2024-03-09T07:27:11","date_gmt":"2024-03-09T06:27:11","guid":{"rendered":"https:\/\/www.article-marketing.eu\/comunicatistampa\/?p=29793"},"modified":"2024-03-05T23:50:19","modified_gmt":"2024-03-05T22:50:19","slug":"il-carcere-un-luogo-di-riabilitazione-e-non-di-afflizione","status":"publish","type":"post","link":"https:\/\/www.article-marketing.eu\/comunicatistampa\/il-carcere-un-luogo-di-riabilitazione-e-non-di-afflizione\/","title":{"rendered":"Il carcere un luogo di riabilitazione e non di afflizione"},"content":{"rendered":"<p>Il pregiudizio e la non conoscenza sono gli elementi cardine che caratterizzano il giudizio di valore che solitamente esprimiamo quando ci riferiamo ad un detenuto o ex-detenuto. Il punto di partenza per una conoscenza essenziale dei principi fondamentali della nostra Carta Costituzionale \u00e8 l\u2019art. 27 che, al secondo comma recita: \u201c<em>Le pene non possono consistere in trattamenti contrari al senso di umanit\u00e0 e devono tendere alla rieducazione del condannato<\/em>\u201d. <strong>Rieducare un condannato non \u00e8 soltanto un atto di rispetto della dignit\u00e0 del detenuto, ma anche un atto utile alla societ\u00e0 civile<\/strong>. Tutti hanno interesse a vivere in una comunit\u00e0 sana, dove non si commettano reati.<\/p>\n<p>Escludendo dal piano di osservazione i delitti soggetti all\u2019applicazione dell\u2019art. 41 bis e le quelli riferiti alle associazioni per delinquere in generale, la conoscenza della storia personale di ogni detenuto ci mette in contatto con una realt\u00e0 che ci evidenzia come quella persona, nel tempo, sia arrivata al reato. Ciascuno di loro \u00e8 calato in un tessuto sociale nel quale, ad un certo punto, si \u00e8 creato uno strappo. Talvolta fare rete intorno a quella persona, pu\u00f2 rappresentare il deterrente per evitare il crimine.<\/p>\n<p>Nel <a href=\"https:\/\/ilblogdigio.it\/ascolto-solidarieta-e-rete-sociale-nel-libro-di-giovanna-di-francia\/\"><strong>libro di Giovanna Di Francia \u201cAnche in Carcere viene Natale\u201d<\/strong><\/a>, sono raccontate le <strong>storie di alcune persone recluse nella Casa Circondariale Femminile di Pozzuoli (NA)<\/strong>. La storia di Nan\u00e0, condannata per Bancarotta Fraudolenta, di Loretta, giovane donna escort, di Lorenzo, un ragazzo transgender e di tanti altri, ci avvicinano a questo oscuro mondo. Il carcere femminile di Pozzuoli \u00e8 un piccolo mondo a s\u00e9 inserito nella realt\u00e0 cittadina. <strong>Il tempo scorre lento, inesorabile. Per ogni persona detenuta \u00e8 un tempo prezioso perch\u00e9 rappresenta l\u2019attesa per la riconquista della libert\u00e0<\/strong>: \u00e8 lo scopo per il quale ogni giorno si affrontano i patimenti e il dolore per la lontananza dai propri affetti.<\/p>\n<h2>Le attivit\u00e0 riabilitative che si svolgono nel Carcere Femminile di Pozzuoli<\/h2>\n<p>Per citare solo alcune delle attivit\u00e0 che si svolgono nella Casa Circondariale Femminile di Pozzuoli, allo scopo di riabilitare i detenuti, ci sono tanti progetti, alcuni dei quali sono divenuti ormai il fiore all\u2019occhiello delle <strong>attivit\u00e0 trattamentali finanziate dal Progetto d\u2019Istituto<\/strong> e che da anni coinvolgono le persone recluse: <strong>pizzaiolo, pasticciere e cartonnage<\/strong>. L\u2019obiettivo dei corsi \u00e8 lo stesso: fornire, a quanti vi hanno preso parte, competenze di base spendibili una volta usciti dal carcere per il loro reinserimento in societ\u00e0 e nel lavoro, ma anche quello di far sentire a ciascuno di loro la bellezza del creare e di far apprezzare dagli altri le proprie creazioni.<\/p>\n<p>Il corso di Pizzeria che si \u00e8 svolto nel 2020, \u00e8 stato condotto dall\u2019<strong>Ass.ne Generazione Libera di Caserta<\/strong> con il <strong>maestro pizzaiolo Giuseppe Scagliarini<\/strong>, mentre quello di pasticceria da <strong>Antonietta D\u2019Amora di Castellammare di Stabia<\/strong>. Entrambi i docenti hanno cercato di trasmettere i segreti del mestiere, la tecnica, gli equilibri degli ingredienti, la manualit\u00e0 ma soprattutto la passione che sono alla base di questi mestieri. Entrambi i corsi hanno avuto la durata di circa 33 ore per complessive quindici donne, impegnate in attivit\u00e0 teorico-pratiche per due volte la settimana per ciascun corso.<\/p>\n<p>Durante i corsi sono state realizzate pizze, tassativamente cotte nel forno a legna, dolci e cioccolatini che venivano poi distribuiti per la degustazione alle persone detenute e al personale. Il forno \u00e8 stato donato dall\u2019allora Garante dei detenuti, dott.ssa Adriana Tocco, scomparsa qualche anno fa, e da Malaz\u00e8, associazione impegnata nella valorizzazione del territorio dei Campi Flegrei.<\/p>\n<p>A chiudere il cerchio dell\u2019eccellenza di Pozzuoli \u00e8 il laboratorio di cartonnage condotto dal <strong>maestro artigiano Flavio Aquilina<\/strong> la cui capacit\u00e0 di trasmettere la tecnica e le nozioni di questa arte sono state accolte dalle donne con entusiasmo e meraviglia per i risultati che ogni giorno riescono ad ottenere.<\/p>\n","protected":false},"excerpt":{"rendered":"<p>Il pregiudizio e la non conoscenza sono gli elementi cardine che caratterizzano il giudizio di valore che solitamente esprimiamo quando ci riferiamo ad un detenuto o ex-detenuto. Il punto di partenza per una conoscenza essenziale dei principi fondamentali della nostra Carta Costituzionale \u00e8 l\u2019art. 27 che, al secondo comma recita: \u201cLe pene non possono consistere in trattamenti contrari al senso di umanit\u00e0 e devono tendere alla rieducazione del condannato\u201d. Rieducare<\/p>\n<p><a class=\"continue-reading\" href=\"https:\/\/www.article-marketing.eu\/comunicatistampa\/il-carcere-un-luogo-di-riabilitazione-e-non-di-afflizione\/\">Continue reading&#8230;<\/a><\/p>\n","protected":false},"author":5665,"featured_media":0,"comment_status":"open","ping_status":"open","sticky":false,"template":"","format":"standard","meta":{"_monsterinsights_skip_tracking":false,"_monsterinsights_sitenote_active":false,"_monsterinsights_sitenote_note":"","_monsterinsights_sitenote_category":0,"footnotes":""},"categories":[407],"tags":[11009,11008,11011,11010,11013,11012,11007],"class_list":["post-29793","post","type-post","status-publish","format-standard","hentry","category-arte-e-cultura","tag-carcere","tag-casa-circondariale-femminile-di-pozzuoli","tag-detenuti","tag-detenuto","tag-libro-anche-in-carcere-viene-natale","tag-persone-detenute","tag-riabilitazione-dei-detenuti-in-carcere"],"yoast_head":"<!-- This site is optimized with the Yoast SEO plugin v27.3 - https:\/\/yoast.com\/product\/yoast-seo-wordpress\/ -->\n<title>Il carcere un luogo di riabilitazione e non di afflizione - Article Marketing<\/title>\n<meta name=\"description\" content=\"Scopri come il carcere pu\u00f2 diventare per i detenuti un luogo di rieducazione, speranza e riscatto sociale.\" \/>\n<meta name=\"robots\" content=\"index, follow, max-snippet:-1, max-image-preview:large, max-video-preview:-1\" \/>\n<link rel=\"canonical\" href=\"https:\/\/www.article-marketing.eu\/comunicatistampa\/il-carcere-un-luogo-di-riabilitazione-e-non-di-afflizione\/\" \/>\n<meta property=\"og:locale\" content=\"it_IT\" \/>\n<meta property=\"og:type\" content=\"article\" \/>\n<meta property=\"og:title\" content=\"Riscatto sociale attraverso la riabilitazione carceraria\" \/>\n<meta property=\"og:description\" content=\"La riabilitazione in carcere: un&#039;opportunit\u00e0 per i detenuti di riscoprire s\u00e9 stessi e contribuire alla societ\u00e0.\" \/>\n<meta property=\"og:url\" content=\"https:\/\/www.article-marketing.eu\/comunicatistampa\/il-carcere-un-luogo-di-riabilitazione-e-non-di-afflizione\/\" \/>\n<meta property=\"og:site_name\" content=\"Article Marketing\" \/>\n<meta property=\"article:published_time\" content=\"2024-03-09T06:27:11+00:00\" \/>\n<meta name=\"author\" content=\"Alino35\" \/>\n<meta name=\"twitter:card\" content=\"summary_large_image\" \/>\n<meta name=\"twitter:title\" content=\"Il carcere un luogo di riabilitazione e non di afflizione\" \/>\n<meta name=\"twitter:description\" content=\"Scopri come il carcere pu\u00f2 diventare per i detenuti un luogo di rieducazione, speranza e riscatto sociale.\" \/>\n<meta name=\"twitter:label1\" content=\"Scritto da\" \/>\n\t<meta name=\"twitter:data1\" content=\"Alino35\" \/>\n\t<meta name=\"twitter:label2\" content=\"Tempo di lettura stimato\" \/>\n\t<meta name=\"twitter:data2\" content=\"4 minuti\" \/>\n<script type=\"application\/ld+json\" class=\"yoast-schema-graph\">{\"@context\":\"https:\\\/\\\/schema.org\",\"@graph\":[{\"@type\":\"Article\",\"@id\":\"https:\\\/\\\/www.article-marketing.eu\\\/comunicatistampa\\\/il-carcere-un-luogo-di-riabilitazione-e-non-di-afflizione\\\/#article\",\"isPartOf\":{\"@id\":\"https:\\\/\\\/www.article-marketing.eu\\\/comunicatistampa\\\/il-carcere-un-luogo-di-riabilitazione-e-non-di-afflizione\\\/\"},\"author\":{\"name\":\"Alino35\",\"@id\":\"https:\\\/\\\/www.article-marketing.eu\\\/comunicatistampa\\\/#\\\/schema\\\/person\\\/8aaf6f19e6792cc7669b58f546fd2170\"},\"headline\":\"Il carcere un luogo di riabilitazione e non di afflizione\",\"datePublished\":\"2024-03-09T06:27:11+00:00\",\"mainEntityOfPage\":{\"@id\":\"https:\\\/\\\/www.article-marketing.eu\\\/comunicatistampa\\\/il-carcere-un-luogo-di-riabilitazione-e-non-di-afflizione\\\/\"},\"wordCount\":623,\"commentCount\":0,\"keywords\":[\"carcere\",\"Casa Circondariale Femminile di Pozzuoli\",\"detenuti\",\"detenuto\",\"libro Anche in Carcere viene Natale\",\"persone detenute\",\"riabilitazione dei detenuti in carcere\"],\"articleSection\":[\"Arte e cultura\"],\"inLanguage\":\"it-IT\",\"potentialAction\":[{\"@type\":\"CommentAction\",\"name\":\"Comment\",\"target\":[\"https:\\\/\\\/www.article-marketing.eu\\\/comunicatistampa\\\/il-carcere-un-luogo-di-riabilitazione-e-non-di-afflizione\\\/#respond\"]}]},{\"@type\":\"WebPage\",\"@id\":\"https:\\\/\\\/www.article-marketing.eu\\\/comunicatistampa\\\/il-carcere-un-luogo-di-riabilitazione-e-non-di-afflizione\\\/\",\"url\":\"https:\\\/\\\/www.article-marketing.eu\\\/comunicatistampa\\\/il-carcere-un-luogo-di-riabilitazione-e-non-di-afflizione\\\/\",\"name\":\"Il carcere un luogo di riabilitazione e non di afflizione - Article Marketing\",\"isPartOf\":{\"@id\":\"https:\\\/\\\/www.article-marketing.eu\\\/comunicatistampa\\\/#website\"},\"datePublished\":\"2024-03-09T06:27:11+00:00\",\"author\":{\"@id\":\"https:\\\/\\\/www.article-marketing.eu\\\/comunicatistampa\\\/#\\\/schema\\\/person\\\/8aaf6f19e6792cc7669b58f546fd2170\"},\"description\":\"Scopri come il carcere pu\u00f2 diventare per i detenuti un luogo di rieducazione, speranza e riscatto sociale.\",\"breadcrumb\":{\"@id\":\"https:\\\/\\\/www.article-marketing.eu\\\/comunicatistampa\\\/il-carcere-un-luogo-di-riabilitazione-e-non-di-afflizione\\\/#breadcrumb\"},\"inLanguage\":\"it-IT\",\"potentialAction\":[{\"@type\":\"ReadAction\",\"target\":[\"https:\\\/\\\/www.article-marketing.eu\\\/comunicatistampa\\\/il-carcere-un-luogo-di-riabilitazione-e-non-di-afflizione\\\/\"]}]},{\"@type\":\"BreadcrumbList\",\"@id\":\"https:\\\/\\\/www.article-marketing.eu\\\/comunicatistampa\\\/il-carcere-un-luogo-di-riabilitazione-e-non-di-afflizione\\\/#breadcrumb\",\"itemListElement\":[{\"@type\":\"ListItem\",\"position\":1,\"name\":\"Home\",\"item\":\"https:\\\/\\\/www.article-marketing.eu\\\/comunicatistampa\\\/\"},{\"@type\":\"ListItem\",\"position\":2,\"name\":\"Il carcere un luogo di riabilitazione e non di afflizione\"}]},{\"@type\":\"WebSite\",\"@id\":\"https:\\\/\\\/www.article-marketing.eu\\\/comunicatistampa\\\/#website\",\"url\":\"https:\\\/\\\/www.article-marketing.eu\\\/comunicatistampa\\\/\",\"name\":\"Article Marketing\",\"description\":\"article marketing &amp; press release\",\"potentialAction\":[{\"@type\":\"SearchAction\",\"target\":{\"@type\":\"EntryPoint\",\"urlTemplate\":\"https:\\\/\\\/www.article-marketing.eu\\\/comunicatistampa\\\/?s={search_term_string}\"},\"query-input\":{\"@type\":\"PropertyValueSpecification\",\"valueRequired\":true,\"valueName\":\"search_term_string\"}}],\"inLanguage\":\"it-IT\"},{\"@type\":\"Person\",\"@id\":\"https:\\\/\\\/www.article-marketing.eu\\\/comunicatistampa\\\/#\\\/schema\\\/person\\\/8aaf6f19e6792cc7669b58f546fd2170\",\"name\":\"Alino35\",\"image\":{\"@type\":\"ImageObject\",\"inLanguage\":\"it-IT\",\"@id\":\"https:\\\/\\\/secure.gravatar.com\\\/avatar\\\/773491e65e0634f300fd4d0b195ad752beadf50ffb09f7eb1f51f9ce6c98a928?s=96&d=mm&r=g\",\"url\":\"https:\\\/\\\/secure.gravatar.com\\\/avatar\\\/773491e65e0634f300fd4d0b195ad752beadf50ffb09f7eb1f51f9ce6c98a928?s=96&d=mm&r=g\",\"contentUrl\":\"https:\\\/\\\/secure.gravatar.com\\\/avatar\\\/773491e65e0634f300fd4d0b195ad752beadf50ffb09f7eb1f51f9ce6c98a928?s=96&d=mm&r=g\",\"caption\":\"Alino35\"},\"sameAs\":[\"https:\\\/\\\/www.web-napoli.it\\\/\"],\"url\":\"https:\\\/\\\/www.article-marketing.eu\\\/comunicatistampa\\\/author\\\/amicisanveronicagiuliani\\\/\"}]}<\/script>\n<!-- \/ Yoast SEO plugin. -->","yoast_head_json":{"title":"Il carcere un luogo di riabilitazione e non di afflizione - Article Marketing","description":"Scopri come il carcere pu\u00f2 diventare per i detenuti un luogo di rieducazione, speranza e riscatto sociale.","robots":{"index":"index","follow":"follow","max-snippet":"max-snippet:-1","max-image-preview":"max-image-preview:large","max-video-preview":"max-video-preview:-1"},"canonical":"https:\/\/www.article-marketing.eu\/comunicatistampa\/il-carcere-un-luogo-di-riabilitazione-e-non-di-afflizione\/","og_locale":"it_IT","og_type":"article","og_title":"Riscatto sociale attraverso la riabilitazione carceraria","og_description":"La riabilitazione in carcere: un'opportunit\u00e0 per i detenuti di riscoprire s\u00e9 stessi e contribuire alla societ\u00e0.","og_url":"https:\/\/www.article-marketing.eu\/comunicatistampa\/il-carcere-un-luogo-di-riabilitazione-e-non-di-afflizione\/","og_site_name":"Article Marketing","article_published_time":"2024-03-09T06:27:11+00:00","author":"Alino35","twitter_card":"summary_large_image","twitter_title":"Il carcere un luogo di riabilitazione e non di afflizione","twitter_description":"Scopri come il carcere pu\u00f2 diventare per i detenuti un luogo di rieducazione, speranza e riscatto sociale.","twitter_misc":{"Scritto da":"Alino35","Tempo di lettura stimato":"4 minuti"},"schema":{"@context":"https:\/\/schema.org","@graph":[{"@type":"Article","@id":"https:\/\/www.article-marketing.eu\/comunicatistampa\/il-carcere-un-luogo-di-riabilitazione-e-non-di-afflizione\/#article","isPartOf":{"@id":"https:\/\/www.article-marketing.eu\/comunicatistampa\/il-carcere-un-luogo-di-riabilitazione-e-non-di-afflizione\/"},"author":{"name":"Alino35","@id":"https:\/\/www.article-marketing.eu\/comunicatistampa\/#\/schema\/person\/8aaf6f19e6792cc7669b58f546fd2170"},"headline":"Il carcere un luogo di riabilitazione e non di afflizione","datePublished":"2024-03-09T06:27:11+00:00","mainEntityOfPage":{"@id":"https:\/\/www.article-marketing.eu\/comunicatistampa\/il-carcere-un-luogo-di-riabilitazione-e-non-di-afflizione\/"},"wordCount":623,"commentCount":0,"keywords":["carcere","Casa Circondariale Femminile di Pozzuoli","detenuti","detenuto","libro Anche in Carcere viene Natale","persone detenute","riabilitazione dei detenuti in carcere"],"articleSection":["Arte e cultura"],"inLanguage":"it-IT","potentialAction":[{"@type":"CommentAction","name":"Comment","target":["https:\/\/www.article-marketing.eu\/comunicatistampa\/il-carcere-un-luogo-di-riabilitazione-e-non-di-afflizione\/#respond"]}]},{"@type":"WebPage","@id":"https:\/\/www.article-marketing.eu\/comunicatistampa\/il-carcere-un-luogo-di-riabilitazione-e-non-di-afflizione\/","url":"https:\/\/www.article-marketing.eu\/comunicatistampa\/il-carcere-un-luogo-di-riabilitazione-e-non-di-afflizione\/","name":"Il carcere un luogo di riabilitazione e non di afflizione - Article Marketing","isPartOf":{"@id":"https:\/\/www.article-marketing.eu\/comunicatistampa\/#website"},"datePublished":"2024-03-09T06:27:11+00:00","author":{"@id":"https:\/\/www.article-marketing.eu\/comunicatistampa\/#\/schema\/person\/8aaf6f19e6792cc7669b58f546fd2170"},"description":"Scopri come il carcere pu\u00f2 diventare per i detenuti un luogo di rieducazione, speranza e riscatto sociale.","breadcrumb":{"@id":"https:\/\/www.article-marketing.eu\/comunicatistampa\/il-carcere-un-luogo-di-riabilitazione-e-non-di-afflizione\/#breadcrumb"},"inLanguage":"it-IT","potentialAction":[{"@type":"ReadAction","target":["https:\/\/www.article-marketing.eu\/comunicatistampa\/il-carcere-un-luogo-di-riabilitazione-e-non-di-afflizione\/"]}]},{"@type":"BreadcrumbList","@id":"https:\/\/www.article-marketing.eu\/comunicatistampa\/il-carcere-un-luogo-di-riabilitazione-e-non-di-afflizione\/#breadcrumb","itemListElement":[{"@type":"ListItem","position":1,"name":"Home","item":"https:\/\/www.article-marketing.eu\/comunicatistampa\/"},{"@type":"ListItem","position":2,"name":"Il carcere un luogo di riabilitazione e non di afflizione"}]},{"@type":"WebSite","@id":"https:\/\/www.article-marketing.eu\/comunicatistampa\/#website","url":"https:\/\/www.article-marketing.eu\/comunicatistampa\/","name":"Article Marketing","description":"article marketing &amp; press release","potentialAction":[{"@type":"SearchAction","target":{"@type":"EntryPoint","urlTemplate":"https:\/\/www.article-marketing.eu\/comunicatistampa\/?s={search_term_string}"},"query-input":{"@type":"PropertyValueSpecification","valueRequired":true,"valueName":"search_term_string"}}],"inLanguage":"it-IT"},{"@type":"Person","@id":"https:\/\/www.article-marketing.eu\/comunicatistampa\/#\/schema\/person\/8aaf6f19e6792cc7669b58f546fd2170","name":"Alino35","image":{"@type":"ImageObject","inLanguage":"it-IT","@id":"https:\/\/secure.gravatar.com\/avatar\/773491e65e0634f300fd4d0b195ad752beadf50ffb09f7eb1f51f9ce6c98a928?s=96&d=mm&r=g","url":"https:\/\/secure.gravatar.com\/avatar\/773491e65e0634f300fd4d0b195ad752beadf50ffb09f7eb1f51f9ce6c98a928?s=96&d=mm&r=g","contentUrl":"https:\/\/secure.gravatar.com\/avatar\/773491e65e0634f300fd4d0b195ad752beadf50ffb09f7eb1f51f9ce6c98a928?s=96&d=mm&r=g","caption":"Alino35"},"sameAs":["https:\/\/www.web-napoli.it\/"],"url":"https:\/\/www.article-marketing.eu\/comunicatistampa\/author\/amicisanveronicagiuliani\/"}]}},"_links":{"self":[{"href":"https:\/\/www.article-marketing.eu\/comunicatistampa\/wp-json\/wp\/v2\/posts\/29793","targetHints":{"allow":["GET"]}}],"collection":[{"href":"https:\/\/www.article-marketing.eu\/comunicatistampa\/wp-json\/wp\/v2\/posts"}],"about":[{"href":"https:\/\/www.article-marketing.eu\/comunicatistampa\/wp-json\/wp\/v2\/types\/post"}],"author":[{"embeddable":true,"href":"https:\/\/www.article-marketing.eu\/comunicatistampa\/wp-json\/wp\/v2\/users\/5665"}],"replies":[{"embeddable":true,"href":"https:\/\/www.article-marketing.eu\/comunicatistampa\/wp-json\/wp\/v2\/comments?post=29793"}],"version-history":[{"count":2,"href":"https:\/\/www.article-marketing.eu\/comunicatistampa\/wp-json\/wp\/v2\/posts\/29793\/revisions"}],"predecessor-version":[{"id":29996,"href":"https:\/\/www.article-marketing.eu\/comunicatistampa\/wp-json\/wp\/v2\/posts\/29793\/revisions\/29996"}],"wp:attachment":[{"href":"https:\/\/www.article-marketing.eu\/comunicatistampa\/wp-json\/wp\/v2\/media?parent=29793"}],"wp:term":[{"taxonomy":"category","embeddable":true,"href":"https:\/\/www.article-marketing.eu\/comunicatistampa\/wp-json\/wp\/v2\/categories?post=29793"},{"taxonomy":"post_tag","embeddable":true,"href":"https:\/\/www.article-marketing.eu\/comunicatistampa\/wp-json\/wp\/v2\/tags?post=29793"}],"curies":[{"name":"wp","href":"https:\/\/api.w.org\/{rel}","templated":true}]}}