{"id":29797,"date":"2024-03-10T07:42:31","date_gmt":"2024-03-10T06:42:31","guid":{"rendered":"https:\/\/www.article-marketing.eu\/comunicatistampa\/?p=29797"},"modified":"2024-09-17T19:51:25","modified_gmt":"2024-09-17T17:51:25","slug":"diario-di-volo-il-libro-di-paolo-gallo-tra-esperienza-professionale-e-sguardo-al-futuro","status":"publish","type":"post","link":"https:\/\/www.article-marketing.eu\/comunicatistampa\/diario-di-volo-il-libro-di-paolo-gallo-tra-esperienza-professionale-e-sguardo-al-futuro\/","title":{"rendered":"\u201cDiario di volo\u201d: il libro di Paolo Gallo tra esperienza professionale e sguardo al futuro"},"content":{"rendered":"<p><strong><em><a title=\"Paolo Gallo autore del libro &quot;Diario di volo&quot;\" href=\"https:\/\/www.diariodivolo.it\/\">Paolo Gallo<\/a>, autore del libro \u201cDiario di volo\u201d e dal 2016 alla guida di Italgas in qualit\u00e0 di Amministratore Delegato, si occupa di energia, sostenibilit\u00e0 e innovazione dal 1997.<\/em><\/strong><\/p>\n<p><a title=\"Il libro di Paolo Gallo &quot;Diario di volo&quot;\" href=\"https:\/\/www.diariodivolo.it\/\"><img loading=\"lazy\" decoding=\"async\" src=\"https:\/\/www.riflettorisu.it\/wp-content\/uploads\/2022\/04\/paolo-gallo.jpg\" alt=\"Paolo Gallo\" width=\"300\" height=\"200\" \/><\/a><\/p>\n<h2>Paolo Gallo: il \u201cDiario di volo\u201d della transizione energetica<\/h2>\n<p>\u201cDiario di volo. Come guidare la trasformazione digitale tra innovazione e sostenibilit\u00e0\u201d: questo il titolo del libro edito da Luiss University Press e scritto da <strong>Paolo Gallo<\/strong>. L\u2019autore racconta il lavoro svolto dal 2016 in Italgas, un percorso basato sulla sostenibilit\u00e0, l\u2019innovazione e la transizione ecologica. Ogni capitolo rappresenta un concetto chiave, un elemento imprescindibile nel pi\u00f9 grande quadro verso la transizione: il progresso, il green deal, la sostenibilit\u00e0, la digitalizzazione, ma anche le persone, i processi, il network, le prospettive del futuro. Il libro di <strong>Paolo Gallo<\/strong> evidenzia sia la lungimiranza del lavoro svolto in Italgas, che gi\u00e0 prima dello scoppio della pandemia puntava sulla digitalizzazione e il lavoro da remoto, sia come questo processo verso la transizione sia un percorso in continuo divenire. Le riflessioni contenute nel libro hanno preso forma mese dopo mese, dando vita a progetti concreti e misurabili di cui si colgono gi\u00e0 i risultati. La vision espressa da <strong>Paolo Gallo<\/strong> era e resta lungimirante: \u201cDiario di volo\u201d \u00e8 la base per comprendere il cambiamento, capire a che punto siamo arrivati e dove stiamo andando.<\/p>\n<h2>Paolo Gallo: l\u2019esperienza dell\u2019AD di Italgas<\/h2>\n<p>\u201c<em>Le persone hanno bisogno di essere stimolate e ispirate, di ricevere feedback sul loro percorso e i traguardi raggiunti<\/em>\u201d: solo uscendo dalla comfort zone si pu\u00f2 arrivare a nuovi, pregevoli risultati, camminando verso un futuro pi\u00f9 consapevole, pi\u00f9 sicuro, pi\u00f9 green. Cos\u00ec spiega la sua vision <a title=\"Paolo Gallo: l'AD di Italgas scrive il libro &quot;Diario di volo&quot;\" href=\"https:\/\/www.diariodivolo.it\/\"><strong>Paolo Gallo<\/strong><\/a> nel libro \u201cDiario di volo. Come guidare la trasformazione digitale tra innovazione e sostenibilit\u00e0\u201d. Amministratore Delegato di Italgas dal 2016, il manager inizia la sua esperienza professionale in Fiat Avio S.p.A. nel 1988 e racchiude gran parte dei capisaldi della sua vision nei vari capitoli che compongono il libro. Dal 1997 <strong>Paolo Gallo<\/strong> si occupa di energia, sostenibilit\u00e0, nuove tecnologie e cura verso le persone. Il volume prende le mosse dagli studi di Ingegneria Aeronautica presso il Politecnico di Torino (da qui il concetto di \u201cDiario di volo\u201d), spazia poi liberamente tra le varie esperienze vissute in ambito professionale, senza trascurare aneddoti pi\u00f9 personali. \u201c<em>Credo nel potere dell\u2019innovazione e sostengo la digitalizzazione della distribuzione del gas. Sono orgoglioso di far parte di un\u2019azienda che guida lo sviluppo economico e sociale in Italia, promuovendo una crescita sostenibile da oltre 180 anni<\/em>\u201d, afferma <strong>Paolo Gallo<\/strong>: in oltre 20 anni di esperienza, l\u2019AD di Italgas \u00e8 stato alla guida di importanti realt\u00e0 italiane, lavorando su progetti su larga scala per aziende energetiche, utility companies internazionali e societ\u00e0 attive nell\u2019ambito delle infrastrutture. La storia di \u201cDiario di volo\u201d parte da lontano per poi giungere alle azioni concrete di ogni giorno.<\/p>\n","protected":false},"excerpt":{"rendered":"<p>Paolo Gallo, autore del libro \u201cDiario di volo\u201d e dal 2016 alla guida di Italgas in qualit\u00e0 di Amministratore Delegato, si occupa di energia, sostenibilit\u00e0 e innovazione dal 1997. Paolo Gallo: il \u201cDiario di volo\u201d della transizione energetica \u201cDiario di volo. Come guidare la trasformazione digitale tra innovazione e sostenibilit\u00e0\u201d: questo il titolo del libro edito da Luiss University Press e scritto da Paolo Gallo. L\u2019autore racconta il lavoro svolto<\/p>\n<p><a class=\"continue-reading\" href=\"https:\/\/www.article-marketing.eu\/comunicatistampa\/diario-di-volo-il-libro-di-paolo-gallo-tra-esperienza-professionale-e-sguardo-al-futuro\/\">Continue reading&#8230;<\/a><\/p>\n","protected":false},"author":6477,"featured_media":0,"comment_status":"open","ping_status":"open","sticky":false,"template":"","format":"standard","meta":{"_monsterinsights_skip_tracking":false,"_monsterinsights_sitenote_active":false,"_monsterinsights_sitenote_note":"","_monsterinsights_sitenote_category":0,"footnotes":""},"categories":[362],"tags":[10000],"class_list":["post-29797","post","type-post","status-publish","format-standard","hentry","category-societa","tag-paolo-gallo"],"yoast_head":"<!-- This site is optimized with the Yoast SEO plugin v27.3 - https:\/\/yoast.com\/product\/yoast-seo-wordpress\/ -->\n<title>\u201cDiario di volo\u201d: il libro di Paolo Gallo tra esperienza professionale e sguardo al futuro<\/title>\n<meta name=\"robots\" content=\"index, follow, max-snippet:-1, max-image-preview:large, max-video-preview:-1\" \/>\n<link rel=\"canonical\" href=\"https:\/\/www.article-marketing.eu\/comunicatistampa\/diario-di-volo-il-libro-di-paolo-gallo-tra-esperienza-professionale-e-sguardo-al-futuro\/\" \/>\n<meta property=\"og:locale\" content=\"it_IT\" \/>\n<meta property=\"og:type\" content=\"article\" \/>\n<meta property=\"og:title\" content=\"\u201cDiario di volo\u201d: il libro di Paolo Gallo tra esperienza professionale e sguardo al futuro\" \/>\n<meta property=\"og:description\" content=\"Paolo Gallo, autore del libro \u201cDiario di volo\u201d e dal 2016 alla guida di Italgas in qualit\u00e0 di Amministratore Delegato, si occupa di energia, sostenibilit\u00e0 e innovazione dal 1997. Paolo Gallo: il \u201cDiario di volo\u201d della transizione energetica \u201cDiario di volo. Come guidare la trasformazione digitale tra innovazione e sostenibilit\u00e0\u201d: questo il titolo del libro edito da Luiss University Press e scritto da Paolo Gallo. L\u2019autore racconta il lavoro svoltoContinue reading...\" \/>\n<meta property=\"og:url\" content=\"https:\/\/www.article-marketing.eu\/comunicatistampa\/diario-di-volo-il-libro-di-paolo-gallo-tra-esperienza-professionale-e-sguardo-al-futuro\/\" \/>\n<meta property=\"og:site_name\" content=\"Article Marketing\" \/>\n<meta property=\"article:published_time\" content=\"2024-03-10T06:42:31+00:00\" \/>\n<meta property=\"article:modified_time\" content=\"2024-09-17T17:51:25+00:00\" \/>\n<meta property=\"og:image\" content=\"https:\/\/www.riflettorisu.it\/wp-content\/uploads\/2022\/04\/paolo-gallo.jpg\" \/>\n<meta name=\"author\" content=\"articolinews\" \/>\n<meta name=\"twitter:card\" content=\"summary_large_image\" \/>\n<meta name=\"twitter:label1\" content=\"Scritto da\" \/>\n\t<meta name=\"twitter:data1\" content=\"articolinews\" \/>\n\t<meta name=\"twitter:label2\" content=\"Tempo di lettura stimato\" \/>\n\t<meta name=\"twitter:data2\" content=\"3 minuti\" \/>\n<script type=\"application\/ld+json\" class=\"yoast-schema-graph\">{\"@context\":\"https:\\\/\\\/schema.org\",\"@graph\":[{\"@type\":\"Article\",\"@id\":\"https:\\\/\\\/www.article-marketing.eu\\\/comunicatistampa\\\/diario-di-volo-il-libro-di-paolo-gallo-tra-esperienza-professionale-e-sguardo-al-futuro\\\/#article\",\"isPartOf\":{\"@id\":\"https:\\\/\\\/www.article-marketing.eu\\\/comunicatistampa\\\/diario-di-volo-il-libro-di-paolo-gallo-tra-esperienza-professionale-e-sguardo-al-futuro\\\/\"},\"author\":{\"name\":\"articolinews\",\"@id\":\"https:\\\/\\\/www.article-marketing.eu\\\/comunicatistampa\\\/#\\\/schema\\\/person\\\/2fcaf8f8f3a9eef9eb7f27532d3ca458\"},\"headline\":\"\u201cDiario di volo\u201d: il libro di Paolo Gallo tra esperienza professionale e sguardo al futuro\",\"datePublished\":\"2024-03-10T06:42:31+00:00\",\"dateModified\":\"2024-09-17T17:51:25+00:00\",\"mainEntityOfPage\":{\"@id\":\"https:\\\/\\\/www.article-marketing.eu\\\/comunicatistampa\\\/diario-di-volo-il-libro-di-paolo-gallo-tra-esperienza-professionale-e-sguardo-al-futuro\\\/\"},\"wordCount\":483,\"commentCount\":0,\"image\":{\"@id\":\"https:\\\/\\\/www.article-marketing.eu\\\/comunicatistampa\\\/diario-di-volo-il-libro-di-paolo-gallo-tra-esperienza-professionale-e-sguardo-al-futuro\\\/#primaryimage\"},\"thumbnailUrl\":\"https:\\\/\\\/www.riflettorisu.it\\\/wp-content\\\/uploads\\\/2022\\\/04\\\/paolo-gallo.jpg\",\"keywords\":[\"Paolo Gallo\"],\"articleSection\":[\"Societ\u00e0\"],\"inLanguage\":\"it-IT\",\"potentialAction\":[{\"@type\":\"CommentAction\",\"name\":\"Comment\",\"target\":[\"https:\\\/\\\/www.article-marketing.eu\\\/comunicatistampa\\\/diario-di-volo-il-libro-di-paolo-gallo-tra-esperienza-professionale-e-sguardo-al-futuro\\\/#respond\"]}]},{\"@type\":\"WebPage\",\"@id\":\"https:\\\/\\\/www.article-marketing.eu\\\/comunicatistampa\\\/diario-di-volo-il-libro-di-paolo-gallo-tra-esperienza-professionale-e-sguardo-al-futuro\\\/\",\"url\":\"https:\\\/\\\/www.article-marketing.eu\\\/comunicatistampa\\\/diario-di-volo-il-libro-di-paolo-gallo-tra-esperienza-professionale-e-sguardo-al-futuro\\\/\",\"name\":\"\u201cDiario di volo\u201d: il libro di Paolo Gallo tra esperienza professionale e sguardo al futuro\",\"isPartOf\":{\"@id\":\"https:\\\/\\\/www.article-marketing.eu\\\/comunicatistampa\\\/#website\"},\"primaryImageOfPage\":{\"@id\":\"https:\\\/\\\/www.article-marketing.eu\\\/comunicatistampa\\\/diario-di-volo-il-libro-di-paolo-gallo-tra-esperienza-professionale-e-sguardo-al-futuro\\\/#primaryimage\"},\"image\":{\"@id\":\"https:\\\/\\\/www.article-marketing.eu\\\/comunicatistampa\\\/diario-di-volo-il-libro-di-paolo-gallo-tra-esperienza-professionale-e-sguardo-al-futuro\\\/#primaryimage\"},\"thumbnailUrl\":\"https:\\\/\\\/www.riflettorisu.it\\\/wp-content\\\/uploads\\\/2022\\\/04\\\/paolo-gallo.jpg\",\"datePublished\":\"2024-03-10T06:42:31+00:00\",\"dateModified\":\"2024-09-17T17:51:25+00:00\",\"author\":{\"@id\":\"https:\\\/\\\/www.article-marketing.eu\\\/comunicatistampa\\\/#\\\/schema\\\/person\\\/2fcaf8f8f3a9eef9eb7f27532d3ca458\"},\"breadcrumb\":{\"@id\":\"https:\\\/\\\/www.article-marketing.eu\\\/comunicatistampa\\\/diario-di-volo-il-libro-di-paolo-gallo-tra-esperienza-professionale-e-sguardo-al-futuro\\\/#breadcrumb\"},\"inLanguage\":\"it-IT\",\"potentialAction\":[{\"@type\":\"ReadAction\",\"target\":[\"https:\\\/\\\/www.article-marketing.eu\\\/comunicatistampa\\\/diario-di-volo-il-libro-di-paolo-gallo-tra-esperienza-professionale-e-sguardo-al-futuro\\\/\"]}]},{\"@type\":\"ImageObject\",\"inLanguage\":\"it-IT\",\"@id\":\"https:\\\/\\\/www.article-marketing.eu\\\/comunicatistampa\\\/diario-di-volo-il-libro-di-paolo-gallo-tra-esperienza-professionale-e-sguardo-al-futuro\\\/#primaryimage\",\"url\":\"https:\\\/\\\/www.riflettorisu.it\\\/wp-content\\\/uploads\\\/2022\\\/04\\\/paolo-gallo.jpg\",\"contentUrl\":\"https:\\\/\\\/www.riflettorisu.it\\\/wp-content\\\/uploads\\\/2022\\\/04\\\/paolo-gallo.jpg\"},{\"@type\":\"BreadcrumbList\",\"@id\":\"https:\\\/\\\/www.article-marketing.eu\\\/comunicatistampa\\\/diario-di-volo-il-libro-di-paolo-gallo-tra-esperienza-professionale-e-sguardo-al-futuro\\\/#breadcrumb\",\"itemListElement\":[{\"@type\":\"ListItem\",\"position\":1,\"name\":\"Home\",\"item\":\"https:\\\/\\\/www.article-marketing.eu\\\/comunicatistampa\\\/\"},{\"@type\":\"ListItem\",\"position\":2,\"name\":\"\u201cDiario di volo\u201d: il libro di Paolo Gallo tra esperienza professionale e sguardo al futuro\"}]},{\"@type\":\"WebSite\",\"@id\":\"https:\\\/\\\/www.article-marketing.eu\\\/comunicatistampa\\\/#website\",\"url\":\"https:\\\/\\\/www.article-marketing.eu\\\/comunicatistampa\\\/\",\"name\":\"Article Marketing\",\"description\":\"article marketing &amp; press release\",\"potentialAction\":[{\"@type\":\"SearchAction\",\"target\":{\"@type\":\"EntryPoint\",\"urlTemplate\":\"https:\\\/\\\/www.article-marketing.eu\\\/comunicatistampa\\\/?s={search_term_string}\"},\"query-input\":{\"@type\":\"PropertyValueSpecification\",\"valueRequired\":true,\"valueName\":\"search_term_string\"}}],\"inLanguage\":\"it-IT\"},{\"@type\":\"Person\",\"@id\":\"https:\\\/\\\/www.article-marketing.eu\\\/comunicatistampa\\\/#\\\/schema\\\/person\\\/2fcaf8f8f3a9eef9eb7f27532d3ca458\",\"name\":\"articolinews\",\"image\":{\"@type\":\"ImageObject\",\"inLanguage\":\"it-IT\",\"@id\":\"https:\\\/\\\/secure.gravatar.com\\\/avatar\\\/9e2a264bab04e17dea24d937c9956304649a848cb73c46747a692ff1bdeb1cb7?s=96&d=mm&r=g\",\"url\":\"https:\\\/\\\/secure.gravatar.com\\\/avatar\\\/9e2a264bab04e17dea24d937c9956304649a848cb73c46747a692ff1bdeb1cb7?s=96&d=mm&r=g\",\"contentUrl\":\"https:\\\/\\\/secure.gravatar.com\\\/avatar\\\/9e2a264bab04e17dea24d937c9956304649a848cb73c46747a692ff1bdeb1cb7?s=96&d=mm&r=g\",\"caption\":\"articolinews\"},\"url\":\"https:\\\/\\\/www.article-marketing.eu\\\/comunicatistampa\\\/author\\\/articolinews\\\/\"}]}<\/script>\n<!-- \/ Yoast SEO plugin. -->","yoast_head_json":{"title":"\u201cDiario di volo\u201d: il libro di Paolo Gallo tra esperienza professionale e sguardo al futuro","robots":{"index":"index","follow":"follow","max-snippet":"max-snippet:-1","max-image-preview":"max-image-preview:large","max-video-preview":"max-video-preview:-1"},"canonical":"https:\/\/www.article-marketing.eu\/comunicatistampa\/diario-di-volo-il-libro-di-paolo-gallo-tra-esperienza-professionale-e-sguardo-al-futuro\/","og_locale":"it_IT","og_type":"article","og_title":"\u201cDiario di volo\u201d: il libro di Paolo Gallo tra esperienza professionale e sguardo al futuro","og_description":"Paolo Gallo, autore del libro \u201cDiario di volo\u201d e dal 2016 alla guida di Italgas in qualit\u00e0 di Amministratore Delegato, si occupa di energia, sostenibilit\u00e0 e innovazione dal 1997. Paolo Gallo: il \u201cDiario di volo\u201d della transizione energetica \u201cDiario di volo. Come guidare la trasformazione digitale tra innovazione e sostenibilit\u00e0\u201d: questo il titolo del libro edito da Luiss University Press e scritto da Paolo Gallo. L\u2019autore racconta il lavoro svoltoContinue reading...","og_url":"https:\/\/www.article-marketing.eu\/comunicatistampa\/diario-di-volo-il-libro-di-paolo-gallo-tra-esperienza-professionale-e-sguardo-al-futuro\/","og_site_name":"Article Marketing","article_published_time":"2024-03-10T06:42:31+00:00","article_modified_time":"2024-09-17T17:51:25+00:00","og_image":[{"url":"https:\/\/www.riflettorisu.it\/wp-content\/uploads\/2022\/04\/paolo-gallo.jpg","type":"","width":"","height":""}],"author":"articolinews","twitter_card":"summary_large_image","twitter_misc":{"Scritto da":"articolinews","Tempo di lettura stimato":"3 minuti"},"schema":{"@context":"https:\/\/schema.org","@graph":[{"@type":"Article","@id":"https:\/\/www.article-marketing.eu\/comunicatistampa\/diario-di-volo-il-libro-di-paolo-gallo-tra-esperienza-professionale-e-sguardo-al-futuro\/#article","isPartOf":{"@id":"https:\/\/www.article-marketing.eu\/comunicatistampa\/diario-di-volo-il-libro-di-paolo-gallo-tra-esperienza-professionale-e-sguardo-al-futuro\/"},"author":{"name":"articolinews","@id":"https:\/\/www.article-marketing.eu\/comunicatistampa\/#\/schema\/person\/2fcaf8f8f3a9eef9eb7f27532d3ca458"},"headline":"\u201cDiario di volo\u201d: il libro di Paolo Gallo tra esperienza professionale e sguardo al futuro","datePublished":"2024-03-10T06:42:31+00:00","dateModified":"2024-09-17T17:51:25+00:00","mainEntityOfPage":{"@id":"https:\/\/www.article-marketing.eu\/comunicatistampa\/diario-di-volo-il-libro-di-paolo-gallo-tra-esperienza-professionale-e-sguardo-al-futuro\/"},"wordCount":483,"commentCount":0,"image":{"@id":"https:\/\/www.article-marketing.eu\/comunicatistampa\/diario-di-volo-il-libro-di-paolo-gallo-tra-esperienza-professionale-e-sguardo-al-futuro\/#primaryimage"},"thumbnailUrl":"https:\/\/www.riflettorisu.it\/wp-content\/uploads\/2022\/04\/paolo-gallo.jpg","keywords":["Paolo Gallo"],"articleSection":["Societ\u00e0"],"inLanguage":"it-IT","potentialAction":[{"@type":"CommentAction","name":"Comment","target":["https:\/\/www.article-marketing.eu\/comunicatistampa\/diario-di-volo-il-libro-di-paolo-gallo-tra-esperienza-professionale-e-sguardo-al-futuro\/#respond"]}]},{"@type":"WebPage","@id":"https:\/\/www.article-marketing.eu\/comunicatistampa\/diario-di-volo-il-libro-di-paolo-gallo-tra-esperienza-professionale-e-sguardo-al-futuro\/","url":"https:\/\/www.article-marketing.eu\/comunicatistampa\/diario-di-volo-il-libro-di-paolo-gallo-tra-esperienza-professionale-e-sguardo-al-futuro\/","name":"\u201cDiario di volo\u201d: il libro di Paolo Gallo tra esperienza professionale e sguardo al futuro","isPartOf":{"@id":"https:\/\/www.article-marketing.eu\/comunicatistampa\/#website"},"primaryImageOfPage":{"@id":"https:\/\/www.article-marketing.eu\/comunicatistampa\/diario-di-volo-il-libro-di-paolo-gallo-tra-esperienza-professionale-e-sguardo-al-futuro\/#primaryimage"},"image":{"@id":"https:\/\/www.article-marketing.eu\/comunicatistampa\/diario-di-volo-il-libro-di-paolo-gallo-tra-esperienza-professionale-e-sguardo-al-futuro\/#primaryimage"},"thumbnailUrl":"https:\/\/www.riflettorisu.it\/wp-content\/uploads\/2022\/04\/paolo-gallo.jpg","datePublished":"2024-03-10T06:42:31+00:00","dateModified":"2024-09-17T17:51:25+00:00","author":{"@id":"https:\/\/www.article-marketing.eu\/comunicatistampa\/#\/schema\/person\/2fcaf8f8f3a9eef9eb7f27532d3ca458"},"breadcrumb":{"@id":"https:\/\/www.article-marketing.eu\/comunicatistampa\/diario-di-volo-il-libro-di-paolo-gallo-tra-esperienza-professionale-e-sguardo-al-futuro\/#breadcrumb"},"inLanguage":"it-IT","potentialAction":[{"@type":"ReadAction","target":["https:\/\/www.article-marketing.eu\/comunicatistampa\/diario-di-volo-il-libro-di-paolo-gallo-tra-esperienza-professionale-e-sguardo-al-futuro\/"]}]},{"@type":"ImageObject","inLanguage":"it-IT","@id":"https:\/\/www.article-marketing.eu\/comunicatistampa\/diario-di-volo-il-libro-di-paolo-gallo-tra-esperienza-professionale-e-sguardo-al-futuro\/#primaryimage","url":"https:\/\/www.riflettorisu.it\/wp-content\/uploads\/2022\/04\/paolo-gallo.jpg","contentUrl":"https:\/\/www.riflettorisu.it\/wp-content\/uploads\/2022\/04\/paolo-gallo.jpg"},{"@type":"BreadcrumbList","@id":"https:\/\/www.article-marketing.eu\/comunicatistampa\/diario-di-volo-il-libro-di-paolo-gallo-tra-esperienza-professionale-e-sguardo-al-futuro\/#breadcrumb","itemListElement":[{"@type":"ListItem","position":1,"name":"Home","item":"https:\/\/www.article-marketing.eu\/comunicatistampa\/"},{"@type":"ListItem","position":2,"name":"\u201cDiario di volo\u201d: il libro di Paolo Gallo tra esperienza professionale e sguardo al futuro"}]},{"@type":"WebSite","@id":"https:\/\/www.article-marketing.eu\/comunicatistampa\/#website","url":"https:\/\/www.article-marketing.eu\/comunicatistampa\/","name":"Article Marketing","description":"article marketing &amp; press release","potentialAction":[{"@type":"SearchAction","target":{"@type":"EntryPoint","urlTemplate":"https:\/\/www.article-marketing.eu\/comunicatistampa\/?s={search_term_string}"},"query-input":{"@type":"PropertyValueSpecification","valueRequired":true,"valueName":"search_term_string"}}],"inLanguage":"it-IT"},{"@type":"Person","@id":"https:\/\/www.article-marketing.eu\/comunicatistampa\/#\/schema\/person\/2fcaf8f8f3a9eef9eb7f27532d3ca458","name":"articolinews","image":{"@type":"ImageObject","inLanguage":"it-IT","@id":"https:\/\/secure.gravatar.com\/avatar\/9e2a264bab04e17dea24d937c9956304649a848cb73c46747a692ff1bdeb1cb7?s=96&d=mm&r=g","url":"https:\/\/secure.gravatar.com\/avatar\/9e2a264bab04e17dea24d937c9956304649a848cb73c46747a692ff1bdeb1cb7?s=96&d=mm&r=g","contentUrl":"https:\/\/secure.gravatar.com\/avatar\/9e2a264bab04e17dea24d937c9956304649a848cb73c46747a692ff1bdeb1cb7?s=96&d=mm&r=g","caption":"articolinews"},"url":"https:\/\/www.article-marketing.eu\/comunicatistampa\/author\/articolinews\/"}]}},"_links":{"self":[{"href":"https:\/\/www.article-marketing.eu\/comunicatistampa\/wp-json\/wp\/v2\/posts\/29797","targetHints":{"allow":["GET"]}}],"collection":[{"href":"https:\/\/www.article-marketing.eu\/comunicatistampa\/wp-json\/wp\/v2\/posts"}],"about":[{"href":"https:\/\/www.article-marketing.eu\/comunicatistampa\/wp-json\/wp\/v2\/types\/post"}],"author":[{"embeddable":true,"href":"https:\/\/www.article-marketing.eu\/comunicatistampa\/wp-json\/wp\/v2\/users\/6477"}],"replies":[{"embeddable":true,"href":"https:\/\/www.article-marketing.eu\/comunicatistampa\/wp-json\/wp\/v2\/comments?post=29797"}],"version-history":[{"count":2,"href":"https:\/\/www.article-marketing.eu\/comunicatistampa\/wp-json\/wp\/v2\/posts\/29797\/revisions"}],"predecessor-version":[{"id":30006,"href":"https:\/\/www.article-marketing.eu\/comunicatistampa\/wp-json\/wp\/v2\/posts\/29797\/revisions\/30006"}],"wp:attachment":[{"href":"https:\/\/www.article-marketing.eu\/comunicatistampa\/wp-json\/wp\/v2\/media?parent=29797"}],"wp:term":[{"taxonomy":"category","embeddable":true,"href":"https:\/\/www.article-marketing.eu\/comunicatistampa\/wp-json\/wp\/v2\/categories?post=29797"},{"taxonomy":"post_tag","embeddable":true,"href":"https:\/\/www.article-marketing.eu\/comunicatistampa\/wp-json\/wp\/v2\/tags?post=29797"}],"curies":[{"name":"wp","href":"https:\/\/api.w.org\/{rel}","templated":true}]}}