{"id":29802,"date":"2024-03-21T13:47:00","date_gmt":"2024-03-21T12:47:00","guid":{"rendered":"https:\/\/www.article-marketing.eu\/comunicatistampa\/?p=29802"},"modified":"2024-03-21T13:49:28","modified_gmt":"2024-03-21T12:49:28","slug":"claudio-descalzi-il-presente-e-il-futuro-dellenergia-lad-di-eni-a-cinque-minuti","status":"publish","type":"post","link":"https:\/\/www.article-marketing.eu\/comunicatistampa\/claudio-descalzi-il-presente-e-il-futuro-dellenergia-lad-di-eni-a-cinque-minuti\/","title":{"rendered":"Claudio Descalzi: il presente e il futuro dell\u2019energia, l\u2019AD di Eni a \u201cCinque Minuti\u201d"},"content":{"rendered":"<p><em><strong>Tra Europa e Africa \u201cci sono molte complementariet\u00e0\u201d, osserva l\u2019Amministratore Delegato di Eni <a title=\"\u201cCinque Minuti\u201d: la vision dell\u2019AD di Eni Claudio Descalzi\" href=\"https:\/\/www.raiplaysound.it\/audio\/2024\/01\/Cinque-Minuti---Claudio-Descalzi---29012024-9f8bfa49-b0a2-4b58-b456-8c6bd5576b22.html\">Claudio Descalzi<\/a> intervistato su RaiUno: \u201cNoi abbiamo molto da dare e nel momento in cui cresce l&#8217;Africa cresciamo anche noi\u201d.<\/strong><\/em><\/p>\n<p><a title=\"\u201cCinque Minuti\u201d: intervista a Claudio Descalzi\" href=\"https:\/\/www.raiplaysound.it\/audio\/2024\/01\/Cinque-Minuti---Claudio-Descalzi---29012024-9f8bfa49-b0a2-4b58-b456-8c6bd5576b22.html\"><img loading=\"lazy\" decoding=\"async\" src=\"https:\/\/s7g10.scene7.com\/is\/image\/eni\/claudio-descalzi-1-1:horizontal-16-9\" alt=\" Claudio Descalzi\" width=\"267\" height=\"150\" \/><\/a><\/p>\n<h2>Eni, Claudio Descalzi a \u201cCinque Minuti\u201d: nel momento in cui cresce l\u2019Africa cresciamo anche noi<\/h2>\n<p>L\u2019AD <strong><a title=\"Claudio Descalzi, AD di Eni, intervistato a \u201cCinque Minuti\u201d\" href=\"https:\/\/www.raiplaysound.it\/audio\/2024\/01\/Cinque-Minuti---Claudio-Descalzi---29012024-9f8bfa49-b0a2-4b58-b456-8c6bd5576b22.html\">Claudio Descalzi<\/a><\/strong>, intervistato a \u201cCinque Minuti\u201d lo scorso 29 gennaio, ha parlato del Piano Mattei sottolineandone il valore dell\u2019approccio: \u201c<em>Non c\u2019\u00e8 l\u2019obiettivo di andare a prendere qualcosa ma c\u2019\u00e8 quello di andare a dare qualcosa e dando a loro riceviamo anche noi<\/em>\u201d. Tra Europa e Africa, ha aggiunto l\u2019AD, \u201c<em>ci sono molte complementariet\u00e0, loro hanno tantissima energia, tantissimo territorio, noi non abbiamo energia ma abbiamo un grande mercato<\/em>\u201d. Si guarda quindi in ottica di sviluppo a uno scambio vicendevole: \u201c<em>Noi abbiamo molto da dare e nel momento in cui cresce l&#8217;Africa cresciamo anche noi<\/em>\u201d. Entrando pi\u00f9 nel dettaglio, l\u2019AD di Eni ha spiegato che \u201c<em>il 90% del gas che produciamo lo lasciamo l\u00e0, per il mercato domestico<\/em>\u201d: una scelta \u201c<em>legata alla creazione del valore<\/em>\u201d. La cosa migliore sarebbe esportarlo, ha evidenziato <strong>Claudio Descalzi<\/strong>, perch\u00e9 \u201c<em>si corrono meno rischi e c\u2019\u00e8 un profitto maggiore\u201d. <\/em>Ma<em> \u201cavendo noi molti investimenti, investendo nei Paesi africani ci prendiamo un rischio, partecipiamo alla crescita di un grande continente. Dando energia a chi non ce l\u2019ha ci ha fatto assumere un posizionamento diverso dando valore alla nostra presenza<\/em>\u201d.<\/p>\n<h2>Claudio Descalzi: il mondo dell\u2019energia oggi tra sfide e opportunit\u00e0 nell\u2019intervista a \u201cCinque Minuti\u201d<\/h2>\n<p>L\u2019AD di Eni <strong>Claudio Descalzi<\/strong> \u00e8 stato poi invitato a fare il punto sullo scenario energetico attuale, in particolare in relazione alle sfide legate alla sicurezza energetica e alla transizione. \u201c<em>Arriver\u00e0 il momento in cui vivremo di energie diverse dal petrolio, dal carbone e anche dal gas perch\u00e9 \u00e8 in atto una trasformazione tecnologica<\/em>\u201d, ha spiegato l\u2019AD di Eni sottolineando che non si potr\u00e0 rimpiazzarle tutte con le rinnovabili. Tuttavia \u201c<em>l\u2019economia circolare da una parte, la fusione nucleare che \u00e8 energia pulita e viene dall\u2019idrogeno<\/em>\u201d aiuteranno sicuramente in quest\u2019ottica. \u201c<em>Ma i tempi non sono immediati<\/em>\u201d: Eni guarda da anni in questa direzione, come ha rimarcato anche di recente <strong>Claudio Descalzi<\/strong> in occasione della visita di John Kerry, inviato speciale presidenziale degli Stati Uniti per il Clima, presso la sede di Commonwealth Fusion Systems (Cfs), lo spin-off del Massachusetts Institute of Technology (Mit) a Devens, Massachusetts. \u00c8 qui che Eni insieme a Cfs sta lavorando per arrivare alla commercializzazione di centrali elettriche a fusione. L\u2019energia da fusione infatti non genera emissioni di gas serra ed \u00e8 costante e affidabile, peculiarit\u00e0 che la rendono una fonte estremamente interessante per l\u2019industria energetica anche a fronte del processo di fusione nucleare che \u00e8 virtualmente inesauribile.<\/p>\n","protected":false},"excerpt":{"rendered":"<p>Tra Europa e Africa \u201cci sono molte complementariet\u00e0\u201d, osserva l\u2019Amministratore Delegato di Eni Claudio Descalzi intervistato su RaiUno: \u201cNoi abbiamo molto da dare e nel momento in cui cresce l&#8217;Africa cresciamo anche noi\u201d. Eni, Claudio Descalzi a \u201cCinque Minuti\u201d: nel momento in cui cresce l\u2019Africa cresciamo anche noi L\u2019AD Claudio Descalzi, intervistato a \u201cCinque Minuti\u201d lo scorso 29 gennaio, ha parlato del Piano Mattei sottolineandone il valore dell\u2019approccio: \u201cNon c\u2019\u00e8<\/p>\n<p><a class=\"continue-reading\" href=\"https:\/\/www.article-marketing.eu\/comunicatistampa\/claudio-descalzi-il-presente-e-il-futuro-dellenergia-lad-di-eni-a-cinque-minuti\/\">Continue reading&#8230;<\/a><\/p>\n","protected":false},"author":6477,"featured_media":0,"comment_status":"open","ping_status":"open","sticky":false,"template":"","format":"standard","meta":{"_monsterinsights_skip_tracking":false,"_monsterinsights_sitenote_active":false,"_monsterinsights_sitenote_note":"","_monsterinsights_sitenote_category":0,"footnotes":""},"categories":[386],"tags":[9889],"class_list":["post-29802","post","type-post","status-publish","format-standard","hentry","category-economia-e-lavoro","tag-claudio-descalzi"],"yoast_head":"<!-- This site is optimized with the Yoast SEO plugin v27.3 - https:\/\/yoast.com\/product\/yoast-seo-wordpress\/ -->\n<title>Claudio Descalzi: il presente e il futuro dell\u2019energia, l\u2019AD di Eni a \u201cCinque Minuti\u201d - Article Marketing<\/title>\n<meta name=\"robots\" content=\"index, follow, max-snippet:-1, max-image-preview:large, max-video-preview:-1\" \/>\n<link rel=\"canonical\" href=\"https:\/\/www.article-marketing.eu\/comunicatistampa\/claudio-descalzi-il-presente-e-il-futuro-dellenergia-lad-di-eni-a-cinque-minuti\/\" \/>\n<meta property=\"og:locale\" content=\"it_IT\" \/>\n<meta property=\"og:type\" content=\"article\" \/>\n<meta property=\"og:title\" content=\"Claudio Descalzi: il presente e il futuro dell\u2019energia, l\u2019AD di Eni a \u201cCinque Minuti\u201d - Article Marketing\" \/>\n<meta property=\"og:description\" content=\"Tra Europa e Africa \u201cci sono molte complementariet\u00e0\u201d, osserva l\u2019Amministratore Delegato di Eni Claudio Descalzi intervistato su RaiUno: \u201cNoi abbiamo molto da dare e nel momento in cui cresce l&#8217;Africa cresciamo anche noi\u201d. Eni, Claudio Descalzi a \u201cCinque Minuti\u201d: nel momento in cui cresce l\u2019Africa cresciamo anche noi L\u2019AD Claudio Descalzi, intervistato a \u201cCinque Minuti\u201d lo scorso 29 gennaio, ha parlato del Piano Mattei sottolineandone il valore dell\u2019approccio: \u201cNon c\u2019\u00e8Continue reading...\" \/>\n<meta property=\"og:url\" content=\"https:\/\/www.article-marketing.eu\/comunicatistampa\/claudio-descalzi-il-presente-e-il-futuro-dellenergia-lad-di-eni-a-cinque-minuti\/\" \/>\n<meta property=\"og:site_name\" content=\"Article Marketing\" \/>\n<meta property=\"article:published_time\" content=\"2024-03-21T12:47:00+00:00\" \/>\n<meta property=\"article:modified_time\" content=\"2024-03-21T12:49:28+00:00\" \/>\n<meta property=\"og:image\" content=\"https:\/\/s7g10.scene7.com\/is\/image\/eni\/claudio-descalzi-1-1:horizontal-16-9\" \/>\n<meta name=\"author\" content=\"articolinews\" \/>\n<meta name=\"twitter:card\" content=\"summary_large_image\" \/>\n<meta name=\"twitter:label1\" content=\"Scritto da\" \/>\n\t<meta name=\"twitter:data1\" content=\"articolinews\" \/>\n\t<meta name=\"twitter:label2\" content=\"Tempo di lettura stimato\" \/>\n\t<meta name=\"twitter:data2\" content=\"3 minuti\" \/>\n<script type=\"application\/ld+json\" class=\"yoast-schema-graph\">{\"@context\":\"https:\\\/\\\/schema.org\",\"@graph\":[{\"@type\":\"Article\",\"@id\":\"https:\\\/\\\/www.article-marketing.eu\\\/comunicatistampa\\\/claudio-descalzi-il-presente-e-il-futuro-dellenergia-lad-di-eni-a-cinque-minuti\\\/#article\",\"isPartOf\":{\"@id\":\"https:\\\/\\\/www.article-marketing.eu\\\/comunicatistampa\\\/claudio-descalzi-il-presente-e-il-futuro-dellenergia-lad-di-eni-a-cinque-minuti\\\/\"},\"author\":{\"name\":\"articolinews\",\"@id\":\"https:\\\/\\\/www.article-marketing.eu\\\/comunicatistampa\\\/#\\\/schema\\\/person\\\/2fcaf8f8f3a9eef9eb7f27532d3ca458\"},\"headline\":\"Claudio Descalzi: il presente e il futuro dell\u2019energia, l\u2019AD di Eni a \u201cCinque Minuti\u201d\",\"datePublished\":\"2024-03-21T12:47:00+00:00\",\"dateModified\":\"2024-03-21T12:49:28+00:00\",\"mainEntityOfPage\":{\"@id\":\"https:\\\/\\\/www.article-marketing.eu\\\/comunicatistampa\\\/claudio-descalzi-il-presente-e-il-futuro-dellenergia-lad-di-eni-a-cinque-minuti\\\/\"},\"wordCount\":471,\"commentCount\":0,\"image\":{\"@id\":\"https:\\\/\\\/www.article-marketing.eu\\\/comunicatistampa\\\/claudio-descalzi-il-presente-e-il-futuro-dellenergia-lad-di-eni-a-cinque-minuti\\\/#primaryimage\"},\"thumbnailUrl\":\"https:\\\/\\\/s7g10.scene7.com\\\/is\\\/image\\\/eni\\\/claudio-descalzi-1-1:horizontal-16-9\",\"keywords\":[\"Claudio Descalzi\"],\"articleSection\":[\"Economia e lavoro\"],\"inLanguage\":\"it-IT\",\"potentialAction\":[{\"@type\":\"CommentAction\",\"name\":\"Comment\",\"target\":[\"https:\\\/\\\/www.article-marketing.eu\\\/comunicatistampa\\\/claudio-descalzi-il-presente-e-il-futuro-dellenergia-lad-di-eni-a-cinque-minuti\\\/#respond\"]}]},{\"@type\":\"WebPage\",\"@id\":\"https:\\\/\\\/www.article-marketing.eu\\\/comunicatistampa\\\/claudio-descalzi-il-presente-e-il-futuro-dellenergia-lad-di-eni-a-cinque-minuti\\\/\",\"url\":\"https:\\\/\\\/www.article-marketing.eu\\\/comunicatistampa\\\/claudio-descalzi-il-presente-e-il-futuro-dellenergia-lad-di-eni-a-cinque-minuti\\\/\",\"name\":\"Claudio Descalzi: il presente e il futuro dell\u2019energia, l\u2019AD di Eni a \u201cCinque Minuti\u201d - Article Marketing\",\"isPartOf\":{\"@id\":\"https:\\\/\\\/www.article-marketing.eu\\\/comunicatistampa\\\/#website\"},\"primaryImageOfPage\":{\"@id\":\"https:\\\/\\\/www.article-marketing.eu\\\/comunicatistampa\\\/claudio-descalzi-il-presente-e-il-futuro-dellenergia-lad-di-eni-a-cinque-minuti\\\/#primaryimage\"},\"image\":{\"@id\":\"https:\\\/\\\/www.article-marketing.eu\\\/comunicatistampa\\\/claudio-descalzi-il-presente-e-il-futuro-dellenergia-lad-di-eni-a-cinque-minuti\\\/#primaryimage\"},\"thumbnailUrl\":\"https:\\\/\\\/s7g10.scene7.com\\\/is\\\/image\\\/eni\\\/claudio-descalzi-1-1:horizontal-16-9\",\"datePublished\":\"2024-03-21T12:47:00+00:00\",\"dateModified\":\"2024-03-21T12:49:28+00:00\",\"author\":{\"@id\":\"https:\\\/\\\/www.article-marketing.eu\\\/comunicatistampa\\\/#\\\/schema\\\/person\\\/2fcaf8f8f3a9eef9eb7f27532d3ca458\"},\"breadcrumb\":{\"@id\":\"https:\\\/\\\/www.article-marketing.eu\\\/comunicatistampa\\\/claudio-descalzi-il-presente-e-il-futuro-dellenergia-lad-di-eni-a-cinque-minuti\\\/#breadcrumb\"},\"inLanguage\":\"it-IT\",\"potentialAction\":[{\"@type\":\"ReadAction\",\"target\":[\"https:\\\/\\\/www.article-marketing.eu\\\/comunicatistampa\\\/claudio-descalzi-il-presente-e-il-futuro-dellenergia-lad-di-eni-a-cinque-minuti\\\/\"]}]},{\"@type\":\"ImageObject\",\"inLanguage\":\"it-IT\",\"@id\":\"https:\\\/\\\/www.article-marketing.eu\\\/comunicatistampa\\\/claudio-descalzi-il-presente-e-il-futuro-dellenergia-lad-di-eni-a-cinque-minuti\\\/#primaryimage\",\"url\":\"https:\\\/\\\/s7g10.scene7.com\\\/is\\\/image\\\/eni\\\/claudio-descalzi-1-1:horizontal-16-9\",\"contentUrl\":\"https:\\\/\\\/s7g10.scene7.com\\\/is\\\/image\\\/eni\\\/claudio-descalzi-1-1:horizontal-16-9\"},{\"@type\":\"BreadcrumbList\",\"@id\":\"https:\\\/\\\/www.article-marketing.eu\\\/comunicatistampa\\\/claudio-descalzi-il-presente-e-il-futuro-dellenergia-lad-di-eni-a-cinque-minuti\\\/#breadcrumb\",\"itemListElement\":[{\"@type\":\"ListItem\",\"position\":1,\"name\":\"Home\",\"item\":\"https:\\\/\\\/www.article-marketing.eu\\\/comunicatistampa\\\/\"},{\"@type\":\"ListItem\",\"position\":2,\"name\":\"Claudio Descalzi: il presente e il futuro dell\u2019energia, l\u2019AD di Eni a \u201cCinque Minuti\u201d\"}]},{\"@type\":\"WebSite\",\"@id\":\"https:\\\/\\\/www.article-marketing.eu\\\/comunicatistampa\\\/#website\",\"url\":\"https:\\\/\\\/www.article-marketing.eu\\\/comunicatistampa\\\/\",\"name\":\"Article Marketing\",\"description\":\"article marketing &amp; press release\",\"potentialAction\":[{\"@type\":\"SearchAction\",\"target\":{\"@type\":\"EntryPoint\",\"urlTemplate\":\"https:\\\/\\\/www.article-marketing.eu\\\/comunicatistampa\\\/?s={search_term_string}\"},\"query-input\":{\"@type\":\"PropertyValueSpecification\",\"valueRequired\":true,\"valueName\":\"search_term_string\"}}],\"inLanguage\":\"it-IT\"},{\"@type\":\"Person\",\"@id\":\"https:\\\/\\\/www.article-marketing.eu\\\/comunicatistampa\\\/#\\\/schema\\\/person\\\/2fcaf8f8f3a9eef9eb7f27532d3ca458\",\"name\":\"articolinews\",\"image\":{\"@type\":\"ImageObject\",\"inLanguage\":\"it-IT\",\"@id\":\"https:\\\/\\\/secure.gravatar.com\\\/avatar\\\/9e2a264bab04e17dea24d937c9956304649a848cb73c46747a692ff1bdeb1cb7?s=96&d=mm&r=g\",\"url\":\"https:\\\/\\\/secure.gravatar.com\\\/avatar\\\/9e2a264bab04e17dea24d937c9956304649a848cb73c46747a692ff1bdeb1cb7?s=96&d=mm&r=g\",\"contentUrl\":\"https:\\\/\\\/secure.gravatar.com\\\/avatar\\\/9e2a264bab04e17dea24d937c9956304649a848cb73c46747a692ff1bdeb1cb7?s=96&d=mm&r=g\",\"caption\":\"articolinews\"},\"url\":\"https:\\\/\\\/www.article-marketing.eu\\\/comunicatistampa\\\/author\\\/articolinews\\\/\"}]}<\/script>\n<!-- \/ Yoast SEO plugin. -->","yoast_head_json":{"title":"Claudio Descalzi: il presente e il futuro dell\u2019energia, l\u2019AD di Eni a \u201cCinque Minuti\u201d - Article Marketing","robots":{"index":"index","follow":"follow","max-snippet":"max-snippet:-1","max-image-preview":"max-image-preview:large","max-video-preview":"max-video-preview:-1"},"canonical":"https:\/\/www.article-marketing.eu\/comunicatistampa\/claudio-descalzi-il-presente-e-il-futuro-dellenergia-lad-di-eni-a-cinque-minuti\/","og_locale":"it_IT","og_type":"article","og_title":"Claudio Descalzi: il presente e il futuro dell\u2019energia, l\u2019AD di Eni a \u201cCinque Minuti\u201d - Article Marketing","og_description":"Tra Europa e Africa \u201cci sono molte complementariet\u00e0\u201d, osserva l\u2019Amministratore Delegato di Eni Claudio Descalzi intervistato su RaiUno: \u201cNoi abbiamo molto da dare e nel momento in cui cresce l&#8217;Africa cresciamo anche noi\u201d. Eni, Claudio Descalzi a \u201cCinque Minuti\u201d: nel momento in cui cresce l\u2019Africa cresciamo anche noi L\u2019AD Claudio Descalzi, intervistato a \u201cCinque Minuti\u201d lo scorso 29 gennaio, ha parlato del Piano Mattei sottolineandone il valore dell\u2019approccio: \u201cNon c\u2019\u00e8Continue reading...","og_url":"https:\/\/www.article-marketing.eu\/comunicatistampa\/claudio-descalzi-il-presente-e-il-futuro-dellenergia-lad-di-eni-a-cinque-minuti\/","og_site_name":"Article Marketing","article_published_time":"2024-03-21T12:47:00+00:00","article_modified_time":"2024-03-21T12:49:28+00:00","og_image":[{"url":"https:\/\/s7g10.scene7.com\/is\/image\/eni\/claudio-descalzi-1-1:horizontal-16-9","type":"","width":"","height":""}],"author":"articolinews","twitter_card":"summary_large_image","twitter_misc":{"Scritto da":"articolinews","Tempo di lettura stimato":"3 minuti"},"schema":{"@context":"https:\/\/schema.org","@graph":[{"@type":"Article","@id":"https:\/\/www.article-marketing.eu\/comunicatistampa\/claudio-descalzi-il-presente-e-il-futuro-dellenergia-lad-di-eni-a-cinque-minuti\/#article","isPartOf":{"@id":"https:\/\/www.article-marketing.eu\/comunicatistampa\/claudio-descalzi-il-presente-e-il-futuro-dellenergia-lad-di-eni-a-cinque-minuti\/"},"author":{"name":"articolinews","@id":"https:\/\/www.article-marketing.eu\/comunicatistampa\/#\/schema\/person\/2fcaf8f8f3a9eef9eb7f27532d3ca458"},"headline":"Claudio Descalzi: il presente e il futuro dell\u2019energia, l\u2019AD di Eni a \u201cCinque Minuti\u201d","datePublished":"2024-03-21T12:47:00+00:00","dateModified":"2024-03-21T12:49:28+00:00","mainEntityOfPage":{"@id":"https:\/\/www.article-marketing.eu\/comunicatistampa\/claudio-descalzi-il-presente-e-il-futuro-dellenergia-lad-di-eni-a-cinque-minuti\/"},"wordCount":471,"commentCount":0,"image":{"@id":"https:\/\/www.article-marketing.eu\/comunicatistampa\/claudio-descalzi-il-presente-e-il-futuro-dellenergia-lad-di-eni-a-cinque-minuti\/#primaryimage"},"thumbnailUrl":"https:\/\/s7g10.scene7.com\/is\/image\/eni\/claudio-descalzi-1-1:horizontal-16-9","keywords":["Claudio Descalzi"],"articleSection":["Economia e lavoro"],"inLanguage":"it-IT","potentialAction":[{"@type":"CommentAction","name":"Comment","target":["https:\/\/www.article-marketing.eu\/comunicatistampa\/claudio-descalzi-il-presente-e-il-futuro-dellenergia-lad-di-eni-a-cinque-minuti\/#respond"]}]},{"@type":"WebPage","@id":"https:\/\/www.article-marketing.eu\/comunicatistampa\/claudio-descalzi-il-presente-e-il-futuro-dellenergia-lad-di-eni-a-cinque-minuti\/","url":"https:\/\/www.article-marketing.eu\/comunicatistampa\/claudio-descalzi-il-presente-e-il-futuro-dellenergia-lad-di-eni-a-cinque-minuti\/","name":"Claudio Descalzi: il presente e il futuro dell\u2019energia, l\u2019AD di Eni a \u201cCinque Minuti\u201d - Article Marketing","isPartOf":{"@id":"https:\/\/www.article-marketing.eu\/comunicatistampa\/#website"},"primaryImageOfPage":{"@id":"https:\/\/www.article-marketing.eu\/comunicatistampa\/claudio-descalzi-il-presente-e-il-futuro-dellenergia-lad-di-eni-a-cinque-minuti\/#primaryimage"},"image":{"@id":"https:\/\/www.article-marketing.eu\/comunicatistampa\/claudio-descalzi-il-presente-e-il-futuro-dellenergia-lad-di-eni-a-cinque-minuti\/#primaryimage"},"thumbnailUrl":"https:\/\/s7g10.scene7.com\/is\/image\/eni\/claudio-descalzi-1-1:horizontal-16-9","datePublished":"2024-03-21T12:47:00+00:00","dateModified":"2024-03-21T12:49:28+00:00","author":{"@id":"https:\/\/www.article-marketing.eu\/comunicatistampa\/#\/schema\/person\/2fcaf8f8f3a9eef9eb7f27532d3ca458"},"breadcrumb":{"@id":"https:\/\/www.article-marketing.eu\/comunicatistampa\/claudio-descalzi-il-presente-e-il-futuro-dellenergia-lad-di-eni-a-cinque-minuti\/#breadcrumb"},"inLanguage":"it-IT","potentialAction":[{"@type":"ReadAction","target":["https:\/\/www.article-marketing.eu\/comunicatistampa\/claudio-descalzi-il-presente-e-il-futuro-dellenergia-lad-di-eni-a-cinque-minuti\/"]}]},{"@type":"ImageObject","inLanguage":"it-IT","@id":"https:\/\/www.article-marketing.eu\/comunicatistampa\/claudio-descalzi-il-presente-e-il-futuro-dellenergia-lad-di-eni-a-cinque-minuti\/#primaryimage","url":"https:\/\/s7g10.scene7.com\/is\/image\/eni\/claudio-descalzi-1-1:horizontal-16-9","contentUrl":"https:\/\/s7g10.scene7.com\/is\/image\/eni\/claudio-descalzi-1-1:horizontal-16-9"},{"@type":"BreadcrumbList","@id":"https:\/\/www.article-marketing.eu\/comunicatistampa\/claudio-descalzi-il-presente-e-il-futuro-dellenergia-lad-di-eni-a-cinque-minuti\/#breadcrumb","itemListElement":[{"@type":"ListItem","position":1,"name":"Home","item":"https:\/\/www.article-marketing.eu\/comunicatistampa\/"},{"@type":"ListItem","position":2,"name":"Claudio Descalzi: il presente e il futuro dell\u2019energia, l\u2019AD di Eni a \u201cCinque Minuti\u201d"}]},{"@type":"WebSite","@id":"https:\/\/www.article-marketing.eu\/comunicatistampa\/#website","url":"https:\/\/www.article-marketing.eu\/comunicatistampa\/","name":"Article Marketing","description":"article marketing &amp; press release","potentialAction":[{"@type":"SearchAction","target":{"@type":"EntryPoint","urlTemplate":"https:\/\/www.article-marketing.eu\/comunicatistampa\/?s={search_term_string}"},"query-input":{"@type":"PropertyValueSpecification","valueRequired":true,"valueName":"search_term_string"}}],"inLanguage":"it-IT"},{"@type":"Person","@id":"https:\/\/www.article-marketing.eu\/comunicatistampa\/#\/schema\/person\/2fcaf8f8f3a9eef9eb7f27532d3ca458","name":"articolinews","image":{"@type":"ImageObject","inLanguage":"it-IT","@id":"https:\/\/secure.gravatar.com\/avatar\/9e2a264bab04e17dea24d937c9956304649a848cb73c46747a692ff1bdeb1cb7?s=96&d=mm&r=g","url":"https:\/\/secure.gravatar.com\/avatar\/9e2a264bab04e17dea24d937c9956304649a848cb73c46747a692ff1bdeb1cb7?s=96&d=mm&r=g","contentUrl":"https:\/\/secure.gravatar.com\/avatar\/9e2a264bab04e17dea24d937c9956304649a848cb73c46747a692ff1bdeb1cb7?s=96&d=mm&r=g","caption":"articolinews"},"url":"https:\/\/www.article-marketing.eu\/comunicatistampa\/author\/articolinews\/"}]}},"_links":{"self":[{"href":"https:\/\/www.article-marketing.eu\/comunicatistampa\/wp-json\/wp\/v2\/posts\/29802","targetHints":{"allow":["GET"]}}],"collection":[{"href":"https:\/\/www.article-marketing.eu\/comunicatistampa\/wp-json\/wp\/v2\/posts"}],"about":[{"href":"https:\/\/www.article-marketing.eu\/comunicatistampa\/wp-json\/wp\/v2\/types\/post"}],"author":[{"embeddable":true,"href":"https:\/\/www.article-marketing.eu\/comunicatistampa\/wp-json\/wp\/v2\/users\/6477"}],"replies":[{"embeddable":true,"href":"https:\/\/www.article-marketing.eu\/comunicatistampa\/wp-json\/wp\/v2\/comments?post=29802"}],"version-history":[{"count":4,"href":"https:\/\/www.article-marketing.eu\/comunicatistampa\/wp-json\/wp\/v2\/posts\/29802\/revisions"}],"predecessor-version":[{"id":30279,"href":"https:\/\/www.article-marketing.eu\/comunicatistampa\/wp-json\/wp\/v2\/posts\/29802\/revisions\/30279"}],"wp:attachment":[{"href":"https:\/\/www.article-marketing.eu\/comunicatistampa\/wp-json\/wp\/v2\/media?parent=29802"}],"wp:term":[{"taxonomy":"category","embeddable":true,"href":"https:\/\/www.article-marketing.eu\/comunicatistampa\/wp-json\/wp\/v2\/categories?post=29802"},{"taxonomy":"post_tag","embeddable":true,"href":"https:\/\/www.article-marketing.eu\/comunicatistampa\/wp-json\/wp\/v2\/tags?post=29802"}],"curies":[{"name":"wp","href":"https:\/\/api.w.org\/{rel}","templated":true}]}}