{"id":29807,"date":"2024-03-10T07:51:43","date_gmt":"2024-03-10T06:51:43","guid":{"rendered":"https:\/\/www.article-marketing.eu\/comunicatistampa\/?p=29807"},"modified":"2024-03-05T23:56:05","modified_gmt":"2024-03-05T22:56:05","slug":"la-tragedia-del-femminicidio-un-flagello-sociale-che-richiede-azioni-urgenti","status":"publish","type":"post","link":"https:\/\/www.article-marketing.eu\/comunicatistampa\/la-tragedia-del-femminicidio-un-flagello-sociale-che-richiede-azioni-urgenti\/","title":{"rendered":"LA TRAGEDIA DEL FEMMINICIDIO: UN FLAGELLO SOCIALE CHE RICHIEDE AZIONI URGENTI"},"content":{"rendered":"<p>I recenti fatti di sangue (Cisterna di Latina\u2026) hanno drammaticamente riproposto all\u2019attenzione della collettivit\u00e0 il triste fenomeno della violenza sulle donne. Con due miei precedenti articoli del 24\/11\/2020<\/p>\n<p><a href=\"https:\/\/www.lamacinamagazine.it\/25-novembre-contro-la-violenza-sulla-donna\/\">https:\/\/www.lamacinamagazine.it\/25-novembre-contro-la-violenza-sulla-donna\/<\/a><\/p>\n<p>e del 07\/2021<\/p>\n<p><a href=\"https:\/\/www.lamacinamagazine.it\/8-marzo-basta-con-le-mimose\/\">https:\/\/www.lamacinamagazine.it\/8-marzo-basta-con-le-mimose\/<\/a><\/p>\n<p>affrontai questa tematica stigmatizzandola; forse \u00e8 il caso di riportarla alla luce.<\/p>\n<p>Il\u00a0<strong>femminicidio<\/strong>, definito come tale, \u00e8 l\u2019omicidio di una donna a causa del suo genere e rappresenta una delle forme pi\u00f9 estreme e riprovevoli di violenza di genere. \u00c8 una tragedia che si ripete in tutto il mondo lasciando dietro di s\u00e9 dolore, distruzione, sgomento e disperazione. Questo fenomeno, purtroppo, non conosce confini geografici, culturali o socio-economici; colpisce donne di ogni etnia, classe sociale e provenienza.<\/p>\n<p>Le radici del\u00a0<strong>femminicidio<\/strong>, consolidate nel tempo, affondano nelle profonde disuguaglianze di potere tra uomini e donne, alimentate da norme sociali patriarcali che relegano le donne a uno status di inferiorit\u00e0 e soggezione. La violenza domestica, l\u2019abuso psicologico, l\u2019oppressione economica e la discriminazione sistemica sono solo alcune delle manifestazioni di questa disuguaglianza strutturale.<\/p>\n<p>In molti casi il\u00a0<strong>femminicidio<\/strong>\u00a0\u00e8 il culmine di un percorso di violenza che inizia\u00a0<em>\u201cin sordina\u201d<\/em>\u00a0con l\u2019isolamento della vittima, prosegue in maniera crescente con minacce e abusi di vario genere e termina con l\u2019omicidio. Nella maggior parte dei casi le donne vengono uccise da partner intimi o ex partner che non si rassegnano e cercano ancora di esercitare il loro controllo e dominio fino all\u2019estremo limite.<\/p>\n<p>Le conseguenze del\u00a0<strong>femminicidio<\/strong>\u00a0non si limitano alla vittima diretta ma si estendono a familiari, amici e alla comunit\u00e0 tutta. I bambini che assistono alla violenza domestica sono particolarmente violentati, vulnerabili e possono subire profondi traumi sia fisici che psicologici, duraturi nel tempo, che influenzano il loro sviluppo emotivo e psicologico.<\/p>\n<p>Affrontare efficacemente il\u00a0<strong>femminicidio<\/strong>\u00a0richiede un impegno congiunto da parte di tutti noi, singolarmente, per prendere coscienza del fenomeno, rigettarlo e condannarlo, impegno da parte dei governi, istituzioni, forze dell\u2019ordine e organizzazioni della societ\u00e0 civile. \u00c8 fondamentale promuovere e diffondere la cultura del rispetto e della parit\u00e0 di genere fin dalla pi\u00f9 tenera et\u00e0 attraverso programmi educativi nelle scuole e campagne di sensibilizzazione pubblica, contrastare la \u201c<em>banalizzazione\u201d<\/em>\u00a0e la \u201c<em>giustificazione\u201d<\/em>\u00a0della violenza di genere\u00a0<em>ma \u00e8 fondamentale che sia in primis la famiglia ad educare al rispetto della parit\u00e0 di genere.\u00a0<\/em><\/p>\n<p>E\u2019 inoltre cruciale rafforzare le leggi e i meccanismi di protezione per le vittime di violenza domestica garantendo loro accesso a servizi di sostegno e rifugio sicuri. \u00c8 indispensabile anche istruire, migliorare la capacit\u00e0 e l\u2019efficacia delle forze dell\u2019ordine e la magistratura nel saper individuare i primi segnali di pericolo e porre in essere gli strumenti per prevenire che il rischio si trasformi in\u00a0<strong>femminicidio<\/strong>.<\/p>\n<p>In conclusione, il\u00a0<strong>femminicidio<\/strong>\u00a0rappresenta una grave violazione dei diritti umani e una sfida urgente per la nostra societ\u00e0. Solo attraverso un impegno singolo, collettivo e determinato possiamo sperare di porre fine a questa tragedia e creare un mondo in cui tutte le donne possano vivere libere dalla paura e dalla violenza.<\/p>\n<p>Martina Servidio<\/p>\n","protected":false},"excerpt":{"rendered":"<p>I recenti fatti di sangue (Cisterna di Latina\u2026) hanno drammaticamente riproposto all\u2019attenzione della collettivit\u00e0 il triste fenomeno della violenza sulle donne. Con due miei precedenti articoli del 24\/11\/2020 https:\/\/www.lamacinamagazine.it\/25-novembre-contro-la-violenza-sulla-donna\/ e del 07\/2021 https:\/\/www.lamacinamagazine.it\/8-marzo-basta-con-le-mimose\/ affrontai questa tematica stigmatizzandola; forse \u00e8 il caso di riportarla alla luce. Il\u00a0femminicidio, definito come tale, \u00e8 l\u2019omicidio di una donna a causa del suo genere e rappresenta una delle forme pi\u00f9 estreme e riprovevoli di violenza<\/p>\n<p><a class=\"continue-reading\" href=\"https:\/\/www.article-marketing.eu\/comunicatistampa\/la-tragedia-del-femminicidio-un-flagello-sociale-che-richiede-azioni-urgenti\/\">Continue reading&#8230;<\/a><\/p>\n","protected":false},"author":5603,"featured_media":0,"comment_status":"open","ping_status":"open","sticky":false,"template":"","format":"standard","meta":{"_monsterinsights_skip_tracking":false,"_monsterinsights_sitenote_active":false,"_monsterinsights_sitenote_note":"","_monsterinsights_sitenote_category":0,"footnotes":""},"categories":[362],"tags":[4171,1486,11022,11021],"class_list":["post-29807","post","type-post","status-publish","format-standard","hentry","category-societa","tag-diritti-umani","tag-femminicidio","tag-societa","tag-violenza-sulle-donne"],"yoast_head":"<!-- This site is optimized with the Yoast SEO plugin v27.3 - https:\/\/yoast.com\/product\/yoast-seo-wordpress\/ -->\n<title>LA TRAGEDIA DEL FEMMINICIDIO: UN FLAGELLO SOCIALE CHE RICHIEDE AZIONI URGENTI LA TRAGEDIA DEL FEMMINICIDIO: UN FLAGELLO SOCIALE CHE RICHIEDE AZIONI URGENTI<\/title>\n<meta name=\"description\" content=\"LA TRAGEDIA DEL FEMMINICIDIO: UN FLAGELLO SOCIALE CHE RICHIEDE AZIONI URGENTI\" \/>\n<meta name=\"robots\" content=\"index, follow, max-snippet:-1, max-image-preview:large, max-video-preview:-1\" \/>\n<link rel=\"canonical\" href=\"https:\/\/www.article-marketing.eu\/comunicatistampa\/la-tragedia-del-femminicidio-un-flagello-sociale-che-richiede-azioni-urgenti\/\" \/>\n<meta property=\"og:locale\" content=\"it_IT\" \/>\n<meta property=\"og:type\" content=\"article\" \/>\n<meta property=\"og:title\" content=\"LA TRAGEDIA DEL FEMMINICIDIO: UN FLAGELLO SOCIALE CHE RICHIEDE AZIONI URGENTI LA TRAGEDIA DEL FEMMINICIDIO: UN FLAGELLO SOCIALE CHE RICHIEDE AZIONI URGENTI\" \/>\n<meta property=\"og:description\" content=\"LA TRAGEDIA DEL FEMMINICIDIO: UN FLAGELLO SOCIALE CHE RICHIEDE AZIONI URGENTI\" \/>\n<meta property=\"og:url\" content=\"https:\/\/www.article-marketing.eu\/comunicatistampa\/la-tragedia-del-femminicidio-un-flagello-sociale-che-richiede-azioni-urgenti\/\" \/>\n<meta property=\"og:site_name\" content=\"Article Marketing\" \/>\n<meta property=\"article:author\" content=\"https:\/\/www.facebook.com\/lamacina.onlus\" \/>\n<meta property=\"article:published_time\" content=\"2024-03-10T06:51:43+00:00\" \/>\n<meta name=\"author\" content=\"La Macina Magazine\" \/>\n<meta name=\"twitter:card\" content=\"summary_large_image\" \/>\n<meta name=\"twitter:creator\" content=\"@https:\/\/twitter.com\/LAMACINAONLUS\" \/>\n<meta name=\"twitter:label1\" content=\"Scritto da\" \/>\n\t<meta name=\"twitter:data1\" content=\"La Macina Magazine\" \/>\n\t<meta name=\"twitter:label2\" content=\"Tempo di lettura stimato\" \/>\n\t<meta name=\"twitter:data2\" content=\"3 minuti\" \/>\n<script type=\"application\/ld+json\" class=\"yoast-schema-graph\">{\"@context\":\"https:\\\/\\\/schema.org\",\"@graph\":[{\"@type\":\"Article\",\"@id\":\"https:\\\/\\\/www.article-marketing.eu\\\/comunicatistampa\\\/la-tragedia-del-femminicidio-un-flagello-sociale-che-richiede-azioni-urgenti\\\/#article\",\"isPartOf\":{\"@id\":\"https:\\\/\\\/www.article-marketing.eu\\\/comunicatistampa\\\/la-tragedia-del-femminicidio-un-flagello-sociale-che-richiede-azioni-urgenti\\\/\"},\"author\":{\"name\":\"La Macina Magazine\",\"@id\":\"https:\\\/\\\/www.article-marketing.eu\\\/comunicatistampa\\\/#\\\/schema\\\/person\\\/1745353dbe89ed35550459191c7824c9\"},\"headline\":\"LA TRAGEDIA DEL FEMMINICIDIO: UN FLAGELLO SOCIALE CHE RICHIEDE AZIONI URGENTI\",\"datePublished\":\"2024-03-10T06:51:43+00:00\",\"mainEntityOfPage\":{\"@id\":\"https:\\\/\\\/www.article-marketing.eu\\\/comunicatistampa\\\/la-tragedia-del-femminicidio-un-flagello-sociale-che-richiede-azioni-urgenti\\\/\"},\"wordCount\":513,\"commentCount\":0,\"keywords\":[\"diritti umani\",\"femminicidio\",\"Societ\u00e0\",\"Violenza sulle donne\"],\"articleSection\":[\"Societ\u00e0\"],\"inLanguage\":\"it-IT\",\"potentialAction\":[{\"@type\":\"CommentAction\",\"name\":\"Comment\",\"target\":[\"https:\\\/\\\/www.article-marketing.eu\\\/comunicatistampa\\\/la-tragedia-del-femminicidio-un-flagello-sociale-che-richiede-azioni-urgenti\\\/#respond\"]}]},{\"@type\":\"WebPage\",\"@id\":\"https:\\\/\\\/www.article-marketing.eu\\\/comunicatistampa\\\/la-tragedia-del-femminicidio-un-flagello-sociale-che-richiede-azioni-urgenti\\\/\",\"url\":\"https:\\\/\\\/www.article-marketing.eu\\\/comunicatistampa\\\/la-tragedia-del-femminicidio-un-flagello-sociale-che-richiede-azioni-urgenti\\\/\",\"name\":\"LA TRAGEDIA DEL FEMMINICIDIO: UN FLAGELLO SOCIALE CHE RICHIEDE AZIONI URGENTI LA TRAGEDIA DEL FEMMINICIDIO: UN FLAGELLO SOCIALE CHE RICHIEDE AZIONI URGENTI\",\"isPartOf\":{\"@id\":\"https:\\\/\\\/www.article-marketing.eu\\\/comunicatistampa\\\/#website\"},\"datePublished\":\"2024-03-10T06:51:43+00:00\",\"author\":{\"@id\":\"https:\\\/\\\/www.article-marketing.eu\\\/comunicatistampa\\\/#\\\/schema\\\/person\\\/1745353dbe89ed35550459191c7824c9\"},\"description\":\"LA TRAGEDIA DEL FEMMINICIDIO: UN FLAGELLO SOCIALE CHE RICHIEDE AZIONI URGENTI\",\"breadcrumb\":{\"@id\":\"https:\\\/\\\/www.article-marketing.eu\\\/comunicatistampa\\\/la-tragedia-del-femminicidio-un-flagello-sociale-che-richiede-azioni-urgenti\\\/#breadcrumb\"},\"inLanguage\":\"it-IT\",\"potentialAction\":[{\"@type\":\"ReadAction\",\"target\":[\"https:\\\/\\\/www.article-marketing.eu\\\/comunicatistampa\\\/la-tragedia-del-femminicidio-un-flagello-sociale-che-richiede-azioni-urgenti\\\/\"]}]},{\"@type\":\"BreadcrumbList\",\"@id\":\"https:\\\/\\\/www.article-marketing.eu\\\/comunicatistampa\\\/la-tragedia-del-femminicidio-un-flagello-sociale-che-richiede-azioni-urgenti\\\/#breadcrumb\",\"itemListElement\":[{\"@type\":\"ListItem\",\"position\":1,\"name\":\"Home\",\"item\":\"https:\\\/\\\/www.article-marketing.eu\\\/comunicatistampa\\\/\"},{\"@type\":\"ListItem\",\"position\":2,\"name\":\"LA TRAGEDIA DEL FEMMINICIDIO: UN FLAGELLO SOCIALE CHE RICHIEDE AZIONI URGENTI\"}]},{\"@type\":\"WebSite\",\"@id\":\"https:\\\/\\\/www.article-marketing.eu\\\/comunicatistampa\\\/#website\",\"url\":\"https:\\\/\\\/www.article-marketing.eu\\\/comunicatistampa\\\/\",\"name\":\"Article Marketing\",\"description\":\"article marketing &amp; press release\",\"potentialAction\":[{\"@type\":\"SearchAction\",\"target\":{\"@type\":\"EntryPoint\",\"urlTemplate\":\"https:\\\/\\\/www.article-marketing.eu\\\/comunicatistampa\\\/?s={search_term_string}\"},\"query-input\":{\"@type\":\"PropertyValueSpecification\",\"valueRequired\":true,\"valueName\":\"search_term_string\"}}],\"inLanguage\":\"it-IT\"},{\"@type\":\"Person\",\"@id\":\"https:\\\/\\\/www.article-marketing.eu\\\/comunicatistampa\\\/#\\\/schema\\\/person\\\/1745353dbe89ed35550459191c7824c9\",\"name\":\"La Macina Magazine\",\"image\":{\"@type\":\"ImageObject\",\"inLanguage\":\"it-IT\",\"@id\":\"https:\\\/\\\/secure.gravatar.com\\\/avatar\\\/cda0654dfaa9cea252a11d3b7706406282e513bb36c8715d95f1126f7ac5a90b?s=96&d=mm&r=g\",\"url\":\"https:\\\/\\\/secure.gravatar.com\\\/avatar\\\/cda0654dfaa9cea252a11d3b7706406282e513bb36c8715d95f1126f7ac5a90b?s=96&d=mm&r=g\",\"contentUrl\":\"https:\\\/\\\/secure.gravatar.com\\\/avatar\\\/cda0654dfaa9cea252a11d3b7706406282e513bb36c8715d95f1126f7ac5a90b?s=96&d=mm&r=g\",\"caption\":\"La Macina Magazine\"},\"sameAs\":[\"https:\\\/\\\/www.lamacinamagazine.it\\\/\",\"https:\\\/\\\/www.facebook.com\\\/lamacina.onlus\",\"https:\\\/\\\/www.linkedin.com\\\/in\\\/la-macina-onlus-roma-67564941\\\/\",\"https:\\\/\\\/x.com\\\/https:\\\/\\\/twitter.com\\\/LAMACINAONLUS\"],\"url\":\"https:\\\/\\\/www.article-marketing.eu\\\/comunicatistampa\\\/author\\\/piero-casoli\\\/\"}]}<\/script>\n<!-- \/ Yoast SEO plugin. -->","yoast_head_json":{"title":"LA TRAGEDIA DEL FEMMINICIDIO: UN FLAGELLO SOCIALE CHE RICHIEDE AZIONI URGENTI LA TRAGEDIA DEL FEMMINICIDIO: UN FLAGELLO SOCIALE CHE RICHIEDE AZIONI URGENTI","description":"LA TRAGEDIA DEL FEMMINICIDIO: UN FLAGELLO SOCIALE CHE RICHIEDE AZIONI URGENTI","robots":{"index":"index","follow":"follow","max-snippet":"max-snippet:-1","max-image-preview":"max-image-preview:large","max-video-preview":"max-video-preview:-1"},"canonical":"https:\/\/www.article-marketing.eu\/comunicatistampa\/la-tragedia-del-femminicidio-un-flagello-sociale-che-richiede-azioni-urgenti\/","og_locale":"it_IT","og_type":"article","og_title":"LA TRAGEDIA DEL FEMMINICIDIO: UN FLAGELLO SOCIALE CHE RICHIEDE AZIONI URGENTI LA TRAGEDIA DEL FEMMINICIDIO: UN FLAGELLO SOCIALE CHE RICHIEDE AZIONI URGENTI","og_description":"LA TRAGEDIA DEL FEMMINICIDIO: UN FLAGELLO SOCIALE CHE RICHIEDE AZIONI URGENTI","og_url":"https:\/\/www.article-marketing.eu\/comunicatistampa\/la-tragedia-del-femminicidio-un-flagello-sociale-che-richiede-azioni-urgenti\/","og_site_name":"Article Marketing","article_author":"https:\/\/www.facebook.com\/lamacina.onlus","article_published_time":"2024-03-10T06:51:43+00:00","author":"La Macina Magazine","twitter_card":"summary_large_image","twitter_creator":"@https:\/\/twitter.com\/LAMACINAONLUS","twitter_misc":{"Scritto da":"La Macina Magazine","Tempo di lettura stimato":"3 minuti"},"schema":{"@context":"https:\/\/schema.org","@graph":[{"@type":"Article","@id":"https:\/\/www.article-marketing.eu\/comunicatistampa\/la-tragedia-del-femminicidio-un-flagello-sociale-che-richiede-azioni-urgenti\/#article","isPartOf":{"@id":"https:\/\/www.article-marketing.eu\/comunicatistampa\/la-tragedia-del-femminicidio-un-flagello-sociale-che-richiede-azioni-urgenti\/"},"author":{"name":"La Macina Magazine","@id":"https:\/\/www.article-marketing.eu\/comunicatistampa\/#\/schema\/person\/1745353dbe89ed35550459191c7824c9"},"headline":"LA TRAGEDIA DEL FEMMINICIDIO: UN FLAGELLO SOCIALE CHE RICHIEDE AZIONI URGENTI","datePublished":"2024-03-10T06:51:43+00:00","mainEntityOfPage":{"@id":"https:\/\/www.article-marketing.eu\/comunicatistampa\/la-tragedia-del-femminicidio-un-flagello-sociale-che-richiede-azioni-urgenti\/"},"wordCount":513,"commentCount":0,"keywords":["diritti umani","femminicidio","Societ\u00e0","Violenza sulle donne"],"articleSection":["Societ\u00e0"],"inLanguage":"it-IT","potentialAction":[{"@type":"CommentAction","name":"Comment","target":["https:\/\/www.article-marketing.eu\/comunicatistampa\/la-tragedia-del-femminicidio-un-flagello-sociale-che-richiede-azioni-urgenti\/#respond"]}]},{"@type":"WebPage","@id":"https:\/\/www.article-marketing.eu\/comunicatistampa\/la-tragedia-del-femminicidio-un-flagello-sociale-che-richiede-azioni-urgenti\/","url":"https:\/\/www.article-marketing.eu\/comunicatistampa\/la-tragedia-del-femminicidio-un-flagello-sociale-che-richiede-azioni-urgenti\/","name":"LA TRAGEDIA DEL FEMMINICIDIO: UN FLAGELLO SOCIALE CHE RICHIEDE AZIONI URGENTI LA TRAGEDIA DEL FEMMINICIDIO: UN FLAGELLO SOCIALE CHE RICHIEDE AZIONI URGENTI","isPartOf":{"@id":"https:\/\/www.article-marketing.eu\/comunicatistampa\/#website"},"datePublished":"2024-03-10T06:51:43+00:00","author":{"@id":"https:\/\/www.article-marketing.eu\/comunicatistampa\/#\/schema\/person\/1745353dbe89ed35550459191c7824c9"},"description":"LA TRAGEDIA DEL FEMMINICIDIO: UN FLAGELLO SOCIALE CHE RICHIEDE AZIONI URGENTI","breadcrumb":{"@id":"https:\/\/www.article-marketing.eu\/comunicatistampa\/la-tragedia-del-femminicidio-un-flagello-sociale-che-richiede-azioni-urgenti\/#breadcrumb"},"inLanguage":"it-IT","potentialAction":[{"@type":"ReadAction","target":["https:\/\/www.article-marketing.eu\/comunicatistampa\/la-tragedia-del-femminicidio-un-flagello-sociale-che-richiede-azioni-urgenti\/"]}]},{"@type":"BreadcrumbList","@id":"https:\/\/www.article-marketing.eu\/comunicatistampa\/la-tragedia-del-femminicidio-un-flagello-sociale-che-richiede-azioni-urgenti\/#breadcrumb","itemListElement":[{"@type":"ListItem","position":1,"name":"Home","item":"https:\/\/www.article-marketing.eu\/comunicatistampa\/"},{"@type":"ListItem","position":2,"name":"LA TRAGEDIA DEL FEMMINICIDIO: UN FLAGELLO SOCIALE CHE RICHIEDE AZIONI URGENTI"}]},{"@type":"WebSite","@id":"https:\/\/www.article-marketing.eu\/comunicatistampa\/#website","url":"https:\/\/www.article-marketing.eu\/comunicatistampa\/","name":"Article Marketing","description":"article marketing &amp; press release","potentialAction":[{"@type":"SearchAction","target":{"@type":"EntryPoint","urlTemplate":"https:\/\/www.article-marketing.eu\/comunicatistampa\/?s={search_term_string}"},"query-input":{"@type":"PropertyValueSpecification","valueRequired":true,"valueName":"search_term_string"}}],"inLanguage":"it-IT"},{"@type":"Person","@id":"https:\/\/www.article-marketing.eu\/comunicatistampa\/#\/schema\/person\/1745353dbe89ed35550459191c7824c9","name":"La Macina Magazine","image":{"@type":"ImageObject","inLanguage":"it-IT","@id":"https:\/\/secure.gravatar.com\/avatar\/cda0654dfaa9cea252a11d3b7706406282e513bb36c8715d95f1126f7ac5a90b?s=96&d=mm&r=g","url":"https:\/\/secure.gravatar.com\/avatar\/cda0654dfaa9cea252a11d3b7706406282e513bb36c8715d95f1126f7ac5a90b?s=96&d=mm&r=g","contentUrl":"https:\/\/secure.gravatar.com\/avatar\/cda0654dfaa9cea252a11d3b7706406282e513bb36c8715d95f1126f7ac5a90b?s=96&d=mm&r=g","caption":"La Macina Magazine"},"sameAs":["https:\/\/www.lamacinamagazine.it\/","https:\/\/www.facebook.com\/lamacina.onlus","https:\/\/www.linkedin.com\/in\/la-macina-onlus-roma-67564941\/","https:\/\/x.com\/https:\/\/twitter.com\/LAMACINAONLUS"],"url":"https:\/\/www.article-marketing.eu\/comunicatistampa\/author\/piero-casoli\/"}]}},"_links":{"self":[{"href":"https:\/\/www.article-marketing.eu\/comunicatistampa\/wp-json\/wp\/v2\/posts\/29807","targetHints":{"allow":["GET"]}}],"collection":[{"href":"https:\/\/www.article-marketing.eu\/comunicatistampa\/wp-json\/wp\/v2\/posts"}],"about":[{"href":"https:\/\/www.article-marketing.eu\/comunicatistampa\/wp-json\/wp\/v2\/types\/post"}],"author":[{"embeddable":true,"href":"https:\/\/www.article-marketing.eu\/comunicatistampa\/wp-json\/wp\/v2\/users\/5603"}],"replies":[{"embeddable":true,"href":"https:\/\/www.article-marketing.eu\/comunicatistampa\/wp-json\/wp\/v2\/comments?post=29807"}],"version-history":[{"count":2,"href":"https:\/\/www.article-marketing.eu\/comunicatistampa\/wp-json\/wp\/v2\/posts\/29807\/revisions"}],"predecessor-version":[{"id":30008,"href":"https:\/\/www.article-marketing.eu\/comunicatistampa\/wp-json\/wp\/v2\/posts\/29807\/revisions\/30008"}],"wp:attachment":[{"href":"https:\/\/www.article-marketing.eu\/comunicatistampa\/wp-json\/wp\/v2\/media?parent=29807"}],"wp:term":[{"taxonomy":"category","embeddable":true,"href":"https:\/\/www.article-marketing.eu\/comunicatistampa\/wp-json\/wp\/v2\/categories?post=29807"},{"taxonomy":"post_tag","embeddable":true,"href":"https:\/\/www.article-marketing.eu\/comunicatistampa\/wp-json\/wp\/v2\/tags?post=29807"}],"curies":[{"name":"wp","href":"https:\/\/api.w.org\/{rel}","templated":true}]}}