{"id":29817,"date":"2024-03-08T07:24:20","date_gmt":"2024-03-08T06:24:20","guid":{"rendered":"https:\/\/www.article-marketing.eu\/comunicatistampa\/?p=29817"},"modified":"2024-03-05T23:45:47","modified_gmt":"2024-03-05T22:45:47","slug":"serenissima-ristorazione-abbraccia-la-logistica-intermodale-annunciato-lingresso-in-alis","status":"publish","type":"post","link":"https:\/\/www.article-marketing.eu\/comunicatistampa\/serenissima-ristorazione-abbraccia-la-logistica-intermodale-annunciato-lingresso-in-alis\/","title":{"rendered":"Serenissima Ristorazione abbraccia la logistica intermodale: annunciato l\u2019ingresso in ALIS"},"content":{"rendered":"<p><em><strong><a title=\"Canale YouTube di Serenissima Ristorazione\" href=\"https:\/\/www.youtube.com\/user\/grupposerenissima\">Serenissima Ristorazione<\/a> e ALIS uniscono le forze per integrare la logistica intermodale e sostenibile nel settore della ristorazione collettiva: la societ\u00e0 \u00e8 infatti entrata nell\u2019Associazione Logistica dell\u2019Intermodalit\u00e0 Sostenibile come socio consigliere.<\/strong><\/em><\/p>\n<p><a title=\"Su YouTube i video di Serenissima Ristorazione\" href=\"https:\/\/www.youtube.com\/user\/grupposerenissima\"><img loading=\"lazy\" decoding=\"async\" src=\"https:\/\/yt3.googleusercontent.com\/ytc\/AIf8zZSPejkTmGO-B6IKnN8vYRws15GOOOLMOndpAvml=s176-c-k-c0x00ffffff-no-rj\" alt=\"Serenissima Ristorazione\" width=\"150\" height=\"150\" \/><\/a><\/p>\n<h2>ALIS: \u201c<em>Felici di accogliere Serenissima Ristorazione nella nostra Associazione<\/em>\u201d<\/h2>\n<p><strong>Serenissima Ristorazione<\/strong>, leader nella ristorazione aziendale e collettiva, si \u00e8 unita ad ALIS (Associazione Logistica dell\u2019Intermodalit\u00e0 Sostenibile) come socio consigliere, abbracciando dunque i valori della logistica intermodale e sostenibile. ALIS \u00e8 infatti uno dei leader europei in questi settori, in grado di connettere aziende di trasporti (tanto su gomma, quanto su rotaia, o nel settore armatoriale) con societ\u00e0, infrastrutture (porti, aeroporti) e intermediari logistici. Attraverso gli strumenti dell\u2019intermodalit\u00e0, ALIS riesce a trasportare le merci utilizzando in minima parte i camion, che sono tra i mezzi pi\u00f9 inquinanti, valorizzando cos\u00ec i treni e le navi. Il Presidente di ALIS Guido Grimaldi ha espresso soddisfazione per l\u2019ingresso dei nuovi soci: <em>\u201cSiamo davvero soddisfatti ed orgogliosi dei numeri della nostra Associazione e dei nuovi importanti ingressi approvati oggi, tra cui i Soci consiglieri BolognaFiere, Harvip, Sangritana e <strong>Serenissima Ristorazione<\/strong>.<\/em>\u201d Sottolineandone la leadership nazionale, il Presidente ha aggiunto che la societ\u00e0 \u201c<em>\u00e8 nata a Vicenza a met\u00e0 degli anni \u201980, \u00e8 oggi tra i maggiori player nel settore della ristorazione collettiva e, con oltre 10.500 collaboratori, eroga 50 milioni di pasti annui destinati a strutture socio-sanitarie, scuole e aziende<\/em>.\u201d<\/p>\n<h2>L\u2019impegno sostenibile di Serenissima Ristorazione<\/h2>\n<p>L\u2019ingresso in ALIS rappresenta solo un capitolo dello storico impegno di <strong><a title=\"Serenissima Ristorazione: il canale su YouTube\" href=\"https:\/\/www.youtube.com\/user\/grupposerenissima\">Serenissima Ristorazione<\/a><\/strong> in materia di sostenibilit\u00e0 e transizione ecologica. Il Gruppo ha infatti applicato numerose misure al fine di ridurre il pi\u00f9 possibile le emissioni inquinanti dei propri stabilimenti, attraverso pratiche virtuose di conservazione del calore e riciclo. In particolare, <strong>Serenissima Ristorazione<\/strong> \u00e8 impegnata in primo piano nella lotta contro gli sprechi alimentari, anche attraverso campagne di sensibilizzazione nelle scuole. Tutti gli alimenti che non vengono serviti, infatti, vengono riciclati come compost per le attivit\u00e0 agricole. Come ALIS, inoltre, il Gruppo attribuisce importanza non solo alla sostenibilit\u00e0 ambientale, ma anche a quella sociale ed economica, valorizzando la diversit\u00e0 nel proprio staff.<\/p>\n","protected":false},"excerpt":{"rendered":"<p>Serenissima Ristorazione e ALIS uniscono le forze per integrare la logistica intermodale e sostenibile nel settore della ristorazione collettiva: la societ\u00e0 \u00e8 infatti entrata nell\u2019Associazione Logistica dell\u2019Intermodalit\u00e0 Sostenibile come socio consigliere. ALIS: \u201cFelici di accogliere Serenissima Ristorazione nella nostra Associazione\u201d Serenissima Ristorazione, leader nella ristorazione aziendale e collettiva, si \u00e8 unita ad ALIS (Associazione Logistica dell\u2019Intermodalit\u00e0 Sostenibile) come socio consigliere, abbracciando dunque i valori della logistica intermodale e sostenibile. ALIS<\/p>\n<p><a class=\"continue-reading\" href=\"https:\/\/www.article-marketing.eu\/comunicatistampa\/serenissima-ristorazione-abbraccia-la-logistica-intermodale-annunciato-lingresso-in-alis\/\">Continue reading&#8230;<\/a><\/p>\n","protected":false},"author":6477,"featured_media":0,"comment_status":"open","ping_status":"open","sticky":false,"template":"","format":"standard","meta":{"_monsterinsights_skip_tracking":false,"_monsterinsights_sitenote_active":false,"_monsterinsights_sitenote_note":"","_monsterinsights_sitenote_category":0,"footnotes":""},"categories":[388],"tags":[9302],"class_list":["post-29817","post","type-post","status-publish","format-standard","hentry","category-aziende","tag-serenissima-ristorazione"],"yoast_head":"<!-- This site is optimized with the Yoast SEO plugin v27.3 - https:\/\/yoast.com\/product\/yoast-seo-wordpress\/ -->\n<title>Serenissima Ristorazione abbraccia la logistica intermodale: annunciato l\u2019ingresso in ALIS<\/title>\n<meta name=\"robots\" content=\"index, follow, max-snippet:-1, max-image-preview:large, max-video-preview:-1\" \/>\n<link rel=\"canonical\" href=\"https:\/\/www.article-marketing.eu\/comunicatistampa\/serenissima-ristorazione-abbraccia-la-logistica-intermodale-annunciato-lingresso-in-alis\/\" \/>\n<meta property=\"og:locale\" content=\"it_IT\" \/>\n<meta property=\"og:type\" content=\"article\" \/>\n<meta property=\"og:title\" content=\"Serenissima Ristorazione abbraccia la logistica intermodale: annunciato l\u2019ingresso in ALIS\" \/>\n<meta property=\"og:description\" content=\"Serenissima Ristorazione e ALIS uniscono le forze per integrare la logistica intermodale e sostenibile nel settore della ristorazione collettiva: la societ\u00e0 \u00e8 infatti entrata nell\u2019Associazione Logistica dell\u2019Intermodalit\u00e0 Sostenibile come socio consigliere. ALIS: \u201cFelici di accogliere Serenissima Ristorazione nella nostra Associazione\u201d Serenissima Ristorazione, leader nella ristorazione aziendale e collettiva, si \u00e8 unita ad ALIS (Associazione Logistica dell\u2019Intermodalit\u00e0 Sostenibile) come socio consigliere, abbracciando dunque i valori della logistica intermodale e sostenibile. ALISContinue reading...\" \/>\n<meta property=\"og:url\" content=\"https:\/\/www.article-marketing.eu\/comunicatistampa\/serenissima-ristorazione-abbraccia-la-logistica-intermodale-annunciato-lingresso-in-alis\/\" \/>\n<meta property=\"og:site_name\" content=\"Article Marketing\" \/>\n<meta property=\"article:published_time\" content=\"2024-03-08T06:24:20+00:00\" \/>\n<meta property=\"og:image\" content=\"https:\/\/yt3.googleusercontent.com\/ytc\/AIf8zZSPejkTmGO-B6IKnN8vYRws15GOOOLMOndpAvml=s176-c-k-c0x00ffffff-no-rj\" \/>\n<meta name=\"author\" content=\"articolinews\" \/>\n<meta name=\"twitter:card\" content=\"summary_large_image\" \/>\n<meta name=\"twitter:label1\" content=\"Scritto da\" \/>\n\t<meta name=\"twitter:data1\" content=\"articolinews\" \/>\n\t<meta name=\"twitter:label2\" content=\"Tempo di lettura stimato\" \/>\n\t<meta name=\"twitter:data2\" content=\"3 minuti\" \/>\n<script type=\"application\/ld+json\" class=\"yoast-schema-graph\">{\"@context\":\"https:\\\/\\\/schema.org\",\"@graph\":[{\"@type\":\"Article\",\"@id\":\"https:\\\/\\\/www.article-marketing.eu\\\/comunicatistampa\\\/serenissima-ristorazione-abbraccia-la-logistica-intermodale-annunciato-lingresso-in-alis\\\/#article\",\"isPartOf\":{\"@id\":\"https:\\\/\\\/www.article-marketing.eu\\\/comunicatistampa\\\/serenissima-ristorazione-abbraccia-la-logistica-intermodale-annunciato-lingresso-in-alis\\\/\"},\"author\":{\"name\":\"articolinews\",\"@id\":\"https:\\\/\\\/www.article-marketing.eu\\\/comunicatistampa\\\/#\\\/schema\\\/person\\\/2fcaf8f8f3a9eef9eb7f27532d3ca458\"},\"headline\":\"Serenissima Ristorazione abbraccia la logistica intermodale: annunciato l\u2019ingresso in ALIS\",\"datePublished\":\"2024-03-08T06:24:20+00:00\",\"mainEntityOfPage\":{\"@id\":\"https:\\\/\\\/www.article-marketing.eu\\\/comunicatistampa\\\/serenissima-ristorazione-abbraccia-la-logistica-intermodale-annunciato-lingresso-in-alis\\\/\"},\"wordCount\":351,\"commentCount\":0,\"image\":{\"@id\":\"https:\\\/\\\/www.article-marketing.eu\\\/comunicatistampa\\\/serenissima-ristorazione-abbraccia-la-logistica-intermodale-annunciato-lingresso-in-alis\\\/#primaryimage\"},\"thumbnailUrl\":\"https:\\\/\\\/yt3.googleusercontent.com\\\/ytc\\\/AIf8zZSPejkTmGO-B6IKnN8vYRws15GOOOLMOndpAvml=s176-c-k-c0x00ffffff-no-rj\",\"keywords\":[\"Serenissima Ristorazione\"],\"articleSection\":[\"Aziende\"],\"inLanguage\":\"it-IT\",\"potentialAction\":[{\"@type\":\"CommentAction\",\"name\":\"Comment\",\"target\":[\"https:\\\/\\\/www.article-marketing.eu\\\/comunicatistampa\\\/serenissima-ristorazione-abbraccia-la-logistica-intermodale-annunciato-lingresso-in-alis\\\/#respond\"]}]},{\"@type\":\"WebPage\",\"@id\":\"https:\\\/\\\/www.article-marketing.eu\\\/comunicatistampa\\\/serenissima-ristorazione-abbraccia-la-logistica-intermodale-annunciato-lingresso-in-alis\\\/\",\"url\":\"https:\\\/\\\/www.article-marketing.eu\\\/comunicatistampa\\\/serenissima-ristorazione-abbraccia-la-logistica-intermodale-annunciato-lingresso-in-alis\\\/\",\"name\":\"Serenissima Ristorazione abbraccia la logistica intermodale: annunciato l\u2019ingresso in ALIS\",\"isPartOf\":{\"@id\":\"https:\\\/\\\/www.article-marketing.eu\\\/comunicatistampa\\\/#website\"},\"primaryImageOfPage\":{\"@id\":\"https:\\\/\\\/www.article-marketing.eu\\\/comunicatistampa\\\/serenissima-ristorazione-abbraccia-la-logistica-intermodale-annunciato-lingresso-in-alis\\\/#primaryimage\"},\"image\":{\"@id\":\"https:\\\/\\\/www.article-marketing.eu\\\/comunicatistampa\\\/serenissima-ristorazione-abbraccia-la-logistica-intermodale-annunciato-lingresso-in-alis\\\/#primaryimage\"},\"thumbnailUrl\":\"https:\\\/\\\/yt3.googleusercontent.com\\\/ytc\\\/AIf8zZSPejkTmGO-B6IKnN8vYRws15GOOOLMOndpAvml=s176-c-k-c0x00ffffff-no-rj\",\"datePublished\":\"2024-03-08T06:24:20+00:00\",\"author\":{\"@id\":\"https:\\\/\\\/www.article-marketing.eu\\\/comunicatistampa\\\/#\\\/schema\\\/person\\\/2fcaf8f8f3a9eef9eb7f27532d3ca458\"},\"breadcrumb\":{\"@id\":\"https:\\\/\\\/www.article-marketing.eu\\\/comunicatistampa\\\/serenissima-ristorazione-abbraccia-la-logistica-intermodale-annunciato-lingresso-in-alis\\\/#breadcrumb\"},\"inLanguage\":\"it-IT\",\"potentialAction\":[{\"@type\":\"ReadAction\",\"target\":[\"https:\\\/\\\/www.article-marketing.eu\\\/comunicatistampa\\\/serenissima-ristorazione-abbraccia-la-logistica-intermodale-annunciato-lingresso-in-alis\\\/\"]}]},{\"@type\":\"ImageObject\",\"inLanguage\":\"it-IT\",\"@id\":\"https:\\\/\\\/www.article-marketing.eu\\\/comunicatistampa\\\/serenissima-ristorazione-abbraccia-la-logistica-intermodale-annunciato-lingresso-in-alis\\\/#primaryimage\",\"url\":\"https:\\\/\\\/yt3.googleusercontent.com\\\/ytc\\\/AIf8zZSPejkTmGO-B6IKnN8vYRws15GOOOLMOndpAvml=s176-c-k-c0x00ffffff-no-rj\",\"contentUrl\":\"https:\\\/\\\/yt3.googleusercontent.com\\\/ytc\\\/AIf8zZSPejkTmGO-B6IKnN8vYRws15GOOOLMOndpAvml=s176-c-k-c0x00ffffff-no-rj\"},{\"@type\":\"BreadcrumbList\",\"@id\":\"https:\\\/\\\/www.article-marketing.eu\\\/comunicatistampa\\\/serenissima-ristorazione-abbraccia-la-logistica-intermodale-annunciato-lingresso-in-alis\\\/#breadcrumb\",\"itemListElement\":[{\"@type\":\"ListItem\",\"position\":1,\"name\":\"Home\",\"item\":\"https:\\\/\\\/www.article-marketing.eu\\\/comunicatistampa\\\/\"},{\"@type\":\"ListItem\",\"position\":2,\"name\":\"Serenissima Ristorazione abbraccia la logistica intermodale: annunciato l\u2019ingresso in ALIS\"}]},{\"@type\":\"WebSite\",\"@id\":\"https:\\\/\\\/www.article-marketing.eu\\\/comunicatistampa\\\/#website\",\"url\":\"https:\\\/\\\/www.article-marketing.eu\\\/comunicatistampa\\\/\",\"name\":\"Article Marketing\",\"description\":\"article marketing &amp; press release\",\"potentialAction\":[{\"@type\":\"SearchAction\",\"target\":{\"@type\":\"EntryPoint\",\"urlTemplate\":\"https:\\\/\\\/www.article-marketing.eu\\\/comunicatistampa\\\/?s={search_term_string}\"},\"query-input\":{\"@type\":\"PropertyValueSpecification\",\"valueRequired\":true,\"valueName\":\"search_term_string\"}}],\"inLanguage\":\"it-IT\"},{\"@type\":\"Person\",\"@id\":\"https:\\\/\\\/www.article-marketing.eu\\\/comunicatistampa\\\/#\\\/schema\\\/person\\\/2fcaf8f8f3a9eef9eb7f27532d3ca458\",\"name\":\"articolinews\",\"image\":{\"@type\":\"ImageObject\",\"inLanguage\":\"it-IT\",\"@id\":\"https:\\\/\\\/secure.gravatar.com\\\/avatar\\\/9e2a264bab04e17dea24d937c9956304649a848cb73c46747a692ff1bdeb1cb7?s=96&d=mm&r=g\",\"url\":\"https:\\\/\\\/secure.gravatar.com\\\/avatar\\\/9e2a264bab04e17dea24d937c9956304649a848cb73c46747a692ff1bdeb1cb7?s=96&d=mm&r=g\",\"contentUrl\":\"https:\\\/\\\/secure.gravatar.com\\\/avatar\\\/9e2a264bab04e17dea24d937c9956304649a848cb73c46747a692ff1bdeb1cb7?s=96&d=mm&r=g\",\"caption\":\"articolinews\"},\"url\":\"https:\\\/\\\/www.article-marketing.eu\\\/comunicatistampa\\\/author\\\/articolinews\\\/\"}]}<\/script>\n<!-- \/ Yoast SEO plugin. -->","yoast_head_json":{"title":"Serenissima Ristorazione abbraccia la logistica intermodale: annunciato l\u2019ingresso in ALIS","robots":{"index":"index","follow":"follow","max-snippet":"max-snippet:-1","max-image-preview":"max-image-preview:large","max-video-preview":"max-video-preview:-1"},"canonical":"https:\/\/www.article-marketing.eu\/comunicatistampa\/serenissima-ristorazione-abbraccia-la-logistica-intermodale-annunciato-lingresso-in-alis\/","og_locale":"it_IT","og_type":"article","og_title":"Serenissima Ristorazione abbraccia la logistica intermodale: annunciato l\u2019ingresso in ALIS","og_description":"Serenissima Ristorazione e ALIS uniscono le forze per integrare la logistica intermodale e sostenibile nel settore della ristorazione collettiva: la societ\u00e0 \u00e8 infatti entrata nell\u2019Associazione Logistica dell\u2019Intermodalit\u00e0 Sostenibile come socio consigliere. ALIS: \u201cFelici di accogliere Serenissima Ristorazione nella nostra Associazione\u201d Serenissima Ristorazione, leader nella ristorazione aziendale e collettiva, si \u00e8 unita ad ALIS (Associazione Logistica dell\u2019Intermodalit\u00e0 Sostenibile) come socio consigliere, abbracciando dunque i valori della logistica intermodale e sostenibile. ALISContinue reading...","og_url":"https:\/\/www.article-marketing.eu\/comunicatistampa\/serenissima-ristorazione-abbraccia-la-logistica-intermodale-annunciato-lingresso-in-alis\/","og_site_name":"Article Marketing","article_published_time":"2024-03-08T06:24:20+00:00","og_image":[{"url":"https:\/\/yt3.googleusercontent.com\/ytc\/AIf8zZSPejkTmGO-B6IKnN8vYRws15GOOOLMOndpAvml=s176-c-k-c0x00ffffff-no-rj","type":"","width":"","height":""}],"author":"articolinews","twitter_card":"summary_large_image","twitter_misc":{"Scritto da":"articolinews","Tempo di lettura stimato":"3 minuti"},"schema":{"@context":"https:\/\/schema.org","@graph":[{"@type":"Article","@id":"https:\/\/www.article-marketing.eu\/comunicatistampa\/serenissima-ristorazione-abbraccia-la-logistica-intermodale-annunciato-lingresso-in-alis\/#article","isPartOf":{"@id":"https:\/\/www.article-marketing.eu\/comunicatistampa\/serenissima-ristorazione-abbraccia-la-logistica-intermodale-annunciato-lingresso-in-alis\/"},"author":{"name":"articolinews","@id":"https:\/\/www.article-marketing.eu\/comunicatistampa\/#\/schema\/person\/2fcaf8f8f3a9eef9eb7f27532d3ca458"},"headline":"Serenissima Ristorazione abbraccia la logistica intermodale: annunciato l\u2019ingresso in ALIS","datePublished":"2024-03-08T06:24:20+00:00","mainEntityOfPage":{"@id":"https:\/\/www.article-marketing.eu\/comunicatistampa\/serenissima-ristorazione-abbraccia-la-logistica-intermodale-annunciato-lingresso-in-alis\/"},"wordCount":351,"commentCount":0,"image":{"@id":"https:\/\/www.article-marketing.eu\/comunicatistampa\/serenissima-ristorazione-abbraccia-la-logistica-intermodale-annunciato-lingresso-in-alis\/#primaryimage"},"thumbnailUrl":"https:\/\/yt3.googleusercontent.com\/ytc\/AIf8zZSPejkTmGO-B6IKnN8vYRws15GOOOLMOndpAvml=s176-c-k-c0x00ffffff-no-rj","keywords":["Serenissima Ristorazione"],"articleSection":["Aziende"],"inLanguage":"it-IT","potentialAction":[{"@type":"CommentAction","name":"Comment","target":["https:\/\/www.article-marketing.eu\/comunicatistampa\/serenissima-ristorazione-abbraccia-la-logistica-intermodale-annunciato-lingresso-in-alis\/#respond"]}]},{"@type":"WebPage","@id":"https:\/\/www.article-marketing.eu\/comunicatistampa\/serenissima-ristorazione-abbraccia-la-logistica-intermodale-annunciato-lingresso-in-alis\/","url":"https:\/\/www.article-marketing.eu\/comunicatistampa\/serenissima-ristorazione-abbraccia-la-logistica-intermodale-annunciato-lingresso-in-alis\/","name":"Serenissima Ristorazione abbraccia la logistica intermodale: annunciato l\u2019ingresso in ALIS","isPartOf":{"@id":"https:\/\/www.article-marketing.eu\/comunicatistampa\/#website"},"primaryImageOfPage":{"@id":"https:\/\/www.article-marketing.eu\/comunicatistampa\/serenissima-ristorazione-abbraccia-la-logistica-intermodale-annunciato-lingresso-in-alis\/#primaryimage"},"image":{"@id":"https:\/\/www.article-marketing.eu\/comunicatistampa\/serenissima-ristorazione-abbraccia-la-logistica-intermodale-annunciato-lingresso-in-alis\/#primaryimage"},"thumbnailUrl":"https:\/\/yt3.googleusercontent.com\/ytc\/AIf8zZSPejkTmGO-B6IKnN8vYRws15GOOOLMOndpAvml=s176-c-k-c0x00ffffff-no-rj","datePublished":"2024-03-08T06:24:20+00:00","author":{"@id":"https:\/\/www.article-marketing.eu\/comunicatistampa\/#\/schema\/person\/2fcaf8f8f3a9eef9eb7f27532d3ca458"},"breadcrumb":{"@id":"https:\/\/www.article-marketing.eu\/comunicatistampa\/serenissima-ristorazione-abbraccia-la-logistica-intermodale-annunciato-lingresso-in-alis\/#breadcrumb"},"inLanguage":"it-IT","potentialAction":[{"@type":"ReadAction","target":["https:\/\/www.article-marketing.eu\/comunicatistampa\/serenissima-ristorazione-abbraccia-la-logistica-intermodale-annunciato-lingresso-in-alis\/"]}]},{"@type":"ImageObject","inLanguage":"it-IT","@id":"https:\/\/www.article-marketing.eu\/comunicatistampa\/serenissima-ristorazione-abbraccia-la-logistica-intermodale-annunciato-lingresso-in-alis\/#primaryimage","url":"https:\/\/yt3.googleusercontent.com\/ytc\/AIf8zZSPejkTmGO-B6IKnN8vYRws15GOOOLMOndpAvml=s176-c-k-c0x00ffffff-no-rj","contentUrl":"https:\/\/yt3.googleusercontent.com\/ytc\/AIf8zZSPejkTmGO-B6IKnN8vYRws15GOOOLMOndpAvml=s176-c-k-c0x00ffffff-no-rj"},{"@type":"BreadcrumbList","@id":"https:\/\/www.article-marketing.eu\/comunicatistampa\/serenissima-ristorazione-abbraccia-la-logistica-intermodale-annunciato-lingresso-in-alis\/#breadcrumb","itemListElement":[{"@type":"ListItem","position":1,"name":"Home","item":"https:\/\/www.article-marketing.eu\/comunicatistampa\/"},{"@type":"ListItem","position":2,"name":"Serenissima Ristorazione abbraccia la logistica intermodale: annunciato l\u2019ingresso in ALIS"}]},{"@type":"WebSite","@id":"https:\/\/www.article-marketing.eu\/comunicatistampa\/#website","url":"https:\/\/www.article-marketing.eu\/comunicatistampa\/","name":"Article Marketing","description":"article marketing &amp; press release","potentialAction":[{"@type":"SearchAction","target":{"@type":"EntryPoint","urlTemplate":"https:\/\/www.article-marketing.eu\/comunicatistampa\/?s={search_term_string}"},"query-input":{"@type":"PropertyValueSpecification","valueRequired":true,"valueName":"search_term_string"}}],"inLanguage":"it-IT"},{"@type":"Person","@id":"https:\/\/www.article-marketing.eu\/comunicatistampa\/#\/schema\/person\/2fcaf8f8f3a9eef9eb7f27532d3ca458","name":"articolinews","image":{"@type":"ImageObject","inLanguage":"it-IT","@id":"https:\/\/secure.gravatar.com\/avatar\/9e2a264bab04e17dea24d937c9956304649a848cb73c46747a692ff1bdeb1cb7?s=96&d=mm&r=g","url":"https:\/\/secure.gravatar.com\/avatar\/9e2a264bab04e17dea24d937c9956304649a848cb73c46747a692ff1bdeb1cb7?s=96&d=mm&r=g","contentUrl":"https:\/\/secure.gravatar.com\/avatar\/9e2a264bab04e17dea24d937c9956304649a848cb73c46747a692ff1bdeb1cb7?s=96&d=mm&r=g","caption":"articolinews"},"url":"https:\/\/www.article-marketing.eu\/comunicatistampa\/author\/articolinews\/"}]}},"_links":{"self":[{"href":"https:\/\/www.article-marketing.eu\/comunicatistampa\/wp-json\/wp\/v2\/posts\/29817","targetHints":{"allow":["GET"]}}],"collection":[{"href":"https:\/\/www.article-marketing.eu\/comunicatistampa\/wp-json\/wp\/v2\/posts"}],"about":[{"href":"https:\/\/www.article-marketing.eu\/comunicatistampa\/wp-json\/wp\/v2\/types\/post"}],"author":[{"embeddable":true,"href":"https:\/\/www.article-marketing.eu\/comunicatistampa\/wp-json\/wp\/v2\/users\/6477"}],"replies":[{"embeddable":true,"href":"https:\/\/www.article-marketing.eu\/comunicatistampa\/wp-json\/wp\/v2\/comments?post=29817"}],"version-history":[{"count":2,"href":"https:\/\/www.article-marketing.eu\/comunicatistampa\/wp-json\/wp\/v2\/posts\/29817\/revisions"}],"predecessor-version":[{"id":29988,"href":"https:\/\/www.article-marketing.eu\/comunicatistampa\/wp-json\/wp\/v2\/posts\/29817\/revisions\/29988"}],"wp:attachment":[{"href":"https:\/\/www.article-marketing.eu\/comunicatistampa\/wp-json\/wp\/v2\/media?parent=29817"}],"wp:term":[{"taxonomy":"category","embeddable":true,"href":"https:\/\/www.article-marketing.eu\/comunicatistampa\/wp-json\/wp\/v2\/categories?post=29817"},{"taxonomy":"post_tag","embeddable":true,"href":"https:\/\/www.article-marketing.eu\/comunicatistampa\/wp-json\/wp\/v2\/tags?post=29817"}],"curies":[{"name":"wp","href":"https:\/\/api.w.org\/{rel}","templated":true}]}}