{"id":29821,"date":"2024-02-23T16:18:03","date_gmt":"2024-02-23T15:18:03","guid":{"rendered":"https:\/\/www.article-marketing.eu\/comunicatistampa\/?p=29821"},"modified":"2024-02-23T16:18:03","modified_gmt":"2024-02-23T15:18:03","slug":"susanna-esposito-ospedale-di-parma-200-bambini-con-nuova-diagnosi-di-epilessia-ogni-anno","status":"publish","type":"post","link":"https:\/\/www.article-marketing.eu\/comunicatistampa\/susanna-esposito-ospedale-di-parma-200-bambini-con-nuova-diagnosi-di-epilessia-ogni-anno\/","title":{"rendered":"Susanna Esposito: Ospedale di Parma, 200 bambini con nuova diagnosi di epilessia ogni anno"},"content":{"rendered":"<p><strong><em>\u00c8 fondamentale che i pazienti pediatrici con epilessia ricevano una diagnosi precoce e che la continuit\u00e0 delle cure sia assicurata anche quando diventano adulti: lo ha sottolineato <a title=\"Susanna Esposito promuove la corretta informazione sull'epilessia\" href=\"https:\/\/parma.repubblica.it\/cronaca\/2024\/02\/09\/news\/epilessia_al_maggiore_di_parma_presi_in_carico_ogni_anno_piu_di_200_bambini-422098113\/\">Susanna Esposito<\/a>, Direttrice della Clinica Pediatrica dell\u2019Ospedale di Parma, in occasione della Giornata Internazionale dell\u2019Epilessia.<\/em><\/strong><\/p>\n<p><a title=\"L'intervento di Susanna Esposito in occasione della Giornata Internazionale dell'Epilessia\" href=\"https:\/\/parma.repubblica.it\/cronaca\/2024\/02\/09\/news\/epilessia_al_maggiore_di_parma_presi_in_carico_ogni_anno_piu_di_200_bambini-422098113\/\"><img loading=\"lazy\" decoding=\"async\" src=\"https:\/\/www.susannaesposito.it\/wp-content\/uploads\/2021\/05\/susanna-esposito.jpg\" alt=\"Susanna Esposito\" width=\"300\" height=\"205\" \/><\/a><\/p>\n<h2>Giornata Internazionale dell\u2019Epilessia: l\u2019intervento di Susanna Esposito<\/h2>\n<p>In occasione della Giornata Internazionale dell\u2019Epilessia, <strong>Susanna Esposito<\/strong>, Direttrice della Clinica Pediatrica dell\u2019Ospedale di Parma, ha incontrato i colleghi Liborio Parrino, Direttore della Scuola di specializzazione in Neurologia, e Doriana Medici, rappresentante dell\u2019Unit\u00e0 Operativa di Neurologia dell\u2019Azienda USL, in una serie di eventi promossi dalla LICE (Lega Italiana Contro l\u2019Epilessia). Lo scopo delle iniziative, aperte al pubblico, \u00e8 stato quello di informare e sensibilizzare i cittadini riguardo a un disturbo attorno al quale sussistono ancora pregiudizi e incomprensioni, che portano frequentemente a una stigmatizzazione dei pazienti. Attraverso questi eventi pubblici e la distribuzione di materiale informativo, <strong>Susanna Esposito<\/strong> e gli altri professionisti hanno tentato di fare luce su una patologia spesso misconosciuta, puntando a un cambiamento radicale nel modo in cui viene percepita e trattata.<\/p>\n<h2>Susanna Esposito: l\u2019impegno dell\u2019Ospedale dei Bambini nella tutela dei pazienti pediatrici affetti da epilessia<\/h2>\n<p>Nel corso del suo intervento, <a title=\"Giornata internazionale dell'Epilessia, Susanna Esposito incontra i cittadini\" href=\"https:\/\/parma.repubblica.it\/cronaca\/2024\/02\/09\/news\/epilessia_al_maggiore_di_parma_presi_in_carico_ogni_anno_piu_di_200_bambini-422098113\/\"><strong>Susanna Esposito<\/strong><\/a> ha elencato i tre pilastri del trattamento infantile dell\u2019epilessia: la rapidit\u00e0 della diagnosi, che permette di individuare il prima possibile soluzioni efficaci; la correttezza del trattamento terapeutico, che deve essere adeguato alle esigenze specifiche del paziente; e infine, la continuit\u00e0 delle cure anche in et\u00e0 adulta. Questi tre elementi possono essere implementati con efficacia, seconda la Direttrice, solamente in virt\u00f9 di una sinergia tra competenze pediatriche e neurologiche: \u201c<em>Nella nostra provincia, in ambito pediatrico abbiamo circa 78 casi ogni 100mila abitanti con una maggiore incidenza nei primi quattro anni di vita, senza significative differenze tra maschi e femmine. Risultano fondamentali la diagnosi precoce, la gestione appropriata dal punto di vista terapeutico e, nel passaggio tra l\u2019et\u00e0 pediatrica e quella adulta, la continuit\u00e0 assistenziale del paziente che al Maggiore garantiamo grazie ad una stretta collaborazione tra gli ambulatori della Clinica pediatrica e quelli della Neurologia<\/em> \u201c. <strong>Susanna Esposito<\/strong> ha poi sottolineato il contributo significativo che l\u2019Ospedale dei Bambini di Parma offre nel contrastare questo disturbo neurologico: \u201c<em>Ogni anno, all\u2019Ospedale dei Bambini, svolgiamo una media di circa 650 visite neuro-pediatriche per epilessia, oltre a prendere in carico pi\u00f9 di 200 bambini ricoverati con nuova diagnosi<\/em>\u201d.<\/p>\n","protected":false},"excerpt":{"rendered":"<p>\u00c8 fondamentale che i pazienti pediatrici con epilessia ricevano una diagnosi precoce e che la continuit\u00e0 delle cure sia assicurata anche quando diventano adulti: lo ha sottolineato Susanna Esposito, Direttrice della Clinica Pediatrica dell\u2019Ospedale di Parma, in occasione della Giornata Internazionale dell\u2019Epilessia. Giornata Internazionale dell\u2019Epilessia: l\u2019intervento di Susanna Esposito In occasione della Giornata Internazionale dell\u2019Epilessia, Susanna Esposito, Direttrice della Clinica Pediatrica dell\u2019Ospedale di Parma, ha incontrato i colleghi Liborio Parrino,<\/p>\n<p><a class=\"continue-reading\" href=\"https:\/\/www.article-marketing.eu\/comunicatistampa\/susanna-esposito-ospedale-di-parma-200-bambini-con-nuova-diagnosi-di-epilessia-ogni-anno\/\">Continue reading&#8230;<\/a><\/p>\n","protected":false},"author":6477,"featured_media":0,"comment_status":"open","ping_status":"open","sticky":false,"template":"","format":"standard","meta":{"_monsterinsights_skip_tracking":false,"_monsterinsights_sitenote_active":false,"_monsterinsights_sitenote_note":"","_monsterinsights_sitenote_category":0,"footnotes":""},"categories":[371],"tags":[10779],"class_list":["post-29821","post","type-post","status-publish","format-standard","hentry","category-medicina","tag-susanna-esposito"],"yoast_head":"<!-- This site is optimized with the Yoast SEO plugin v27.3 - https:\/\/yoast.com\/product\/yoast-seo-wordpress\/ -->\n<title>Susanna Esposito: Ospedale di Parma, 200 bambini con nuova diagnosi di epilessia ogni anno<\/title>\n<meta name=\"robots\" content=\"index, follow, max-snippet:-1, max-image-preview:large, max-video-preview:-1\" \/>\n<link rel=\"canonical\" href=\"https:\/\/www.article-marketing.eu\/comunicatistampa\/susanna-esposito-ospedale-di-parma-200-bambini-con-nuova-diagnosi-di-epilessia-ogni-anno\/\" \/>\n<meta property=\"og:locale\" content=\"it_IT\" \/>\n<meta property=\"og:type\" content=\"article\" \/>\n<meta property=\"og:title\" content=\"Susanna Esposito: Ospedale di Parma, 200 bambini con nuova diagnosi di epilessia ogni anno\" \/>\n<meta property=\"og:description\" content=\"\u00c8 fondamentale che i pazienti pediatrici con epilessia ricevano una diagnosi precoce e che la continuit\u00e0 delle cure sia assicurata anche quando diventano adulti: lo ha sottolineato Susanna Esposito, Direttrice della Clinica Pediatrica dell\u2019Ospedale di Parma, in occasione della Giornata Internazionale dell\u2019Epilessia. Giornata Internazionale dell\u2019Epilessia: l\u2019intervento di Susanna Esposito In occasione della Giornata Internazionale dell\u2019Epilessia, Susanna Esposito, Direttrice della Clinica Pediatrica dell\u2019Ospedale di Parma, ha incontrato i colleghi Liborio Parrino,Continue reading...\" \/>\n<meta property=\"og:url\" content=\"https:\/\/www.article-marketing.eu\/comunicatistampa\/susanna-esposito-ospedale-di-parma-200-bambini-con-nuova-diagnosi-di-epilessia-ogni-anno\/\" \/>\n<meta property=\"og:site_name\" content=\"Article Marketing\" \/>\n<meta property=\"article:published_time\" content=\"2024-02-23T15:18:03+00:00\" \/>\n<meta property=\"og:image\" content=\"https:\/\/www.susannaesposito.it\/wp-content\/uploads\/2021\/05\/susanna-esposito.jpg\" \/>\n<meta name=\"author\" content=\"articolinews\" \/>\n<meta name=\"twitter:card\" content=\"summary_large_image\" \/>\n<meta name=\"twitter:label1\" content=\"Scritto da\" \/>\n\t<meta name=\"twitter:data1\" content=\"articolinews\" \/>\n\t<meta name=\"twitter:label2\" content=\"Tempo di lettura stimato\" \/>\n\t<meta name=\"twitter:data2\" content=\"3 minuti\" \/>\n<script type=\"application\/ld+json\" class=\"yoast-schema-graph\">{\"@context\":\"https:\\\/\\\/schema.org\",\"@graph\":[{\"@type\":\"Article\",\"@id\":\"https:\\\/\\\/www.article-marketing.eu\\\/comunicatistampa\\\/susanna-esposito-ospedale-di-parma-200-bambini-con-nuova-diagnosi-di-epilessia-ogni-anno\\\/#article\",\"isPartOf\":{\"@id\":\"https:\\\/\\\/www.article-marketing.eu\\\/comunicatistampa\\\/susanna-esposito-ospedale-di-parma-200-bambini-con-nuova-diagnosi-di-epilessia-ogni-anno\\\/\"},\"author\":{\"name\":\"articolinews\",\"@id\":\"https:\\\/\\\/www.article-marketing.eu\\\/comunicatistampa\\\/#\\\/schema\\\/person\\\/2fcaf8f8f3a9eef9eb7f27532d3ca458\"},\"headline\":\"Susanna Esposito: Ospedale di Parma, 200 bambini con nuova diagnosi di epilessia ogni anno\",\"datePublished\":\"2024-02-23T15:18:03+00:00\",\"mainEntityOfPage\":{\"@id\":\"https:\\\/\\\/www.article-marketing.eu\\\/comunicatistampa\\\/susanna-esposito-ospedale-di-parma-200-bambini-con-nuova-diagnosi-di-epilessia-ogni-anno\\\/\"},\"wordCount\":410,\"commentCount\":0,\"image\":{\"@id\":\"https:\\\/\\\/www.article-marketing.eu\\\/comunicatistampa\\\/susanna-esposito-ospedale-di-parma-200-bambini-con-nuova-diagnosi-di-epilessia-ogni-anno\\\/#primaryimage\"},\"thumbnailUrl\":\"https:\\\/\\\/www.susannaesposito.it\\\/wp-content\\\/uploads\\\/2021\\\/05\\\/susanna-esposito.jpg\",\"keywords\":[\"Susanna Esposito\"],\"articleSection\":[\"Medicina\"],\"inLanguage\":\"it-IT\",\"potentialAction\":[{\"@type\":\"CommentAction\",\"name\":\"Comment\",\"target\":[\"https:\\\/\\\/www.article-marketing.eu\\\/comunicatistampa\\\/susanna-esposito-ospedale-di-parma-200-bambini-con-nuova-diagnosi-di-epilessia-ogni-anno\\\/#respond\"]}]},{\"@type\":\"WebPage\",\"@id\":\"https:\\\/\\\/www.article-marketing.eu\\\/comunicatistampa\\\/susanna-esposito-ospedale-di-parma-200-bambini-con-nuova-diagnosi-di-epilessia-ogni-anno\\\/\",\"url\":\"https:\\\/\\\/www.article-marketing.eu\\\/comunicatistampa\\\/susanna-esposito-ospedale-di-parma-200-bambini-con-nuova-diagnosi-di-epilessia-ogni-anno\\\/\",\"name\":\"Susanna Esposito: Ospedale di Parma, 200 bambini con nuova diagnosi di epilessia ogni anno\",\"isPartOf\":{\"@id\":\"https:\\\/\\\/www.article-marketing.eu\\\/comunicatistampa\\\/#website\"},\"primaryImageOfPage\":{\"@id\":\"https:\\\/\\\/www.article-marketing.eu\\\/comunicatistampa\\\/susanna-esposito-ospedale-di-parma-200-bambini-con-nuova-diagnosi-di-epilessia-ogni-anno\\\/#primaryimage\"},\"image\":{\"@id\":\"https:\\\/\\\/www.article-marketing.eu\\\/comunicatistampa\\\/susanna-esposito-ospedale-di-parma-200-bambini-con-nuova-diagnosi-di-epilessia-ogni-anno\\\/#primaryimage\"},\"thumbnailUrl\":\"https:\\\/\\\/www.susannaesposito.it\\\/wp-content\\\/uploads\\\/2021\\\/05\\\/susanna-esposito.jpg\",\"datePublished\":\"2024-02-23T15:18:03+00:00\",\"author\":{\"@id\":\"https:\\\/\\\/www.article-marketing.eu\\\/comunicatistampa\\\/#\\\/schema\\\/person\\\/2fcaf8f8f3a9eef9eb7f27532d3ca458\"},\"breadcrumb\":{\"@id\":\"https:\\\/\\\/www.article-marketing.eu\\\/comunicatistampa\\\/susanna-esposito-ospedale-di-parma-200-bambini-con-nuova-diagnosi-di-epilessia-ogni-anno\\\/#breadcrumb\"},\"inLanguage\":\"it-IT\",\"potentialAction\":[{\"@type\":\"ReadAction\",\"target\":[\"https:\\\/\\\/www.article-marketing.eu\\\/comunicatistampa\\\/susanna-esposito-ospedale-di-parma-200-bambini-con-nuova-diagnosi-di-epilessia-ogni-anno\\\/\"]}]},{\"@type\":\"ImageObject\",\"inLanguage\":\"it-IT\",\"@id\":\"https:\\\/\\\/www.article-marketing.eu\\\/comunicatistampa\\\/susanna-esposito-ospedale-di-parma-200-bambini-con-nuova-diagnosi-di-epilessia-ogni-anno\\\/#primaryimage\",\"url\":\"https:\\\/\\\/www.susannaesposito.it\\\/wp-content\\\/uploads\\\/2021\\\/05\\\/susanna-esposito.jpg\",\"contentUrl\":\"https:\\\/\\\/www.susannaesposito.it\\\/wp-content\\\/uploads\\\/2021\\\/05\\\/susanna-esposito.jpg\"},{\"@type\":\"BreadcrumbList\",\"@id\":\"https:\\\/\\\/www.article-marketing.eu\\\/comunicatistampa\\\/susanna-esposito-ospedale-di-parma-200-bambini-con-nuova-diagnosi-di-epilessia-ogni-anno\\\/#breadcrumb\",\"itemListElement\":[{\"@type\":\"ListItem\",\"position\":1,\"name\":\"Home\",\"item\":\"https:\\\/\\\/www.article-marketing.eu\\\/comunicatistampa\\\/\"},{\"@type\":\"ListItem\",\"position\":2,\"name\":\"Susanna Esposito: Ospedale di Parma, 200 bambini con nuova diagnosi di epilessia ogni anno\"}]},{\"@type\":\"WebSite\",\"@id\":\"https:\\\/\\\/www.article-marketing.eu\\\/comunicatistampa\\\/#website\",\"url\":\"https:\\\/\\\/www.article-marketing.eu\\\/comunicatistampa\\\/\",\"name\":\"Article Marketing\",\"description\":\"article marketing &amp; press release\",\"potentialAction\":[{\"@type\":\"SearchAction\",\"target\":{\"@type\":\"EntryPoint\",\"urlTemplate\":\"https:\\\/\\\/www.article-marketing.eu\\\/comunicatistampa\\\/?s={search_term_string}\"},\"query-input\":{\"@type\":\"PropertyValueSpecification\",\"valueRequired\":true,\"valueName\":\"search_term_string\"}}],\"inLanguage\":\"it-IT\"},{\"@type\":\"Person\",\"@id\":\"https:\\\/\\\/www.article-marketing.eu\\\/comunicatistampa\\\/#\\\/schema\\\/person\\\/2fcaf8f8f3a9eef9eb7f27532d3ca458\",\"name\":\"articolinews\",\"image\":{\"@type\":\"ImageObject\",\"inLanguage\":\"it-IT\",\"@id\":\"https:\\\/\\\/secure.gravatar.com\\\/avatar\\\/9e2a264bab04e17dea24d937c9956304649a848cb73c46747a692ff1bdeb1cb7?s=96&d=mm&r=g\",\"url\":\"https:\\\/\\\/secure.gravatar.com\\\/avatar\\\/9e2a264bab04e17dea24d937c9956304649a848cb73c46747a692ff1bdeb1cb7?s=96&d=mm&r=g\",\"contentUrl\":\"https:\\\/\\\/secure.gravatar.com\\\/avatar\\\/9e2a264bab04e17dea24d937c9956304649a848cb73c46747a692ff1bdeb1cb7?s=96&d=mm&r=g\",\"caption\":\"articolinews\"},\"url\":\"https:\\\/\\\/www.article-marketing.eu\\\/comunicatistampa\\\/author\\\/articolinews\\\/\"}]}<\/script>\n<!-- \/ Yoast SEO plugin. -->","yoast_head_json":{"title":"Susanna Esposito: Ospedale di Parma, 200 bambini con nuova diagnosi di epilessia ogni anno","robots":{"index":"index","follow":"follow","max-snippet":"max-snippet:-1","max-image-preview":"max-image-preview:large","max-video-preview":"max-video-preview:-1"},"canonical":"https:\/\/www.article-marketing.eu\/comunicatistampa\/susanna-esposito-ospedale-di-parma-200-bambini-con-nuova-diagnosi-di-epilessia-ogni-anno\/","og_locale":"it_IT","og_type":"article","og_title":"Susanna Esposito: Ospedale di Parma, 200 bambini con nuova diagnosi di epilessia ogni anno","og_description":"\u00c8 fondamentale che i pazienti pediatrici con epilessia ricevano una diagnosi precoce e che la continuit\u00e0 delle cure sia assicurata anche quando diventano adulti: lo ha sottolineato Susanna Esposito, Direttrice della Clinica Pediatrica dell\u2019Ospedale di Parma, in occasione della Giornata Internazionale dell\u2019Epilessia. Giornata Internazionale dell\u2019Epilessia: l\u2019intervento di Susanna Esposito In occasione della Giornata Internazionale dell\u2019Epilessia, Susanna Esposito, Direttrice della Clinica Pediatrica dell\u2019Ospedale di Parma, ha incontrato i colleghi Liborio Parrino,Continue reading...","og_url":"https:\/\/www.article-marketing.eu\/comunicatistampa\/susanna-esposito-ospedale-di-parma-200-bambini-con-nuova-diagnosi-di-epilessia-ogni-anno\/","og_site_name":"Article Marketing","article_published_time":"2024-02-23T15:18:03+00:00","og_image":[{"url":"https:\/\/www.susannaesposito.it\/wp-content\/uploads\/2021\/05\/susanna-esposito.jpg","type":"","width":"","height":""}],"author":"articolinews","twitter_card":"summary_large_image","twitter_misc":{"Scritto da":"articolinews","Tempo di lettura stimato":"3 minuti"},"schema":{"@context":"https:\/\/schema.org","@graph":[{"@type":"Article","@id":"https:\/\/www.article-marketing.eu\/comunicatistampa\/susanna-esposito-ospedale-di-parma-200-bambini-con-nuova-diagnosi-di-epilessia-ogni-anno\/#article","isPartOf":{"@id":"https:\/\/www.article-marketing.eu\/comunicatistampa\/susanna-esposito-ospedale-di-parma-200-bambini-con-nuova-diagnosi-di-epilessia-ogni-anno\/"},"author":{"name":"articolinews","@id":"https:\/\/www.article-marketing.eu\/comunicatistampa\/#\/schema\/person\/2fcaf8f8f3a9eef9eb7f27532d3ca458"},"headline":"Susanna Esposito: Ospedale di Parma, 200 bambini con nuova diagnosi di epilessia ogni anno","datePublished":"2024-02-23T15:18:03+00:00","mainEntityOfPage":{"@id":"https:\/\/www.article-marketing.eu\/comunicatistampa\/susanna-esposito-ospedale-di-parma-200-bambini-con-nuova-diagnosi-di-epilessia-ogni-anno\/"},"wordCount":410,"commentCount":0,"image":{"@id":"https:\/\/www.article-marketing.eu\/comunicatistampa\/susanna-esposito-ospedale-di-parma-200-bambini-con-nuova-diagnosi-di-epilessia-ogni-anno\/#primaryimage"},"thumbnailUrl":"https:\/\/www.susannaesposito.it\/wp-content\/uploads\/2021\/05\/susanna-esposito.jpg","keywords":["Susanna Esposito"],"articleSection":["Medicina"],"inLanguage":"it-IT","potentialAction":[{"@type":"CommentAction","name":"Comment","target":["https:\/\/www.article-marketing.eu\/comunicatistampa\/susanna-esposito-ospedale-di-parma-200-bambini-con-nuova-diagnosi-di-epilessia-ogni-anno\/#respond"]}]},{"@type":"WebPage","@id":"https:\/\/www.article-marketing.eu\/comunicatistampa\/susanna-esposito-ospedale-di-parma-200-bambini-con-nuova-diagnosi-di-epilessia-ogni-anno\/","url":"https:\/\/www.article-marketing.eu\/comunicatistampa\/susanna-esposito-ospedale-di-parma-200-bambini-con-nuova-diagnosi-di-epilessia-ogni-anno\/","name":"Susanna Esposito: Ospedale di Parma, 200 bambini con nuova diagnosi di epilessia ogni anno","isPartOf":{"@id":"https:\/\/www.article-marketing.eu\/comunicatistampa\/#website"},"primaryImageOfPage":{"@id":"https:\/\/www.article-marketing.eu\/comunicatistampa\/susanna-esposito-ospedale-di-parma-200-bambini-con-nuova-diagnosi-di-epilessia-ogni-anno\/#primaryimage"},"image":{"@id":"https:\/\/www.article-marketing.eu\/comunicatistampa\/susanna-esposito-ospedale-di-parma-200-bambini-con-nuova-diagnosi-di-epilessia-ogni-anno\/#primaryimage"},"thumbnailUrl":"https:\/\/www.susannaesposito.it\/wp-content\/uploads\/2021\/05\/susanna-esposito.jpg","datePublished":"2024-02-23T15:18:03+00:00","author":{"@id":"https:\/\/www.article-marketing.eu\/comunicatistampa\/#\/schema\/person\/2fcaf8f8f3a9eef9eb7f27532d3ca458"},"breadcrumb":{"@id":"https:\/\/www.article-marketing.eu\/comunicatistampa\/susanna-esposito-ospedale-di-parma-200-bambini-con-nuova-diagnosi-di-epilessia-ogni-anno\/#breadcrumb"},"inLanguage":"it-IT","potentialAction":[{"@type":"ReadAction","target":["https:\/\/www.article-marketing.eu\/comunicatistampa\/susanna-esposito-ospedale-di-parma-200-bambini-con-nuova-diagnosi-di-epilessia-ogni-anno\/"]}]},{"@type":"ImageObject","inLanguage":"it-IT","@id":"https:\/\/www.article-marketing.eu\/comunicatistampa\/susanna-esposito-ospedale-di-parma-200-bambini-con-nuova-diagnosi-di-epilessia-ogni-anno\/#primaryimage","url":"https:\/\/www.susannaesposito.it\/wp-content\/uploads\/2021\/05\/susanna-esposito.jpg","contentUrl":"https:\/\/www.susannaesposito.it\/wp-content\/uploads\/2021\/05\/susanna-esposito.jpg"},{"@type":"BreadcrumbList","@id":"https:\/\/www.article-marketing.eu\/comunicatistampa\/susanna-esposito-ospedale-di-parma-200-bambini-con-nuova-diagnosi-di-epilessia-ogni-anno\/#breadcrumb","itemListElement":[{"@type":"ListItem","position":1,"name":"Home","item":"https:\/\/www.article-marketing.eu\/comunicatistampa\/"},{"@type":"ListItem","position":2,"name":"Susanna Esposito: Ospedale di Parma, 200 bambini con nuova diagnosi di epilessia ogni anno"}]},{"@type":"WebSite","@id":"https:\/\/www.article-marketing.eu\/comunicatistampa\/#website","url":"https:\/\/www.article-marketing.eu\/comunicatistampa\/","name":"Article Marketing","description":"article marketing &amp; press release","potentialAction":[{"@type":"SearchAction","target":{"@type":"EntryPoint","urlTemplate":"https:\/\/www.article-marketing.eu\/comunicatistampa\/?s={search_term_string}"},"query-input":{"@type":"PropertyValueSpecification","valueRequired":true,"valueName":"search_term_string"}}],"inLanguage":"it-IT"},{"@type":"Person","@id":"https:\/\/www.article-marketing.eu\/comunicatistampa\/#\/schema\/person\/2fcaf8f8f3a9eef9eb7f27532d3ca458","name":"articolinews","image":{"@type":"ImageObject","inLanguage":"it-IT","@id":"https:\/\/secure.gravatar.com\/avatar\/9e2a264bab04e17dea24d937c9956304649a848cb73c46747a692ff1bdeb1cb7?s=96&d=mm&r=g","url":"https:\/\/secure.gravatar.com\/avatar\/9e2a264bab04e17dea24d937c9956304649a848cb73c46747a692ff1bdeb1cb7?s=96&d=mm&r=g","contentUrl":"https:\/\/secure.gravatar.com\/avatar\/9e2a264bab04e17dea24d937c9956304649a848cb73c46747a692ff1bdeb1cb7?s=96&d=mm&r=g","caption":"articolinews"},"url":"https:\/\/www.article-marketing.eu\/comunicatistampa\/author\/articolinews\/"}]}},"_links":{"self":[{"href":"https:\/\/www.article-marketing.eu\/comunicatistampa\/wp-json\/wp\/v2\/posts\/29821","targetHints":{"allow":["GET"]}}],"collection":[{"href":"https:\/\/www.article-marketing.eu\/comunicatistampa\/wp-json\/wp\/v2\/posts"}],"about":[{"href":"https:\/\/www.article-marketing.eu\/comunicatistampa\/wp-json\/wp\/v2\/types\/post"}],"author":[{"embeddable":true,"href":"https:\/\/www.article-marketing.eu\/comunicatistampa\/wp-json\/wp\/v2\/users\/6477"}],"replies":[{"embeddable":true,"href":"https:\/\/www.article-marketing.eu\/comunicatistampa\/wp-json\/wp\/v2\/comments?post=29821"}],"version-history":[{"count":2,"href":"https:\/\/www.article-marketing.eu\/comunicatistampa\/wp-json\/wp\/v2\/posts\/29821\/revisions"}],"predecessor-version":[{"id":29879,"href":"https:\/\/www.article-marketing.eu\/comunicatistampa\/wp-json\/wp\/v2\/posts\/29821\/revisions\/29879"}],"wp:attachment":[{"href":"https:\/\/www.article-marketing.eu\/comunicatistampa\/wp-json\/wp\/v2\/media?parent=29821"}],"wp:term":[{"taxonomy":"category","embeddable":true,"href":"https:\/\/www.article-marketing.eu\/comunicatistampa\/wp-json\/wp\/v2\/categories?post=29821"},{"taxonomy":"post_tag","embeddable":true,"href":"https:\/\/www.article-marketing.eu\/comunicatistampa\/wp-json\/wp\/v2\/tags?post=29821"}],"curies":[{"name":"wp","href":"https:\/\/api.w.org\/{rel}","templated":true}]}}