{"id":29881,"date":"2024-03-21T07:16:33","date_gmt":"2024-03-21T06:16:33","guid":{"rendered":"https:\/\/www.article-marketing.eu\/comunicatistampa\/?p=29881"},"modified":"2024-03-19T16:18:03","modified_gmt":"2024-03-19T15:18:03","slug":"alessandro-benetton-al-bernabeu-la-mia-visita-e-stata-molto-stimolante","status":"publish","type":"post","link":"https:\/\/www.article-marketing.eu\/comunicatistampa\/alessandro-benetton-al-bernabeu-la-mia-visita-e-stata-molto-stimolante\/","title":{"rendered":"Alessandro Benetton al Bernab\u00e9u: \u201cLa mia visita \u00e8 stata molto stimolante\u201d"},"content":{"rendered":"<p><em><strong>L\u2019imprenditore <a title=\"La visita di Alessandro Benetton allo stadio Bernab\u00e9u\" href=\"https:\/\/www.ilgazzettino.it\/nordest\/treviso\/alessandro_benetton_florentino_perez_nuovo_stadio_santiago_barnabeu_real_madrid-7933173.html?refresh_ce\">Alessandro Benetton<\/a> \u00e8 volato di recente a Madrid: qui Florentino P\u00e9rez lo ha accompagnato in una visita esclusiva di una location carica di significato, lo stadio Bernab\u00e9u, sede della celebre vittoria dell\u2019Italia ai Mondiali di calcio del 1982.<\/strong><\/em><\/p>\n<p><a title=\"Alessandro Benetton invitato da Florentino P\u00e9rez allo stadio Bernab\u00e9u\" href=\"https:\/\/www.ilgazzettino.it\/nordest\/treviso\/alessandro_benetton_florentino_perez_nuovo_stadio_santiago_barnabeu_real_madrid-7933173.html?refresh_ce\"><img loading=\"lazy\" decoding=\"async\" src=\"https:\/\/statics.cedscdn.it\/photos\/MED_HIGH\/31\/73\/7933173_13185249_whatsapp_image_2024_02_13_at_18.52.32.jpg\" alt=\"Alessandro Benetton\" width=\"365\" height=\"200\" \/><\/a><\/p>\n<h2>La visita di Alessandro Benetton allo stadio Bernab\u00e9u<\/h2>\n<p>Lo stadio Santiago Bernab\u00e9u? Un luogo che tutti gli italiani ricordano come un simbolo, in quanto sede della leggendaria e inaspettata vittoria dell\u2019Italia nei Mondiali del 1982. Secondo il Presidente di Mundys <strong>Alessandro Benetton<\/strong>, \u00e8 anche un \u201c<em>simbolo del futuro<\/em>\u201d. Infatti, proprio questo storico stadio \u00e8 stato la sede dell\u2019incontro tra l\u2019imprenditore e Florentino P\u00e9rez, Presidente del Gruppo ACS e della squadra di calcio Real Madrid, nonch\u00e9 partner nella gestione di Abertis. <strong>Alessandro Benetton<\/strong> ha potuto godere di una speciale visita guidata, ammirando non solo i numerosi reperti di storia del calcio custodi nel celebre stadio, ma anche le numerose innovazioni tecnologiche introdotte in seguito a una monumentale operazione di rinnovamento.<\/p>\n<h2>Alessandro Benetton: \u201cLo stadio Bernab\u00e9u? Progetto innovativo che omaggia il passato guardando al futuro\u201d<\/h2>\n<p><strong><a title=\"Madrid, allo stadio Bernab\u00e9u la visita di Alessandro Benetton\" href=\"https:\/\/www.ilgazzettino.it\/nordest\/treviso\/alessandro_benetton_florentino_perez_nuovo_stadio_santiago_barnabeu_real_madrid-7933173.html?refresh_ce\">Alessandro Benetton<\/a><\/strong> ha potuto apprezzare l\u2019eccezionale rinnovamento dello stadio, tale da renderlo un vero e proprio modello di progettazione efficiente, innovativa e sostenibile. L\u2019investimento da 1 miliardo di euro ha infatti permesso di implementare nello stadio tecnologie all\u2019avanguardia nel risparmio energetico e nel riciclo delle acque. Anche la logistica \u00e8 stata riorganizzata, rendendo lo stadio estremamente accessibile. Inoltre, il Bernab\u00e9u presenta alcune soluzioni avveniristiche, quali ad esempio la divisione in sezioni rotanti che consentono di rimuovere automaticamente il manto erboso. Questo ultimo aspetto fa s\u00ec che la struttura sia utilizzabile ogni giorno dell\u2019anno per ogni sorta di manifestazione culturale e sportiva, dai concerti alle partite di tennis. Al termine della visita guidata <strong>Alessandro Benetton<\/strong> ha dunque elogiato lo stadio Bernab\u00e9u rinnovato, esempio di come un progetto possa guardare al futuro onorando il passato.<\/p>\n","protected":false},"excerpt":{"rendered":"<p>L\u2019imprenditore Alessandro Benetton \u00e8 volato di recente a Madrid: qui Florentino P\u00e9rez lo ha accompagnato in una visita esclusiva di una location carica di significato, lo stadio Bernab\u00e9u, sede della celebre vittoria dell\u2019Italia ai Mondiali di calcio del 1982. La visita di Alessandro Benetton allo stadio Bernab\u00e9u Lo stadio Santiago Bernab\u00e9u? Un luogo che tutti gli italiani ricordano come un simbolo, in quanto sede della leggendaria e inaspettata vittoria dell\u2019Italia<\/p>\n<p><a class=\"continue-reading\" href=\"https:\/\/www.article-marketing.eu\/comunicatistampa\/alessandro-benetton-al-bernabeu-la-mia-visita-e-stata-molto-stimolante\/\">Continue reading&#8230;<\/a><\/p>\n","protected":false},"author":7191,"featured_media":0,"comment_status":"open","ping_status":"open","sticky":false,"template":"","format":"standard","meta":{"_monsterinsights_skip_tracking":false,"_monsterinsights_sitenote_active":false,"_monsterinsights_sitenote_note":"","_monsterinsights_sitenote_category":0,"footnotes":""},"categories":[362],"tags":[9630],"class_list":["post-29881","post","type-post","status-publish","format-standard","hentry","category-societa","tag-alessandro-benetton"],"yoast_head":"<!-- This site is optimized with the Yoast SEO plugin v27.3 - https:\/\/yoast.com\/product\/yoast-seo-wordpress\/ -->\n<title>Alessandro Benetton al Bernab\u00e9u: \u201cLa mia visita \u00e8 stata molto stimolante\u201d<\/title>\n<meta name=\"description\" content=\"\u201cIl Bernab\u00e9u potr\u00e0 ospitare nello stesso momento anche altri eventi\u201d: la visita di Alessandro Benetton all&#039;impianto madrileno\" \/>\n<meta name=\"robots\" content=\"index, follow, max-snippet:-1, max-image-preview:large, max-video-preview:-1\" \/>\n<link rel=\"canonical\" href=\"https:\/\/www.article-marketing.eu\/comunicatistampa\/alessandro-benetton-al-bernabeu-la-mia-visita-e-stata-molto-stimolante\/\" \/>\n<meta property=\"og:locale\" content=\"it_IT\" \/>\n<meta property=\"og:type\" content=\"article\" \/>\n<meta property=\"og:title\" content=\"Alessandro Benetton al Bernab\u00e9u: \u201cLa mia visita \u00e8 stata molto stimolante\u201d\" \/>\n<meta property=\"og:description\" content=\"\u201cIl Bernab\u00e9u potr\u00e0 ospitare nello stesso momento anche altri eventi\u201d: la visita di Alessandro Benetton all&#039;impianto madrileno\" \/>\n<meta property=\"og:url\" content=\"https:\/\/www.article-marketing.eu\/comunicatistampa\/alessandro-benetton-al-bernabeu-la-mia-visita-e-stata-molto-stimolante\/\" \/>\n<meta property=\"og:site_name\" content=\"Article Marketing\" \/>\n<meta property=\"article:published_time\" content=\"2024-03-21T06:16:33+00:00\" \/>\n<meta property=\"og:image\" content=\"https:\/\/statics.cedscdn.it\/photos\/MED_HIGH\/31\/73\/7933173_13185249_whatsapp_image_2024_02_13_at_18.52.32.jpg\" \/>\n<meta name=\"author\" content=\"agencyabweb\" \/>\n<meta name=\"twitter:card\" content=\"summary_large_image\" \/>\n<meta name=\"twitter:label1\" content=\"Scritto da\" \/>\n\t<meta name=\"twitter:data1\" content=\"agencyabweb\" \/>\n\t<meta name=\"twitter:label2\" content=\"Tempo di lettura stimato\" \/>\n\t<meta name=\"twitter:data2\" content=\"2 minuti\" \/>\n<script type=\"application\/ld+json\" class=\"yoast-schema-graph\">{\"@context\":\"https:\\\/\\\/schema.org\",\"@graph\":[{\"@type\":\"Article\",\"@id\":\"https:\\\/\\\/www.article-marketing.eu\\\/comunicatistampa\\\/alessandro-benetton-al-bernabeu-la-mia-visita-e-stata-molto-stimolante\\\/#article\",\"isPartOf\":{\"@id\":\"https:\\\/\\\/www.article-marketing.eu\\\/comunicatistampa\\\/alessandro-benetton-al-bernabeu-la-mia-visita-e-stata-molto-stimolante\\\/\"},\"author\":{\"name\":\"agencyabweb\",\"@id\":\"https:\\\/\\\/www.article-marketing.eu\\\/comunicatistampa\\\/#\\\/schema\\\/person\\\/387302ea07720c8cca9cb7cbc223fca4\"},\"headline\":\"Alessandro Benetton al Bernab\u00e9u: \u201cLa mia visita \u00e8 stata molto stimolante\u201d\",\"datePublished\":\"2024-03-21T06:16:33+00:00\",\"mainEntityOfPage\":{\"@id\":\"https:\\\/\\\/www.article-marketing.eu\\\/comunicatistampa\\\/alessandro-benetton-al-bernabeu-la-mia-visita-e-stata-molto-stimolante\\\/\"},\"wordCount\":326,\"commentCount\":0,\"image\":{\"@id\":\"https:\\\/\\\/www.article-marketing.eu\\\/comunicatistampa\\\/alessandro-benetton-al-bernabeu-la-mia-visita-e-stata-molto-stimolante\\\/#primaryimage\"},\"thumbnailUrl\":\"https:\\\/\\\/statics.cedscdn.it\\\/photos\\\/MED_HIGH\\\/31\\\/73\\\/7933173_13185249_whatsapp_image_2024_02_13_at_18.52.32.jpg\",\"keywords\":[\"Alessandro Benetton\"],\"articleSection\":[\"Societ\u00e0\"],\"inLanguage\":\"it-IT\",\"potentialAction\":[{\"@type\":\"CommentAction\",\"name\":\"Comment\",\"target\":[\"https:\\\/\\\/www.article-marketing.eu\\\/comunicatistampa\\\/alessandro-benetton-al-bernabeu-la-mia-visita-e-stata-molto-stimolante\\\/#respond\"]}]},{\"@type\":\"WebPage\",\"@id\":\"https:\\\/\\\/www.article-marketing.eu\\\/comunicatistampa\\\/alessandro-benetton-al-bernabeu-la-mia-visita-e-stata-molto-stimolante\\\/\",\"url\":\"https:\\\/\\\/www.article-marketing.eu\\\/comunicatistampa\\\/alessandro-benetton-al-bernabeu-la-mia-visita-e-stata-molto-stimolante\\\/\",\"name\":\"Alessandro Benetton al Bernab\u00e9u: \u201cLa mia visita \u00e8 stata molto stimolante\u201d\",\"isPartOf\":{\"@id\":\"https:\\\/\\\/www.article-marketing.eu\\\/comunicatistampa\\\/#website\"},\"primaryImageOfPage\":{\"@id\":\"https:\\\/\\\/www.article-marketing.eu\\\/comunicatistampa\\\/alessandro-benetton-al-bernabeu-la-mia-visita-e-stata-molto-stimolante\\\/#primaryimage\"},\"image\":{\"@id\":\"https:\\\/\\\/www.article-marketing.eu\\\/comunicatistampa\\\/alessandro-benetton-al-bernabeu-la-mia-visita-e-stata-molto-stimolante\\\/#primaryimage\"},\"thumbnailUrl\":\"https:\\\/\\\/statics.cedscdn.it\\\/photos\\\/MED_HIGH\\\/31\\\/73\\\/7933173_13185249_whatsapp_image_2024_02_13_at_18.52.32.jpg\",\"datePublished\":\"2024-03-21T06:16:33+00:00\",\"author\":{\"@id\":\"https:\\\/\\\/www.article-marketing.eu\\\/comunicatistampa\\\/#\\\/schema\\\/person\\\/387302ea07720c8cca9cb7cbc223fca4\"},\"description\":\"\u201cIl Bernab\u00e9u potr\u00e0 ospitare nello stesso momento anche altri eventi\u201d: la visita di Alessandro Benetton all'impianto madrileno\",\"breadcrumb\":{\"@id\":\"https:\\\/\\\/www.article-marketing.eu\\\/comunicatistampa\\\/alessandro-benetton-al-bernabeu-la-mia-visita-e-stata-molto-stimolante\\\/#breadcrumb\"},\"inLanguage\":\"it-IT\",\"potentialAction\":[{\"@type\":\"ReadAction\",\"target\":[\"https:\\\/\\\/www.article-marketing.eu\\\/comunicatistampa\\\/alessandro-benetton-al-bernabeu-la-mia-visita-e-stata-molto-stimolante\\\/\"]}]},{\"@type\":\"ImageObject\",\"inLanguage\":\"it-IT\",\"@id\":\"https:\\\/\\\/www.article-marketing.eu\\\/comunicatistampa\\\/alessandro-benetton-al-bernabeu-la-mia-visita-e-stata-molto-stimolante\\\/#primaryimage\",\"url\":\"https:\\\/\\\/statics.cedscdn.it\\\/photos\\\/MED_HIGH\\\/31\\\/73\\\/7933173_13185249_whatsapp_image_2024_02_13_at_18.52.32.jpg\",\"contentUrl\":\"https:\\\/\\\/statics.cedscdn.it\\\/photos\\\/MED_HIGH\\\/31\\\/73\\\/7933173_13185249_whatsapp_image_2024_02_13_at_18.52.32.jpg\"},{\"@type\":\"BreadcrumbList\",\"@id\":\"https:\\\/\\\/www.article-marketing.eu\\\/comunicatistampa\\\/alessandro-benetton-al-bernabeu-la-mia-visita-e-stata-molto-stimolante\\\/#breadcrumb\",\"itemListElement\":[{\"@type\":\"ListItem\",\"position\":1,\"name\":\"Home\",\"item\":\"https:\\\/\\\/www.article-marketing.eu\\\/comunicatistampa\\\/\"},{\"@type\":\"ListItem\",\"position\":2,\"name\":\"Alessandro Benetton al Bernab\u00e9u: \u201cLa mia visita \u00e8 stata molto stimolante\u201d\"}]},{\"@type\":\"WebSite\",\"@id\":\"https:\\\/\\\/www.article-marketing.eu\\\/comunicatistampa\\\/#website\",\"url\":\"https:\\\/\\\/www.article-marketing.eu\\\/comunicatistampa\\\/\",\"name\":\"Article Marketing\",\"description\":\"article marketing &amp; press release\",\"potentialAction\":[{\"@type\":\"SearchAction\",\"target\":{\"@type\":\"EntryPoint\",\"urlTemplate\":\"https:\\\/\\\/www.article-marketing.eu\\\/comunicatistampa\\\/?s={search_term_string}\"},\"query-input\":{\"@type\":\"PropertyValueSpecification\",\"valueRequired\":true,\"valueName\":\"search_term_string\"}}],\"inLanguage\":\"it-IT\"},{\"@type\":\"Person\",\"@id\":\"https:\\\/\\\/www.article-marketing.eu\\\/comunicatistampa\\\/#\\\/schema\\\/person\\\/387302ea07720c8cca9cb7cbc223fca4\",\"name\":\"agencyabweb\",\"image\":{\"@type\":\"ImageObject\",\"inLanguage\":\"it-IT\",\"@id\":\"https:\\\/\\\/secure.gravatar.com\\\/avatar\\\/c9b06452f87b0cd78054668e3d508288cb2761bcd8a9f8bb19bb1cfb5638006f?s=96&d=mm&r=g\",\"url\":\"https:\\\/\\\/secure.gravatar.com\\\/avatar\\\/c9b06452f87b0cd78054668e3d508288cb2761bcd8a9f8bb19bb1cfb5638006f?s=96&d=mm&r=g\",\"contentUrl\":\"https:\\\/\\\/secure.gravatar.com\\\/avatar\\\/c9b06452f87b0cd78054668e3d508288cb2761bcd8a9f8bb19bb1cfb5638006f?s=96&d=mm&r=g\",\"caption\":\"agencyabweb\"},\"url\":\"https:\\\/\\\/www.article-marketing.eu\\\/comunicatistampa\\\/author\\\/agencyabweb\\\/\"}]}<\/script>\n<!-- \/ Yoast SEO plugin. -->","yoast_head_json":{"title":"Alessandro Benetton al Bernab\u00e9u: \u201cLa mia visita \u00e8 stata molto stimolante\u201d","description":"\u201cIl Bernab\u00e9u potr\u00e0 ospitare nello stesso momento anche altri eventi\u201d: la visita di Alessandro Benetton all'impianto madrileno","robots":{"index":"index","follow":"follow","max-snippet":"max-snippet:-1","max-image-preview":"max-image-preview:large","max-video-preview":"max-video-preview:-1"},"canonical":"https:\/\/www.article-marketing.eu\/comunicatistampa\/alessandro-benetton-al-bernabeu-la-mia-visita-e-stata-molto-stimolante\/","og_locale":"it_IT","og_type":"article","og_title":"Alessandro Benetton al Bernab\u00e9u: \u201cLa mia visita \u00e8 stata molto stimolante\u201d","og_description":"\u201cIl Bernab\u00e9u potr\u00e0 ospitare nello stesso momento anche altri eventi\u201d: la visita di Alessandro Benetton all'impianto madrileno","og_url":"https:\/\/www.article-marketing.eu\/comunicatistampa\/alessandro-benetton-al-bernabeu-la-mia-visita-e-stata-molto-stimolante\/","og_site_name":"Article Marketing","article_published_time":"2024-03-21T06:16:33+00:00","og_image":[{"url":"https:\/\/statics.cedscdn.it\/photos\/MED_HIGH\/31\/73\/7933173_13185249_whatsapp_image_2024_02_13_at_18.52.32.jpg","type":"","width":"","height":""}],"author":"agencyabweb","twitter_card":"summary_large_image","twitter_misc":{"Scritto da":"agencyabweb","Tempo di lettura stimato":"2 minuti"},"schema":{"@context":"https:\/\/schema.org","@graph":[{"@type":"Article","@id":"https:\/\/www.article-marketing.eu\/comunicatistampa\/alessandro-benetton-al-bernabeu-la-mia-visita-e-stata-molto-stimolante\/#article","isPartOf":{"@id":"https:\/\/www.article-marketing.eu\/comunicatistampa\/alessandro-benetton-al-bernabeu-la-mia-visita-e-stata-molto-stimolante\/"},"author":{"name":"agencyabweb","@id":"https:\/\/www.article-marketing.eu\/comunicatistampa\/#\/schema\/person\/387302ea07720c8cca9cb7cbc223fca4"},"headline":"Alessandro Benetton al Bernab\u00e9u: \u201cLa mia visita \u00e8 stata molto stimolante\u201d","datePublished":"2024-03-21T06:16:33+00:00","mainEntityOfPage":{"@id":"https:\/\/www.article-marketing.eu\/comunicatistampa\/alessandro-benetton-al-bernabeu-la-mia-visita-e-stata-molto-stimolante\/"},"wordCount":326,"commentCount":0,"image":{"@id":"https:\/\/www.article-marketing.eu\/comunicatistampa\/alessandro-benetton-al-bernabeu-la-mia-visita-e-stata-molto-stimolante\/#primaryimage"},"thumbnailUrl":"https:\/\/statics.cedscdn.it\/photos\/MED_HIGH\/31\/73\/7933173_13185249_whatsapp_image_2024_02_13_at_18.52.32.jpg","keywords":["Alessandro Benetton"],"articleSection":["Societ\u00e0"],"inLanguage":"it-IT","potentialAction":[{"@type":"CommentAction","name":"Comment","target":["https:\/\/www.article-marketing.eu\/comunicatistampa\/alessandro-benetton-al-bernabeu-la-mia-visita-e-stata-molto-stimolante\/#respond"]}]},{"@type":"WebPage","@id":"https:\/\/www.article-marketing.eu\/comunicatistampa\/alessandro-benetton-al-bernabeu-la-mia-visita-e-stata-molto-stimolante\/","url":"https:\/\/www.article-marketing.eu\/comunicatistampa\/alessandro-benetton-al-bernabeu-la-mia-visita-e-stata-molto-stimolante\/","name":"Alessandro Benetton al Bernab\u00e9u: \u201cLa mia visita \u00e8 stata molto stimolante\u201d","isPartOf":{"@id":"https:\/\/www.article-marketing.eu\/comunicatistampa\/#website"},"primaryImageOfPage":{"@id":"https:\/\/www.article-marketing.eu\/comunicatistampa\/alessandro-benetton-al-bernabeu-la-mia-visita-e-stata-molto-stimolante\/#primaryimage"},"image":{"@id":"https:\/\/www.article-marketing.eu\/comunicatistampa\/alessandro-benetton-al-bernabeu-la-mia-visita-e-stata-molto-stimolante\/#primaryimage"},"thumbnailUrl":"https:\/\/statics.cedscdn.it\/photos\/MED_HIGH\/31\/73\/7933173_13185249_whatsapp_image_2024_02_13_at_18.52.32.jpg","datePublished":"2024-03-21T06:16:33+00:00","author":{"@id":"https:\/\/www.article-marketing.eu\/comunicatistampa\/#\/schema\/person\/387302ea07720c8cca9cb7cbc223fca4"},"description":"\u201cIl Bernab\u00e9u potr\u00e0 ospitare nello stesso momento anche altri eventi\u201d: la visita di Alessandro Benetton all'impianto madrileno","breadcrumb":{"@id":"https:\/\/www.article-marketing.eu\/comunicatistampa\/alessandro-benetton-al-bernabeu-la-mia-visita-e-stata-molto-stimolante\/#breadcrumb"},"inLanguage":"it-IT","potentialAction":[{"@type":"ReadAction","target":["https:\/\/www.article-marketing.eu\/comunicatistampa\/alessandro-benetton-al-bernabeu-la-mia-visita-e-stata-molto-stimolante\/"]}]},{"@type":"ImageObject","inLanguage":"it-IT","@id":"https:\/\/www.article-marketing.eu\/comunicatistampa\/alessandro-benetton-al-bernabeu-la-mia-visita-e-stata-molto-stimolante\/#primaryimage","url":"https:\/\/statics.cedscdn.it\/photos\/MED_HIGH\/31\/73\/7933173_13185249_whatsapp_image_2024_02_13_at_18.52.32.jpg","contentUrl":"https:\/\/statics.cedscdn.it\/photos\/MED_HIGH\/31\/73\/7933173_13185249_whatsapp_image_2024_02_13_at_18.52.32.jpg"},{"@type":"BreadcrumbList","@id":"https:\/\/www.article-marketing.eu\/comunicatistampa\/alessandro-benetton-al-bernabeu-la-mia-visita-e-stata-molto-stimolante\/#breadcrumb","itemListElement":[{"@type":"ListItem","position":1,"name":"Home","item":"https:\/\/www.article-marketing.eu\/comunicatistampa\/"},{"@type":"ListItem","position":2,"name":"Alessandro Benetton al Bernab\u00e9u: \u201cLa mia visita \u00e8 stata molto stimolante\u201d"}]},{"@type":"WebSite","@id":"https:\/\/www.article-marketing.eu\/comunicatistampa\/#website","url":"https:\/\/www.article-marketing.eu\/comunicatistampa\/","name":"Article Marketing","description":"article marketing &amp; press release","potentialAction":[{"@type":"SearchAction","target":{"@type":"EntryPoint","urlTemplate":"https:\/\/www.article-marketing.eu\/comunicatistampa\/?s={search_term_string}"},"query-input":{"@type":"PropertyValueSpecification","valueRequired":true,"valueName":"search_term_string"}}],"inLanguage":"it-IT"},{"@type":"Person","@id":"https:\/\/www.article-marketing.eu\/comunicatistampa\/#\/schema\/person\/387302ea07720c8cca9cb7cbc223fca4","name":"agencyabweb","image":{"@type":"ImageObject","inLanguage":"it-IT","@id":"https:\/\/secure.gravatar.com\/avatar\/c9b06452f87b0cd78054668e3d508288cb2761bcd8a9f8bb19bb1cfb5638006f?s=96&d=mm&r=g","url":"https:\/\/secure.gravatar.com\/avatar\/c9b06452f87b0cd78054668e3d508288cb2761bcd8a9f8bb19bb1cfb5638006f?s=96&d=mm&r=g","contentUrl":"https:\/\/secure.gravatar.com\/avatar\/c9b06452f87b0cd78054668e3d508288cb2761bcd8a9f8bb19bb1cfb5638006f?s=96&d=mm&r=g","caption":"agencyabweb"},"url":"https:\/\/www.article-marketing.eu\/comunicatistampa\/author\/agencyabweb\/"}]}},"_links":{"self":[{"href":"https:\/\/www.article-marketing.eu\/comunicatistampa\/wp-json\/wp\/v2\/posts\/29881","targetHints":{"allow":["GET"]}}],"collection":[{"href":"https:\/\/www.article-marketing.eu\/comunicatistampa\/wp-json\/wp\/v2\/posts"}],"about":[{"href":"https:\/\/www.article-marketing.eu\/comunicatistampa\/wp-json\/wp\/v2\/types\/post"}],"author":[{"embeddable":true,"href":"https:\/\/www.article-marketing.eu\/comunicatistampa\/wp-json\/wp\/v2\/users\/7191"}],"replies":[{"embeddable":true,"href":"https:\/\/www.article-marketing.eu\/comunicatistampa\/wp-json\/wp\/v2\/comments?post=29881"}],"version-history":[{"count":3,"href":"https:\/\/www.article-marketing.eu\/comunicatistampa\/wp-json\/wp\/v2\/posts\/29881\/revisions"}],"predecessor-version":[{"id":30210,"href":"https:\/\/www.article-marketing.eu\/comunicatistampa\/wp-json\/wp\/v2\/posts\/29881\/revisions\/30210"}],"wp:attachment":[{"href":"https:\/\/www.article-marketing.eu\/comunicatistampa\/wp-json\/wp\/v2\/media?parent=29881"}],"wp:term":[{"taxonomy":"category","embeddable":true,"href":"https:\/\/www.article-marketing.eu\/comunicatistampa\/wp-json\/wp\/v2\/categories?post=29881"},{"taxonomy":"post_tag","embeddable":true,"href":"https:\/\/www.article-marketing.eu\/comunicatistampa\/wp-json\/wp\/v2\/tags?post=29881"}],"curies":[{"name":"wp","href":"https:\/\/api.w.org\/{rel}","templated":true}]}}