{"id":29884,"date":"2024-03-20T07:39:07","date_gmt":"2024-03-20T06:39:07","guid":{"rendered":"https:\/\/www.article-marketing.eu\/comunicatistampa\/?p=29884"},"modified":"2024-03-19T16:13:25","modified_gmt":"2024-03-19T15:13:25","slug":"la-nuova-sede-a-torino-paolo-gallo-italgas-consolida-il-legame-con-la-citta","status":"publish","type":"post","link":"https:\/\/www.article-marketing.eu\/comunicatistampa\/la-nuova-sede-a-torino-paolo-gallo-italgas-consolida-il-legame-con-la-citta\/","title":{"rendered":"La nuova sede a Torino, Paolo Gallo: Italgas consolida il legame con la citt\u00e0"},"content":{"rendered":"<p><strong><em>Italgas nasce a Torino nel 1837 e da allora la societ\u00e0 ha sempre mantenuto un legame particolare con la citt\u00e0. Nel 2021 la realt\u00e0 guidata dall\u2019AD <a title=\"Paolo Gallo su Youtube: la pagina ufficiale dell'AD di Italgas\" href=\"https:\/\/www.youtube.com\/@Paolo_Gallo\">Paolo Gallo<\/a> ha inaugurato la rinnovata sede di Largo Regio Parco, che oggi ospita l\u2019Heritage Lab Italgas e il Centro Integrato di Supervisione (CIS).<\/em><\/strong><\/p>\n<p><a title=\"La pagina Youtube ufficiale di Paolo Gallo, AD di Italgas\" href=\"https:\/\/www.youtube.com\/@Paolo_Gallo\"><img loading=\"lazy\" decoding=\"async\" src=\"https:\/\/www.comunicati-stampa.net\/immaginics\/large\/542e9051de9a428d9f19f54f50e29ac7.jpg\" alt=\"Paolo Gallo\" width=\"300\" height=\"200\" \/><\/a><\/p>\n<h2>Paolo Gallo: Italgas restituisce a Torino uno spazio urbano inclusivo<\/h2>\n<p>Sia l\u2019Heritage Lab che il CIS testimoniano lo stretto rapporto esistente tra Torino e Italgas, la quale ha voluto dare all\u2019area che ospita la sua sede, quella di Largo Regio Parco, una nuova identit\u00e0. Il Gruppo guidato da <a title=\"Paolo Gallo: interviste e approfondimenti sulla pagina Youtube\" href=\"https:\/\/www.youtube.com\/@Paolo_Gallo\"><strong>Paolo Gallo<\/strong><\/a> ha infatti portato a termine nel 2021 un importante intervento di riqualificazione e valorizzazione che ha visto la completa ristrutturazione, in chiave sostenibile, dei due imponenti edifici che da Corso Palermo si affacciano su Largo Regio Parco, e la riqualificazione della zona pubblica antistante. \u201c<em>Abbiamo ridato vita a un\u2019area, abbellendola e mettendoci una scultura che doniamo di fatto alla citt\u00e0. Ancora una volta in tutte queste centinaia di anni, Torino risulta essere il punto principale di Italgas<\/em>\u201d, aveva commentato l\u2019AD all\u2019inaugurazione, avvenuta il 3 dicembre 2021. Il progetto, che ha richiesto un investimento di oltre 60 milioni di euro, ha permesso di restituire alla citt\u00e0 di Torino uno spazio urbano inclusivo.<\/p>\n<h2>Paolo Gallo: Italgas si conferma realt\u00e0 all\u2019avanguardia<\/h2>\n<p>L\u2019Heritage Lab e il CIS da parte di Italgas sono anche la riconferma della posizione d\u2019avanguardia ricoperta dalla societ\u00e0 in termini di nuove tecnologie. Per la realizzazione dell\u2019Heritage Lab, aveva spiegato l\u2019AD <strong>Paolo Gallo<\/strong>, \u201c<em>abbiamo applicato tutte le nuove tecnologie digitali a un archivio storico<\/em>\u201d, digitalizzando un laboratorio che adesso \u00e8 a disposizione di tutti. Grazie alla partnership con la Fondazione Cini, Italgas ha potuto avere accesso a tecnologie avanzate, consentendo a chiunque lo voglia di usufruire della storia di Torino e del Paese. Definito dall\u2019Amministratore Delegato un \u201c<em>fiore all\u2019occhiello<\/em>\u201d, il Centro Integrato di Supervisione \u00e8 ci\u00f2 che consente all\u2019azienda di controllare la rete da remoto, intervenendo a distanza in caso di necessit\u00e0. Italgas \u00e8 l\u2019unica in Italia ad averlo nel settore della distribuzione, ponendosi, ancora una volta, all\u2019avanguardia a livello europeo.<\/p>\n","protected":false},"excerpt":{"rendered":"<p>Italgas nasce a Torino nel 1837 e da allora la societ\u00e0 ha sempre mantenuto un legame particolare con la citt\u00e0. Nel 2021 la realt\u00e0 guidata dall\u2019AD Paolo Gallo ha inaugurato la rinnovata sede di Largo Regio Parco, che oggi ospita l\u2019Heritage Lab Italgas e il Centro Integrato di Supervisione (CIS). Paolo Gallo: Italgas restituisce a Torino uno spazio urbano inclusivo Sia l\u2019Heritage Lab che il CIS testimoniano lo stretto rapporto<\/p>\n<p><a class=\"continue-reading\" href=\"https:\/\/www.article-marketing.eu\/comunicatistampa\/la-nuova-sede-a-torino-paolo-gallo-italgas-consolida-il-legame-con-la-citta\/\">Continue reading&#8230;<\/a><\/p>\n","protected":false},"author":6477,"featured_media":0,"comment_status":"closed","ping_status":"closed","sticky":false,"template":"","format":"standard","meta":{"_monsterinsights_skip_tracking":false,"_monsterinsights_sitenote_active":false,"_monsterinsights_sitenote_note":"","_monsterinsights_sitenote_category":0,"footnotes":""},"categories":[388],"tags":[10000],"class_list":["post-29884","post","type-post","status-publish","format-standard","hentry","category-aziende","tag-paolo-gallo"],"yoast_head":"<!-- This site is optimized with the Yoast SEO plugin v27.3 - https:\/\/yoast.com\/product\/yoast-seo-wordpress\/ -->\n<title>La nuova sede a Torino, Paolo Gallo: Italgas consolida il legame con la citt\u00e0<\/title>\n<meta name=\"robots\" content=\"index, follow, max-snippet:-1, max-image-preview:large, max-video-preview:-1\" \/>\n<link rel=\"canonical\" href=\"https:\/\/www.article-marketing.eu\/comunicatistampa\/la-nuova-sede-a-torino-paolo-gallo-italgas-consolida-il-legame-con-la-citta\/\" \/>\n<meta property=\"og:locale\" content=\"it_IT\" \/>\n<meta property=\"og:type\" content=\"article\" \/>\n<meta property=\"og:title\" content=\"La nuova sede a Torino, Paolo Gallo: Italgas consolida il legame con la citt\u00e0\" \/>\n<meta property=\"og:description\" content=\"Italgas nasce a Torino nel 1837 e da allora la societ\u00e0 ha sempre mantenuto un legame particolare con la citt\u00e0. Nel 2021 la realt\u00e0 guidata dall\u2019AD Paolo Gallo ha inaugurato la rinnovata sede di Largo Regio Parco, che oggi ospita l\u2019Heritage Lab Italgas e il Centro Integrato di Supervisione (CIS). Paolo Gallo: Italgas restituisce a Torino uno spazio urbano inclusivo Sia l\u2019Heritage Lab che il CIS testimoniano lo stretto rapportoContinue reading...\" \/>\n<meta property=\"og:url\" content=\"https:\/\/www.article-marketing.eu\/comunicatistampa\/la-nuova-sede-a-torino-paolo-gallo-italgas-consolida-il-legame-con-la-citta\/\" \/>\n<meta property=\"og:site_name\" content=\"Article Marketing\" \/>\n<meta property=\"article:published_time\" content=\"2024-03-20T06:39:07+00:00\" \/>\n<meta property=\"og:image\" content=\"https:\/\/www.comunicati-stampa.net\/immaginics\/large\/542e9051de9a428d9f19f54f50e29ac7.jpg\" \/>\n<meta name=\"author\" content=\"articolinews\" \/>\n<meta name=\"twitter:card\" content=\"summary_large_image\" \/>\n<meta name=\"twitter:label1\" content=\"Scritto da\" \/>\n\t<meta name=\"twitter:data1\" content=\"articolinews\" \/>\n\t<meta name=\"twitter:label2\" content=\"Tempo di lettura stimato\" \/>\n\t<meta name=\"twitter:data2\" content=\"3 minuti\" \/>\n<script type=\"application\/ld+json\" class=\"yoast-schema-graph\">{\"@context\":\"https:\\\/\\\/schema.org\",\"@graph\":[{\"@type\":\"Article\",\"@id\":\"https:\\\/\\\/www.article-marketing.eu\\\/comunicatistampa\\\/la-nuova-sede-a-torino-paolo-gallo-italgas-consolida-il-legame-con-la-citta\\\/#article\",\"isPartOf\":{\"@id\":\"https:\\\/\\\/www.article-marketing.eu\\\/comunicatistampa\\\/la-nuova-sede-a-torino-paolo-gallo-italgas-consolida-il-legame-con-la-citta\\\/\"},\"author\":{\"name\":\"articolinews\",\"@id\":\"https:\\\/\\\/www.article-marketing.eu\\\/comunicatistampa\\\/#\\\/schema\\\/person\\\/2fcaf8f8f3a9eef9eb7f27532d3ca458\"},\"headline\":\"La nuova sede a Torino, Paolo Gallo: Italgas consolida il legame con la citt\u00e0\",\"datePublished\":\"2024-03-20T06:39:07+00:00\",\"mainEntityOfPage\":{\"@id\":\"https:\\\/\\\/www.article-marketing.eu\\\/comunicatistampa\\\/la-nuova-sede-a-torino-paolo-gallo-italgas-consolida-il-legame-con-la-citta\\\/\"},\"wordCount\":372,\"image\":{\"@id\":\"https:\\\/\\\/www.article-marketing.eu\\\/comunicatistampa\\\/la-nuova-sede-a-torino-paolo-gallo-italgas-consolida-il-legame-con-la-citta\\\/#primaryimage\"},\"thumbnailUrl\":\"https:\\\/\\\/www.comunicati-stampa.net\\\/immaginics\\\/large\\\/542e9051de9a428d9f19f54f50e29ac7.jpg\",\"keywords\":[\"Paolo Gallo\"],\"articleSection\":[\"Aziende\"],\"inLanguage\":\"it-IT\"},{\"@type\":\"WebPage\",\"@id\":\"https:\\\/\\\/www.article-marketing.eu\\\/comunicatistampa\\\/la-nuova-sede-a-torino-paolo-gallo-italgas-consolida-il-legame-con-la-citta\\\/\",\"url\":\"https:\\\/\\\/www.article-marketing.eu\\\/comunicatistampa\\\/la-nuova-sede-a-torino-paolo-gallo-italgas-consolida-il-legame-con-la-citta\\\/\",\"name\":\"La nuova sede a Torino, Paolo Gallo: Italgas consolida il legame con la citt\u00e0\",\"isPartOf\":{\"@id\":\"https:\\\/\\\/www.article-marketing.eu\\\/comunicatistampa\\\/#website\"},\"primaryImageOfPage\":{\"@id\":\"https:\\\/\\\/www.article-marketing.eu\\\/comunicatistampa\\\/la-nuova-sede-a-torino-paolo-gallo-italgas-consolida-il-legame-con-la-citta\\\/#primaryimage\"},\"image\":{\"@id\":\"https:\\\/\\\/www.article-marketing.eu\\\/comunicatistampa\\\/la-nuova-sede-a-torino-paolo-gallo-italgas-consolida-il-legame-con-la-citta\\\/#primaryimage\"},\"thumbnailUrl\":\"https:\\\/\\\/www.comunicati-stampa.net\\\/immaginics\\\/large\\\/542e9051de9a428d9f19f54f50e29ac7.jpg\",\"datePublished\":\"2024-03-20T06:39:07+00:00\",\"author\":{\"@id\":\"https:\\\/\\\/www.article-marketing.eu\\\/comunicatistampa\\\/#\\\/schema\\\/person\\\/2fcaf8f8f3a9eef9eb7f27532d3ca458\"},\"breadcrumb\":{\"@id\":\"https:\\\/\\\/www.article-marketing.eu\\\/comunicatistampa\\\/la-nuova-sede-a-torino-paolo-gallo-italgas-consolida-il-legame-con-la-citta\\\/#breadcrumb\"},\"inLanguage\":\"it-IT\",\"potentialAction\":[{\"@type\":\"ReadAction\",\"target\":[\"https:\\\/\\\/www.article-marketing.eu\\\/comunicatistampa\\\/la-nuova-sede-a-torino-paolo-gallo-italgas-consolida-il-legame-con-la-citta\\\/\"]}]},{\"@type\":\"ImageObject\",\"inLanguage\":\"it-IT\",\"@id\":\"https:\\\/\\\/www.article-marketing.eu\\\/comunicatistampa\\\/la-nuova-sede-a-torino-paolo-gallo-italgas-consolida-il-legame-con-la-citta\\\/#primaryimage\",\"url\":\"https:\\\/\\\/www.comunicati-stampa.net\\\/immaginics\\\/large\\\/542e9051de9a428d9f19f54f50e29ac7.jpg\",\"contentUrl\":\"https:\\\/\\\/www.comunicati-stampa.net\\\/immaginics\\\/large\\\/542e9051de9a428d9f19f54f50e29ac7.jpg\"},{\"@type\":\"BreadcrumbList\",\"@id\":\"https:\\\/\\\/www.article-marketing.eu\\\/comunicatistampa\\\/la-nuova-sede-a-torino-paolo-gallo-italgas-consolida-il-legame-con-la-citta\\\/#breadcrumb\",\"itemListElement\":[{\"@type\":\"ListItem\",\"position\":1,\"name\":\"Home\",\"item\":\"https:\\\/\\\/www.article-marketing.eu\\\/comunicatistampa\\\/\"},{\"@type\":\"ListItem\",\"position\":2,\"name\":\"La nuova sede a Torino, Paolo Gallo: Italgas consolida il legame con la citt\u00e0\"}]},{\"@type\":\"WebSite\",\"@id\":\"https:\\\/\\\/www.article-marketing.eu\\\/comunicatistampa\\\/#website\",\"url\":\"https:\\\/\\\/www.article-marketing.eu\\\/comunicatistampa\\\/\",\"name\":\"Article Marketing\",\"description\":\"article marketing &amp; press release\",\"potentialAction\":[{\"@type\":\"SearchAction\",\"target\":{\"@type\":\"EntryPoint\",\"urlTemplate\":\"https:\\\/\\\/www.article-marketing.eu\\\/comunicatistampa\\\/?s={search_term_string}\"},\"query-input\":{\"@type\":\"PropertyValueSpecification\",\"valueRequired\":true,\"valueName\":\"search_term_string\"}}],\"inLanguage\":\"it-IT\"},{\"@type\":\"Person\",\"@id\":\"https:\\\/\\\/www.article-marketing.eu\\\/comunicatistampa\\\/#\\\/schema\\\/person\\\/2fcaf8f8f3a9eef9eb7f27532d3ca458\",\"name\":\"articolinews\",\"image\":{\"@type\":\"ImageObject\",\"inLanguage\":\"it-IT\",\"@id\":\"https:\\\/\\\/secure.gravatar.com\\\/avatar\\\/9e2a264bab04e17dea24d937c9956304649a848cb73c46747a692ff1bdeb1cb7?s=96&d=mm&r=g\",\"url\":\"https:\\\/\\\/secure.gravatar.com\\\/avatar\\\/9e2a264bab04e17dea24d937c9956304649a848cb73c46747a692ff1bdeb1cb7?s=96&d=mm&r=g\",\"contentUrl\":\"https:\\\/\\\/secure.gravatar.com\\\/avatar\\\/9e2a264bab04e17dea24d937c9956304649a848cb73c46747a692ff1bdeb1cb7?s=96&d=mm&r=g\",\"caption\":\"articolinews\"},\"url\":\"https:\\\/\\\/www.article-marketing.eu\\\/comunicatistampa\\\/author\\\/articolinews\\\/\"}]}<\/script>\n<!-- \/ Yoast SEO plugin. -->","yoast_head_json":{"title":"La nuova sede a Torino, Paolo Gallo: Italgas consolida il legame con la citt\u00e0","robots":{"index":"index","follow":"follow","max-snippet":"max-snippet:-1","max-image-preview":"max-image-preview:large","max-video-preview":"max-video-preview:-1"},"canonical":"https:\/\/www.article-marketing.eu\/comunicatistampa\/la-nuova-sede-a-torino-paolo-gallo-italgas-consolida-il-legame-con-la-citta\/","og_locale":"it_IT","og_type":"article","og_title":"La nuova sede a Torino, Paolo Gallo: Italgas consolida il legame con la citt\u00e0","og_description":"Italgas nasce a Torino nel 1837 e da allora la societ\u00e0 ha sempre mantenuto un legame particolare con la citt\u00e0. Nel 2021 la realt\u00e0 guidata dall\u2019AD Paolo Gallo ha inaugurato la rinnovata sede di Largo Regio Parco, che oggi ospita l\u2019Heritage Lab Italgas e il Centro Integrato di Supervisione (CIS). Paolo Gallo: Italgas restituisce a Torino uno spazio urbano inclusivo Sia l\u2019Heritage Lab che il CIS testimoniano lo stretto rapportoContinue reading...","og_url":"https:\/\/www.article-marketing.eu\/comunicatistampa\/la-nuova-sede-a-torino-paolo-gallo-italgas-consolida-il-legame-con-la-citta\/","og_site_name":"Article Marketing","article_published_time":"2024-03-20T06:39:07+00:00","og_image":[{"url":"https:\/\/www.comunicati-stampa.net\/immaginics\/large\/542e9051de9a428d9f19f54f50e29ac7.jpg","type":"","width":"","height":""}],"author":"articolinews","twitter_card":"summary_large_image","twitter_misc":{"Scritto da":"articolinews","Tempo di lettura stimato":"3 minuti"},"schema":{"@context":"https:\/\/schema.org","@graph":[{"@type":"Article","@id":"https:\/\/www.article-marketing.eu\/comunicatistampa\/la-nuova-sede-a-torino-paolo-gallo-italgas-consolida-il-legame-con-la-citta\/#article","isPartOf":{"@id":"https:\/\/www.article-marketing.eu\/comunicatistampa\/la-nuova-sede-a-torino-paolo-gallo-italgas-consolida-il-legame-con-la-citta\/"},"author":{"name":"articolinews","@id":"https:\/\/www.article-marketing.eu\/comunicatistampa\/#\/schema\/person\/2fcaf8f8f3a9eef9eb7f27532d3ca458"},"headline":"La nuova sede a Torino, Paolo Gallo: Italgas consolida il legame con la citt\u00e0","datePublished":"2024-03-20T06:39:07+00:00","mainEntityOfPage":{"@id":"https:\/\/www.article-marketing.eu\/comunicatistampa\/la-nuova-sede-a-torino-paolo-gallo-italgas-consolida-il-legame-con-la-citta\/"},"wordCount":372,"image":{"@id":"https:\/\/www.article-marketing.eu\/comunicatistampa\/la-nuova-sede-a-torino-paolo-gallo-italgas-consolida-il-legame-con-la-citta\/#primaryimage"},"thumbnailUrl":"https:\/\/www.comunicati-stampa.net\/immaginics\/large\/542e9051de9a428d9f19f54f50e29ac7.jpg","keywords":["Paolo Gallo"],"articleSection":["Aziende"],"inLanguage":"it-IT"},{"@type":"WebPage","@id":"https:\/\/www.article-marketing.eu\/comunicatistampa\/la-nuova-sede-a-torino-paolo-gallo-italgas-consolida-il-legame-con-la-citta\/","url":"https:\/\/www.article-marketing.eu\/comunicatistampa\/la-nuova-sede-a-torino-paolo-gallo-italgas-consolida-il-legame-con-la-citta\/","name":"La nuova sede a Torino, Paolo Gallo: Italgas consolida il legame con la citt\u00e0","isPartOf":{"@id":"https:\/\/www.article-marketing.eu\/comunicatistampa\/#website"},"primaryImageOfPage":{"@id":"https:\/\/www.article-marketing.eu\/comunicatistampa\/la-nuova-sede-a-torino-paolo-gallo-italgas-consolida-il-legame-con-la-citta\/#primaryimage"},"image":{"@id":"https:\/\/www.article-marketing.eu\/comunicatistampa\/la-nuova-sede-a-torino-paolo-gallo-italgas-consolida-il-legame-con-la-citta\/#primaryimage"},"thumbnailUrl":"https:\/\/www.comunicati-stampa.net\/immaginics\/large\/542e9051de9a428d9f19f54f50e29ac7.jpg","datePublished":"2024-03-20T06:39:07+00:00","author":{"@id":"https:\/\/www.article-marketing.eu\/comunicatistampa\/#\/schema\/person\/2fcaf8f8f3a9eef9eb7f27532d3ca458"},"breadcrumb":{"@id":"https:\/\/www.article-marketing.eu\/comunicatistampa\/la-nuova-sede-a-torino-paolo-gallo-italgas-consolida-il-legame-con-la-citta\/#breadcrumb"},"inLanguage":"it-IT","potentialAction":[{"@type":"ReadAction","target":["https:\/\/www.article-marketing.eu\/comunicatistampa\/la-nuova-sede-a-torino-paolo-gallo-italgas-consolida-il-legame-con-la-citta\/"]}]},{"@type":"ImageObject","inLanguage":"it-IT","@id":"https:\/\/www.article-marketing.eu\/comunicatistampa\/la-nuova-sede-a-torino-paolo-gallo-italgas-consolida-il-legame-con-la-citta\/#primaryimage","url":"https:\/\/www.comunicati-stampa.net\/immaginics\/large\/542e9051de9a428d9f19f54f50e29ac7.jpg","contentUrl":"https:\/\/www.comunicati-stampa.net\/immaginics\/large\/542e9051de9a428d9f19f54f50e29ac7.jpg"},{"@type":"BreadcrumbList","@id":"https:\/\/www.article-marketing.eu\/comunicatistampa\/la-nuova-sede-a-torino-paolo-gallo-italgas-consolida-il-legame-con-la-citta\/#breadcrumb","itemListElement":[{"@type":"ListItem","position":1,"name":"Home","item":"https:\/\/www.article-marketing.eu\/comunicatistampa\/"},{"@type":"ListItem","position":2,"name":"La nuova sede a Torino, Paolo Gallo: Italgas consolida il legame con la citt\u00e0"}]},{"@type":"WebSite","@id":"https:\/\/www.article-marketing.eu\/comunicatistampa\/#website","url":"https:\/\/www.article-marketing.eu\/comunicatistampa\/","name":"Article Marketing","description":"article marketing &amp; press release","potentialAction":[{"@type":"SearchAction","target":{"@type":"EntryPoint","urlTemplate":"https:\/\/www.article-marketing.eu\/comunicatistampa\/?s={search_term_string}"},"query-input":{"@type":"PropertyValueSpecification","valueRequired":true,"valueName":"search_term_string"}}],"inLanguage":"it-IT"},{"@type":"Person","@id":"https:\/\/www.article-marketing.eu\/comunicatistampa\/#\/schema\/person\/2fcaf8f8f3a9eef9eb7f27532d3ca458","name":"articolinews","image":{"@type":"ImageObject","inLanguage":"it-IT","@id":"https:\/\/secure.gravatar.com\/avatar\/9e2a264bab04e17dea24d937c9956304649a848cb73c46747a692ff1bdeb1cb7?s=96&d=mm&r=g","url":"https:\/\/secure.gravatar.com\/avatar\/9e2a264bab04e17dea24d937c9956304649a848cb73c46747a692ff1bdeb1cb7?s=96&d=mm&r=g","contentUrl":"https:\/\/secure.gravatar.com\/avatar\/9e2a264bab04e17dea24d937c9956304649a848cb73c46747a692ff1bdeb1cb7?s=96&d=mm&r=g","caption":"articolinews"},"url":"https:\/\/www.article-marketing.eu\/comunicatistampa\/author\/articolinews\/"}]}},"_links":{"self":[{"href":"https:\/\/www.article-marketing.eu\/comunicatistampa\/wp-json\/wp\/v2\/posts\/29884","targetHints":{"allow":["GET"]}}],"collection":[{"href":"https:\/\/www.article-marketing.eu\/comunicatistampa\/wp-json\/wp\/v2\/posts"}],"about":[{"href":"https:\/\/www.article-marketing.eu\/comunicatistampa\/wp-json\/wp\/v2\/types\/post"}],"author":[{"embeddable":true,"href":"https:\/\/www.article-marketing.eu\/comunicatistampa\/wp-json\/wp\/v2\/users\/6477"}],"replies":[{"embeddable":true,"href":"https:\/\/www.article-marketing.eu\/comunicatistampa\/wp-json\/wp\/v2\/comments?post=29884"}],"version-history":[{"count":2,"href":"https:\/\/www.article-marketing.eu\/comunicatistampa\/wp-json\/wp\/v2\/posts\/29884\/revisions"}],"predecessor-version":[{"id":30204,"href":"https:\/\/www.article-marketing.eu\/comunicatistampa\/wp-json\/wp\/v2\/posts\/29884\/revisions\/30204"}],"wp:attachment":[{"href":"https:\/\/www.article-marketing.eu\/comunicatistampa\/wp-json\/wp\/v2\/media?parent=29884"}],"wp:term":[{"taxonomy":"category","embeddable":true,"href":"https:\/\/www.article-marketing.eu\/comunicatistampa\/wp-json\/wp\/v2\/categories?post=29884"},{"taxonomy":"post_tag","embeddable":true,"href":"https:\/\/www.article-marketing.eu\/comunicatistampa\/wp-json\/wp\/v2\/tags?post=29884"}],"curies":[{"name":"wp","href":"https:\/\/api.w.org\/{rel}","templated":true}]}}