{"id":29898,"date":"2024-03-23T07:55:04","date_gmt":"2024-03-23T06:55:04","guid":{"rendered":"https:\/\/www.article-marketing.eu\/comunicatistampa\/?p=29898"},"modified":"2024-09-17T19:50:12","modified_gmt":"2024-09-17T17:50:12","slug":"cielo-e-terra-a-casa-sanremo","status":"publish","type":"post","link":"https:\/\/www.article-marketing.eu\/comunicatistampa\/cielo-e-terra-a-casa-sanremo\/","title":{"rendered":"Cielo e Terra a Casa Sanremo"},"content":{"rendered":"<p>In un\u2019esclusiva cena di gala la storica cantina vicentina ha ritirato il Premio Eccellenze d\u2019Italia dedicato a imprenditori e artisti che si sono messi in evidenza nel corso dell\u2019anno<\/p>\n<p>Mentre Amadeus chiamava sul palco dell\u2019Ariston i cantati del Festival appena concluso, anche per la storica cantina vicentina Cielo e Terra si sono accesi i riflettori a Casa Sanremo, venerd\u00ec 9 febbraio, per la consegna del Premio Eccellenze d\u2019Italia, dedicato a imprenditori e artisti che si sono messi in evidenza nel corso dell\u2019anno.<\/p>\n<p>Un momento molto emozionante che in un contesto prestigioso ha reso onore all\u2019impegno e alla determinazione di una realt\u00e0 vitivinicola, punto di riferimento per milioni di consumatori in Italia e nel mondo, ma dalla grande capacit\u00e0 innovativa e tra le aziende italiane pi\u00f9 attive in ambito sostenibilit\u00e0.<\/p>\n<p>A dimostrarlo, dopo il ritiro del premio, le tre etichette degustate nel corso della Cena di Gala svoltasi nella prestigiosa location di Villa Noseda, a Sanremo, \u201cPremio Eccellenze d\u2019Italia\u201d, uno degli eventi collaterali pi\u00f9 attesi della settimana sanremese, patrocinato da Assomoda-Confcommercio, arrivato alla undicesima edizione.<br \/>\nProtagonista assoluto, come in tutte le edizioni, il Made in Italy con imprenditori e personaggi legati al mondo dello spettacolo che tengono alta la bandiera della creativit\u00e0 italiana, grazie alle proprie eccellenze. A condurre l\u2019evento \u00e8 stato l\u2019attore Stefano Sala.<br \/>\nPer l\u2019occasione \u00e8 stata proposta una bollicina elegante e raffinata, Maia Prosecco DOC Millesimato Brut, ideale come aperitivo e con piatti leggeri a base di verdure o pesce e crostacei crudi. Con il suo colore giallo paglierino e un sentore aromatico, perfetto per il contesto sanremese, la riviera dei fiori, con le sue note floreali e fruttate, fresco, armonico quanto il suo perlage fine e delicato.<br \/>\nIn perfetto stile musicale anche Pradio Rok, il nuovo rivoluzionario progetto enologico, un innovativo bland Bianco Venezia Giulia I.G.T., elegante e dall\u2019armonica complessit\u00e0, al pari dell\u2019orchestra che poco lontano continuava a risuonare durante la serata del Festival di Sanremo, per ascoltare il suono del Friuli-Venezia Giulia nella speciale cornice dell\u2019evento. Il giallo paglierino cangiante in verde ha regalato agli ospiti un intenso bouquet con sentori agrumati, propri di una localit\u00e0 che si affaccia sul mare e cullata dal mitigato clima rivierasco, tra antipasti di pesce e crudit\u00e9.<\/p>\n<p>In degustazione anche Gran Bericanto Riserva Colli Berici DOC, vera espressione artistica di Cielo e Terra, con il suo aroma di more e vaniglia, elegante e armonioso, dal corpo ricco e pieno, con un finale lungo che ha accompagnato gli invitati nell\u2019emozionante notte sanremese.<\/p>\n<p>&nbsp;<\/p>\n<p>www.cieloeterravini.com<\/p>\n<p>Cielo e Terra nasce nel 1908, nelle campagne di Vicenza, vicino ai Castelli di Romeo e Giulietta, dove il bisnonno aveva acquistato un piccolo podere con vigneto. Il nonno Pietro ha proseguito la guida dell\u2019azienda con grande passione impegno sociale. Oggi alla guida dell&#8217;azienda ci sono Luca e Pierpaolo Cielo, assieme al socio Collis Veneto Wine Group unitosi all\u2019azienda della famiglia Cielo nel 1999. Oggi l\u2019azienda con una quota di esportazione superiore al 75% \u00e8 conosciuta in tutto il mondo con i marchi Cielo, Casa Defr\u00e0 e Bericanto. Il gruppo che nel 2022 ha superato i 60 milioni di euro si caratterizza per un approccio socialmente responsabile, orientato alla solidariet\u00e0\u2019, trasparenza e alla sostenibilit\u00e0. Il marchio Cielo \u00e8 infatti legato da anni alla Ong americana Winetowater, con la quale vengono donati sistemi di filtrazione d\u2019acqua nelle aree piu\u2019 bisognose. Dopo aver ottenuto la certificazione B Corp, l\u2019azienda ha aderito anche VIVA Sustainable, con l\u2019obiettivo di ottimizzare l\u2019impatto ambientale della filiera vite \u2013 vino ed \u00e8 dal 2022 anche Societa\u2019 Benefit. Prima realt\u00e0 vinicola italiana a introdurre in azienda il modello della Lean Organization, Cielo e Terra integra numerosi progetti con un piano di economia circolare, affermandosi come realt\u00e0 in grado di fronteggiare le sfide dei mercati mondiali ed attestare la sua presenza in oltre 60 Paesi.<\/p>\n","protected":false},"excerpt":{"rendered":"<p>In un\u2019esclusiva cena di gala la storica cantina vicentina ha ritirato il Premio Eccellenze d\u2019Italia dedicato a imprenditori e artisti che si sono messi in evidenza nel corso dell\u2019anno Mentre Amadeus chiamava sul palco dell\u2019Ariston i cantati del Festival appena concluso, anche per la storica cantina vicentina Cielo e Terra si sono accesi i riflettori a Casa Sanremo, venerd\u00ec 9 febbraio, per la consegna del Premio Eccellenze d\u2019Italia, dedicato a<\/p>\n<p><a class=\"continue-reading\" href=\"https:\/\/www.article-marketing.eu\/comunicatistampa\/cielo-e-terra-a-casa-sanremo\/\">Continue reading&#8230;<\/a><\/p>\n","protected":false},"author":397,"featured_media":0,"comment_status":"open","ping_status":"open","sticky":false,"template":"","format":"standard","meta":{"_monsterinsights_skip_tracking":false,"_monsterinsights_sitenote_active":false,"_monsterinsights_sitenote_note":"","_monsterinsights_sitenote_category":0,"footnotes":""},"categories":[78],"tags":[],"class_list":["post-29898","post","type-post","status-publish","format-standard","hentry","category-comunicati-stampa"],"yoast_head":"<!-- This site is optimized with the Yoast SEO plugin v27.3 - https:\/\/yoast.com\/product\/yoast-seo-wordpress\/ -->\n<title>Cielo e Terra a Casa Sanremo - Article Marketing<\/title>\n<meta name=\"robots\" content=\"index, follow, max-snippet:-1, max-image-preview:large, max-video-preview:-1\" \/>\n<link rel=\"canonical\" href=\"https:\/\/www.article-marketing.eu\/comunicatistampa\/cielo-e-terra-a-casa-sanremo\/\" \/>\n<meta property=\"og:locale\" content=\"it_IT\" \/>\n<meta property=\"og:type\" content=\"article\" \/>\n<meta property=\"og:title\" content=\"Cielo e Terra a Casa Sanremo - Article Marketing\" \/>\n<meta property=\"og:description\" content=\"In un\u2019esclusiva cena di gala la storica cantina vicentina ha ritirato il Premio Eccellenze d\u2019Italia dedicato a imprenditori e artisti che si sono messi in evidenza nel corso dell\u2019anno Mentre Amadeus chiamava sul palco dell\u2019Ariston i cantati del Festival appena concluso, anche per la storica cantina vicentina Cielo e Terra si sono accesi i riflettori a Casa Sanremo, venerd\u00ec 9 febbraio, per la consegna del Premio Eccellenze d\u2019Italia, dedicato aContinue reading...\" \/>\n<meta property=\"og:url\" content=\"https:\/\/www.article-marketing.eu\/comunicatistampa\/cielo-e-terra-a-casa-sanremo\/\" \/>\n<meta property=\"og:site_name\" content=\"Article Marketing\" \/>\n<meta property=\"article:published_time\" content=\"2024-03-23T06:55:04+00:00\" \/>\n<meta property=\"article:modified_time\" content=\"2024-09-17T17:50:12+00:00\" \/>\n<meta name=\"author\" content=\"Borderline Agency\" \/>\n<meta name=\"twitter:card\" content=\"summary_large_image\" \/>\n<meta name=\"twitter:label1\" content=\"Scritto da\" \/>\n\t<meta name=\"twitter:data1\" content=\"Borderline Agency\" \/>\n\t<meta name=\"twitter:label2\" content=\"Tempo di lettura stimato\" \/>\n\t<meta name=\"twitter:data2\" content=\"4 minuti\" \/>\n<script type=\"application\/ld+json\" class=\"yoast-schema-graph\">{\"@context\":\"https:\\\/\\\/schema.org\",\"@graph\":[{\"@type\":\"Article\",\"@id\":\"https:\\\/\\\/www.article-marketing.eu\\\/comunicatistampa\\\/cielo-e-terra-a-casa-sanremo\\\/#article\",\"isPartOf\":{\"@id\":\"https:\\\/\\\/www.article-marketing.eu\\\/comunicatistampa\\\/cielo-e-terra-a-casa-sanremo\\\/\"},\"author\":{\"name\":\"Borderline Agency\",\"@id\":\"https:\\\/\\\/www.article-marketing.eu\\\/comunicatistampa\\\/#\\\/schema\\\/person\\\/1c4ab1c7aad84347e26e78235da6ff1b\"},\"headline\":\"Cielo e Terra a Casa Sanremo\",\"datePublished\":\"2024-03-23T06:55:04+00:00\",\"dateModified\":\"2024-09-17T17:50:12+00:00\",\"mainEntityOfPage\":{\"@id\":\"https:\\\/\\\/www.article-marketing.eu\\\/comunicatistampa\\\/cielo-e-terra-a-casa-sanremo\\\/\"},\"wordCount\":647,\"commentCount\":0,\"articleSection\":[\"Comunicati stampa\"],\"inLanguage\":\"it-IT\",\"potentialAction\":[{\"@type\":\"CommentAction\",\"name\":\"Comment\",\"target\":[\"https:\\\/\\\/www.article-marketing.eu\\\/comunicatistampa\\\/cielo-e-terra-a-casa-sanremo\\\/#respond\"]}]},{\"@type\":\"WebPage\",\"@id\":\"https:\\\/\\\/www.article-marketing.eu\\\/comunicatistampa\\\/cielo-e-terra-a-casa-sanremo\\\/\",\"url\":\"https:\\\/\\\/www.article-marketing.eu\\\/comunicatistampa\\\/cielo-e-terra-a-casa-sanremo\\\/\",\"name\":\"Cielo e Terra a Casa Sanremo - Article Marketing\",\"isPartOf\":{\"@id\":\"https:\\\/\\\/www.article-marketing.eu\\\/comunicatistampa\\\/#website\"},\"datePublished\":\"2024-03-23T06:55:04+00:00\",\"dateModified\":\"2024-09-17T17:50:12+00:00\",\"author\":{\"@id\":\"https:\\\/\\\/www.article-marketing.eu\\\/comunicatistampa\\\/#\\\/schema\\\/person\\\/1c4ab1c7aad84347e26e78235da6ff1b\"},\"breadcrumb\":{\"@id\":\"https:\\\/\\\/www.article-marketing.eu\\\/comunicatistampa\\\/cielo-e-terra-a-casa-sanremo\\\/#breadcrumb\"},\"inLanguage\":\"it-IT\",\"potentialAction\":[{\"@type\":\"ReadAction\",\"target\":[\"https:\\\/\\\/www.article-marketing.eu\\\/comunicatistampa\\\/cielo-e-terra-a-casa-sanremo\\\/\"]}]},{\"@type\":\"BreadcrumbList\",\"@id\":\"https:\\\/\\\/www.article-marketing.eu\\\/comunicatistampa\\\/cielo-e-terra-a-casa-sanremo\\\/#breadcrumb\",\"itemListElement\":[{\"@type\":\"ListItem\",\"position\":1,\"name\":\"Home\",\"item\":\"https:\\\/\\\/www.article-marketing.eu\\\/comunicatistampa\\\/\"},{\"@type\":\"ListItem\",\"position\":2,\"name\":\"Cielo e Terra a Casa Sanremo\"}]},{\"@type\":\"WebSite\",\"@id\":\"https:\\\/\\\/www.article-marketing.eu\\\/comunicatistampa\\\/#website\",\"url\":\"https:\\\/\\\/www.article-marketing.eu\\\/comunicatistampa\\\/\",\"name\":\"Article Marketing\",\"description\":\"article marketing &amp; press release\",\"potentialAction\":[{\"@type\":\"SearchAction\",\"target\":{\"@type\":\"EntryPoint\",\"urlTemplate\":\"https:\\\/\\\/www.article-marketing.eu\\\/comunicatistampa\\\/?s={search_term_string}\"},\"query-input\":{\"@type\":\"PropertyValueSpecification\",\"valueRequired\":true,\"valueName\":\"search_term_string\"}}],\"inLanguage\":\"it-IT\"},{\"@type\":\"Person\",\"@id\":\"https:\\\/\\\/www.article-marketing.eu\\\/comunicatistampa\\\/#\\\/schema\\\/person\\\/1c4ab1c7aad84347e26e78235da6ff1b\",\"name\":\"Borderline Agency\",\"image\":{\"@type\":\"ImageObject\",\"inLanguage\":\"it-IT\",\"@id\":\"https:\\\/\\\/secure.gravatar.com\\\/avatar\\\/741fa053101610cb0be7dc835c116926549ae4ae2142ff35eac04d78fda61461?s=96&d=mm&r=g\",\"url\":\"https:\\\/\\\/secure.gravatar.com\\\/avatar\\\/741fa053101610cb0be7dc835c116926549ae4ae2142ff35eac04d78fda61461?s=96&d=mm&r=g\",\"contentUrl\":\"https:\\\/\\\/secure.gravatar.com\\\/avatar\\\/741fa053101610cb0be7dc835c116926549ae4ae2142ff35eac04d78fda61461?s=96&d=mm&r=g\",\"caption\":\"Borderline Agency\"},\"url\":\"https:\\\/\\\/www.article-marketing.eu\\\/comunicatistampa\\\/author\\\/borderline-agency\\\/\"}]}<\/script>\n<!-- \/ Yoast SEO plugin. -->","yoast_head_json":{"title":"Cielo e Terra a Casa Sanremo - Article Marketing","robots":{"index":"index","follow":"follow","max-snippet":"max-snippet:-1","max-image-preview":"max-image-preview:large","max-video-preview":"max-video-preview:-1"},"canonical":"https:\/\/www.article-marketing.eu\/comunicatistampa\/cielo-e-terra-a-casa-sanremo\/","og_locale":"it_IT","og_type":"article","og_title":"Cielo e Terra a Casa Sanremo - Article Marketing","og_description":"In un\u2019esclusiva cena di gala la storica cantina vicentina ha ritirato il Premio Eccellenze d\u2019Italia dedicato a imprenditori e artisti che si sono messi in evidenza nel corso dell\u2019anno Mentre Amadeus chiamava sul palco dell\u2019Ariston i cantati del Festival appena concluso, anche per la storica cantina vicentina Cielo e Terra si sono accesi i riflettori a Casa Sanremo, venerd\u00ec 9 febbraio, per la consegna del Premio Eccellenze d\u2019Italia, dedicato aContinue reading...","og_url":"https:\/\/www.article-marketing.eu\/comunicatistampa\/cielo-e-terra-a-casa-sanremo\/","og_site_name":"Article Marketing","article_published_time":"2024-03-23T06:55:04+00:00","article_modified_time":"2024-09-17T17:50:12+00:00","author":"Borderline Agency","twitter_card":"summary_large_image","twitter_misc":{"Scritto da":"Borderline Agency","Tempo di lettura stimato":"4 minuti"},"schema":{"@context":"https:\/\/schema.org","@graph":[{"@type":"Article","@id":"https:\/\/www.article-marketing.eu\/comunicatistampa\/cielo-e-terra-a-casa-sanremo\/#article","isPartOf":{"@id":"https:\/\/www.article-marketing.eu\/comunicatistampa\/cielo-e-terra-a-casa-sanremo\/"},"author":{"name":"Borderline Agency","@id":"https:\/\/www.article-marketing.eu\/comunicatistampa\/#\/schema\/person\/1c4ab1c7aad84347e26e78235da6ff1b"},"headline":"Cielo e Terra a Casa Sanremo","datePublished":"2024-03-23T06:55:04+00:00","dateModified":"2024-09-17T17:50:12+00:00","mainEntityOfPage":{"@id":"https:\/\/www.article-marketing.eu\/comunicatistampa\/cielo-e-terra-a-casa-sanremo\/"},"wordCount":647,"commentCount":0,"articleSection":["Comunicati stampa"],"inLanguage":"it-IT","potentialAction":[{"@type":"CommentAction","name":"Comment","target":["https:\/\/www.article-marketing.eu\/comunicatistampa\/cielo-e-terra-a-casa-sanremo\/#respond"]}]},{"@type":"WebPage","@id":"https:\/\/www.article-marketing.eu\/comunicatistampa\/cielo-e-terra-a-casa-sanremo\/","url":"https:\/\/www.article-marketing.eu\/comunicatistampa\/cielo-e-terra-a-casa-sanremo\/","name":"Cielo e Terra a Casa Sanremo - Article Marketing","isPartOf":{"@id":"https:\/\/www.article-marketing.eu\/comunicatistampa\/#website"},"datePublished":"2024-03-23T06:55:04+00:00","dateModified":"2024-09-17T17:50:12+00:00","author":{"@id":"https:\/\/www.article-marketing.eu\/comunicatistampa\/#\/schema\/person\/1c4ab1c7aad84347e26e78235da6ff1b"},"breadcrumb":{"@id":"https:\/\/www.article-marketing.eu\/comunicatistampa\/cielo-e-terra-a-casa-sanremo\/#breadcrumb"},"inLanguage":"it-IT","potentialAction":[{"@type":"ReadAction","target":["https:\/\/www.article-marketing.eu\/comunicatistampa\/cielo-e-terra-a-casa-sanremo\/"]}]},{"@type":"BreadcrumbList","@id":"https:\/\/www.article-marketing.eu\/comunicatistampa\/cielo-e-terra-a-casa-sanremo\/#breadcrumb","itemListElement":[{"@type":"ListItem","position":1,"name":"Home","item":"https:\/\/www.article-marketing.eu\/comunicatistampa\/"},{"@type":"ListItem","position":2,"name":"Cielo e Terra a Casa Sanremo"}]},{"@type":"WebSite","@id":"https:\/\/www.article-marketing.eu\/comunicatistampa\/#website","url":"https:\/\/www.article-marketing.eu\/comunicatistampa\/","name":"Article Marketing","description":"article marketing &amp; press release","potentialAction":[{"@type":"SearchAction","target":{"@type":"EntryPoint","urlTemplate":"https:\/\/www.article-marketing.eu\/comunicatistampa\/?s={search_term_string}"},"query-input":{"@type":"PropertyValueSpecification","valueRequired":true,"valueName":"search_term_string"}}],"inLanguage":"it-IT"},{"@type":"Person","@id":"https:\/\/www.article-marketing.eu\/comunicatistampa\/#\/schema\/person\/1c4ab1c7aad84347e26e78235da6ff1b","name":"Borderline Agency","image":{"@type":"ImageObject","inLanguage":"it-IT","@id":"https:\/\/secure.gravatar.com\/avatar\/741fa053101610cb0be7dc835c116926549ae4ae2142ff35eac04d78fda61461?s=96&d=mm&r=g","url":"https:\/\/secure.gravatar.com\/avatar\/741fa053101610cb0be7dc835c116926549ae4ae2142ff35eac04d78fda61461?s=96&d=mm&r=g","contentUrl":"https:\/\/secure.gravatar.com\/avatar\/741fa053101610cb0be7dc835c116926549ae4ae2142ff35eac04d78fda61461?s=96&d=mm&r=g","caption":"Borderline Agency"},"url":"https:\/\/www.article-marketing.eu\/comunicatistampa\/author\/borderline-agency\/"}]}},"_links":{"self":[{"href":"https:\/\/www.article-marketing.eu\/comunicatistampa\/wp-json\/wp\/v2\/posts\/29898","targetHints":{"allow":["GET"]}}],"collection":[{"href":"https:\/\/www.article-marketing.eu\/comunicatistampa\/wp-json\/wp\/v2\/posts"}],"about":[{"href":"https:\/\/www.article-marketing.eu\/comunicatistampa\/wp-json\/wp\/v2\/types\/post"}],"author":[{"embeddable":true,"href":"https:\/\/www.article-marketing.eu\/comunicatistampa\/wp-json\/wp\/v2\/users\/397"}],"replies":[{"embeddable":true,"href":"https:\/\/www.article-marketing.eu\/comunicatistampa\/wp-json\/wp\/v2\/comments?post=29898"}],"version-history":[{"count":2,"href":"https:\/\/www.article-marketing.eu\/comunicatistampa\/wp-json\/wp\/v2\/posts\/29898\/revisions"}],"predecessor-version":[{"id":30277,"href":"https:\/\/www.article-marketing.eu\/comunicatistampa\/wp-json\/wp\/v2\/posts\/29898\/revisions\/30277"}],"wp:attachment":[{"href":"https:\/\/www.article-marketing.eu\/comunicatistampa\/wp-json\/wp\/v2\/media?parent=29898"}],"wp:term":[{"taxonomy":"category","embeddable":true,"href":"https:\/\/www.article-marketing.eu\/comunicatistampa\/wp-json\/wp\/v2\/categories?post=29898"},{"taxonomy":"post_tag","embeddable":true,"href":"https:\/\/www.article-marketing.eu\/comunicatistampa\/wp-json\/wp\/v2\/tags?post=29898"}],"curies":[{"name":"wp","href":"https:\/\/api.w.org\/{rel}","templated":true}]}}