{"id":29918,"date":"2024-03-24T08:10:43","date_gmt":"2024-03-24T07:10:43","guid":{"rendered":"https:\/\/www.article-marketing.eu\/comunicatistampa\/?p=29918"},"modified":"2024-03-21T14:15:53","modified_gmt":"2024-03-21T13:15:53","slug":"sul-corriere-della-sera-intervista-allad-e-dg-di-terna-giuseppina-di-foggia","status":"publish","type":"post","link":"https:\/\/www.article-marketing.eu\/comunicatistampa\/sul-corriere-della-sera-intervista-allad-e-dg-di-terna-giuseppina-di-foggia\/","title":{"rendered":"Sul \u201cCorriere della Sera\u201d intervista all\u2019AD e DG di Terna Giuseppina Di Foggia"},"content":{"rendered":"<p><em><strong>La transizione \u00e8 una delle priorit\u00e0 del Paese, che si \u00e8 impegnato a raggiungere ambiziosi obiettivi di produzione di energia da fonti rinnovabili entro il 2030. Ma per farlo, serve una rete elettrica adeguata, capace di gestire la crescente domanda e di garantire la sicurezza e la qualit\u00e0 del servizio. Questa \u00e8 la sfida che affronta Terna, il gestore della rete elettrica italiana guidato da <a title=\"L'intervista all'AD di Terna Giuseppina di Foggia\" href=\"https:\/\/www.corriere.it\/economia\/aziende\/24_febbraio_18\/di-foggia-terna-piu-velocita-per-gli-investimenti-su-reti-e-infrastrutture-energetiche-5d012fd1-358e-4e8e-b95c-2afb5a3e4xlk.shtml\">Giuseppina Di Foggia<\/a>, la prima donna a ricoprire il ruolo di Amministratore Delegato e Direttore Generale. In un\u2019intervista rilasciata al \u201cCorriere della Sera\u201d, la manager ha illustrato i risultati ottenuti nel 2023 e le prospettive del nuovo Piano industriale, che sar\u00e0 presentato tra un mese.<\/strong><\/em><\/p>\n<p><a title=\"Sul Corriere le dichiarazioni di Giuseppina Di Foggia sul futuro di Terna\" href=\"https:\/\/www.corriere.it\/economia\/aziende\/24_febbraio_18\/di-foggia-terna-piu-velocita-per-gli-investimenti-su-reti-e-infrastrutture-energetiche-5d012fd1-358e-4e8e-b95c-2afb5a3e4xlk.shtml\"><em><strong><img loading=\"lazy\" decoding=\"async\" src=\"https:\/\/dimages2.corriereobjects.it\/files\/main_image\/uploads\/2024\/02\/18\/65d1db4ad5f7a.jpeg\" alt=\"Giuseppina Di Foggia, AD di Terna\" width=\"267\" height=\"200\" \/><\/strong><\/em><\/a><\/p>\n<h2>Giuseppina Di Foggia: il Paese accelera sulle rinnovabili, necessario potenziare la rete<\/h2>\n<p><strong>Terna<\/strong>, il gestore della rete elettrica italiana, si prepara a presentare il suo nuovo Piano industriale tra un mese. In attesa di conoscerne i dettagli, l\u2019Amministratore Delegato e Direttore Generale <a title=\"Terna, l'AD Giuseppina Di Foggia rivela i primi dettagli del nuovo piano strategico\" href=\"https:\/\/www.corriere.it\/economia\/aziende\/24_febbraio_18\/di-foggia-terna-piu-velocita-per-gli-investimenti-su-reti-e-infrastrutture-energetiche-5d012fd1-358e-4e8e-b95c-2afb5a3e4xlk.shtml\"><strong>Giuseppina Di Foggia<\/strong><\/a> ha parlato dei risultati conseguiti nell\u2019anno appena passato e delle sfide future che attendono il Gruppo, in prima linea nella transizione ecologica del Paese. In un\u2019intervista rilasciata al \u201cCorriere della Sera\u201d, la manager ha ricordato che la prima sfida riguarda proprio la transizione energetica e nello specifico il raggiungimento dell\u2019obiettivo del Piano Nazionale Integrato Energia e Clima di 74 gigawatt (GW) di rinnovabili entro il 2030. Se nel 2021 il dato sulle nuove installazioni era fermo ad un Gigawatt, fino ai 6 del 2023: \u201c<em>Stiamo accelerando: al 31 dicembre 2023, le richieste di connessione alla rete ammontavano a oltre 328 GW<\/em>\u201d. Si tratta, ha spiegato Giuseppina Di Foggia, di nuovi progetti presentati al Ministero dell\u2019Ambiente e della sicurezza energetica e alle Regioni, suddivisi in 141,3 GW da fonte solare, 95 GW da fonte eolica on-shore, 91,9 GW da eolica off-shore. Per gestire questa grande domanda, servono infrastrutture, ha evidenziato senza mezzi termini la manager. E soprattutto tempi stretti per realizzarle. \u201c<em>L\u2019anno scorso per noi \u00e8 stato importantissimo per il numero di investimenti autorizzati con un 20 per cento in pi\u00f9 sul 2022: parliamo di 23 opere per tre miliardi di euro<\/em>\u201d. Tra le principali, spiccano il ramo ovest del Tyrrhenian Link, il primo collegamento diretto tra l\u2019Europa e l\u2019Africa, attraverso la Tunisia, e il progetto definitivo del Sa.Co.I3, il potenziamento dell\u2019elettrodotto tra Sardegna, Corsica e Toscana.<\/p>\n<h2>Giuseppina Di Foggia: Terna, un esempio di transizione energetica e digitale<\/h2>\n<p>La digitalizzazione \u00e8 l\u2019altra grande sfida del gestore, che di fronte a cambiamenti climatici, prezzi sempre pi\u00f9 volatili e cyber attacchi pi\u00f9 diffusi \u00e8 impegnata a rendere la rete pi\u00f9 sicura, resiliente e intelligente. Non a caso il digitale sar\u00e0 uno dei pilastri del nuovo Piano industriale, come rivelato da <strong>Giuseppina Di Foggia<\/strong>: \u201c<em>Pi\u00f9 aumenta la digitalizzazione pi\u00f9 serviranno soluzioni per prevenire eventuali rischi di questo tipo<\/em>\u201d. Proprio in queste settimane <strong>Terna<\/strong> sta lavorando per introdurre e gestire un nuovo strumento digitale, previsto nel decreto Energia, ovvero un portale che garantir\u00e0 una programmazione efficiente e coordinata delle infrastrutture di rete, degli impianti rinnovabili e dei sistemi di accumulo. Inoltre, ha concluso l\u2019AD e DG, rispetto ai competitor il Gruppo \u00e8 gi\u00e0 al lavoro da anni nella manutenzione predittiva e nella creazione del digital twin dei cantieri.<\/p>\n","protected":false},"excerpt":{"rendered":"<p>La transizione \u00e8 una delle priorit\u00e0 del Paese, che si \u00e8 impegnato a raggiungere ambiziosi obiettivi di produzione di energia da fonti rinnovabili entro il 2030. Ma per farlo, serve una rete elettrica adeguata, capace di gestire la crescente domanda e di garantire la sicurezza e la qualit\u00e0 del servizio. Questa \u00e8 la sfida che affronta Terna, il gestore della rete elettrica italiana guidato da Giuseppina Di Foggia, la prima<\/p>\n<p><a class=\"continue-reading\" href=\"https:\/\/www.article-marketing.eu\/comunicatistampa\/sul-corriere-della-sera-intervista-allad-e-dg-di-terna-giuseppina-di-foggia\/\">Continue reading&#8230;<\/a><\/p>\n","protected":false},"author":6477,"featured_media":0,"comment_status":"open","ping_status":"open","sticky":false,"template":"","format":"standard","meta":{"_monsterinsights_skip_tracking":false,"_monsterinsights_sitenote_active":false,"_monsterinsights_sitenote_note":"","_monsterinsights_sitenote_category":0,"footnotes":""},"categories":[386],"tags":[10895,9563],"class_list":["post-29918","post","type-post","status-publish","format-standard","hentry","category-economia-e-lavoro","tag-giuseppina-di-foggia","tag-terna"],"yoast_head":"<!-- This site is optimized with the Yoast SEO plugin v27.3 - https:\/\/yoast.com\/product\/yoast-seo-wordpress\/ -->\n<title>Sul \u201cCorriere della Sera\u201d intervista all\u2019AD e DG di Terna Giuseppina Di Foggia<\/title>\n<meta name=\"description\" content=\"Per la richiesta sempre maggiore di energia rinnovabile \u00e8 necessario accelerare sulle infrastrutture: le parole di Giuseppina Di Foggia\" \/>\n<meta name=\"robots\" content=\"index, follow, max-snippet:-1, max-image-preview:large, max-video-preview:-1\" \/>\n<link rel=\"canonical\" href=\"https:\/\/www.article-marketing.eu\/comunicatistampa\/sul-corriere-della-sera-intervista-allad-e-dg-di-terna-giuseppina-di-foggia\/\" \/>\n<meta property=\"og:locale\" content=\"it_IT\" \/>\n<meta property=\"og:type\" content=\"article\" \/>\n<meta property=\"og:title\" content=\"Sul \u201cCorriere della Sera\u201d intervista all\u2019AD e DG di Terna Giuseppina Di Foggia\" \/>\n<meta property=\"og:description\" content=\"Per la richiesta sempre maggiore di energia rinnovabile \u00e8 necessario accelerare sulle infrastrutture: le parole di Giuseppina Di Foggia\" \/>\n<meta property=\"og:url\" content=\"https:\/\/www.article-marketing.eu\/comunicatistampa\/sul-corriere-della-sera-intervista-allad-e-dg-di-terna-giuseppina-di-foggia\/\" \/>\n<meta property=\"og:site_name\" content=\"Article Marketing\" \/>\n<meta property=\"article:published_time\" content=\"2024-03-24T07:10:43+00:00\" \/>\n<meta property=\"og:image\" content=\"https:\/\/dimages2.corriereobjects.it\/files\/main_image\/uploads\/2024\/02\/18\/65d1db4ad5f7a.jpeg\" \/>\n<meta name=\"author\" content=\"articolinews\" \/>\n<meta name=\"twitter:card\" content=\"summary_large_image\" \/>\n<meta name=\"twitter:label1\" content=\"Scritto da\" \/>\n\t<meta name=\"twitter:data1\" content=\"articolinews\" \/>\n\t<meta name=\"twitter:label2\" content=\"Tempo di lettura stimato\" \/>\n\t<meta name=\"twitter:data2\" content=\"4 minuti\" \/>\n<script type=\"application\/ld+json\" class=\"yoast-schema-graph\">{\"@context\":\"https:\\\/\\\/schema.org\",\"@graph\":[{\"@type\":\"Article\",\"@id\":\"https:\\\/\\\/www.article-marketing.eu\\\/comunicatistampa\\\/sul-corriere-della-sera-intervista-allad-e-dg-di-terna-giuseppina-di-foggia\\\/#article\",\"isPartOf\":{\"@id\":\"https:\\\/\\\/www.article-marketing.eu\\\/comunicatistampa\\\/sul-corriere-della-sera-intervista-allad-e-dg-di-terna-giuseppina-di-foggia\\\/\"},\"author\":{\"name\":\"articolinews\",\"@id\":\"https:\\\/\\\/www.article-marketing.eu\\\/comunicatistampa\\\/#\\\/schema\\\/person\\\/2fcaf8f8f3a9eef9eb7f27532d3ca458\"},\"headline\":\"Sul \u201cCorriere della Sera\u201d intervista all\u2019AD e DG di Terna Giuseppina Di Foggia\",\"datePublished\":\"2024-03-24T07:10:43+00:00\",\"mainEntityOfPage\":{\"@id\":\"https:\\\/\\\/www.article-marketing.eu\\\/comunicatistampa\\\/sul-corriere-della-sera-intervista-allad-e-dg-di-terna-giuseppina-di-foggia\\\/\"},\"wordCount\":533,\"commentCount\":0,\"image\":{\"@id\":\"https:\\\/\\\/www.article-marketing.eu\\\/comunicatistampa\\\/sul-corriere-della-sera-intervista-allad-e-dg-di-terna-giuseppina-di-foggia\\\/#primaryimage\"},\"thumbnailUrl\":\"https:\\\/\\\/dimages2.corriereobjects.it\\\/files\\\/main_image\\\/uploads\\\/2024\\\/02\\\/18\\\/65d1db4ad5f7a.jpeg\",\"keywords\":[\"Giuseppina Di Foggia\",\"Terna\"],\"articleSection\":[\"Economia e lavoro\"],\"inLanguage\":\"it-IT\",\"potentialAction\":[{\"@type\":\"CommentAction\",\"name\":\"Comment\",\"target\":[\"https:\\\/\\\/www.article-marketing.eu\\\/comunicatistampa\\\/sul-corriere-della-sera-intervista-allad-e-dg-di-terna-giuseppina-di-foggia\\\/#respond\"]}]},{\"@type\":\"WebPage\",\"@id\":\"https:\\\/\\\/www.article-marketing.eu\\\/comunicatistampa\\\/sul-corriere-della-sera-intervista-allad-e-dg-di-terna-giuseppina-di-foggia\\\/\",\"url\":\"https:\\\/\\\/www.article-marketing.eu\\\/comunicatistampa\\\/sul-corriere-della-sera-intervista-allad-e-dg-di-terna-giuseppina-di-foggia\\\/\",\"name\":\"Sul \u201cCorriere della Sera\u201d intervista all\u2019AD e DG di Terna Giuseppina Di Foggia\",\"isPartOf\":{\"@id\":\"https:\\\/\\\/www.article-marketing.eu\\\/comunicatistampa\\\/#website\"},\"primaryImageOfPage\":{\"@id\":\"https:\\\/\\\/www.article-marketing.eu\\\/comunicatistampa\\\/sul-corriere-della-sera-intervista-allad-e-dg-di-terna-giuseppina-di-foggia\\\/#primaryimage\"},\"image\":{\"@id\":\"https:\\\/\\\/www.article-marketing.eu\\\/comunicatistampa\\\/sul-corriere-della-sera-intervista-allad-e-dg-di-terna-giuseppina-di-foggia\\\/#primaryimage\"},\"thumbnailUrl\":\"https:\\\/\\\/dimages2.corriereobjects.it\\\/files\\\/main_image\\\/uploads\\\/2024\\\/02\\\/18\\\/65d1db4ad5f7a.jpeg\",\"datePublished\":\"2024-03-24T07:10:43+00:00\",\"author\":{\"@id\":\"https:\\\/\\\/www.article-marketing.eu\\\/comunicatistampa\\\/#\\\/schema\\\/person\\\/2fcaf8f8f3a9eef9eb7f27532d3ca458\"},\"description\":\"Per la richiesta sempre maggiore di energia rinnovabile \u00e8 necessario accelerare sulle infrastrutture: le parole di Giuseppina Di Foggia\",\"breadcrumb\":{\"@id\":\"https:\\\/\\\/www.article-marketing.eu\\\/comunicatistampa\\\/sul-corriere-della-sera-intervista-allad-e-dg-di-terna-giuseppina-di-foggia\\\/#breadcrumb\"},\"inLanguage\":\"it-IT\",\"potentialAction\":[{\"@type\":\"ReadAction\",\"target\":[\"https:\\\/\\\/www.article-marketing.eu\\\/comunicatistampa\\\/sul-corriere-della-sera-intervista-allad-e-dg-di-terna-giuseppina-di-foggia\\\/\"]}]},{\"@type\":\"ImageObject\",\"inLanguage\":\"it-IT\",\"@id\":\"https:\\\/\\\/www.article-marketing.eu\\\/comunicatistampa\\\/sul-corriere-della-sera-intervista-allad-e-dg-di-terna-giuseppina-di-foggia\\\/#primaryimage\",\"url\":\"https:\\\/\\\/dimages2.corriereobjects.it\\\/files\\\/main_image\\\/uploads\\\/2024\\\/02\\\/18\\\/65d1db4ad5f7a.jpeg\",\"contentUrl\":\"https:\\\/\\\/dimages2.corriereobjects.it\\\/files\\\/main_image\\\/uploads\\\/2024\\\/02\\\/18\\\/65d1db4ad5f7a.jpeg\"},{\"@type\":\"BreadcrumbList\",\"@id\":\"https:\\\/\\\/www.article-marketing.eu\\\/comunicatistampa\\\/sul-corriere-della-sera-intervista-allad-e-dg-di-terna-giuseppina-di-foggia\\\/#breadcrumb\",\"itemListElement\":[{\"@type\":\"ListItem\",\"position\":1,\"name\":\"Home\",\"item\":\"https:\\\/\\\/www.article-marketing.eu\\\/comunicatistampa\\\/\"},{\"@type\":\"ListItem\",\"position\":2,\"name\":\"Sul \u201cCorriere della Sera\u201d intervista all\u2019AD e DG di Terna Giuseppina Di Foggia\"}]},{\"@type\":\"WebSite\",\"@id\":\"https:\\\/\\\/www.article-marketing.eu\\\/comunicatistampa\\\/#website\",\"url\":\"https:\\\/\\\/www.article-marketing.eu\\\/comunicatistampa\\\/\",\"name\":\"Article Marketing\",\"description\":\"article marketing &amp; press release\",\"potentialAction\":[{\"@type\":\"SearchAction\",\"target\":{\"@type\":\"EntryPoint\",\"urlTemplate\":\"https:\\\/\\\/www.article-marketing.eu\\\/comunicatistampa\\\/?s={search_term_string}\"},\"query-input\":{\"@type\":\"PropertyValueSpecification\",\"valueRequired\":true,\"valueName\":\"search_term_string\"}}],\"inLanguage\":\"it-IT\"},{\"@type\":\"Person\",\"@id\":\"https:\\\/\\\/www.article-marketing.eu\\\/comunicatistampa\\\/#\\\/schema\\\/person\\\/2fcaf8f8f3a9eef9eb7f27532d3ca458\",\"name\":\"articolinews\",\"image\":{\"@type\":\"ImageObject\",\"inLanguage\":\"it-IT\",\"@id\":\"https:\\\/\\\/secure.gravatar.com\\\/avatar\\\/9e2a264bab04e17dea24d937c9956304649a848cb73c46747a692ff1bdeb1cb7?s=96&d=mm&r=g\",\"url\":\"https:\\\/\\\/secure.gravatar.com\\\/avatar\\\/9e2a264bab04e17dea24d937c9956304649a848cb73c46747a692ff1bdeb1cb7?s=96&d=mm&r=g\",\"contentUrl\":\"https:\\\/\\\/secure.gravatar.com\\\/avatar\\\/9e2a264bab04e17dea24d937c9956304649a848cb73c46747a692ff1bdeb1cb7?s=96&d=mm&r=g\",\"caption\":\"articolinews\"},\"url\":\"https:\\\/\\\/www.article-marketing.eu\\\/comunicatistampa\\\/author\\\/articolinews\\\/\"}]}<\/script>\n<!-- \/ Yoast SEO plugin. -->","yoast_head_json":{"title":"Sul \u201cCorriere della Sera\u201d intervista all\u2019AD e DG di Terna Giuseppina Di Foggia","description":"Per la richiesta sempre maggiore di energia rinnovabile \u00e8 necessario accelerare sulle infrastrutture: le parole di Giuseppina Di Foggia","robots":{"index":"index","follow":"follow","max-snippet":"max-snippet:-1","max-image-preview":"max-image-preview:large","max-video-preview":"max-video-preview:-1"},"canonical":"https:\/\/www.article-marketing.eu\/comunicatistampa\/sul-corriere-della-sera-intervista-allad-e-dg-di-terna-giuseppina-di-foggia\/","og_locale":"it_IT","og_type":"article","og_title":"Sul \u201cCorriere della Sera\u201d intervista all\u2019AD e DG di Terna Giuseppina Di Foggia","og_description":"Per la richiesta sempre maggiore di energia rinnovabile \u00e8 necessario accelerare sulle infrastrutture: le parole di Giuseppina Di Foggia","og_url":"https:\/\/www.article-marketing.eu\/comunicatistampa\/sul-corriere-della-sera-intervista-allad-e-dg-di-terna-giuseppina-di-foggia\/","og_site_name":"Article Marketing","article_published_time":"2024-03-24T07:10:43+00:00","og_image":[{"url":"https:\/\/dimages2.corriereobjects.it\/files\/main_image\/uploads\/2024\/02\/18\/65d1db4ad5f7a.jpeg","type":"","width":"","height":""}],"author":"articolinews","twitter_card":"summary_large_image","twitter_misc":{"Scritto da":"articolinews","Tempo di lettura stimato":"4 minuti"},"schema":{"@context":"https:\/\/schema.org","@graph":[{"@type":"Article","@id":"https:\/\/www.article-marketing.eu\/comunicatistampa\/sul-corriere-della-sera-intervista-allad-e-dg-di-terna-giuseppina-di-foggia\/#article","isPartOf":{"@id":"https:\/\/www.article-marketing.eu\/comunicatistampa\/sul-corriere-della-sera-intervista-allad-e-dg-di-terna-giuseppina-di-foggia\/"},"author":{"name":"articolinews","@id":"https:\/\/www.article-marketing.eu\/comunicatistampa\/#\/schema\/person\/2fcaf8f8f3a9eef9eb7f27532d3ca458"},"headline":"Sul \u201cCorriere della Sera\u201d intervista all\u2019AD e DG di Terna Giuseppina Di Foggia","datePublished":"2024-03-24T07:10:43+00:00","mainEntityOfPage":{"@id":"https:\/\/www.article-marketing.eu\/comunicatistampa\/sul-corriere-della-sera-intervista-allad-e-dg-di-terna-giuseppina-di-foggia\/"},"wordCount":533,"commentCount":0,"image":{"@id":"https:\/\/www.article-marketing.eu\/comunicatistampa\/sul-corriere-della-sera-intervista-allad-e-dg-di-terna-giuseppina-di-foggia\/#primaryimage"},"thumbnailUrl":"https:\/\/dimages2.corriereobjects.it\/files\/main_image\/uploads\/2024\/02\/18\/65d1db4ad5f7a.jpeg","keywords":["Giuseppina Di Foggia","Terna"],"articleSection":["Economia e lavoro"],"inLanguage":"it-IT","potentialAction":[{"@type":"CommentAction","name":"Comment","target":["https:\/\/www.article-marketing.eu\/comunicatistampa\/sul-corriere-della-sera-intervista-allad-e-dg-di-terna-giuseppina-di-foggia\/#respond"]}]},{"@type":"WebPage","@id":"https:\/\/www.article-marketing.eu\/comunicatistampa\/sul-corriere-della-sera-intervista-allad-e-dg-di-terna-giuseppina-di-foggia\/","url":"https:\/\/www.article-marketing.eu\/comunicatistampa\/sul-corriere-della-sera-intervista-allad-e-dg-di-terna-giuseppina-di-foggia\/","name":"Sul \u201cCorriere della Sera\u201d intervista all\u2019AD e DG di Terna Giuseppina Di Foggia","isPartOf":{"@id":"https:\/\/www.article-marketing.eu\/comunicatistampa\/#website"},"primaryImageOfPage":{"@id":"https:\/\/www.article-marketing.eu\/comunicatistampa\/sul-corriere-della-sera-intervista-allad-e-dg-di-terna-giuseppina-di-foggia\/#primaryimage"},"image":{"@id":"https:\/\/www.article-marketing.eu\/comunicatistampa\/sul-corriere-della-sera-intervista-allad-e-dg-di-terna-giuseppina-di-foggia\/#primaryimage"},"thumbnailUrl":"https:\/\/dimages2.corriereobjects.it\/files\/main_image\/uploads\/2024\/02\/18\/65d1db4ad5f7a.jpeg","datePublished":"2024-03-24T07:10:43+00:00","author":{"@id":"https:\/\/www.article-marketing.eu\/comunicatistampa\/#\/schema\/person\/2fcaf8f8f3a9eef9eb7f27532d3ca458"},"description":"Per la richiesta sempre maggiore di energia rinnovabile \u00e8 necessario accelerare sulle infrastrutture: le parole di Giuseppina Di Foggia","breadcrumb":{"@id":"https:\/\/www.article-marketing.eu\/comunicatistampa\/sul-corriere-della-sera-intervista-allad-e-dg-di-terna-giuseppina-di-foggia\/#breadcrumb"},"inLanguage":"it-IT","potentialAction":[{"@type":"ReadAction","target":["https:\/\/www.article-marketing.eu\/comunicatistampa\/sul-corriere-della-sera-intervista-allad-e-dg-di-terna-giuseppina-di-foggia\/"]}]},{"@type":"ImageObject","inLanguage":"it-IT","@id":"https:\/\/www.article-marketing.eu\/comunicatistampa\/sul-corriere-della-sera-intervista-allad-e-dg-di-terna-giuseppina-di-foggia\/#primaryimage","url":"https:\/\/dimages2.corriereobjects.it\/files\/main_image\/uploads\/2024\/02\/18\/65d1db4ad5f7a.jpeg","contentUrl":"https:\/\/dimages2.corriereobjects.it\/files\/main_image\/uploads\/2024\/02\/18\/65d1db4ad5f7a.jpeg"},{"@type":"BreadcrumbList","@id":"https:\/\/www.article-marketing.eu\/comunicatistampa\/sul-corriere-della-sera-intervista-allad-e-dg-di-terna-giuseppina-di-foggia\/#breadcrumb","itemListElement":[{"@type":"ListItem","position":1,"name":"Home","item":"https:\/\/www.article-marketing.eu\/comunicatistampa\/"},{"@type":"ListItem","position":2,"name":"Sul \u201cCorriere della Sera\u201d intervista all\u2019AD e DG di Terna Giuseppina Di Foggia"}]},{"@type":"WebSite","@id":"https:\/\/www.article-marketing.eu\/comunicatistampa\/#website","url":"https:\/\/www.article-marketing.eu\/comunicatistampa\/","name":"Article Marketing","description":"article marketing &amp; press release","potentialAction":[{"@type":"SearchAction","target":{"@type":"EntryPoint","urlTemplate":"https:\/\/www.article-marketing.eu\/comunicatistampa\/?s={search_term_string}"},"query-input":{"@type":"PropertyValueSpecification","valueRequired":true,"valueName":"search_term_string"}}],"inLanguage":"it-IT"},{"@type":"Person","@id":"https:\/\/www.article-marketing.eu\/comunicatistampa\/#\/schema\/person\/2fcaf8f8f3a9eef9eb7f27532d3ca458","name":"articolinews","image":{"@type":"ImageObject","inLanguage":"it-IT","@id":"https:\/\/secure.gravatar.com\/avatar\/9e2a264bab04e17dea24d937c9956304649a848cb73c46747a692ff1bdeb1cb7?s=96&d=mm&r=g","url":"https:\/\/secure.gravatar.com\/avatar\/9e2a264bab04e17dea24d937c9956304649a848cb73c46747a692ff1bdeb1cb7?s=96&d=mm&r=g","contentUrl":"https:\/\/secure.gravatar.com\/avatar\/9e2a264bab04e17dea24d937c9956304649a848cb73c46747a692ff1bdeb1cb7?s=96&d=mm&r=g","caption":"articolinews"},"url":"https:\/\/www.article-marketing.eu\/comunicatistampa\/author\/articolinews\/"}]}},"_links":{"self":[{"href":"https:\/\/www.article-marketing.eu\/comunicatistampa\/wp-json\/wp\/v2\/posts\/29918","targetHints":{"allow":["GET"]}}],"collection":[{"href":"https:\/\/www.article-marketing.eu\/comunicatistampa\/wp-json\/wp\/v2\/posts"}],"about":[{"href":"https:\/\/www.article-marketing.eu\/comunicatistampa\/wp-json\/wp\/v2\/types\/post"}],"author":[{"embeddable":true,"href":"https:\/\/www.article-marketing.eu\/comunicatistampa\/wp-json\/wp\/v2\/users\/6477"}],"replies":[{"embeddable":true,"href":"https:\/\/www.article-marketing.eu\/comunicatistampa\/wp-json\/wp\/v2\/comments?post=29918"}],"version-history":[{"count":2,"href":"https:\/\/www.article-marketing.eu\/comunicatistampa\/wp-json\/wp\/v2\/posts\/29918\/revisions"}],"predecessor-version":[{"id":30285,"href":"https:\/\/www.article-marketing.eu\/comunicatistampa\/wp-json\/wp\/v2\/posts\/29918\/revisions\/30285"}],"wp:attachment":[{"href":"https:\/\/www.article-marketing.eu\/comunicatistampa\/wp-json\/wp\/v2\/media?parent=29918"}],"wp:term":[{"taxonomy":"category","embeddable":true,"href":"https:\/\/www.article-marketing.eu\/comunicatistampa\/wp-json\/wp\/v2\/categories?post=29918"},{"taxonomy":"post_tag","embeddable":true,"href":"https:\/\/www.article-marketing.eu\/comunicatistampa\/wp-json\/wp\/v2\/tags?post=29918"}],"curies":[{"name":"wp","href":"https:\/\/api.w.org\/{rel}","templated":true}]}}