{"id":29927,"date":"2024-03-11T17:33:55","date_gmt":"2024-03-11T16:33:55","guid":{"rendered":"https:\/\/www.article-marketing.eu\/comunicatistampa\/?p=29927"},"modified":"2024-03-11T17:33:55","modified_gmt":"2024-03-11T16:33:55","slug":"stefano-venier-piano-strategico-2023-2027-di-snam-il-focus-del-corriere-della-sera","status":"publish","type":"post","link":"https:\/\/www.article-marketing.eu\/comunicatistampa\/stefano-venier-piano-strategico-2023-2027-di-snam-il-focus-del-corriere-della-sera\/","title":{"rendered":"Stefano Venier: Piano Strategico 2023-2027 di Snam, il focus del \u201cCorriere della Sera\u201d"},"content":{"rendered":"<p><strong><em><a title=\"Stefano Venier alla presentazione del Piano Strategico 2023-2027 di Snam: l'articolo sul &quot;Corriere della Sera&quot;\" href=\"https:\/\/www.corriere.it\/economia\/energie\/notizie\/snam-stefano-venier-gas-russo-sceso-45percento-14percento-ue-usa-primo-esportatore-gnl-fd5c34d4-bb6e-11ee-996d-60eabc1bbbc8.shtml\">Stefano Venier<\/a>: l\u2019ambition di Snam \u00e8 lo sviluppo di un\u2019infrastruttura energetica per un futuro sostenibile, attraverso il riadattamento (repurposing) e il continuo ammodernamento della rete, per accogliere in prospettiva volumi crescenti di molecole verdi.<\/em><\/strong><\/p>\n<p><strong>\u00a0<a title=\"&quot;Corriere della Sera&quot;: l'AD di Snam Stefano Venier sul Piano Strategico 2023-2027\" href=\"https:\/\/www.corriere.it\/economia\/energie\/notizie\/snam-stefano-venier-gas-russo-sceso-45percento-14percento-ue-usa-primo-esportatore-gnl-fd5c34d4-bb6e-11ee-996d-60eabc1bbbc8.shtml\"><img loading=\"lazy\" decoding=\"async\" src=\"https:\/\/h2biz.net\/images\/Plats\/crop_min_20230803091934.jpg\" alt=\"Stefano Venier\" width=\"200\" height=\"200\" \/><\/a><\/strong><\/p>\n<h2>Stefano Venier, Snam: 11,5 miliardi per un\u2019infrastruttura multi-molecola al servizio della transizione energetica<\/h2>\n<p>L\u2019AD di Snam <a title=\"Stefano Venier: l'AD di Snam presenta il Piano Strategico 2023-2027\" href=\"https:\/\/www.corriere.it\/economia\/energie\/notizie\/snam-stefano-venier-gas-russo-sceso-45percento-14percento-ue-usa-primo-esportatore-gnl-fd5c34d4-bb6e-11ee-996d-60eabc1bbbc8.shtml\"><strong>Stefano Venier<\/strong><\/a> lo aveva auspicato anche al \u201cCorriere della Sera\u201d in occasione della presentazione del nuovo Piano Strategico 2023-2027: mai come oggi, in un contesto energetico globale che continua ad essere volatile, \u00e8 necessario continuare a impegnarsi per rispondere efficacemente e in maniera bilanciata alle sfide del trilemma energetico. \u201c<em>Investiremo 11,5 miliardi di euro nello sviluppo di un\u2019infrastruttura in grado di gestire in modo sempre pi\u00f9 flessibile una pluralit\u00e0 di molecole verso la neutralit\u00e0 carbonica del Paese<\/em>\u201d: la risposta di Snam per contribuire concretamente a disegnare un futuro sostenibile, sicuro, digitale, connesso e inclusivo \u00e8 nelle parole dell\u2019AD <strong>Stefano Venier<\/strong>, riprese anche nell\u2019articolo del \u201cCorriere della Sera\u201d. Il piano prevede investimenti orientati ad una maggiore flessibilit\u00e0 del sistema energetico attraverso l\u2019adeguato dimensionamento di una infrastruttura pan-europea multi-molecola, modulare, flessibile e innovativa, grazie alla sensoristica e all\u2019intelligenza artificiale. In parallelo, Snam guarda allo sviluppo della piattaforma di Energy Transition concentrata su tecnologie per la decarbonizzazione, con un ruolo strategico e abilitante della sostenibilit\u00e0 e dell&#8217;innovazione.<\/p>\n<h2>Stefano Venier: Snam, gli obiettivi di sostenibilit\u00e0\u00a0 <strong>\u00a0<\/strong><\/h2>\n<p>L\u2019AD <strong>Stefano Venier<\/strong> pone l\u2019attenzione in particolare sugli \u201c<em>ambiziosi obiettivi<\/em>\u201d definiti per dare un contributo sempre pi\u00f9 significativo nella lotta al climate change.\u00a0 Nel piano al 2027 Snam ha fissato nuovi target sul fronte delle emissioni di CO2 nel medio termine, pari a -25% al 2027, -40% al 2030 e -50% al 2032, in vista del gi\u00e0 annunciato target di net zero sulle emissioni scope 1 e 2 al 2040, ed ha aggiunto un nuovo impegno di lungo termine: raggiungere il net zero su tutte le emissioni (incluse quindi anche le scope 3) entro il 2050. Per <strong>Stefano Venier<\/strong> il cambiamento climatico non si pu\u00f2 risolvere solo a livello di emissioni e va quindi trovato un giusto equilibrio sostenibile su tutti i \u2018planet boundaries\u2019. Tra questi \u201c<em>il Natural Capital: ci siamo infatti dati un obiettivo di impatto zero, gi\u00e0 da quest\u2019anno, su tutte le nostre attivit\u00e0 in termini di biodiversit\u00e0 e di rigenerazione di quella parte del territorio italiano che attraversiamo con le nostre infrastrutture. Inoltre, raccogliendo dati in tempo reale lungo tutta la nostra rete, siamo in grado di svolgere un\u2019importante attivit\u00e0 informativa e di monitoraggio, anche in termini di sicurezza, proprio in questi territori<\/em>\u201d.<\/p>\n","protected":false},"excerpt":{"rendered":"<p>Stefano Venier: l\u2019ambition di Snam \u00e8 lo sviluppo di un\u2019infrastruttura energetica per un futuro sostenibile, attraverso il riadattamento (repurposing) e il continuo ammodernamento della rete, per accogliere in prospettiva volumi crescenti di molecole verdi. \u00a0 Stefano Venier, Snam: 11,5 miliardi per un\u2019infrastruttura multi-molecola al servizio della transizione energetica L\u2019AD di Snam Stefano Venier lo aveva auspicato anche al \u201cCorriere della Sera\u201d in occasione della presentazione del nuovo Piano Strategico 2023-2027:<\/p>\n<p><a class=\"continue-reading\" href=\"https:\/\/www.article-marketing.eu\/comunicatistampa\/stefano-venier-piano-strategico-2023-2027-di-snam-il-focus-del-corriere-della-sera\/\">Continue reading&#8230;<\/a><\/p>\n","protected":false},"author":6477,"featured_media":0,"comment_status":"open","ping_status":"open","sticky":false,"template":"","format":"standard","meta":{"_monsterinsights_skip_tracking":false,"_monsterinsights_sitenote_active":false,"_monsterinsights_sitenote_note":"","_monsterinsights_sitenote_category":0,"footnotes":""},"categories":[388],"tags":[10792],"class_list":["post-29927","post","type-post","status-publish","format-standard","hentry","category-aziende","tag-stefano-venier"],"yoast_head":"<!-- This site is optimized with the Yoast SEO plugin v27.3 - https:\/\/yoast.com\/product\/yoast-seo-wordpress\/ -->\n<title>Stefano Venier: Piano Strategico 2023-2027 di Snam, il focus del \u201cCorriere della Sera\u201d<\/title>\n<meta name=\"description\" content=\"Stefano Venier: nel nuovo Piano Strategico 2023-2027 la risposta di Snam alle sfide del trilemma energetico per un futuro sostenibile\" \/>\n<meta name=\"robots\" content=\"index, follow, max-snippet:-1, max-image-preview:large, max-video-preview:-1\" \/>\n<link rel=\"canonical\" href=\"https:\/\/www.article-marketing.eu\/comunicatistampa\/stefano-venier-piano-strategico-2023-2027-di-snam-il-focus-del-corriere-della-sera\/\" \/>\n<meta property=\"og:locale\" content=\"it_IT\" \/>\n<meta property=\"og:type\" content=\"article\" \/>\n<meta property=\"og:title\" content=\"Stefano Venier: Piano Strategico 2023-2027 di Snam, il focus del \u201cCorriere della Sera\u201d\" \/>\n<meta property=\"og:description\" content=\"Stefano Venier: nel nuovo Piano Strategico 2023-2027 la risposta di Snam alle sfide del trilemma energetico per un futuro sostenibile\" \/>\n<meta property=\"og:url\" content=\"https:\/\/www.article-marketing.eu\/comunicatistampa\/stefano-venier-piano-strategico-2023-2027-di-snam-il-focus-del-corriere-della-sera\/\" \/>\n<meta property=\"og:site_name\" content=\"Article Marketing\" \/>\n<meta property=\"article:published_time\" content=\"2024-03-11T16:33:55+00:00\" \/>\n<meta property=\"og:image\" content=\"https:\/\/h2biz.net\/images\/Plats\/crop_min_20230803091934.jpg\" \/>\n<meta name=\"author\" content=\"articolinews\" \/>\n<meta name=\"twitter:card\" content=\"summary_large_image\" \/>\n<meta name=\"twitter:label1\" content=\"Scritto da\" \/>\n\t<meta name=\"twitter:data1\" content=\"articolinews\" \/>\n\t<meta name=\"twitter:label2\" content=\"Tempo di lettura stimato\" \/>\n\t<meta name=\"twitter:data2\" content=\"3 minuti\" \/>\n<script type=\"application\/ld+json\" class=\"yoast-schema-graph\">{\"@context\":\"https:\\\/\\\/schema.org\",\"@graph\":[{\"@type\":\"Article\",\"@id\":\"https:\\\/\\\/www.article-marketing.eu\\\/comunicatistampa\\\/stefano-venier-piano-strategico-2023-2027-di-snam-il-focus-del-corriere-della-sera\\\/#article\",\"isPartOf\":{\"@id\":\"https:\\\/\\\/www.article-marketing.eu\\\/comunicatistampa\\\/stefano-venier-piano-strategico-2023-2027-di-snam-il-focus-del-corriere-della-sera\\\/\"},\"author\":{\"name\":\"articolinews\",\"@id\":\"https:\\\/\\\/www.article-marketing.eu\\\/comunicatistampa\\\/#\\\/schema\\\/person\\\/2fcaf8f8f3a9eef9eb7f27532d3ca458\"},\"headline\":\"Stefano Venier: Piano Strategico 2023-2027 di Snam, il focus del \u201cCorriere della Sera\u201d\",\"datePublished\":\"2024-03-11T16:33:55+00:00\",\"mainEntityOfPage\":{\"@id\":\"https:\\\/\\\/www.article-marketing.eu\\\/comunicatistampa\\\/stefano-venier-piano-strategico-2023-2027-di-snam-il-focus-del-corriere-della-sera\\\/\"},\"wordCount\":429,\"commentCount\":0,\"image\":{\"@id\":\"https:\\\/\\\/www.article-marketing.eu\\\/comunicatistampa\\\/stefano-venier-piano-strategico-2023-2027-di-snam-il-focus-del-corriere-della-sera\\\/#primaryimage\"},\"thumbnailUrl\":\"https:\\\/\\\/h2biz.net\\\/images\\\/Plats\\\/crop_min_20230803091934.jpg\",\"keywords\":[\"Stefano Venier\"],\"articleSection\":[\"Aziende\"],\"inLanguage\":\"it-IT\",\"potentialAction\":[{\"@type\":\"CommentAction\",\"name\":\"Comment\",\"target\":[\"https:\\\/\\\/www.article-marketing.eu\\\/comunicatistampa\\\/stefano-venier-piano-strategico-2023-2027-di-snam-il-focus-del-corriere-della-sera\\\/#respond\"]}]},{\"@type\":\"WebPage\",\"@id\":\"https:\\\/\\\/www.article-marketing.eu\\\/comunicatistampa\\\/stefano-venier-piano-strategico-2023-2027-di-snam-il-focus-del-corriere-della-sera\\\/\",\"url\":\"https:\\\/\\\/www.article-marketing.eu\\\/comunicatistampa\\\/stefano-venier-piano-strategico-2023-2027-di-snam-il-focus-del-corriere-della-sera\\\/\",\"name\":\"Stefano Venier: Piano Strategico 2023-2027 di Snam, il focus del \u201cCorriere della Sera\u201d\",\"isPartOf\":{\"@id\":\"https:\\\/\\\/www.article-marketing.eu\\\/comunicatistampa\\\/#website\"},\"primaryImageOfPage\":{\"@id\":\"https:\\\/\\\/www.article-marketing.eu\\\/comunicatistampa\\\/stefano-venier-piano-strategico-2023-2027-di-snam-il-focus-del-corriere-della-sera\\\/#primaryimage\"},\"image\":{\"@id\":\"https:\\\/\\\/www.article-marketing.eu\\\/comunicatistampa\\\/stefano-venier-piano-strategico-2023-2027-di-snam-il-focus-del-corriere-della-sera\\\/#primaryimage\"},\"thumbnailUrl\":\"https:\\\/\\\/h2biz.net\\\/images\\\/Plats\\\/crop_min_20230803091934.jpg\",\"datePublished\":\"2024-03-11T16:33:55+00:00\",\"author\":{\"@id\":\"https:\\\/\\\/www.article-marketing.eu\\\/comunicatistampa\\\/#\\\/schema\\\/person\\\/2fcaf8f8f3a9eef9eb7f27532d3ca458\"},\"description\":\"Stefano Venier: nel nuovo Piano Strategico 2023-2027 la risposta di Snam alle sfide del trilemma energetico per un futuro sostenibile\",\"breadcrumb\":{\"@id\":\"https:\\\/\\\/www.article-marketing.eu\\\/comunicatistampa\\\/stefano-venier-piano-strategico-2023-2027-di-snam-il-focus-del-corriere-della-sera\\\/#breadcrumb\"},\"inLanguage\":\"it-IT\",\"potentialAction\":[{\"@type\":\"ReadAction\",\"target\":[\"https:\\\/\\\/www.article-marketing.eu\\\/comunicatistampa\\\/stefano-venier-piano-strategico-2023-2027-di-snam-il-focus-del-corriere-della-sera\\\/\"]}]},{\"@type\":\"ImageObject\",\"inLanguage\":\"it-IT\",\"@id\":\"https:\\\/\\\/www.article-marketing.eu\\\/comunicatistampa\\\/stefano-venier-piano-strategico-2023-2027-di-snam-il-focus-del-corriere-della-sera\\\/#primaryimage\",\"url\":\"https:\\\/\\\/h2biz.net\\\/images\\\/Plats\\\/crop_min_20230803091934.jpg\",\"contentUrl\":\"https:\\\/\\\/h2biz.net\\\/images\\\/Plats\\\/crop_min_20230803091934.jpg\"},{\"@type\":\"BreadcrumbList\",\"@id\":\"https:\\\/\\\/www.article-marketing.eu\\\/comunicatistampa\\\/stefano-venier-piano-strategico-2023-2027-di-snam-il-focus-del-corriere-della-sera\\\/#breadcrumb\",\"itemListElement\":[{\"@type\":\"ListItem\",\"position\":1,\"name\":\"Home\",\"item\":\"https:\\\/\\\/www.article-marketing.eu\\\/comunicatistampa\\\/\"},{\"@type\":\"ListItem\",\"position\":2,\"name\":\"Stefano Venier: Piano Strategico 2023-2027 di Snam, il focus del \u201cCorriere della Sera\u201d\"}]},{\"@type\":\"WebSite\",\"@id\":\"https:\\\/\\\/www.article-marketing.eu\\\/comunicatistampa\\\/#website\",\"url\":\"https:\\\/\\\/www.article-marketing.eu\\\/comunicatistampa\\\/\",\"name\":\"Article Marketing\",\"description\":\"article marketing &amp; press release\",\"potentialAction\":[{\"@type\":\"SearchAction\",\"target\":{\"@type\":\"EntryPoint\",\"urlTemplate\":\"https:\\\/\\\/www.article-marketing.eu\\\/comunicatistampa\\\/?s={search_term_string}\"},\"query-input\":{\"@type\":\"PropertyValueSpecification\",\"valueRequired\":true,\"valueName\":\"search_term_string\"}}],\"inLanguage\":\"it-IT\"},{\"@type\":\"Person\",\"@id\":\"https:\\\/\\\/www.article-marketing.eu\\\/comunicatistampa\\\/#\\\/schema\\\/person\\\/2fcaf8f8f3a9eef9eb7f27532d3ca458\",\"name\":\"articolinews\",\"image\":{\"@type\":\"ImageObject\",\"inLanguage\":\"it-IT\",\"@id\":\"https:\\\/\\\/secure.gravatar.com\\\/avatar\\\/9e2a264bab04e17dea24d937c9956304649a848cb73c46747a692ff1bdeb1cb7?s=96&d=mm&r=g\",\"url\":\"https:\\\/\\\/secure.gravatar.com\\\/avatar\\\/9e2a264bab04e17dea24d937c9956304649a848cb73c46747a692ff1bdeb1cb7?s=96&d=mm&r=g\",\"contentUrl\":\"https:\\\/\\\/secure.gravatar.com\\\/avatar\\\/9e2a264bab04e17dea24d937c9956304649a848cb73c46747a692ff1bdeb1cb7?s=96&d=mm&r=g\",\"caption\":\"articolinews\"},\"url\":\"https:\\\/\\\/www.article-marketing.eu\\\/comunicatistampa\\\/author\\\/articolinews\\\/\"}]}<\/script>\n<!-- \/ Yoast SEO plugin. -->","yoast_head_json":{"title":"Stefano Venier: Piano Strategico 2023-2027 di Snam, il focus del \u201cCorriere della Sera\u201d","description":"Stefano Venier: nel nuovo Piano Strategico 2023-2027 la risposta di Snam alle sfide del trilemma energetico per un futuro sostenibile","robots":{"index":"index","follow":"follow","max-snippet":"max-snippet:-1","max-image-preview":"max-image-preview:large","max-video-preview":"max-video-preview:-1"},"canonical":"https:\/\/www.article-marketing.eu\/comunicatistampa\/stefano-venier-piano-strategico-2023-2027-di-snam-il-focus-del-corriere-della-sera\/","og_locale":"it_IT","og_type":"article","og_title":"Stefano Venier: Piano Strategico 2023-2027 di Snam, il focus del \u201cCorriere della Sera\u201d","og_description":"Stefano Venier: nel nuovo Piano Strategico 2023-2027 la risposta di Snam alle sfide del trilemma energetico per un futuro sostenibile","og_url":"https:\/\/www.article-marketing.eu\/comunicatistampa\/stefano-venier-piano-strategico-2023-2027-di-snam-il-focus-del-corriere-della-sera\/","og_site_name":"Article Marketing","article_published_time":"2024-03-11T16:33:55+00:00","og_image":[{"url":"https:\/\/h2biz.net\/images\/Plats\/crop_min_20230803091934.jpg","type":"","width":"","height":""}],"author":"articolinews","twitter_card":"summary_large_image","twitter_misc":{"Scritto da":"articolinews","Tempo di lettura stimato":"3 minuti"},"schema":{"@context":"https:\/\/schema.org","@graph":[{"@type":"Article","@id":"https:\/\/www.article-marketing.eu\/comunicatistampa\/stefano-venier-piano-strategico-2023-2027-di-snam-il-focus-del-corriere-della-sera\/#article","isPartOf":{"@id":"https:\/\/www.article-marketing.eu\/comunicatistampa\/stefano-venier-piano-strategico-2023-2027-di-snam-il-focus-del-corriere-della-sera\/"},"author":{"name":"articolinews","@id":"https:\/\/www.article-marketing.eu\/comunicatistampa\/#\/schema\/person\/2fcaf8f8f3a9eef9eb7f27532d3ca458"},"headline":"Stefano Venier: Piano Strategico 2023-2027 di Snam, il focus del \u201cCorriere della Sera\u201d","datePublished":"2024-03-11T16:33:55+00:00","mainEntityOfPage":{"@id":"https:\/\/www.article-marketing.eu\/comunicatistampa\/stefano-venier-piano-strategico-2023-2027-di-snam-il-focus-del-corriere-della-sera\/"},"wordCount":429,"commentCount":0,"image":{"@id":"https:\/\/www.article-marketing.eu\/comunicatistampa\/stefano-venier-piano-strategico-2023-2027-di-snam-il-focus-del-corriere-della-sera\/#primaryimage"},"thumbnailUrl":"https:\/\/h2biz.net\/images\/Plats\/crop_min_20230803091934.jpg","keywords":["Stefano Venier"],"articleSection":["Aziende"],"inLanguage":"it-IT","potentialAction":[{"@type":"CommentAction","name":"Comment","target":["https:\/\/www.article-marketing.eu\/comunicatistampa\/stefano-venier-piano-strategico-2023-2027-di-snam-il-focus-del-corriere-della-sera\/#respond"]}]},{"@type":"WebPage","@id":"https:\/\/www.article-marketing.eu\/comunicatistampa\/stefano-venier-piano-strategico-2023-2027-di-snam-il-focus-del-corriere-della-sera\/","url":"https:\/\/www.article-marketing.eu\/comunicatistampa\/stefano-venier-piano-strategico-2023-2027-di-snam-il-focus-del-corriere-della-sera\/","name":"Stefano Venier: Piano Strategico 2023-2027 di Snam, il focus del \u201cCorriere della Sera\u201d","isPartOf":{"@id":"https:\/\/www.article-marketing.eu\/comunicatistampa\/#website"},"primaryImageOfPage":{"@id":"https:\/\/www.article-marketing.eu\/comunicatistampa\/stefano-venier-piano-strategico-2023-2027-di-snam-il-focus-del-corriere-della-sera\/#primaryimage"},"image":{"@id":"https:\/\/www.article-marketing.eu\/comunicatistampa\/stefano-venier-piano-strategico-2023-2027-di-snam-il-focus-del-corriere-della-sera\/#primaryimage"},"thumbnailUrl":"https:\/\/h2biz.net\/images\/Plats\/crop_min_20230803091934.jpg","datePublished":"2024-03-11T16:33:55+00:00","author":{"@id":"https:\/\/www.article-marketing.eu\/comunicatistampa\/#\/schema\/person\/2fcaf8f8f3a9eef9eb7f27532d3ca458"},"description":"Stefano Venier: nel nuovo Piano Strategico 2023-2027 la risposta di Snam alle sfide del trilemma energetico per un futuro sostenibile","breadcrumb":{"@id":"https:\/\/www.article-marketing.eu\/comunicatistampa\/stefano-venier-piano-strategico-2023-2027-di-snam-il-focus-del-corriere-della-sera\/#breadcrumb"},"inLanguage":"it-IT","potentialAction":[{"@type":"ReadAction","target":["https:\/\/www.article-marketing.eu\/comunicatistampa\/stefano-venier-piano-strategico-2023-2027-di-snam-il-focus-del-corriere-della-sera\/"]}]},{"@type":"ImageObject","inLanguage":"it-IT","@id":"https:\/\/www.article-marketing.eu\/comunicatistampa\/stefano-venier-piano-strategico-2023-2027-di-snam-il-focus-del-corriere-della-sera\/#primaryimage","url":"https:\/\/h2biz.net\/images\/Plats\/crop_min_20230803091934.jpg","contentUrl":"https:\/\/h2biz.net\/images\/Plats\/crop_min_20230803091934.jpg"},{"@type":"BreadcrumbList","@id":"https:\/\/www.article-marketing.eu\/comunicatistampa\/stefano-venier-piano-strategico-2023-2027-di-snam-il-focus-del-corriere-della-sera\/#breadcrumb","itemListElement":[{"@type":"ListItem","position":1,"name":"Home","item":"https:\/\/www.article-marketing.eu\/comunicatistampa\/"},{"@type":"ListItem","position":2,"name":"Stefano Venier: Piano Strategico 2023-2027 di Snam, il focus del \u201cCorriere della Sera\u201d"}]},{"@type":"WebSite","@id":"https:\/\/www.article-marketing.eu\/comunicatistampa\/#website","url":"https:\/\/www.article-marketing.eu\/comunicatistampa\/","name":"Article Marketing","description":"article marketing &amp; press release","potentialAction":[{"@type":"SearchAction","target":{"@type":"EntryPoint","urlTemplate":"https:\/\/www.article-marketing.eu\/comunicatistampa\/?s={search_term_string}"},"query-input":{"@type":"PropertyValueSpecification","valueRequired":true,"valueName":"search_term_string"}}],"inLanguage":"it-IT"},{"@type":"Person","@id":"https:\/\/www.article-marketing.eu\/comunicatistampa\/#\/schema\/person\/2fcaf8f8f3a9eef9eb7f27532d3ca458","name":"articolinews","image":{"@type":"ImageObject","inLanguage":"it-IT","@id":"https:\/\/secure.gravatar.com\/avatar\/9e2a264bab04e17dea24d937c9956304649a848cb73c46747a692ff1bdeb1cb7?s=96&d=mm&r=g","url":"https:\/\/secure.gravatar.com\/avatar\/9e2a264bab04e17dea24d937c9956304649a848cb73c46747a692ff1bdeb1cb7?s=96&d=mm&r=g","contentUrl":"https:\/\/secure.gravatar.com\/avatar\/9e2a264bab04e17dea24d937c9956304649a848cb73c46747a692ff1bdeb1cb7?s=96&d=mm&r=g","caption":"articolinews"},"url":"https:\/\/www.article-marketing.eu\/comunicatistampa\/author\/articolinews\/"}]}},"_links":{"self":[{"href":"https:\/\/www.article-marketing.eu\/comunicatistampa\/wp-json\/wp\/v2\/posts\/29927","targetHints":{"allow":["GET"]}}],"collection":[{"href":"https:\/\/www.article-marketing.eu\/comunicatistampa\/wp-json\/wp\/v2\/posts"}],"about":[{"href":"https:\/\/www.article-marketing.eu\/comunicatistampa\/wp-json\/wp\/v2\/types\/post"}],"author":[{"embeddable":true,"href":"https:\/\/www.article-marketing.eu\/comunicatistampa\/wp-json\/wp\/v2\/users\/6477"}],"replies":[{"embeddable":true,"href":"https:\/\/www.article-marketing.eu\/comunicatistampa\/wp-json\/wp\/v2\/comments?post=29927"}],"version-history":[{"count":2,"href":"https:\/\/www.article-marketing.eu\/comunicatistampa\/wp-json\/wp\/v2\/posts\/29927\/revisions"}],"predecessor-version":[{"id":30102,"href":"https:\/\/www.article-marketing.eu\/comunicatistampa\/wp-json\/wp\/v2\/posts\/29927\/revisions\/30102"}],"wp:attachment":[{"href":"https:\/\/www.article-marketing.eu\/comunicatistampa\/wp-json\/wp\/v2\/media?parent=29927"}],"wp:term":[{"taxonomy":"category","embeddable":true,"href":"https:\/\/www.article-marketing.eu\/comunicatistampa\/wp-json\/wp\/v2\/categories?post=29927"},{"taxonomy":"post_tag","embeddable":true,"href":"https:\/\/www.article-marketing.eu\/comunicatistampa\/wp-json\/wp\/v2\/tags?post=29927"}],"curies":[{"name":"wp","href":"https:\/\/api.w.org\/{rel}","templated":true}]}}