{"id":29965,"date":"2024-03-25T07:33:36","date_gmt":"2024-03-25T06:33:36","guid":{"rendered":"https:\/\/www.article-marketing.eu\/comunicatistampa\/?p=29965"},"modified":"2024-03-21T14:30:16","modified_gmt":"2024-03-21T13:30:16","slug":"lanalisi-di-luca-dal-fabbro-sullimpatto-delle-utility-italiane-su-crescita-ed-economia","status":"publish","type":"post","link":"https:\/\/www.article-marketing.eu\/comunicatistampa\/lanalisi-di-luca-dal-fabbro-sullimpatto-delle-utility-italiane-su-crescita-ed-economia\/","title":{"rendered":"L\u2019analisi di Luca Dal Fabbro sull\u2019impatto delle utility italiane su crescita ed economia"},"content":{"rendered":"<p><em><strong>Le utility? Ormai sono attori fondamentali nell\u2019economia del Paese, in grado di coordinare investimenti notevoli in una direzione innovativa e sostenibile generando al contempo decine di migliaia di posti di lavoro: lo ha sostenuto <a title=\"Il profilo Instagram di Luca Dal Fabbro, Presidente di Iren\" href=\"https:\/\/www.instagram.com\/luca_dal_fabbro\/?hl=it\">Luca Dal Fabbro<\/a>, Presidente di Iren e Vicepresidente di Utilitalia, nel corso del convegno \u201cLe societ\u00e0 pubbliche tra normativa comune e tratti speciali\u201d.<\/strong><\/em><\/p>\n<p><a title=\"Instagram: il profilo del Presidente di Iren Luca Dal Fabbro\" href=\"https:\/\/www.instagram.com\/luca_dal_fabbro\/?hl=it\"><img loading=\"lazy\" decoding=\"async\" src=\"https:\/\/h2biz.net\/images\/Plats\/20230503111428.jpg\" alt=\"Luca Dal Fabbro\" width=\"150\" height=\"150\" \/><\/a><\/p>\n<h2>Luca Dal Fabbro: \u201c<em>Le utility fondamentali nel generare investimenti strategici per la crescita<\/em>\u201d<\/h2>\n<p>Il ruolo delle utility nell\u2019economia italiana \u00e8 ormai insostituibile, e negli anni a venire diventer\u00e0 sempre pi\u00f9 centrale: lo ha affermato il Presidente di Iren <strong><a title=\"Luca Dal Fabbro, Presidente di Iren, su Instagram\" href=\"https:\/\/www.instagram.com\/luca_dal_fabbro\/?hl=it\">Luca Dal Fabbro<\/a><\/strong> nel corso della conferenza \u201cLe societ\u00e0 pubbliche tra normativa comune e tratti speciali\u201d promossa da Utilitalia, di cui il manager \u00e8 anche Vicepresidente. Con il termine utility si intendono societ\u00e0 che offrono una certa gamma di servizi infrastrutturali ai cittadini, che possono spaziare da gas ed energia alle telecomunicazioni. La particolarit\u00e0 che caratterizza questa societ\u00e0 \u00e8 la commistione di pubblico e privato, che le rende in grado di effettuare investimenti caratterizzati non solo da logiche di mercato, ma anche finalit\u00e0 strategiche a lungo termine: &#8220;<em>In Italia in questo momento mancano, rispetto al passato, grandi gruppi industriali capaci di generare investimenti strategici che possano portare crescita e sviluppo per il Paese.<\/em> <em>Questo ruolo spetta ora alle grandi e medie aziende partecipate a capitale misto pubblico\/privato\u201d<\/em>. Secondo <strong>Luca Dal Fabbro<\/strong>, le utility costituiscono ormai una porzione significativa dell\u2019economia italiana, e in particolare un vettore strategico di investimenti di carattere sostenibile e innovativo: \u201c<em>Le 100 maggiori utility italiane valgono oggi l&#8217;8,5% del PIL e nel 2030, secondo le previsioni, arriveranno al 10-11%. Nel solo 2023 le stesse 100 maggiori utility hanno investito 11 miliardi di euro sui territori, con grande attenzione all&#8217;innovazione e alla qualit\u00e0<\/em>\u201d.<\/p>\n<h2>Il ruolo delle utility nel generare occupazione: l\u2019analisi di Luca Dal Fabbro<\/h2>\n<p>Nel corso del suo intervento, <strong>Luca Dal Fabbro<\/strong> ha messo in evidenza la rapidit\u00e0 del processo di crescita delle utility nell\u2019economia nazionale: gli investimenti effettuati da queste societ\u00e0 nel 2019 ammontavano a circa la met\u00e0 della cifra attuale. Con l\u2019aumentare dell\u2019impatto economico delle utility, cresce anche il loro ruolo sociale: non solo queste realt\u00e0 sono tra quelle che in Italia puntano maggiormente sull\u2019innovazione, ma hanno un ruolo sempre pi\u00f9 importante nel generare occupazione, specialmente tra le nuove generazioni: \u201c<em>La sola Iren nel corso del 2023 ha assunto sui territori in cui opera complessivamente oltre 1.000 persone, con profili professionali vari e con una forte attenzione ai giovani<\/em>\u201d. A conclusione del suo intervento, <strong>Luca Dal Fabbro<\/strong> ha dunque rimarcato come la natura mista delle utility sia una delle maggiori ragioni della loro competitivit\u00e0 e versatilit\u00e0, rendendole dunque attori di primo piano nella rinascita economica del Paese: \u201c<em>Il rilancio industriale del nostro Paese passer\u00e0 attraverso un dialogo trasparente, costruttivo ed efficiente tra pubblico e privato e le partecipate sono pivotali in questo disegno per un nuovo sistema Paese<\/em>&#8220;.<\/p>\n","protected":false},"excerpt":{"rendered":"<p>\u201cIl rilancio industriale del nostro Paese passer\u00e0 attraverso un dialogo trasparente, costruttivo ed efficiente tra pubblico e privato e le partecipate sono pivotali in questo disegno per un nuovo sistema Paese\u201d: lo ha affermato Luca Dal Fabbro, Presidente di Iren e Vicepresidente di Utilitalia.<\/p>\n","protected":false},"author":6477,"featured_media":0,"comment_status":"open","ping_status":"open","sticky":false,"template":"","format":"standard","meta":{"_monsterinsights_skip_tracking":false,"_monsterinsights_sitenote_active":false,"_monsterinsights_sitenote_note":"","_monsterinsights_sitenote_category":0,"footnotes":""},"categories":[388],"tags":[10361],"class_list":["post-29965","post","type-post","status-publish","format-standard","hentry","category-aziende","tag-luca-dal-fabbro"],"yoast_head":"<!-- This site is optimized with the Yoast SEO plugin v27.3 - https:\/\/yoast.com\/product\/yoast-seo-wordpress\/ -->\n<title>L\u2019analisi di Luca Dal Fabbro sull\u2019impatto delle utility italiane su crescita ed economia<\/title>\n<meta name=\"description\" content=\"\u201cIl rilancio industriale del nostro Paese passer\u00e0 attraverso un dialogo trasparente, costruttivo ed efficiente tra pubblico e privato e le partecipate sono pivotali in questo disegno per un nuovo sistema Paese\u201d: lo ha affermato Luca Dal Fabbro, Presidente di Iren e Vicepresidente di Utilitalia.\" \/>\n<meta name=\"robots\" content=\"index, follow, max-snippet:-1, max-image-preview:large, max-video-preview:-1\" \/>\n<link rel=\"canonical\" href=\"https:\/\/www.article-marketing.eu\/comunicatistampa\/lanalisi-di-luca-dal-fabbro-sullimpatto-delle-utility-italiane-su-crescita-ed-economia\/\" \/>\n<meta property=\"og:locale\" content=\"it_IT\" \/>\n<meta property=\"og:type\" content=\"article\" \/>\n<meta property=\"og:title\" content=\"L\u2019analisi di Luca Dal Fabbro sull\u2019impatto delle utility italiane su crescita ed economia\" \/>\n<meta property=\"og:description\" content=\"\u201cIl rilancio industriale del nostro Paese passer\u00e0 attraverso un dialogo trasparente, costruttivo ed efficiente tra pubblico e privato e le partecipate sono pivotali in questo disegno per un nuovo sistema Paese\u201d: lo ha affermato Luca Dal Fabbro, Presidente di Iren e Vicepresidente di Utilitalia.\" \/>\n<meta property=\"og:url\" content=\"https:\/\/www.article-marketing.eu\/comunicatistampa\/lanalisi-di-luca-dal-fabbro-sullimpatto-delle-utility-italiane-su-crescita-ed-economia\/\" \/>\n<meta property=\"og:site_name\" content=\"Article Marketing\" \/>\n<meta property=\"article:published_time\" content=\"2024-03-25T06:33:36+00:00\" \/>\n<meta property=\"og:image\" content=\"https:\/\/h2biz.net\/images\/Plats\/20230503111428.jpg\" \/>\n<meta name=\"author\" content=\"articolinews\" \/>\n<meta name=\"twitter:card\" content=\"summary_large_image\" \/>\n<meta name=\"twitter:label1\" content=\"Scritto da\" \/>\n\t<meta name=\"twitter:data1\" content=\"articolinews\" \/>\n\t<meta name=\"twitter:label2\" content=\"Tempo di lettura stimato\" \/>\n\t<meta name=\"twitter:data2\" content=\"3 minuti\" \/>\n<script type=\"application\/ld+json\" class=\"yoast-schema-graph\">{\"@context\":\"https:\\\/\\\/schema.org\",\"@graph\":[{\"@type\":\"Article\",\"@id\":\"https:\\\/\\\/www.article-marketing.eu\\\/comunicatistampa\\\/lanalisi-di-luca-dal-fabbro-sullimpatto-delle-utility-italiane-su-crescita-ed-economia\\\/#article\",\"isPartOf\":{\"@id\":\"https:\\\/\\\/www.article-marketing.eu\\\/comunicatistampa\\\/lanalisi-di-luca-dal-fabbro-sullimpatto-delle-utility-italiane-su-crescita-ed-economia\\\/\"},\"author\":{\"name\":\"articolinews\",\"@id\":\"https:\\\/\\\/www.article-marketing.eu\\\/comunicatistampa\\\/#\\\/schema\\\/person\\\/2fcaf8f8f3a9eef9eb7f27532d3ca458\"},\"headline\":\"L\u2019analisi di Luca Dal Fabbro sull\u2019impatto delle utility italiane su crescita ed economia\",\"datePublished\":\"2024-03-25T06:33:36+00:00\",\"mainEntityOfPage\":{\"@id\":\"https:\\\/\\\/www.article-marketing.eu\\\/comunicatistampa\\\/lanalisi-di-luca-dal-fabbro-sullimpatto-delle-utility-italiane-su-crescita-ed-economia\\\/\"},\"wordCount\":491,\"commentCount\":0,\"image\":{\"@id\":\"https:\\\/\\\/www.article-marketing.eu\\\/comunicatistampa\\\/lanalisi-di-luca-dal-fabbro-sullimpatto-delle-utility-italiane-su-crescita-ed-economia\\\/#primaryimage\"},\"thumbnailUrl\":\"https:\\\/\\\/h2biz.net\\\/images\\\/Plats\\\/20230503111428.jpg\",\"keywords\":[\"Luca Dal Fabbro\"],\"articleSection\":[\"Aziende\"],\"inLanguage\":\"it-IT\",\"potentialAction\":[{\"@type\":\"CommentAction\",\"name\":\"Comment\",\"target\":[\"https:\\\/\\\/www.article-marketing.eu\\\/comunicatistampa\\\/lanalisi-di-luca-dal-fabbro-sullimpatto-delle-utility-italiane-su-crescita-ed-economia\\\/#respond\"]}]},{\"@type\":\"WebPage\",\"@id\":\"https:\\\/\\\/www.article-marketing.eu\\\/comunicatistampa\\\/lanalisi-di-luca-dal-fabbro-sullimpatto-delle-utility-italiane-su-crescita-ed-economia\\\/\",\"url\":\"https:\\\/\\\/www.article-marketing.eu\\\/comunicatistampa\\\/lanalisi-di-luca-dal-fabbro-sullimpatto-delle-utility-italiane-su-crescita-ed-economia\\\/\",\"name\":\"L\u2019analisi di Luca Dal Fabbro sull\u2019impatto delle utility italiane su crescita ed economia\",\"isPartOf\":{\"@id\":\"https:\\\/\\\/www.article-marketing.eu\\\/comunicatistampa\\\/#website\"},\"primaryImageOfPage\":{\"@id\":\"https:\\\/\\\/www.article-marketing.eu\\\/comunicatistampa\\\/lanalisi-di-luca-dal-fabbro-sullimpatto-delle-utility-italiane-su-crescita-ed-economia\\\/#primaryimage\"},\"image\":{\"@id\":\"https:\\\/\\\/www.article-marketing.eu\\\/comunicatistampa\\\/lanalisi-di-luca-dal-fabbro-sullimpatto-delle-utility-italiane-su-crescita-ed-economia\\\/#primaryimage\"},\"thumbnailUrl\":\"https:\\\/\\\/h2biz.net\\\/images\\\/Plats\\\/20230503111428.jpg\",\"datePublished\":\"2024-03-25T06:33:36+00:00\",\"author\":{\"@id\":\"https:\\\/\\\/www.article-marketing.eu\\\/comunicatistampa\\\/#\\\/schema\\\/person\\\/2fcaf8f8f3a9eef9eb7f27532d3ca458\"},\"description\":\"\u201cIl rilancio industriale del nostro Paese passer\u00e0 attraverso un dialogo trasparente, costruttivo ed efficiente tra pubblico e privato e le partecipate sono pivotali in questo disegno per un nuovo sistema Paese\u201d: lo ha affermato Luca Dal Fabbro, Presidente di Iren e Vicepresidente di Utilitalia.\",\"breadcrumb\":{\"@id\":\"https:\\\/\\\/www.article-marketing.eu\\\/comunicatistampa\\\/lanalisi-di-luca-dal-fabbro-sullimpatto-delle-utility-italiane-su-crescita-ed-economia\\\/#breadcrumb\"},\"inLanguage\":\"it-IT\",\"potentialAction\":[{\"@type\":\"ReadAction\",\"target\":[\"https:\\\/\\\/www.article-marketing.eu\\\/comunicatistampa\\\/lanalisi-di-luca-dal-fabbro-sullimpatto-delle-utility-italiane-su-crescita-ed-economia\\\/\"]}]},{\"@type\":\"ImageObject\",\"inLanguage\":\"it-IT\",\"@id\":\"https:\\\/\\\/www.article-marketing.eu\\\/comunicatistampa\\\/lanalisi-di-luca-dal-fabbro-sullimpatto-delle-utility-italiane-su-crescita-ed-economia\\\/#primaryimage\",\"url\":\"https:\\\/\\\/h2biz.net\\\/images\\\/Plats\\\/20230503111428.jpg\",\"contentUrl\":\"https:\\\/\\\/h2biz.net\\\/images\\\/Plats\\\/20230503111428.jpg\"},{\"@type\":\"BreadcrumbList\",\"@id\":\"https:\\\/\\\/www.article-marketing.eu\\\/comunicatistampa\\\/lanalisi-di-luca-dal-fabbro-sullimpatto-delle-utility-italiane-su-crescita-ed-economia\\\/#breadcrumb\",\"itemListElement\":[{\"@type\":\"ListItem\",\"position\":1,\"name\":\"Home\",\"item\":\"https:\\\/\\\/www.article-marketing.eu\\\/comunicatistampa\\\/\"},{\"@type\":\"ListItem\",\"position\":2,\"name\":\"L\u2019analisi di Luca Dal Fabbro sull\u2019impatto delle utility italiane su crescita ed economia\"}]},{\"@type\":\"WebSite\",\"@id\":\"https:\\\/\\\/www.article-marketing.eu\\\/comunicatistampa\\\/#website\",\"url\":\"https:\\\/\\\/www.article-marketing.eu\\\/comunicatistampa\\\/\",\"name\":\"Article Marketing\",\"description\":\"article marketing &amp; press release\",\"potentialAction\":[{\"@type\":\"SearchAction\",\"target\":{\"@type\":\"EntryPoint\",\"urlTemplate\":\"https:\\\/\\\/www.article-marketing.eu\\\/comunicatistampa\\\/?s={search_term_string}\"},\"query-input\":{\"@type\":\"PropertyValueSpecification\",\"valueRequired\":true,\"valueName\":\"search_term_string\"}}],\"inLanguage\":\"it-IT\"},{\"@type\":\"Person\",\"@id\":\"https:\\\/\\\/www.article-marketing.eu\\\/comunicatistampa\\\/#\\\/schema\\\/person\\\/2fcaf8f8f3a9eef9eb7f27532d3ca458\",\"name\":\"articolinews\",\"image\":{\"@type\":\"ImageObject\",\"inLanguage\":\"it-IT\",\"@id\":\"https:\\\/\\\/secure.gravatar.com\\\/avatar\\\/9e2a264bab04e17dea24d937c9956304649a848cb73c46747a692ff1bdeb1cb7?s=96&d=mm&r=g\",\"url\":\"https:\\\/\\\/secure.gravatar.com\\\/avatar\\\/9e2a264bab04e17dea24d937c9956304649a848cb73c46747a692ff1bdeb1cb7?s=96&d=mm&r=g\",\"contentUrl\":\"https:\\\/\\\/secure.gravatar.com\\\/avatar\\\/9e2a264bab04e17dea24d937c9956304649a848cb73c46747a692ff1bdeb1cb7?s=96&d=mm&r=g\",\"caption\":\"articolinews\"},\"url\":\"https:\\\/\\\/www.article-marketing.eu\\\/comunicatistampa\\\/author\\\/articolinews\\\/\"}]}<\/script>\n<!-- \/ Yoast SEO plugin. -->","yoast_head_json":{"title":"L\u2019analisi di Luca Dal Fabbro sull\u2019impatto delle utility italiane su crescita ed economia","description":"\u201cIl rilancio industriale del nostro Paese passer\u00e0 attraverso un dialogo trasparente, costruttivo ed efficiente tra pubblico e privato e le partecipate sono pivotali in questo disegno per un nuovo sistema Paese\u201d: lo ha affermato Luca Dal Fabbro, Presidente di Iren e Vicepresidente di Utilitalia.","robots":{"index":"index","follow":"follow","max-snippet":"max-snippet:-1","max-image-preview":"max-image-preview:large","max-video-preview":"max-video-preview:-1"},"canonical":"https:\/\/www.article-marketing.eu\/comunicatistampa\/lanalisi-di-luca-dal-fabbro-sullimpatto-delle-utility-italiane-su-crescita-ed-economia\/","og_locale":"it_IT","og_type":"article","og_title":"L\u2019analisi di Luca Dal Fabbro sull\u2019impatto delle utility italiane su crescita ed economia","og_description":"\u201cIl rilancio industriale del nostro Paese passer\u00e0 attraverso un dialogo trasparente, costruttivo ed efficiente tra pubblico e privato e le partecipate sono pivotali in questo disegno per un nuovo sistema Paese\u201d: lo ha affermato Luca Dal Fabbro, Presidente di Iren e Vicepresidente di Utilitalia.","og_url":"https:\/\/www.article-marketing.eu\/comunicatistampa\/lanalisi-di-luca-dal-fabbro-sullimpatto-delle-utility-italiane-su-crescita-ed-economia\/","og_site_name":"Article Marketing","article_published_time":"2024-03-25T06:33:36+00:00","og_image":[{"url":"https:\/\/h2biz.net\/images\/Plats\/20230503111428.jpg","type":"","width":"","height":""}],"author":"articolinews","twitter_card":"summary_large_image","twitter_misc":{"Scritto da":"articolinews","Tempo di lettura stimato":"3 minuti"},"schema":{"@context":"https:\/\/schema.org","@graph":[{"@type":"Article","@id":"https:\/\/www.article-marketing.eu\/comunicatistampa\/lanalisi-di-luca-dal-fabbro-sullimpatto-delle-utility-italiane-su-crescita-ed-economia\/#article","isPartOf":{"@id":"https:\/\/www.article-marketing.eu\/comunicatistampa\/lanalisi-di-luca-dal-fabbro-sullimpatto-delle-utility-italiane-su-crescita-ed-economia\/"},"author":{"name":"articolinews","@id":"https:\/\/www.article-marketing.eu\/comunicatistampa\/#\/schema\/person\/2fcaf8f8f3a9eef9eb7f27532d3ca458"},"headline":"L\u2019analisi di Luca Dal Fabbro sull\u2019impatto delle utility italiane su crescita ed economia","datePublished":"2024-03-25T06:33:36+00:00","mainEntityOfPage":{"@id":"https:\/\/www.article-marketing.eu\/comunicatistampa\/lanalisi-di-luca-dal-fabbro-sullimpatto-delle-utility-italiane-su-crescita-ed-economia\/"},"wordCount":491,"commentCount":0,"image":{"@id":"https:\/\/www.article-marketing.eu\/comunicatistampa\/lanalisi-di-luca-dal-fabbro-sullimpatto-delle-utility-italiane-su-crescita-ed-economia\/#primaryimage"},"thumbnailUrl":"https:\/\/h2biz.net\/images\/Plats\/20230503111428.jpg","keywords":["Luca Dal Fabbro"],"articleSection":["Aziende"],"inLanguage":"it-IT","potentialAction":[{"@type":"CommentAction","name":"Comment","target":["https:\/\/www.article-marketing.eu\/comunicatistampa\/lanalisi-di-luca-dal-fabbro-sullimpatto-delle-utility-italiane-su-crescita-ed-economia\/#respond"]}]},{"@type":"WebPage","@id":"https:\/\/www.article-marketing.eu\/comunicatistampa\/lanalisi-di-luca-dal-fabbro-sullimpatto-delle-utility-italiane-su-crescita-ed-economia\/","url":"https:\/\/www.article-marketing.eu\/comunicatistampa\/lanalisi-di-luca-dal-fabbro-sullimpatto-delle-utility-italiane-su-crescita-ed-economia\/","name":"L\u2019analisi di Luca Dal Fabbro sull\u2019impatto delle utility italiane su crescita ed economia","isPartOf":{"@id":"https:\/\/www.article-marketing.eu\/comunicatistampa\/#website"},"primaryImageOfPage":{"@id":"https:\/\/www.article-marketing.eu\/comunicatistampa\/lanalisi-di-luca-dal-fabbro-sullimpatto-delle-utility-italiane-su-crescita-ed-economia\/#primaryimage"},"image":{"@id":"https:\/\/www.article-marketing.eu\/comunicatistampa\/lanalisi-di-luca-dal-fabbro-sullimpatto-delle-utility-italiane-su-crescita-ed-economia\/#primaryimage"},"thumbnailUrl":"https:\/\/h2biz.net\/images\/Plats\/20230503111428.jpg","datePublished":"2024-03-25T06:33:36+00:00","author":{"@id":"https:\/\/www.article-marketing.eu\/comunicatistampa\/#\/schema\/person\/2fcaf8f8f3a9eef9eb7f27532d3ca458"},"description":"\u201cIl rilancio industriale del nostro Paese passer\u00e0 attraverso un dialogo trasparente, costruttivo ed efficiente tra pubblico e privato e le partecipate sono pivotali in questo disegno per un nuovo sistema Paese\u201d: lo ha affermato Luca Dal Fabbro, Presidente di Iren e Vicepresidente di Utilitalia.","breadcrumb":{"@id":"https:\/\/www.article-marketing.eu\/comunicatistampa\/lanalisi-di-luca-dal-fabbro-sullimpatto-delle-utility-italiane-su-crescita-ed-economia\/#breadcrumb"},"inLanguage":"it-IT","potentialAction":[{"@type":"ReadAction","target":["https:\/\/www.article-marketing.eu\/comunicatistampa\/lanalisi-di-luca-dal-fabbro-sullimpatto-delle-utility-italiane-su-crescita-ed-economia\/"]}]},{"@type":"ImageObject","inLanguage":"it-IT","@id":"https:\/\/www.article-marketing.eu\/comunicatistampa\/lanalisi-di-luca-dal-fabbro-sullimpatto-delle-utility-italiane-su-crescita-ed-economia\/#primaryimage","url":"https:\/\/h2biz.net\/images\/Plats\/20230503111428.jpg","contentUrl":"https:\/\/h2biz.net\/images\/Plats\/20230503111428.jpg"},{"@type":"BreadcrumbList","@id":"https:\/\/www.article-marketing.eu\/comunicatistampa\/lanalisi-di-luca-dal-fabbro-sullimpatto-delle-utility-italiane-su-crescita-ed-economia\/#breadcrumb","itemListElement":[{"@type":"ListItem","position":1,"name":"Home","item":"https:\/\/www.article-marketing.eu\/comunicatistampa\/"},{"@type":"ListItem","position":2,"name":"L\u2019analisi di Luca Dal Fabbro sull\u2019impatto delle utility italiane su crescita ed economia"}]},{"@type":"WebSite","@id":"https:\/\/www.article-marketing.eu\/comunicatistampa\/#website","url":"https:\/\/www.article-marketing.eu\/comunicatistampa\/","name":"Article Marketing","description":"article marketing &amp; press release","potentialAction":[{"@type":"SearchAction","target":{"@type":"EntryPoint","urlTemplate":"https:\/\/www.article-marketing.eu\/comunicatistampa\/?s={search_term_string}"},"query-input":{"@type":"PropertyValueSpecification","valueRequired":true,"valueName":"search_term_string"}}],"inLanguage":"it-IT"},{"@type":"Person","@id":"https:\/\/www.article-marketing.eu\/comunicatistampa\/#\/schema\/person\/2fcaf8f8f3a9eef9eb7f27532d3ca458","name":"articolinews","image":{"@type":"ImageObject","inLanguage":"it-IT","@id":"https:\/\/secure.gravatar.com\/avatar\/9e2a264bab04e17dea24d937c9956304649a848cb73c46747a692ff1bdeb1cb7?s=96&d=mm&r=g","url":"https:\/\/secure.gravatar.com\/avatar\/9e2a264bab04e17dea24d937c9956304649a848cb73c46747a692ff1bdeb1cb7?s=96&d=mm&r=g","contentUrl":"https:\/\/secure.gravatar.com\/avatar\/9e2a264bab04e17dea24d937c9956304649a848cb73c46747a692ff1bdeb1cb7?s=96&d=mm&r=g","caption":"articolinews"},"url":"https:\/\/www.article-marketing.eu\/comunicatistampa\/author\/articolinews\/"}]}},"_links":{"self":[{"href":"https:\/\/www.article-marketing.eu\/comunicatistampa\/wp-json\/wp\/v2\/posts\/29965","targetHints":{"allow":["GET"]}}],"collection":[{"href":"https:\/\/www.article-marketing.eu\/comunicatistampa\/wp-json\/wp\/v2\/posts"}],"about":[{"href":"https:\/\/www.article-marketing.eu\/comunicatistampa\/wp-json\/wp\/v2\/types\/post"}],"author":[{"embeddable":true,"href":"https:\/\/www.article-marketing.eu\/comunicatistampa\/wp-json\/wp\/v2\/users\/6477"}],"replies":[{"embeddable":true,"href":"https:\/\/www.article-marketing.eu\/comunicatistampa\/wp-json\/wp\/v2\/comments?post=29965"}],"version-history":[{"count":2,"href":"https:\/\/www.article-marketing.eu\/comunicatistampa\/wp-json\/wp\/v2\/posts\/29965\/revisions"}],"predecessor-version":[{"id":30290,"href":"https:\/\/www.article-marketing.eu\/comunicatistampa\/wp-json\/wp\/v2\/posts\/29965\/revisions\/30290"}],"wp:attachment":[{"href":"https:\/\/www.article-marketing.eu\/comunicatistampa\/wp-json\/wp\/v2\/media?parent=29965"}],"wp:term":[{"taxonomy":"category","embeddable":true,"href":"https:\/\/www.article-marketing.eu\/comunicatistampa\/wp-json\/wp\/v2\/categories?post=29965"},{"taxonomy":"post_tag","embeddable":true,"href":"https:\/\/www.article-marketing.eu\/comunicatistampa\/wp-json\/wp\/v2\/tags?post=29965"}],"curies":[{"name":"wp","href":"https:\/\/api.w.org\/{rel}","templated":true}]}}