{"id":30025,"date":"2024-03-21T08:47:06","date_gmt":"2024-03-21T07:47:06","guid":{"rendered":"https:\/\/www.article-marketing.eu\/comunicatistampa\/?p=30025"},"modified":"2024-03-19T16:20:45","modified_gmt":"2024-03-19T15:20:45","slug":"summit-emc-le-soluzioni-del-gruppo-fs-per-il-futuro-della-reta-ferroviaria","status":"publish","type":"post","link":"https:\/\/www.article-marketing.eu\/comunicatistampa\/summit-emc-le-soluzioni-del-gruppo-fs-per-il-futuro-della-reta-ferroviaria\/","title":{"rendered":"Summit EMC: le soluzioni del Gruppo FS per il futuro della reta ferroviaria"},"content":{"rendered":"<p><strong><em>Nel corso del primo vertice del Comitato di Gestione Europea (EMC) della Union Internationale des Chemins de Fer, <a title=\"Gruppo FS al Comitato di Gestione Europea: intermodalit\u00e0 e digitalizzazione i temi centrali\" href=\"https:\/\/www.nicolaporro.it\/il-gruppo-fs-porta-digitale-e-intermodalita-al-vertice-delle-ferrovie- europee\/\">Gruppo FS<\/a> ha sollevato il vessillo dell\u2019innovazione, della digitalizzazione e dell\u2019intermodalit\u00e0, delineando una visione audace per il futuro delle ferrovie europee. Presieduto dall\u2019Amministratore Delegato Luigi Ferraris, l\u2019evento che si \u00e8 tenuto a Roma ha affrontato tre grandi sfide: l\u2019intermodalit\u00e0, la digitalizzazione e gli scambi transfrontalieri.<\/em><\/strong><\/p>\n<p><a title=\"Gruppo FS: digitale e intermodalit\u00e0 al vertice delle ferrovie europee\" href=\"https:\/\/www.nicolaporro.it\/il-gruppo-fs-porta-digitale-e-intermodalita-al-vertice-delle-ferrovie-europee\/\"><img loading=\"lazy\" decoding=\"async\" src=\"https:\/\/h2biz.net\/images\/Plats\/20230628151840.png\" alt=\"Gruppo FS\" width=\"300\" height=\"300\" \/><\/a><\/p>\n<h2>Gruppo FS: innovazioni chiave nel trasporto e nella manutenzione infrastrutturale<\/h2>\n<p>L\u2019intermodalit\u00e0 rappresenta una priorit\u00e0 chiave, con il <a title=\"Intermodalit\u00e0 e digitalizzazione al centro del vertice delle ferrovie europee con il Gruppo FS\" href=\"https:\/\/www.nicolaporro.it\/il-gruppo-fs-porta-digitale-e-intermodalita-al-vertice-delle-ferrovie-europee\/\"><strong>Gruppo FS<\/strong><\/a> impegnato nello sviluppo di un nuovo sistema di ticketing. Tale innovazione mira a semplificare i viaggi per chi si sposta, rendendo pi\u00f9 accessibile la prenotazione e la pianificazione dei trasporti non solo ferroviari, ma anche su autobus, aerei, navi e traghetti. \u00c8 stato inoltre affrontato il tema della digitalizzazione, con un focus particolare sull\u2019implementazione del \u201cdigital twin\u201d delle infrastrutture. Si tratta di un gemello digitale capace di simulare l\u2019invecchiamento delle opere infrastrutturali e di intervenire con una manutenzione predittiva migliorata, prevenendo guasti e ottimizzando l\u2019efficienza. In un momento in cui la catena di approvvigionamento globale \u00e8 sotto pressione, il progetto Dp-Rail del <strong>Gruppo FS<\/strong> si propone di incrementare lo scambio di dati nel trasporto merci transfrontaliero, offrendo una solida base per affrontare le sfide logistiche internazionali. <em>\u201cSono onorato di aver ospitato a Roma la riunione inaugurale del Comitato di Gestione Europea 2024-2025<\/em>\u201d, ha commentato l\u2019AD <strong>Luigi Ferraris<\/strong>.<\/p>\n<h2>Il principale obiettivo del Gruppo FS<\/h2>\n<p><em>\u201cAl fianco dei principali attori europei del settore, abbiamo discusso le sfide future che impatteranno sul trasporto ferroviario e sull\u2019intero sistema di mobilit\u00e0 a livello europeo e oltre<\/em>\u201d, ha aggiunto l\u2019AD. Il summit, al quale ha partecipato anche il Ministro dei Trasporti Matteo Salvini, si \u00e8 concentrato sull\u2019elaborazione di una roadmap per il futuro del trasporto ferroviario europeo, con l\u2019obiettivo comune di promuovere uno shift modale verso il treno in linea con i principi di sostenibilit\u00e0, connettivit\u00e0 e integrazione dei sistemi di trasporto. \u201c<em>Il nostro principale obiettivo \u00e8 rafforzare il sistema ferroviario, per favorire la crescita economica e attrarre nuovi investimenti, con l\u2019innovazione e la digitalizzazione come elementi chiave per la trasformazione della mobilit\u00e0 europea<\/em>\u201d, ha proseguito l\u2019AD del <strong>Gruppo FS<\/strong>. Il nuovo sistema di ticketing standardizzato migliorer\u00e0 l\u2019esperienza dei passeggeri, mentre il digital twin delle infrastrutture porter\u00e0 notevoli vantaggi in termini di efficienza e sostenibilit\u00e0 ambientale. Infine, il progetto Dp-Rail colmer\u00e0 il divario nei dati necessari per il trasporto merci transfrontaliero.<\/p>\n","protected":false},"excerpt":{"rendered":"<p>Durante il vertice EMC, Gruppo FS ha delineato la sua visione per un futuro sostenibile e integrato delle ferrovie, concentrandosi su soluzioni innovative per affrontare le sfide di intermodalit\u00e0, digitalizzazione ed efficienza.<\/p>\n","protected":false},"author":7203,"featured_media":0,"comment_status":"open","ping_status":"open","sticky":false,"template":"","format":"standard","meta":{"_monsterinsights_skip_tracking":false,"_monsterinsights_sitenote_active":false,"_monsterinsights_sitenote_note":"","_monsterinsights_sitenote_category":0,"footnotes":""},"categories":[388],"tags":[10013,9540],"class_list":["post-30025","post","type-post","status-publish","format-standard","hentry","category-aziende","tag-gruppo-fs","tag-luigi-ferraris"],"yoast_head":"<!-- This site is optimized with the Yoast SEO plugin v27.3 - https:\/\/yoast.com\/product\/yoast-seo-wordpress\/ -->\n<title>Summit EMC: le soluzioni del Gruppo FS per il futuro della reta ferroviaria<\/title>\n<meta name=\"description\" content=\"Durante il vertice EMC, Gruppo FS ha delineato la sua visione per un futuro sostenibile e integrato delle ferrovie, concentrandosi su soluzioni innovative per affrontare le sfide di intermodalit\u00e0, digitalizzazione ed efficienza.\" \/>\n<meta name=\"robots\" content=\"index, follow, max-snippet:-1, max-image-preview:large, max-video-preview:-1\" \/>\n<link rel=\"canonical\" href=\"https:\/\/www.article-marketing.eu\/comunicatistampa\/summit-emc-le-soluzioni-del-gruppo-fs-per-il-futuro-della-reta-ferroviaria\/\" \/>\n<meta property=\"og:locale\" content=\"it_IT\" \/>\n<meta property=\"og:type\" content=\"article\" \/>\n<meta property=\"og:title\" content=\"Summit EMC: le soluzioni del Gruppo FS per il futuro della reta ferroviaria\" \/>\n<meta property=\"og:description\" content=\"Durante il vertice EMC, Gruppo FS ha delineato la sua visione per un futuro sostenibile e integrato delle ferrovie, concentrandosi su soluzioni innovative per affrontare le sfide di intermodalit\u00e0, digitalizzazione ed efficienza.\" \/>\n<meta property=\"og:url\" content=\"https:\/\/www.article-marketing.eu\/comunicatistampa\/summit-emc-le-soluzioni-del-gruppo-fs-per-il-futuro-della-reta-ferroviaria\/\" \/>\n<meta property=\"og:site_name\" content=\"Article Marketing\" \/>\n<meta property=\"article:published_time\" content=\"2024-03-21T07:47:06+00:00\" \/>\n<meta property=\"og:image\" content=\"https:\/\/h2biz.net\/images\/Plats\/20230628151840.png\" \/>\n<meta name=\"author\" content=\"gbofficeprnews\" \/>\n<meta name=\"twitter:card\" content=\"summary_large_image\" \/>\n<meta name=\"twitter:label1\" content=\"Scritto da\" \/>\n\t<meta name=\"twitter:data1\" content=\"gbofficeprnews\" \/>\n\t<meta name=\"twitter:label2\" content=\"Tempo di lettura stimato\" \/>\n\t<meta name=\"twitter:data2\" content=\"3 minuti\" \/>\n<script type=\"application\/ld+json\" class=\"yoast-schema-graph\">{\"@context\":\"https:\\\/\\\/schema.org\",\"@graph\":[{\"@type\":\"Article\",\"@id\":\"https:\\\/\\\/www.article-marketing.eu\\\/comunicatistampa\\\/summit-emc-le-soluzioni-del-gruppo-fs-per-il-futuro-della-reta-ferroviaria\\\/#article\",\"isPartOf\":{\"@id\":\"https:\\\/\\\/www.article-marketing.eu\\\/comunicatistampa\\\/summit-emc-le-soluzioni-del-gruppo-fs-per-il-futuro-della-reta-ferroviaria\\\/\"},\"author\":{\"name\":\"gbofficeprnews\",\"@id\":\"https:\\\/\\\/www.article-marketing.eu\\\/comunicatistampa\\\/#\\\/schema\\\/person\\\/00c541681af1a376511ed63d59ca096f\"},\"headline\":\"Summit EMC: le soluzioni del Gruppo FS per il futuro della reta ferroviaria\",\"datePublished\":\"2024-03-21T07:47:06+00:00\",\"mainEntityOfPage\":{\"@id\":\"https:\\\/\\\/www.article-marketing.eu\\\/comunicatistampa\\\/summit-emc-le-soluzioni-del-gruppo-fs-per-il-futuro-della-reta-ferroviaria\\\/\"},\"wordCount\":422,\"commentCount\":0,\"image\":{\"@id\":\"https:\\\/\\\/www.article-marketing.eu\\\/comunicatistampa\\\/summit-emc-le-soluzioni-del-gruppo-fs-per-il-futuro-della-reta-ferroviaria\\\/#primaryimage\"},\"thumbnailUrl\":\"https:\\\/\\\/h2biz.net\\\/images\\\/Plats\\\/20230628151840.png\",\"keywords\":[\"Gruppo FS\",\"Luigi Ferraris\"],\"articleSection\":[\"Aziende\"],\"inLanguage\":\"it-IT\",\"potentialAction\":[{\"@type\":\"CommentAction\",\"name\":\"Comment\",\"target\":[\"https:\\\/\\\/www.article-marketing.eu\\\/comunicatistampa\\\/summit-emc-le-soluzioni-del-gruppo-fs-per-il-futuro-della-reta-ferroviaria\\\/#respond\"]}]},{\"@type\":\"WebPage\",\"@id\":\"https:\\\/\\\/www.article-marketing.eu\\\/comunicatistampa\\\/summit-emc-le-soluzioni-del-gruppo-fs-per-il-futuro-della-reta-ferroviaria\\\/\",\"url\":\"https:\\\/\\\/www.article-marketing.eu\\\/comunicatistampa\\\/summit-emc-le-soluzioni-del-gruppo-fs-per-il-futuro-della-reta-ferroviaria\\\/\",\"name\":\"Summit EMC: le soluzioni del Gruppo FS per il futuro della reta ferroviaria\",\"isPartOf\":{\"@id\":\"https:\\\/\\\/www.article-marketing.eu\\\/comunicatistampa\\\/#website\"},\"primaryImageOfPage\":{\"@id\":\"https:\\\/\\\/www.article-marketing.eu\\\/comunicatistampa\\\/summit-emc-le-soluzioni-del-gruppo-fs-per-il-futuro-della-reta-ferroviaria\\\/#primaryimage\"},\"image\":{\"@id\":\"https:\\\/\\\/www.article-marketing.eu\\\/comunicatistampa\\\/summit-emc-le-soluzioni-del-gruppo-fs-per-il-futuro-della-reta-ferroviaria\\\/#primaryimage\"},\"thumbnailUrl\":\"https:\\\/\\\/h2biz.net\\\/images\\\/Plats\\\/20230628151840.png\",\"datePublished\":\"2024-03-21T07:47:06+00:00\",\"author\":{\"@id\":\"https:\\\/\\\/www.article-marketing.eu\\\/comunicatistampa\\\/#\\\/schema\\\/person\\\/00c541681af1a376511ed63d59ca096f\"},\"description\":\"Durante il vertice EMC, Gruppo FS ha delineato la sua visione per un futuro sostenibile e integrato delle ferrovie, concentrandosi su soluzioni innovative per affrontare le sfide di intermodalit\u00e0, digitalizzazione ed efficienza.\",\"breadcrumb\":{\"@id\":\"https:\\\/\\\/www.article-marketing.eu\\\/comunicatistampa\\\/summit-emc-le-soluzioni-del-gruppo-fs-per-il-futuro-della-reta-ferroviaria\\\/#breadcrumb\"},\"inLanguage\":\"it-IT\",\"potentialAction\":[{\"@type\":\"ReadAction\",\"target\":[\"https:\\\/\\\/www.article-marketing.eu\\\/comunicatistampa\\\/summit-emc-le-soluzioni-del-gruppo-fs-per-il-futuro-della-reta-ferroviaria\\\/\"]}]},{\"@type\":\"ImageObject\",\"inLanguage\":\"it-IT\",\"@id\":\"https:\\\/\\\/www.article-marketing.eu\\\/comunicatistampa\\\/summit-emc-le-soluzioni-del-gruppo-fs-per-il-futuro-della-reta-ferroviaria\\\/#primaryimage\",\"url\":\"https:\\\/\\\/h2biz.net\\\/images\\\/Plats\\\/20230628151840.png\",\"contentUrl\":\"https:\\\/\\\/h2biz.net\\\/images\\\/Plats\\\/20230628151840.png\"},{\"@type\":\"BreadcrumbList\",\"@id\":\"https:\\\/\\\/www.article-marketing.eu\\\/comunicatistampa\\\/summit-emc-le-soluzioni-del-gruppo-fs-per-il-futuro-della-reta-ferroviaria\\\/#breadcrumb\",\"itemListElement\":[{\"@type\":\"ListItem\",\"position\":1,\"name\":\"Home\",\"item\":\"https:\\\/\\\/www.article-marketing.eu\\\/comunicatistampa\\\/\"},{\"@type\":\"ListItem\",\"position\":2,\"name\":\"Summit EMC: le soluzioni del Gruppo FS per il futuro della reta ferroviaria\"}]},{\"@type\":\"WebSite\",\"@id\":\"https:\\\/\\\/www.article-marketing.eu\\\/comunicatistampa\\\/#website\",\"url\":\"https:\\\/\\\/www.article-marketing.eu\\\/comunicatistampa\\\/\",\"name\":\"Article Marketing\",\"description\":\"article marketing &amp; press release\",\"potentialAction\":[{\"@type\":\"SearchAction\",\"target\":{\"@type\":\"EntryPoint\",\"urlTemplate\":\"https:\\\/\\\/www.article-marketing.eu\\\/comunicatistampa\\\/?s={search_term_string}\"},\"query-input\":{\"@type\":\"PropertyValueSpecification\",\"valueRequired\":true,\"valueName\":\"search_term_string\"}}],\"inLanguage\":\"it-IT\"},{\"@type\":\"Person\",\"@id\":\"https:\\\/\\\/www.article-marketing.eu\\\/comunicatistampa\\\/#\\\/schema\\\/person\\\/00c541681af1a376511ed63d59ca096f\",\"name\":\"gbofficeprnews\",\"image\":{\"@type\":\"ImageObject\",\"inLanguage\":\"it-IT\",\"@id\":\"https:\\\/\\\/secure.gravatar.com\\\/avatar\\\/6c895f4b9cd59fffe899c25f76b85bf0d427605c1f0d3b07c81e155c001265cf?s=96&d=mm&r=g\",\"url\":\"https:\\\/\\\/secure.gravatar.com\\\/avatar\\\/6c895f4b9cd59fffe899c25f76b85bf0d427605c1f0d3b07c81e155c001265cf?s=96&d=mm&r=g\",\"contentUrl\":\"https:\\\/\\\/secure.gravatar.com\\\/avatar\\\/6c895f4b9cd59fffe899c25f76b85bf0d427605c1f0d3b07c81e155c001265cf?s=96&d=mm&r=g\",\"caption\":\"gbofficeprnews\"},\"url\":\"https:\\\/\\\/www.article-marketing.eu\\\/comunicatistampa\\\/author\\\/gbofficeprnews\\\/\"}]}<\/script>\n<!-- \/ Yoast SEO plugin. -->","yoast_head_json":{"title":"Summit EMC: le soluzioni del Gruppo FS per il futuro della reta ferroviaria","description":"Durante il vertice EMC, Gruppo FS ha delineato la sua visione per un futuro sostenibile e integrato delle ferrovie, concentrandosi su soluzioni innovative per affrontare le sfide di intermodalit\u00e0, digitalizzazione ed efficienza.","robots":{"index":"index","follow":"follow","max-snippet":"max-snippet:-1","max-image-preview":"max-image-preview:large","max-video-preview":"max-video-preview:-1"},"canonical":"https:\/\/www.article-marketing.eu\/comunicatistampa\/summit-emc-le-soluzioni-del-gruppo-fs-per-il-futuro-della-reta-ferroviaria\/","og_locale":"it_IT","og_type":"article","og_title":"Summit EMC: le soluzioni del Gruppo FS per il futuro della reta ferroviaria","og_description":"Durante il vertice EMC, Gruppo FS ha delineato la sua visione per un futuro sostenibile e integrato delle ferrovie, concentrandosi su soluzioni innovative per affrontare le sfide di intermodalit\u00e0, digitalizzazione ed efficienza.","og_url":"https:\/\/www.article-marketing.eu\/comunicatistampa\/summit-emc-le-soluzioni-del-gruppo-fs-per-il-futuro-della-reta-ferroviaria\/","og_site_name":"Article Marketing","article_published_time":"2024-03-21T07:47:06+00:00","og_image":[{"url":"https:\/\/h2biz.net\/images\/Plats\/20230628151840.png","type":"","width":"","height":""}],"author":"gbofficeprnews","twitter_card":"summary_large_image","twitter_misc":{"Scritto da":"gbofficeprnews","Tempo di lettura stimato":"3 minuti"},"schema":{"@context":"https:\/\/schema.org","@graph":[{"@type":"Article","@id":"https:\/\/www.article-marketing.eu\/comunicatistampa\/summit-emc-le-soluzioni-del-gruppo-fs-per-il-futuro-della-reta-ferroviaria\/#article","isPartOf":{"@id":"https:\/\/www.article-marketing.eu\/comunicatistampa\/summit-emc-le-soluzioni-del-gruppo-fs-per-il-futuro-della-reta-ferroviaria\/"},"author":{"name":"gbofficeprnews","@id":"https:\/\/www.article-marketing.eu\/comunicatistampa\/#\/schema\/person\/00c541681af1a376511ed63d59ca096f"},"headline":"Summit EMC: le soluzioni del Gruppo FS per il futuro della reta ferroviaria","datePublished":"2024-03-21T07:47:06+00:00","mainEntityOfPage":{"@id":"https:\/\/www.article-marketing.eu\/comunicatistampa\/summit-emc-le-soluzioni-del-gruppo-fs-per-il-futuro-della-reta-ferroviaria\/"},"wordCount":422,"commentCount":0,"image":{"@id":"https:\/\/www.article-marketing.eu\/comunicatistampa\/summit-emc-le-soluzioni-del-gruppo-fs-per-il-futuro-della-reta-ferroviaria\/#primaryimage"},"thumbnailUrl":"https:\/\/h2biz.net\/images\/Plats\/20230628151840.png","keywords":["Gruppo FS","Luigi Ferraris"],"articleSection":["Aziende"],"inLanguage":"it-IT","potentialAction":[{"@type":"CommentAction","name":"Comment","target":["https:\/\/www.article-marketing.eu\/comunicatistampa\/summit-emc-le-soluzioni-del-gruppo-fs-per-il-futuro-della-reta-ferroviaria\/#respond"]}]},{"@type":"WebPage","@id":"https:\/\/www.article-marketing.eu\/comunicatistampa\/summit-emc-le-soluzioni-del-gruppo-fs-per-il-futuro-della-reta-ferroviaria\/","url":"https:\/\/www.article-marketing.eu\/comunicatistampa\/summit-emc-le-soluzioni-del-gruppo-fs-per-il-futuro-della-reta-ferroviaria\/","name":"Summit EMC: le soluzioni del Gruppo FS per il futuro della reta ferroviaria","isPartOf":{"@id":"https:\/\/www.article-marketing.eu\/comunicatistampa\/#website"},"primaryImageOfPage":{"@id":"https:\/\/www.article-marketing.eu\/comunicatistampa\/summit-emc-le-soluzioni-del-gruppo-fs-per-il-futuro-della-reta-ferroviaria\/#primaryimage"},"image":{"@id":"https:\/\/www.article-marketing.eu\/comunicatistampa\/summit-emc-le-soluzioni-del-gruppo-fs-per-il-futuro-della-reta-ferroviaria\/#primaryimage"},"thumbnailUrl":"https:\/\/h2biz.net\/images\/Plats\/20230628151840.png","datePublished":"2024-03-21T07:47:06+00:00","author":{"@id":"https:\/\/www.article-marketing.eu\/comunicatistampa\/#\/schema\/person\/00c541681af1a376511ed63d59ca096f"},"description":"Durante il vertice EMC, Gruppo FS ha delineato la sua visione per un futuro sostenibile e integrato delle ferrovie, concentrandosi su soluzioni innovative per affrontare le sfide di intermodalit\u00e0, digitalizzazione ed efficienza.","breadcrumb":{"@id":"https:\/\/www.article-marketing.eu\/comunicatistampa\/summit-emc-le-soluzioni-del-gruppo-fs-per-il-futuro-della-reta-ferroviaria\/#breadcrumb"},"inLanguage":"it-IT","potentialAction":[{"@type":"ReadAction","target":["https:\/\/www.article-marketing.eu\/comunicatistampa\/summit-emc-le-soluzioni-del-gruppo-fs-per-il-futuro-della-reta-ferroviaria\/"]}]},{"@type":"ImageObject","inLanguage":"it-IT","@id":"https:\/\/www.article-marketing.eu\/comunicatistampa\/summit-emc-le-soluzioni-del-gruppo-fs-per-il-futuro-della-reta-ferroviaria\/#primaryimage","url":"https:\/\/h2biz.net\/images\/Plats\/20230628151840.png","contentUrl":"https:\/\/h2biz.net\/images\/Plats\/20230628151840.png"},{"@type":"BreadcrumbList","@id":"https:\/\/www.article-marketing.eu\/comunicatistampa\/summit-emc-le-soluzioni-del-gruppo-fs-per-il-futuro-della-reta-ferroviaria\/#breadcrumb","itemListElement":[{"@type":"ListItem","position":1,"name":"Home","item":"https:\/\/www.article-marketing.eu\/comunicatistampa\/"},{"@type":"ListItem","position":2,"name":"Summit EMC: le soluzioni del Gruppo FS per il futuro della reta ferroviaria"}]},{"@type":"WebSite","@id":"https:\/\/www.article-marketing.eu\/comunicatistampa\/#website","url":"https:\/\/www.article-marketing.eu\/comunicatistampa\/","name":"Article Marketing","description":"article marketing &amp; press release","potentialAction":[{"@type":"SearchAction","target":{"@type":"EntryPoint","urlTemplate":"https:\/\/www.article-marketing.eu\/comunicatistampa\/?s={search_term_string}"},"query-input":{"@type":"PropertyValueSpecification","valueRequired":true,"valueName":"search_term_string"}}],"inLanguage":"it-IT"},{"@type":"Person","@id":"https:\/\/www.article-marketing.eu\/comunicatistampa\/#\/schema\/person\/00c541681af1a376511ed63d59ca096f","name":"gbofficeprnews","image":{"@type":"ImageObject","inLanguage":"it-IT","@id":"https:\/\/secure.gravatar.com\/avatar\/6c895f4b9cd59fffe899c25f76b85bf0d427605c1f0d3b07c81e155c001265cf?s=96&d=mm&r=g","url":"https:\/\/secure.gravatar.com\/avatar\/6c895f4b9cd59fffe899c25f76b85bf0d427605c1f0d3b07c81e155c001265cf?s=96&d=mm&r=g","contentUrl":"https:\/\/secure.gravatar.com\/avatar\/6c895f4b9cd59fffe899c25f76b85bf0d427605c1f0d3b07c81e155c001265cf?s=96&d=mm&r=g","caption":"gbofficeprnews"},"url":"https:\/\/www.article-marketing.eu\/comunicatistampa\/author\/gbofficeprnews\/"}]}},"_links":{"self":[{"href":"https:\/\/www.article-marketing.eu\/comunicatistampa\/wp-json\/wp\/v2\/posts\/30025","targetHints":{"allow":["GET"]}}],"collection":[{"href":"https:\/\/www.article-marketing.eu\/comunicatistampa\/wp-json\/wp\/v2\/posts"}],"about":[{"href":"https:\/\/www.article-marketing.eu\/comunicatistampa\/wp-json\/wp\/v2\/types\/post"}],"author":[{"embeddable":true,"href":"https:\/\/www.article-marketing.eu\/comunicatistampa\/wp-json\/wp\/v2\/users\/7203"}],"replies":[{"embeddable":true,"href":"https:\/\/www.article-marketing.eu\/comunicatistampa\/wp-json\/wp\/v2\/comments?post=30025"}],"version-history":[{"count":2,"href":"https:\/\/www.article-marketing.eu\/comunicatistampa\/wp-json\/wp\/v2\/posts\/30025\/revisions"}],"predecessor-version":[{"id":30214,"href":"https:\/\/www.article-marketing.eu\/comunicatistampa\/wp-json\/wp\/v2\/posts\/30025\/revisions\/30214"}],"wp:attachment":[{"href":"https:\/\/www.article-marketing.eu\/comunicatistampa\/wp-json\/wp\/v2\/media?parent=30025"}],"wp:term":[{"taxonomy":"category","embeddable":true,"href":"https:\/\/www.article-marketing.eu\/comunicatistampa\/wp-json\/wp\/v2\/categories?post=30025"},{"taxonomy":"post_tag","embeddable":true,"href":"https:\/\/www.article-marketing.eu\/comunicatistampa\/wp-json\/wp\/v2\/tags?post=30025"}],"curies":[{"name":"wp","href":"https:\/\/api.w.org\/{rel}","templated":true}]}}