{"id":30029,"date":"2024-03-19T15:13:52","date_gmt":"2024-03-19T14:13:52","guid":{"rendered":"https:\/\/www.article-marketing.eu\/comunicatistampa\/?p=30029"},"modified":"2024-03-19T15:13:52","modified_gmt":"2024-03-19T14:13:52","slug":"memorial-lorenzo-parelli-cultura-della-sicurezza-tra-scuola-e-impresa","status":"publish","type":"post","link":"https:\/\/www.article-marketing.eu\/comunicatistampa\/memorial-lorenzo-parelli-cultura-della-sicurezza-tra-scuola-e-impresa\/","title":{"rendered":"Memorial Lorenzo Parelli: cultura della sicurezza tra scuola e impresa"},"content":{"rendered":"<h1>Comunicato Stampa<\/h1>\n<p><strong>Memorial Lorenzo Parelli: cultura della sicurezza tra scuola e impresa<\/strong><\/p>\n<p><strong>\u00a0<\/strong><\/p>\n<p><strong><em>La Fondazione AiFOS lancia un bando per premiare i migliori progetti di sensibilizzazione della cultura della sicurezza negli ambienti scolastici e nei percorsi per le competenze trasversali e l\u2019orientamento (CPTO, ex alternanza scuola lavoro).<\/em><\/strong><\/p>\n<p>&nbsp;<\/p>\n<p>Il <strong>21 gennaio 2022<\/strong> il diciottenne <strong>Lorenzo Parelli<\/strong>, che frequentava il quarto anno del settore meccanica industriale di un Istituto di Formazione Professionale, muore nell\u2019azienda metalmeccanica dove stava svolgendo uno stage.<\/p>\n<p>Lo stage lo avrebbe terminato la sera stessa. Invece, una barra d\u2019acciaio da 150 chilogrammi lo ha schiacciato, facendone uno studente vittima del lavoro. Ancora poche ore da trascorrere in azienda e luned\u00ec mattina sarebbe tornato in classe, a raccontare ai compagni l\u2019esperienza in quella ditta di carpenteria metallica nella quale aveva svolto il proprio tirocinio in un progetto di alternanza scuola lavoro. Ma la sua giovane vita, la sua passione per le moto, il calcio e la meccanica \u00e8 finita stritolata tra le lamiere.<\/p>\n<p>&nbsp;<\/p>\n<p>Lorenzo muore sul colpo sotto lo sguardo incredulo e disperato di chi, fino a pochi momenti prima, gli stava insegnando il lavoro che lui sognava di fare una volta finiti gli studi.<\/p>\n<p>&nbsp;<\/p>\n<p>Un tragico incidente che non sarebbe mai dovuto accadere. Anche perch\u00e9, come ricordato dal Presidente Sergio Mattarella, che ha incontrato i genitori, <em>il valore del lavoro, per i giovani, e per chiunque, non pu\u00f2 essere associato al rischio, alla dimensione della morte<\/em>. La<em> sicurezza sul lavoro si trova alle fondamenta della sicurezza sociale, cio\u00e8 del valore fondante di una societ\u00e0 contemporanea\u201d.<\/em><\/p>\n<p>&nbsp;<\/p>\n<p>Partendo da queste riflessioni e per dare continuit\u00e0 al ricordo di Lorenzo, nasce il <strong>Memorial Lorenzo Parelli<\/strong> per poter raccogliere nuove idee e buone prassi affinch\u00e9 si accresca la sensibilizzazione riguardo i temi della salute e la sicurezza nel mondo della scuola e delle attivit\u00e0 lavorative degli studenti all\u2019interno dei percorsi ex alternanza scuola lavoro.<\/p>\n<p>&nbsp;<\/p>\n<p><strong>Il nuovo memorial sulla cultura della sicurezza tra scuola e impresa <\/strong><\/p>\n<p>La Famiglia Parelli e la <strong>Fondazione AiFOS<\/strong>, ente filantropico del terzo settore, con il supporto organizzativo sul territorio del <strong>Centro di Formazione AiFOS AUREA Professional<\/strong>, promuovono il <strong>Memorial Lorenzo Parelli<\/strong>.<\/p>\n<p>&nbsp;<\/p>\n<p>Il Memorial \u00e8 un <strong>concorso di idee, suggerimenti e progetti<\/strong> che verranno realizzati dagli <strong>studenti<\/strong>.<\/p>\n<p>&nbsp;<\/p>\n<p>In particolare potranno partecipare al bando tutti gli studenti, a livello singolo, di gruppo, o di istituto scolastico delle <strong>penultime classi delle istituzioni scolastiche e della formazione professionale, pubbliche e private<\/strong>, oppure <strong>istituiti scolastici<\/strong> che coinvolgano nel progetto le stesse classi sopra riportate attraverso la realizzazione di un <strong>elaborato<\/strong> (<strong>tesina o ricerca<\/strong>), un <strong>video<\/strong>, una <strong>raccolta fotografica e di immagini<\/strong>, un <strong>disegno<\/strong>, un dipinto o un quadro, una <strong>canzone<\/strong>, ovvero con qualsiasi mezzo utile alla sensibilizzazione della cultura della sicurezza negli ambienti scolastici e di alternanza scuola-lavoro.<\/p>\n<p>&nbsp;<\/p>\n<p><strong>Memorial Lorenzo Parelli<\/strong><strong>: selezione, premi e premiazione<\/strong><\/p>\n<p>La <strong>selezione<\/strong> dei differenti lavori ricevuti verr\u00e0 effettuata da un\u2019apposita <strong>Commissione<\/strong>, nominata dal Presidente della Fondazione AiFOS, unitamente al Centro di Formazione Aifos Aurea Professional ed alla famiglia Parelli, composta da membri esperti e coadiuvata dalla segreteria tecnica della Fondazione stessa.<\/p>\n<p>La Commissione, a suo insindacabile giudizio, selezioner\u00e0\u00a0n. 5 lavori\u00a0da premiare.<\/p>\n<p>&nbsp;<\/p>\n<p>I 5 lavori selezionati avranno diritto, a titolo di <strong>premio<\/strong>, a:<\/p>\n<ul>\n<li>riconoscimento economico di \u20ac 500,00, da suddividere in caso di pi\u00f9 autori;<\/li>\n<li>pubblicazione del lavoro sul sito\u00a0<a href=\"https:\/\/fondazioneaifos.org\/memorial-lorenzo-parelli\/www.fondazioneaifos.org\">www.fondazioneaifos.org<\/a>;<\/li>\n<li>attestato di partecipazione al Memorial;<\/li>\n<li>abbonamento ai singoli studenti ed alla scuola di appartenenza della rivista on-line \u201cQuaderni della Sicurezza\u201d, la rivista scientifica AiFOS.<\/li>\n<\/ul>\n<p>&nbsp;<\/p>\n<p>La premiazione avverr\u00e0 nel mese di gennaio 2025 in occasione del terzo <strong>anniversario<\/strong> della tragica morte di Lorenzo Parelli, in data da definirsi.<\/p>\n<p>&nbsp;<\/p>\n<p><strong>La partecipazione al Memorial Lorenzo Parelli 2024<\/strong><\/p>\n<p>Per <strong>partecipare alla selezione<\/strong> \u00e8 necessario compilare la <strong>domanda di partecipazione<\/strong>, allegando la documentazione richiesta, entro la data del <strong>30 giugno 2024<\/strong>.<\/p>\n<p>&nbsp;<\/p>\n<p>Entro il mese di <strong>ottobre 2024<\/strong> la Commissione giudicatrice comunicher\u00e0 l\u2019elenco degli studenti o del gruppo di studenti ritenuti meritevoli.<\/p>\n<p>&nbsp;<\/p>\n<p>Il link per poter scaricare il bando e la domanda di partecipazione alla selezione:<\/p>\n<blockquote class=\"wp-embedded-content\" data-secret=\"gRN1MWDABc\"><p><a href=\"https:\/\/fondazioneaifos.org\/memorial-lorenzo-parelli\/\">Memorial Lorenzo Parelli<\/a><\/p><\/blockquote>\n<p><iframe loading=\"lazy\" class=\"wp-embedded-content\" sandbox=\"allow-scripts\" security=\"restricted\" style=\"position: absolute; clip: rect(1px, 1px, 1px, 1px);\" title=\"&#8220;Memorial Lorenzo Parelli&#8221; &#8212; Fondazione AiFOS\" src=\"https:\/\/fondazioneaifos.org\/memorial-lorenzo-parelli\/embed\/#?secret=TFN8uP8sgQ#?secret=gRN1MWDABc\" data-secret=\"gRN1MWDABc\" width=\"600\" height=\"338\" frameborder=\"0\" marginwidth=\"0\" marginheight=\"0\" scrolling=\"no\"><\/iframe><\/p>\n<p>&nbsp;<\/p>\n<p>Concludiamo con l\u2019invito a partecipare a questa iniziativa che dedica un pensiero non solo a Lorenzo ma a tutti gli studenti impegnati in percorsi di orientamento lavorativo. Anche perch\u00e9, come ricordato dai genitori di Lorenzo: \u201c<em>Lui vi direbbe:\u00a0abbiate cura della vita, perch\u00e9 \u00e8 sacra\u00a0e dobbiamo onorarla. La sicurezza non ha colore n\u00e9 bandiera, \u00e8 di tutti, \u00e8 una responsabilit\u00e0 collettiva di ognuno di noi<\/em>\u201d.<\/p>\n<p>&nbsp;<\/p>\n<p><strong>Per avere informazioni<\/strong>: Fondazione AiFOS c\/o CSMT, Universit\u00e0 degli Studi di Brescia, via Branze, 45 \u2013 25123 Brescia Tel. 030.6595037 Fax 030.6595040 <a href=\"mailto:info@fondazioneaifos.org\">info@fondazioneaifos.org<\/a><\/p>\n<p>&nbsp;<\/p>\n<p><em>07 marzo 2024<\/em><\/p>\n<p>&nbsp;<\/p>\n<p>Ufficio Stampa Fondazione AiFOS<\/p>\n<p>ufficiostampa@fondazioneaifos.org<\/p>\n<p><a href=\"http:\/\/www.fondazioneaifos.org\">www.fondazioneaifos.org<\/a><\/p>\n","protected":false},"excerpt":{"rendered":"<p>Comunicato Stampa Memorial Lorenzo Parelli: cultura della sicurezza tra scuola e impresa \u00a0 La Fondazione AiFOS lancia un bando per premiare i migliori progetti di sensibilizzazione della cultura della sicurezza negli ambienti scolastici e nei percorsi per le competenze trasversali e l\u2019orientamento (CPTO, ex alternanza scuola lavoro). &nbsp; Il 21 gennaio 2022 il diciottenne Lorenzo Parelli, che frequentava il quarto anno del settore meccanica industriale di un Istituto di Formazione<\/p>\n<p><a class=\"continue-reading\" href=\"https:\/\/www.article-marketing.eu\/comunicatistampa\/memorial-lorenzo-parelli-cultura-della-sicurezza-tra-scuola-e-impresa\/\">Continue reading&#8230;<\/a><\/p>\n","protected":false},"author":881,"featured_media":0,"comment_status":"open","ping_status":"open","sticky":false,"template":"","format":"standard","meta":{"_monsterinsights_skip_tracking":false,"_monsterinsights_sitenote_active":false,"_monsterinsights_sitenote_note":"","_monsterinsights_sitenote_category":0,"footnotes":""},"categories":[78,392,378],"tags":[11042,3301,11046,3235,11047,11045,3609,11041,11040,11044,857,11043,627],"class_list":["post-30029","post","type-post","status-publish","format-standard","hentry","category-comunicati-stampa","category-eventi","category-istruzione","tag-21-gennaio-2022","tag-aifos","tag-alternanza-scuola-lavoro","tag-brescia","tag-centro-di-formazione-aifos-aurea-professional","tag-cpto","tag-fondazione-aifos","tag-lorenzo-parelli","tag-memorial-lorenzo-parelli","tag-percorsi-per-le-competenze-trasversali-e-lorientamento","tag-premio","tag-sergio-mattarella","tag-stage"],"yoast_head":"<!-- This site is optimized with the Yoast SEO plugin v27.3 - https:\/\/yoast.com\/product\/yoast-seo-wordpress\/ -->\n<title>Memorial Lorenzo Parelli: cultura della sicurezza tra scuola e impresa - Article Marketing<\/title>\n<meta name=\"robots\" content=\"index, follow, max-snippet:-1, max-image-preview:large, max-video-preview:-1\" \/>\n<link rel=\"canonical\" href=\"https:\/\/www.article-marketing.eu\/comunicatistampa\/memorial-lorenzo-parelli-cultura-della-sicurezza-tra-scuola-e-impresa\/\" \/>\n<meta property=\"og:locale\" content=\"it_IT\" \/>\n<meta property=\"og:type\" content=\"article\" \/>\n<meta property=\"og:title\" content=\"Memorial Lorenzo Parelli: cultura della sicurezza tra scuola e impresa - Article Marketing\" \/>\n<meta property=\"og:description\" content=\"Comunicato Stampa Memorial Lorenzo Parelli: cultura della sicurezza tra scuola e impresa \u00a0 La Fondazione AiFOS lancia un bando per premiare i migliori progetti di sensibilizzazione della cultura della sicurezza negli ambienti scolastici e nei percorsi per le competenze trasversali e l\u2019orientamento (CPTO, ex alternanza scuola lavoro). &nbsp; Il 21 gennaio 2022 il diciottenne Lorenzo Parelli, che frequentava il quarto anno del settore meccanica industriale di un Istituto di FormazioneContinue reading...\" \/>\n<meta property=\"og:url\" content=\"https:\/\/www.article-marketing.eu\/comunicatistampa\/memorial-lorenzo-parelli-cultura-della-sicurezza-tra-scuola-e-impresa\/\" \/>\n<meta property=\"og:site_name\" content=\"Article Marketing\" \/>\n<meta property=\"article:published_time\" content=\"2024-03-19T14:13:52+00:00\" \/>\n<meta name=\"author\" content=\"AIFUS\" \/>\n<meta name=\"twitter:card\" content=\"summary_large_image\" \/>\n<meta name=\"twitter:label1\" content=\"Scritto da\" \/>\n\t<meta name=\"twitter:data1\" content=\"AIFUS\" \/>\n\t<meta name=\"twitter:label2\" content=\"Tempo di lettura stimato\" \/>\n\t<meta name=\"twitter:data2\" content=\"4 minuti\" \/>\n<script type=\"application\/ld+json\" class=\"yoast-schema-graph\">{\"@context\":\"https:\\\/\\\/schema.org\",\"@graph\":[{\"@type\":\"Article\",\"@id\":\"https:\\\/\\\/www.article-marketing.eu\\\/comunicatistampa\\\/memorial-lorenzo-parelli-cultura-della-sicurezza-tra-scuola-e-impresa\\\/#article\",\"isPartOf\":{\"@id\":\"https:\\\/\\\/www.article-marketing.eu\\\/comunicatistampa\\\/memorial-lorenzo-parelli-cultura-della-sicurezza-tra-scuola-e-impresa\\\/\"},\"author\":{\"name\":\"AIFUS\",\"@id\":\"https:\\\/\\\/www.article-marketing.eu\\\/comunicatistampa\\\/#\\\/schema\\\/person\\\/d1985c4955ff71a05f49d68e3034b3cd\"},\"headline\":\"Memorial Lorenzo Parelli: cultura della sicurezza tra scuola e impresa\",\"datePublished\":\"2024-03-19T14:13:52+00:00\",\"mainEntityOfPage\":{\"@id\":\"https:\\\/\\\/www.article-marketing.eu\\\/comunicatistampa\\\/memorial-lorenzo-parelli-cultura-della-sicurezza-tra-scuola-e-impresa\\\/\"},\"wordCount\":773,\"commentCount\":0,\"keywords\":[\"21 gennaio 2022\",\"Aifos\",\"alternanza scuola lavoro\",\"Brescia\",\"Centro di Formazione AiFOS AUREA Professional\",\"CPTO\",\"Fondazione AiFOS\",\"Lorenzo Parelli\",\"Memorial Lorenzo Parelli\",\"percorsi per le competenze trasversali e l\u2019orientamento\",\"Premio\",\"Sergio Mattarella\",\"stage\"],\"articleSection\":[\"Comunicati stampa\",\"Eventi\",\"Istruzione\"],\"inLanguage\":\"it-IT\",\"potentialAction\":[{\"@type\":\"CommentAction\",\"name\":\"Comment\",\"target\":[\"https:\\\/\\\/www.article-marketing.eu\\\/comunicatistampa\\\/memorial-lorenzo-parelli-cultura-della-sicurezza-tra-scuola-e-impresa\\\/#respond\"]}]},{\"@type\":\"WebPage\",\"@id\":\"https:\\\/\\\/www.article-marketing.eu\\\/comunicatistampa\\\/memorial-lorenzo-parelli-cultura-della-sicurezza-tra-scuola-e-impresa\\\/\",\"url\":\"https:\\\/\\\/www.article-marketing.eu\\\/comunicatistampa\\\/memorial-lorenzo-parelli-cultura-della-sicurezza-tra-scuola-e-impresa\\\/\",\"name\":\"Memorial Lorenzo Parelli: cultura della sicurezza tra scuola e impresa - Article Marketing\",\"isPartOf\":{\"@id\":\"https:\\\/\\\/www.article-marketing.eu\\\/comunicatistampa\\\/#website\"},\"datePublished\":\"2024-03-19T14:13:52+00:00\",\"author\":{\"@id\":\"https:\\\/\\\/www.article-marketing.eu\\\/comunicatistampa\\\/#\\\/schema\\\/person\\\/d1985c4955ff71a05f49d68e3034b3cd\"},\"breadcrumb\":{\"@id\":\"https:\\\/\\\/www.article-marketing.eu\\\/comunicatistampa\\\/memorial-lorenzo-parelli-cultura-della-sicurezza-tra-scuola-e-impresa\\\/#breadcrumb\"},\"inLanguage\":\"it-IT\",\"potentialAction\":[{\"@type\":\"ReadAction\",\"target\":[\"https:\\\/\\\/www.article-marketing.eu\\\/comunicatistampa\\\/memorial-lorenzo-parelli-cultura-della-sicurezza-tra-scuola-e-impresa\\\/\"]}]},{\"@type\":\"BreadcrumbList\",\"@id\":\"https:\\\/\\\/www.article-marketing.eu\\\/comunicatistampa\\\/memorial-lorenzo-parelli-cultura-della-sicurezza-tra-scuola-e-impresa\\\/#breadcrumb\",\"itemListElement\":[{\"@type\":\"ListItem\",\"position\":1,\"name\":\"Home\",\"item\":\"https:\\\/\\\/www.article-marketing.eu\\\/comunicatistampa\\\/\"},{\"@type\":\"ListItem\",\"position\":2,\"name\":\"Memorial Lorenzo Parelli: cultura della sicurezza tra scuola e impresa\"}]},{\"@type\":\"WebSite\",\"@id\":\"https:\\\/\\\/www.article-marketing.eu\\\/comunicatistampa\\\/#website\",\"url\":\"https:\\\/\\\/www.article-marketing.eu\\\/comunicatistampa\\\/\",\"name\":\"Article Marketing\",\"description\":\"article marketing &amp; press release\",\"potentialAction\":[{\"@type\":\"SearchAction\",\"target\":{\"@type\":\"EntryPoint\",\"urlTemplate\":\"https:\\\/\\\/www.article-marketing.eu\\\/comunicatistampa\\\/?s={search_term_string}\"},\"query-input\":{\"@type\":\"PropertyValueSpecification\",\"valueRequired\":true,\"valueName\":\"search_term_string\"}}],\"inLanguage\":\"it-IT\"},{\"@type\":\"Person\",\"@id\":\"https:\\\/\\\/www.article-marketing.eu\\\/comunicatistampa\\\/#\\\/schema\\\/person\\\/d1985c4955ff71a05f49d68e3034b3cd\",\"name\":\"AIFUS\",\"image\":{\"@type\":\"ImageObject\",\"inLanguage\":\"it-IT\",\"@id\":\"https:\\\/\\\/secure.gravatar.com\\\/avatar\\\/05cf2a2ba057667571308b94c84f00ff48766ffac95710a87491a9b3ddcee484?s=96&d=mm&r=g\",\"url\":\"https:\\\/\\\/secure.gravatar.com\\\/avatar\\\/05cf2a2ba057667571308b94c84f00ff48766ffac95710a87491a9b3ddcee484?s=96&d=mm&r=g\",\"contentUrl\":\"https:\\\/\\\/secure.gravatar.com\\\/avatar\\\/05cf2a2ba057667571308b94c84f00ff48766ffac95710a87491a9b3ddcee484?s=96&d=mm&r=g\",\"caption\":\"AIFUS\"},\"url\":\"https:\\\/\\\/www.article-marketing.eu\\\/comunicatistampa\\\/author\\\/aifus\\\/\"}]}<\/script>\n<!-- \/ Yoast SEO plugin. -->","yoast_head_json":{"title":"Memorial Lorenzo Parelli: cultura della sicurezza tra scuola e impresa - Article Marketing","robots":{"index":"index","follow":"follow","max-snippet":"max-snippet:-1","max-image-preview":"max-image-preview:large","max-video-preview":"max-video-preview:-1"},"canonical":"https:\/\/www.article-marketing.eu\/comunicatistampa\/memorial-lorenzo-parelli-cultura-della-sicurezza-tra-scuola-e-impresa\/","og_locale":"it_IT","og_type":"article","og_title":"Memorial Lorenzo Parelli: cultura della sicurezza tra scuola e impresa - Article Marketing","og_description":"Comunicato Stampa Memorial Lorenzo Parelli: cultura della sicurezza tra scuola e impresa \u00a0 La Fondazione AiFOS lancia un bando per premiare i migliori progetti di sensibilizzazione della cultura della sicurezza negli ambienti scolastici e nei percorsi per le competenze trasversali e l\u2019orientamento (CPTO, ex alternanza scuola lavoro). &nbsp; Il 21 gennaio 2022 il diciottenne Lorenzo Parelli, che frequentava il quarto anno del settore meccanica industriale di un Istituto di FormazioneContinue reading...","og_url":"https:\/\/www.article-marketing.eu\/comunicatistampa\/memorial-lorenzo-parelli-cultura-della-sicurezza-tra-scuola-e-impresa\/","og_site_name":"Article Marketing","article_published_time":"2024-03-19T14:13:52+00:00","author":"AIFUS","twitter_card":"summary_large_image","twitter_misc":{"Scritto da":"AIFUS","Tempo di lettura stimato":"4 minuti"},"schema":{"@context":"https:\/\/schema.org","@graph":[{"@type":"Article","@id":"https:\/\/www.article-marketing.eu\/comunicatistampa\/memorial-lorenzo-parelli-cultura-della-sicurezza-tra-scuola-e-impresa\/#article","isPartOf":{"@id":"https:\/\/www.article-marketing.eu\/comunicatistampa\/memorial-lorenzo-parelli-cultura-della-sicurezza-tra-scuola-e-impresa\/"},"author":{"name":"AIFUS","@id":"https:\/\/www.article-marketing.eu\/comunicatistampa\/#\/schema\/person\/d1985c4955ff71a05f49d68e3034b3cd"},"headline":"Memorial Lorenzo Parelli: cultura della sicurezza tra scuola e impresa","datePublished":"2024-03-19T14:13:52+00:00","mainEntityOfPage":{"@id":"https:\/\/www.article-marketing.eu\/comunicatistampa\/memorial-lorenzo-parelli-cultura-della-sicurezza-tra-scuola-e-impresa\/"},"wordCount":773,"commentCount":0,"keywords":["21 gennaio 2022","Aifos","alternanza scuola lavoro","Brescia","Centro di Formazione AiFOS AUREA Professional","CPTO","Fondazione AiFOS","Lorenzo Parelli","Memorial Lorenzo Parelli","percorsi per le competenze trasversali e l\u2019orientamento","Premio","Sergio Mattarella","stage"],"articleSection":["Comunicati stampa","Eventi","Istruzione"],"inLanguage":"it-IT","potentialAction":[{"@type":"CommentAction","name":"Comment","target":["https:\/\/www.article-marketing.eu\/comunicatistampa\/memorial-lorenzo-parelli-cultura-della-sicurezza-tra-scuola-e-impresa\/#respond"]}]},{"@type":"WebPage","@id":"https:\/\/www.article-marketing.eu\/comunicatistampa\/memorial-lorenzo-parelli-cultura-della-sicurezza-tra-scuola-e-impresa\/","url":"https:\/\/www.article-marketing.eu\/comunicatistampa\/memorial-lorenzo-parelli-cultura-della-sicurezza-tra-scuola-e-impresa\/","name":"Memorial Lorenzo Parelli: cultura della sicurezza tra scuola e impresa - Article Marketing","isPartOf":{"@id":"https:\/\/www.article-marketing.eu\/comunicatistampa\/#website"},"datePublished":"2024-03-19T14:13:52+00:00","author":{"@id":"https:\/\/www.article-marketing.eu\/comunicatistampa\/#\/schema\/person\/d1985c4955ff71a05f49d68e3034b3cd"},"breadcrumb":{"@id":"https:\/\/www.article-marketing.eu\/comunicatistampa\/memorial-lorenzo-parelli-cultura-della-sicurezza-tra-scuola-e-impresa\/#breadcrumb"},"inLanguage":"it-IT","potentialAction":[{"@type":"ReadAction","target":["https:\/\/www.article-marketing.eu\/comunicatistampa\/memorial-lorenzo-parelli-cultura-della-sicurezza-tra-scuola-e-impresa\/"]}]},{"@type":"BreadcrumbList","@id":"https:\/\/www.article-marketing.eu\/comunicatistampa\/memorial-lorenzo-parelli-cultura-della-sicurezza-tra-scuola-e-impresa\/#breadcrumb","itemListElement":[{"@type":"ListItem","position":1,"name":"Home","item":"https:\/\/www.article-marketing.eu\/comunicatistampa\/"},{"@type":"ListItem","position":2,"name":"Memorial Lorenzo Parelli: cultura della sicurezza tra scuola e impresa"}]},{"@type":"WebSite","@id":"https:\/\/www.article-marketing.eu\/comunicatistampa\/#website","url":"https:\/\/www.article-marketing.eu\/comunicatistampa\/","name":"Article Marketing","description":"article marketing &amp; press release","potentialAction":[{"@type":"SearchAction","target":{"@type":"EntryPoint","urlTemplate":"https:\/\/www.article-marketing.eu\/comunicatistampa\/?s={search_term_string}"},"query-input":{"@type":"PropertyValueSpecification","valueRequired":true,"valueName":"search_term_string"}}],"inLanguage":"it-IT"},{"@type":"Person","@id":"https:\/\/www.article-marketing.eu\/comunicatistampa\/#\/schema\/person\/d1985c4955ff71a05f49d68e3034b3cd","name":"AIFUS","image":{"@type":"ImageObject","inLanguage":"it-IT","@id":"https:\/\/secure.gravatar.com\/avatar\/05cf2a2ba057667571308b94c84f00ff48766ffac95710a87491a9b3ddcee484?s=96&d=mm&r=g","url":"https:\/\/secure.gravatar.com\/avatar\/05cf2a2ba057667571308b94c84f00ff48766ffac95710a87491a9b3ddcee484?s=96&d=mm&r=g","contentUrl":"https:\/\/secure.gravatar.com\/avatar\/05cf2a2ba057667571308b94c84f00ff48766ffac95710a87491a9b3ddcee484?s=96&d=mm&r=g","caption":"AIFUS"},"url":"https:\/\/www.article-marketing.eu\/comunicatistampa\/author\/aifus\/"}]}},"_links":{"self":[{"href":"https:\/\/www.article-marketing.eu\/comunicatistampa\/wp-json\/wp\/v2\/posts\/30029","targetHints":{"allow":["GET"]}}],"collection":[{"href":"https:\/\/www.article-marketing.eu\/comunicatistampa\/wp-json\/wp\/v2\/posts"}],"about":[{"href":"https:\/\/www.article-marketing.eu\/comunicatistampa\/wp-json\/wp\/v2\/types\/post"}],"author":[{"embeddable":true,"href":"https:\/\/www.article-marketing.eu\/comunicatistampa\/wp-json\/wp\/v2\/users\/881"}],"replies":[{"embeddable":true,"href":"https:\/\/www.article-marketing.eu\/comunicatistampa\/wp-json\/wp\/v2\/comments?post=30029"}],"version-history":[{"count":3,"href":"https:\/\/www.article-marketing.eu\/comunicatistampa\/wp-json\/wp\/v2\/posts\/30029\/revisions"}],"predecessor-version":[{"id":30199,"href":"https:\/\/www.article-marketing.eu\/comunicatistampa\/wp-json\/wp\/v2\/posts\/30029\/revisions\/30199"}],"wp:attachment":[{"href":"https:\/\/www.article-marketing.eu\/comunicatistampa\/wp-json\/wp\/v2\/media?parent=30029"}],"wp:term":[{"taxonomy":"category","embeddable":true,"href":"https:\/\/www.article-marketing.eu\/comunicatistampa\/wp-json\/wp\/v2\/categories?post=30029"},{"taxonomy":"post_tag","embeddable":true,"href":"https:\/\/www.article-marketing.eu\/comunicatistampa\/wp-json\/wp\/v2\/tags?post=30029"}],"curies":[{"name":"wp","href":"https:\/\/api.w.org\/{rel}","templated":true}]}}