{"id":30040,"date":"2024-03-28T11:13:50","date_gmt":"2024-03-28T10:13:50","guid":{"rendered":"https:\/\/www.article-marketing.eu\/comunicatistampa\/?p=30040"},"modified":"2024-03-21T20:29:16","modified_gmt":"2024-03-21T19:29:16","slug":"gianni-prandi-limpatto-dei-green-jobs-sullopinione-pubblica-nel-report-di-vidierre","status":"publish","type":"post","link":"https:\/\/www.article-marketing.eu\/comunicatistampa\/gianni-prandi-limpatto-dei-green-jobs-sullopinione-pubblica-nel-report-di-vidierre\/","title":{"rendered":"Gianni Prandi, l\u2019impatto dei green jobs sull\u2019opinione pubblica nel report di Vidierre"},"content":{"rendered":"<p><em><strong>I professionisti specializzati nella sostenibilit\u00e0 sono veramente in grado di affrontare le sfide della transizione ecologica? <a title=\"Gianni Prandi: approfondimenti sul fondatore e membro del CdA di Vidierre\" href=\"https:\/\/www.businesspost.eu\/tag\/gianni-prandi\/\">Gianni Prandi<\/a>, fondatore e membro del CdA di Vidierre, ha commentato i dati presentati nel report realizzato dalla societ\u00e0, osservando come il fenomeno dei \u201clavori verdi\u201d sia percepito positivamente dalla maggioranza degli italiani nonostante permangano dubbi sulla preparazione e la capacit\u00e0 di mediare con il mondo del business.<\/strong><\/em><\/p>\n<p><a title=\"Ulteriori articoli su Gianni Prandi, fondatore di Vidierre\" href=\"https:\/\/www.businesspost.eu\/tag\/gianni-prandi\/\"><img loading=\"lazy\" decoding=\"async\" src=\"https:\/\/www.greengoenergy.eu\/wp-content\/uploads\/2023\/12\/gianni-prandi-vidierre.png\" alt=\"Gianni Prandi\" width=\"300\" height=\"203\" \/><\/a><\/p>\n<h2>Gianni Prandi: l\u2019opinione degli italiani sui \u201cnuovi lavori\u201d incentrati sulla sostenibilit\u00e0<\/h2>\n<p><a title=\"Gianni Prandi, fondatore e membro del CdA di Vidierre, societ\u00e0 di Assist Group\" href=\"https:\/\/www.businesspost.eu\/tag\/gianni-prandi\/\"><strong>Gianni Prandi<\/strong><\/a>, fondatore della societ\u00e0 specializzata in analisi e monitoraggio dei media Vidierre, ha presentato i dati del recente report incentrato sul tema dei cosiddetti green jobs, ossia le professioni incentrate sull\u2019ecologia e la sostenibilit\u00e0 che il processo globale della transizione ecologica rende sempre pi\u00f9 necessari. Man mano che le societ\u00e0 riflettono su come ridurre le proprie emissioni e implementare l\u2019economia circolare, cresce infatti la necessit\u00e0 di nuovi specialisti dotati di competenze ibride che siano in grado di coniugare profitto aziendale, innovazione e sensibilit\u00e0 ecologica. Ma cosa ne pensano gli italiani? L\u2019analisi di Vidierre non lascia dubbi: come illustrato da <strong>Gianni Prandi<\/strong>, l\u201982,2% dei cittadini ha un\u2019opinione positiva dei nuovi \u201clavori verdi\u201d, in netta crescita rispetto ai dati del 2021 (76,3%). Conseguentemente, \u00e8 calata la percentuale degli scettici (da 11,6% a 7,2%) e degli incerti (da 12,1% a 10,6%).<\/p>\n<h2>Gianni Prandi: le criticit\u00e0 dei green jobs nell\u2019analisi di Vidierre<\/h2>\n<p><strong>Gianni Prandi<\/strong> ha inoltre osservato che, secondo la maggioranza degli italiani (il 48%), i \u201clavori verdi\u201d danno un contributo significativo allo \u201c<em>sviluppo umano ed economico<\/em>\u201d della societ\u00e0: \u201c<em>I dati dimostrano come le previsioni sui lavori pi\u00f9 richiesti in un prossimo futuro descrivano figure professionali qualificate. I green jobs vengono percepiti come un utile apporto per adeguare i business alle normative ambientali e per poter affrontare la transizione verso un\u2019economia pi\u00f9 sostenibile<\/em>\u201d. Il report di Vidierre rileva tuttavia anche delle criticit\u00e0 nell\u2019opinione pubblica. Ad esempio, il 49% degli italiani non ritiene che i professionisti dei green jobs siano in grado di mediare efficacemente tra il mondo del business e la protezione del Pianeta, contro il 37% degli ottimisti. Non mancano anche i dubbi sull\u2019effettiva competenza di queste figure: il 43% ritiene che non siano preparate a sufficienza, mentre il 42% si esprime a favore. Sembra dunque che sar\u00e0 necessario ancora qualche anno perch\u00e9 la maggioranza degli italiani si convinca del fatto che questi lavori svolgano un ruolo concreto e insostituibile nel salvaguardare il Pianeta.<\/p>\n","protected":false},"excerpt":{"rendered":"<p>\u201cI green jobs vengono percepiti come un utile apporto per adeguare i business alle normative ambientali e per poter affrontare la transizione verso un\u2019economia pi\u00f9 sostenibile\u201d: lo evidenzia Gianni Prandi, fondatore di Vidierre, analizzando il recente report realizzato dalla societ\u00e0 di Assist Group.<\/p>\n","protected":false},"author":6477,"featured_media":0,"comment_status":"open","ping_status":"open","sticky":false,"template":"","format":"standard","meta":{"_monsterinsights_skip_tracking":false,"_monsterinsights_sitenote_active":false,"_monsterinsights_sitenote_note":"","_monsterinsights_sitenote_category":0,"footnotes":""},"categories":[390],"tags":[10972],"class_list":["post-30040","post","type-post","status-publish","format-standard","hentry","category-professionisti","tag-gianni-prandi"],"yoast_head":"<!-- This site is optimized with the Yoast SEO plugin v27.3 - https:\/\/yoast.com\/product\/yoast-seo-wordpress\/ -->\n<title>Gianni Prandi, l\u2019impatto dei green jobs sull\u2019opinione pubblica nel report di Vidierre<\/title>\n<meta name=\"description\" content=\"\u201cI green jobs vengono percepiti come un utile apporto per adeguare i business alle normative ambientali e per poter affrontare la transizione verso un\u2019economia pi\u00f9 sostenibile\u201d: lo evidenzia Gianni Prandi, fondatore di Vidierre, analizzando il recente report realizzato dalla societ\u00e0 di Assist Group.\" \/>\n<meta name=\"robots\" content=\"index, follow, max-snippet:-1, max-image-preview:large, max-video-preview:-1\" \/>\n<link rel=\"canonical\" href=\"https:\/\/www.article-marketing.eu\/comunicatistampa\/gianni-prandi-limpatto-dei-green-jobs-sullopinione-pubblica-nel-report-di-vidierre\/\" \/>\n<meta property=\"og:locale\" content=\"it_IT\" \/>\n<meta property=\"og:type\" content=\"article\" \/>\n<meta property=\"og:title\" content=\"Gianni Prandi, l\u2019impatto dei green jobs sull\u2019opinione pubblica nel report di Vidierre\" \/>\n<meta property=\"og:description\" content=\"\u201cI green jobs vengono percepiti come un utile apporto per adeguare i business alle normative ambientali e per poter affrontare la transizione verso un\u2019economia pi\u00f9 sostenibile\u201d: lo evidenzia Gianni Prandi, fondatore di Vidierre, analizzando il recente report realizzato dalla societ\u00e0 di Assist Group.\" \/>\n<meta property=\"og:url\" content=\"https:\/\/www.article-marketing.eu\/comunicatistampa\/gianni-prandi-limpatto-dei-green-jobs-sullopinione-pubblica-nel-report-di-vidierre\/\" \/>\n<meta property=\"og:site_name\" content=\"Article Marketing\" \/>\n<meta property=\"article:published_time\" content=\"2024-03-28T10:13:50+00:00\" \/>\n<meta property=\"og:image\" content=\"https:\/\/www.greengoenergy.eu\/wp-content\/uploads\/2023\/12\/gianni-prandi-vidierre.png\" \/>\n<meta name=\"author\" content=\"articolinews\" \/>\n<meta name=\"twitter:card\" content=\"summary_large_image\" \/>\n<meta name=\"twitter:label1\" content=\"Scritto da\" \/>\n\t<meta name=\"twitter:data1\" content=\"articolinews\" \/>\n\t<meta name=\"twitter:label2\" content=\"Tempo di lettura stimato\" \/>\n\t<meta name=\"twitter:data2\" content=\"3 minuti\" \/>\n<script type=\"application\/ld+json\" class=\"yoast-schema-graph\">{\"@context\":\"https:\\\/\\\/schema.org\",\"@graph\":[{\"@type\":\"Article\",\"@id\":\"https:\\\/\\\/www.article-marketing.eu\\\/comunicatistampa\\\/gianni-prandi-limpatto-dei-green-jobs-sullopinione-pubblica-nel-report-di-vidierre\\\/#article\",\"isPartOf\":{\"@id\":\"https:\\\/\\\/www.article-marketing.eu\\\/comunicatistampa\\\/gianni-prandi-limpatto-dei-green-jobs-sullopinione-pubblica-nel-report-di-vidierre\\\/\"},\"author\":{\"name\":\"articolinews\",\"@id\":\"https:\\\/\\\/www.article-marketing.eu\\\/comunicatistampa\\\/#\\\/schema\\\/person\\\/2fcaf8f8f3a9eef9eb7f27532d3ca458\"},\"headline\":\"Gianni Prandi, l\u2019impatto dei green jobs sull\u2019opinione pubblica nel report di Vidierre\",\"datePublished\":\"2024-03-28T10:13:50+00:00\",\"mainEntityOfPage\":{\"@id\":\"https:\\\/\\\/www.article-marketing.eu\\\/comunicatistampa\\\/gianni-prandi-limpatto-dei-green-jobs-sullopinione-pubblica-nel-report-di-vidierre\\\/\"},\"wordCount\":408,\"commentCount\":0,\"image\":{\"@id\":\"https:\\\/\\\/www.article-marketing.eu\\\/comunicatistampa\\\/gianni-prandi-limpatto-dei-green-jobs-sullopinione-pubblica-nel-report-di-vidierre\\\/#primaryimage\"},\"thumbnailUrl\":\"https:\\\/\\\/www.greengoenergy.eu\\\/wp-content\\\/uploads\\\/2023\\\/12\\\/gianni-prandi-vidierre.png\",\"keywords\":[\"Gianni Prandi\"],\"articleSection\":[\"Professionisti\"],\"inLanguage\":\"it-IT\",\"potentialAction\":[{\"@type\":\"CommentAction\",\"name\":\"Comment\",\"target\":[\"https:\\\/\\\/www.article-marketing.eu\\\/comunicatistampa\\\/gianni-prandi-limpatto-dei-green-jobs-sullopinione-pubblica-nel-report-di-vidierre\\\/#respond\"]}]},{\"@type\":\"WebPage\",\"@id\":\"https:\\\/\\\/www.article-marketing.eu\\\/comunicatistampa\\\/gianni-prandi-limpatto-dei-green-jobs-sullopinione-pubblica-nel-report-di-vidierre\\\/\",\"url\":\"https:\\\/\\\/www.article-marketing.eu\\\/comunicatistampa\\\/gianni-prandi-limpatto-dei-green-jobs-sullopinione-pubblica-nel-report-di-vidierre\\\/\",\"name\":\"Gianni Prandi, l\u2019impatto dei green jobs sull\u2019opinione pubblica nel report di Vidierre\",\"isPartOf\":{\"@id\":\"https:\\\/\\\/www.article-marketing.eu\\\/comunicatistampa\\\/#website\"},\"primaryImageOfPage\":{\"@id\":\"https:\\\/\\\/www.article-marketing.eu\\\/comunicatistampa\\\/gianni-prandi-limpatto-dei-green-jobs-sullopinione-pubblica-nel-report-di-vidierre\\\/#primaryimage\"},\"image\":{\"@id\":\"https:\\\/\\\/www.article-marketing.eu\\\/comunicatistampa\\\/gianni-prandi-limpatto-dei-green-jobs-sullopinione-pubblica-nel-report-di-vidierre\\\/#primaryimage\"},\"thumbnailUrl\":\"https:\\\/\\\/www.greengoenergy.eu\\\/wp-content\\\/uploads\\\/2023\\\/12\\\/gianni-prandi-vidierre.png\",\"datePublished\":\"2024-03-28T10:13:50+00:00\",\"author\":{\"@id\":\"https:\\\/\\\/www.article-marketing.eu\\\/comunicatistampa\\\/#\\\/schema\\\/person\\\/2fcaf8f8f3a9eef9eb7f27532d3ca458\"},\"description\":\"\u201cI green jobs vengono percepiti come un utile apporto per adeguare i business alle normative ambientali e per poter affrontare la transizione verso un\u2019economia pi\u00f9 sostenibile\u201d: lo evidenzia Gianni Prandi, fondatore di Vidierre, analizzando il recente report realizzato dalla societ\u00e0 di Assist Group.\",\"breadcrumb\":{\"@id\":\"https:\\\/\\\/www.article-marketing.eu\\\/comunicatistampa\\\/gianni-prandi-limpatto-dei-green-jobs-sullopinione-pubblica-nel-report-di-vidierre\\\/#breadcrumb\"},\"inLanguage\":\"it-IT\",\"potentialAction\":[{\"@type\":\"ReadAction\",\"target\":[\"https:\\\/\\\/www.article-marketing.eu\\\/comunicatistampa\\\/gianni-prandi-limpatto-dei-green-jobs-sullopinione-pubblica-nel-report-di-vidierre\\\/\"]}]},{\"@type\":\"ImageObject\",\"inLanguage\":\"it-IT\",\"@id\":\"https:\\\/\\\/www.article-marketing.eu\\\/comunicatistampa\\\/gianni-prandi-limpatto-dei-green-jobs-sullopinione-pubblica-nel-report-di-vidierre\\\/#primaryimage\",\"url\":\"https:\\\/\\\/www.greengoenergy.eu\\\/wp-content\\\/uploads\\\/2023\\\/12\\\/gianni-prandi-vidierre.png\",\"contentUrl\":\"https:\\\/\\\/www.greengoenergy.eu\\\/wp-content\\\/uploads\\\/2023\\\/12\\\/gianni-prandi-vidierre.png\"},{\"@type\":\"BreadcrumbList\",\"@id\":\"https:\\\/\\\/www.article-marketing.eu\\\/comunicatistampa\\\/gianni-prandi-limpatto-dei-green-jobs-sullopinione-pubblica-nel-report-di-vidierre\\\/#breadcrumb\",\"itemListElement\":[{\"@type\":\"ListItem\",\"position\":1,\"name\":\"Home\",\"item\":\"https:\\\/\\\/www.article-marketing.eu\\\/comunicatistampa\\\/\"},{\"@type\":\"ListItem\",\"position\":2,\"name\":\"Gianni Prandi, l\u2019impatto dei green jobs sull\u2019opinione pubblica nel report di Vidierre\"}]},{\"@type\":\"WebSite\",\"@id\":\"https:\\\/\\\/www.article-marketing.eu\\\/comunicatistampa\\\/#website\",\"url\":\"https:\\\/\\\/www.article-marketing.eu\\\/comunicatistampa\\\/\",\"name\":\"Article Marketing\",\"description\":\"article marketing &amp; press release\",\"potentialAction\":[{\"@type\":\"SearchAction\",\"target\":{\"@type\":\"EntryPoint\",\"urlTemplate\":\"https:\\\/\\\/www.article-marketing.eu\\\/comunicatistampa\\\/?s={search_term_string}\"},\"query-input\":{\"@type\":\"PropertyValueSpecification\",\"valueRequired\":true,\"valueName\":\"search_term_string\"}}],\"inLanguage\":\"it-IT\"},{\"@type\":\"Person\",\"@id\":\"https:\\\/\\\/www.article-marketing.eu\\\/comunicatistampa\\\/#\\\/schema\\\/person\\\/2fcaf8f8f3a9eef9eb7f27532d3ca458\",\"name\":\"articolinews\",\"image\":{\"@type\":\"ImageObject\",\"inLanguage\":\"it-IT\",\"@id\":\"https:\\\/\\\/secure.gravatar.com\\\/avatar\\\/9e2a264bab04e17dea24d937c9956304649a848cb73c46747a692ff1bdeb1cb7?s=96&d=mm&r=g\",\"url\":\"https:\\\/\\\/secure.gravatar.com\\\/avatar\\\/9e2a264bab04e17dea24d937c9956304649a848cb73c46747a692ff1bdeb1cb7?s=96&d=mm&r=g\",\"contentUrl\":\"https:\\\/\\\/secure.gravatar.com\\\/avatar\\\/9e2a264bab04e17dea24d937c9956304649a848cb73c46747a692ff1bdeb1cb7?s=96&d=mm&r=g\",\"caption\":\"articolinews\"},\"url\":\"https:\\\/\\\/www.article-marketing.eu\\\/comunicatistampa\\\/author\\\/articolinews\\\/\"}]}<\/script>\n<!-- \/ Yoast SEO plugin. -->","yoast_head_json":{"title":"Gianni Prandi, l\u2019impatto dei green jobs sull\u2019opinione pubblica nel report di Vidierre","description":"\u201cI green jobs vengono percepiti come un utile apporto per adeguare i business alle normative ambientali e per poter affrontare la transizione verso un\u2019economia pi\u00f9 sostenibile\u201d: lo evidenzia Gianni Prandi, fondatore di Vidierre, analizzando il recente report realizzato dalla societ\u00e0 di Assist Group.","robots":{"index":"index","follow":"follow","max-snippet":"max-snippet:-1","max-image-preview":"max-image-preview:large","max-video-preview":"max-video-preview:-1"},"canonical":"https:\/\/www.article-marketing.eu\/comunicatistampa\/gianni-prandi-limpatto-dei-green-jobs-sullopinione-pubblica-nel-report-di-vidierre\/","og_locale":"it_IT","og_type":"article","og_title":"Gianni Prandi, l\u2019impatto dei green jobs sull\u2019opinione pubblica nel report di Vidierre","og_description":"\u201cI green jobs vengono percepiti come un utile apporto per adeguare i business alle normative ambientali e per poter affrontare la transizione verso un\u2019economia pi\u00f9 sostenibile\u201d: lo evidenzia Gianni Prandi, fondatore di Vidierre, analizzando il recente report realizzato dalla societ\u00e0 di Assist Group.","og_url":"https:\/\/www.article-marketing.eu\/comunicatistampa\/gianni-prandi-limpatto-dei-green-jobs-sullopinione-pubblica-nel-report-di-vidierre\/","og_site_name":"Article Marketing","article_published_time":"2024-03-28T10:13:50+00:00","og_image":[{"url":"https:\/\/www.greengoenergy.eu\/wp-content\/uploads\/2023\/12\/gianni-prandi-vidierre.png","type":"","width":"","height":""}],"author":"articolinews","twitter_card":"summary_large_image","twitter_misc":{"Scritto da":"articolinews","Tempo di lettura stimato":"3 minuti"},"schema":{"@context":"https:\/\/schema.org","@graph":[{"@type":"Article","@id":"https:\/\/www.article-marketing.eu\/comunicatistampa\/gianni-prandi-limpatto-dei-green-jobs-sullopinione-pubblica-nel-report-di-vidierre\/#article","isPartOf":{"@id":"https:\/\/www.article-marketing.eu\/comunicatistampa\/gianni-prandi-limpatto-dei-green-jobs-sullopinione-pubblica-nel-report-di-vidierre\/"},"author":{"name":"articolinews","@id":"https:\/\/www.article-marketing.eu\/comunicatistampa\/#\/schema\/person\/2fcaf8f8f3a9eef9eb7f27532d3ca458"},"headline":"Gianni Prandi, l\u2019impatto dei green jobs sull\u2019opinione pubblica nel report di Vidierre","datePublished":"2024-03-28T10:13:50+00:00","mainEntityOfPage":{"@id":"https:\/\/www.article-marketing.eu\/comunicatistampa\/gianni-prandi-limpatto-dei-green-jobs-sullopinione-pubblica-nel-report-di-vidierre\/"},"wordCount":408,"commentCount":0,"image":{"@id":"https:\/\/www.article-marketing.eu\/comunicatistampa\/gianni-prandi-limpatto-dei-green-jobs-sullopinione-pubblica-nel-report-di-vidierre\/#primaryimage"},"thumbnailUrl":"https:\/\/www.greengoenergy.eu\/wp-content\/uploads\/2023\/12\/gianni-prandi-vidierre.png","keywords":["Gianni Prandi"],"articleSection":["Professionisti"],"inLanguage":"it-IT","potentialAction":[{"@type":"CommentAction","name":"Comment","target":["https:\/\/www.article-marketing.eu\/comunicatistampa\/gianni-prandi-limpatto-dei-green-jobs-sullopinione-pubblica-nel-report-di-vidierre\/#respond"]}]},{"@type":"WebPage","@id":"https:\/\/www.article-marketing.eu\/comunicatistampa\/gianni-prandi-limpatto-dei-green-jobs-sullopinione-pubblica-nel-report-di-vidierre\/","url":"https:\/\/www.article-marketing.eu\/comunicatistampa\/gianni-prandi-limpatto-dei-green-jobs-sullopinione-pubblica-nel-report-di-vidierre\/","name":"Gianni Prandi, l\u2019impatto dei green jobs sull\u2019opinione pubblica nel report di Vidierre","isPartOf":{"@id":"https:\/\/www.article-marketing.eu\/comunicatistampa\/#website"},"primaryImageOfPage":{"@id":"https:\/\/www.article-marketing.eu\/comunicatistampa\/gianni-prandi-limpatto-dei-green-jobs-sullopinione-pubblica-nel-report-di-vidierre\/#primaryimage"},"image":{"@id":"https:\/\/www.article-marketing.eu\/comunicatistampa\/gianni-prandi-limpatto-dei-green-jobs-sullopinione-pubblica-nel-report-di-vidierre\/#primaryimage"},"thumbnailUrl":"https:\/\/www.greengoenergy.eu\/wp-content\/uploads\/2023\/12\/gianni-prandi-vidierre.png","datePublished":"2024-03-28T10:13:50+00:00","author":{"@id":"https:\/\/www.article-marketing.eu\/comunicatistampa\/#\/schema\/person\/2fcaf8f8f3a9eef9eb7f27532d3ca458"},"description":"\u201cI green jobs vengono percepiti come un utile apporto per adeguare i business alle normative ambientali e per poter affrontare la transizione verso un\u2019economia pi\u00f9 sostenibile\u201d: lo evidenzia Gianni Prandi, fondatore di Vidierre, analizzando il recente report realizzato dalla societ\u00e0 di Assist Group.","breadcrumb":{"@id":"https:\/\/www.article-marketing.eu\/comunicatistampa\/gianni-prandi-limpatto-dei-green-jobs-sullopinione-pubblica-nel-report-di-vidierre\/#breadcrumb"},"inLanguage":"it-IT","potentialAction":[{"@type":"ReadAction","target":["https:\/\/www.article-marketing.eu\/comunicatistampa\/gianni-prandi-limpatto-dei-green-jobs-sullopinione-pubblica-nel-report-di-vidierre\/"]}]},{"@type":"ImageObject","inLanguage":"it-IT","@id":"https:\/\/www.article-marketing.eu\/comunicatistampa\/gianni-prandi-limpatto-dei-green-jobs-sullopinione-pubblica-nel-report-di-vidierre\/#primaryimage","url":"https:\/\/www.greengoenergy.eu\/wp-content\/uploads\/2023\/12\/gianni-prandi-vidierre.png","contentUrl":"https:\/\/www.greengoenergy.eu\/wp-content\/uploads\/2023\/12\/gianni-prandi-vidierre.png"},{"@type":"BreadcrumbList","@id":"https:\/\/www.article-marketing.eu\/comunicatistampa\/gianni-prandi-limpatto-dei-green-jobs-sullopinione-pubblica-nel-report-di-vidierre\/#breadcrumb","itemListElement":[{"@type":"ListItem","position":1,"name":"Home","item":"https:\/\/www.article-marketing.eu\/comunicatistampa\/"},{"@type":"ListItem","position":2,"name":"Gianni Prandi, l\u2019impatto dei green jobs sull\u2019opinione pubblica nel report di Vidierre"}]},{"@type":"WebSite","@id":"https:\/\/www.article-marketing.eu\/comunicatistampa\/#website","url":"https:\/\/www.article-marketing.eu\/comunicatistampa\/","name":"Article Marketing","description":"article marketing &amp; press release","potentialAction":[{"@type":"SearchAction","target":{"@type":"EntryPoint","urlTemplate":"https:\/\/www.article-marketing.eu\/comunicatistampa\/?s={search_term_string}"},"query-input":{"@type":"PropertyValueSpecification","valueRequired":true,"valueName":"search_term_string"}}],"inLanguage":"it-IT"},{"@type":"Person","@id":"https:\/\/www.article-marketing.eu\/comunicatistampa\/#\/schema\/person\/2fcaf8f8f3a9eef9eb7f27532d3ca458","name":"articolinews","image":{"@type":"ImageObject","inLanguage":"it-IT","@id":"https:\/\/secure.gravatar.com\/avatar\/9e2a264bab04e17dea24d937c9956304649a848cb73c46747a692ff1bdeb1cb7?s=96&d=mm&r=g","url":"https:\/\/secure.gravatar.com\/avatar\/9e2a264bab04e17dea24d937c9956304649a848cb73c46747a692ff1bdeb1cb7?s=96&d=mm&r=g","contentUrl":"https:\/\/secure.gravatar.com\/avatar\/9e2a264bab04e17dea24d937c9956304649a848cb73c46747a692ff1bdeb1cb7?s=96&d=mm&r=g","caption":"articolinews"},"url":"https:\/\/www.article-marketing.eu\/comunicatistampa\/author\/articolinews\/"}]}},"_links":{"self":[{"href":"https:\/\/www.article-marketing.eu\/comunicatistampa\/wp-json\/wp\/v2\/posts\/30040","targetHints":{"allow":["GET"]}}],"collection":[{"href":"https:\/\/www.article-marketing.eu\/comunicatistampa\/wp-json\/wp\/v2\/posts"}],"about":[{"href":"https:\/\/www.article-marketing.eu\/comunicatistampa\/wp-json\/wp\/v2\/types\/post"}],"author":[{"embeddable":true,"href":"https:\/\/www.article-marketing.eu\/comunicatistampa\/wp-json\/wp\/v2\/users\/6477"}],"replies":[{"embeddable":true,"href":"https:\/\/www.article-marketing.eu\/comunicatistampa\/wp-json\/wp\/v2\/comments?post=30040"}],"version-history":[{"count":2,"href":"https:\/\/www.article-marketing.eu\/comunicatistampa\/wp-json\/wp\/v2\/posts\/30040\/revisions"}],"predecessor-version":[{"id":30316,"href":"https:\/\/www.article-marketing.eu\/comunicatistampa\/wp-json\/wp\/v2\/posts\/30040\/revisions\/30316"}],"wp:attachment":[{"href":"https:\/\/www.article-marketing.eu\/comunicatistampa\/wp-json\/wp\/v2\/media?parent=30040"}],"wp:term":[{"taxonomy":"category","embeddable":true,"href":"https:\/\/www.article-marketing.eu\/comunicatistampa\/wp-json\/wp\/v2\/categories?post=30040"},{"taxonomy":"post_tag","embeddable":true,"href":"https:\/\/www.article-marketing.eu\/comunicatistampa\/wp-json\/wp\/v2\/tags?post=30040"}],"curies":[{"name":"wp","href":"https:\/\/api.w.org\/{rel}","templated":true}]}}