{"id":30082,"date":"2024-03-21T08:11:18","date_gmt":"2024-03-21T07:11:18","guid":{"rendered":"https:\/\/www.article-marketing.eu\/comunicatistampa\/?p=30082"},"modified":"2024-09-17T19:50:37","modified_gmt":"2024-09-17T17:50:37","slug":"addio-rete-fissa-tim-punta-su-innovazione-e-servizi-il-progetto-dellad-pietro-labriola","status":"publish","type":"post","link":"https:\/\/www.article-marketing.eu\/comunicatistampa\/addio-rete-fissa-tim-punta-su-innovazione-e-servizi-il-progetto-dellad-pietro-labriola\/","title":{"rendered":"Addio rete fissa, TIM punta su innovazione e servizi: il progetto dell\u2019AD Pietro Labriola"},"content":{"rendered":"<p><em><strong>Si deve a lui il merito di aver trasformato quella che era considerata un fardello economico, TIM Brasil, in una delle prime aziende al mondo per ritorno sul capitale investito: <a title=\"Pietro Labriola racconta a Forbes il nuovo corso di Tim\" href=\"https:\/\/forbes.it\/2024\/01\/15\/tim-pietro-labriola-racconta-forbes-nuovo-corso\/\">Pietro Labriola<\/a>, Amministratore Delegato di TIM, oggi guida il Gruppo verso un nuovo capitolo, incentrato su servizi, tecnologia e innovazione.<\/strong><\/em><\/p>\n<p><a title=\"Pietro Labriola: ecco la rivoluzione di Tim\" href=\"https:\/\/forbes.it\/2024\/01\/15\/tim-pietro-labriola-racconta-forbes-nuovo-corso\/\"><img loading=\"lazy\" decoding=\"async\" src=\"https:\/\/forbes.it\/wp-content\/uploads\/2024\/01\/pietro-labriola-tim.jpg\" alt=\"Pietro Labriola\" width=\"300\" height=\"200\" \/><\/a><\/p>\n<h2>Pietro Labriola guida TIM verso lo scorporo della rete fissa<\/h2>\n<p>Un passo coraggioso sul quale si \u00e8 discusso tanto, ma che <a title=\"Su Forbes l'intervista integrale a Pietro Labriola\" href=\"https:\/\/forbes.it\/2024\/01\/15\/tim-pietro-labriola-racconta-forbes-nuovo-corso\/\"><strong>Pietro Labriola<\/strong><\/a> ha saputo portare avanti cos\u00ec da gettare le basi di un nuovo modello di business sostenibile. Lo scorporo dell\u2019infrastruttura di rete fissa ha infatti una forte valenza industriale e traccia il futuro del Gruppo. L\u2019operazione, conclusa grazie ad un accordo con il fondo americano Kkr, permetter\u00e0 a TIM di ridurre il proprio debito finanziario per poter concentrare le forze nella costruzione di una nuova realt\u00e0. \u201c<em>La nuova TIM sar\u00e0 uno dei motori principali della digitalizzazione del Paese<\/em> \u2013 ha dichiarato Pietro Labriola \u2013 <em>\u00c8 vero che a breve non ci occuperemo pi\u00f9 della costruzione della rete in fibra Ftth, dove serviamo gi\u00e0 oltre 8,4 milioni di unit\u00e0 tecniche immobiliari, ma rimarremo concentrati sullo sviluppo del 5G e delle altre infrastrutture che servono a far compiere un salto tecnologico e digitale all\u2019economia del Paese<\/em>\u201d.<\/p>\n<h2>Pietro Labriola: la nuova TIM tra enterprise e customer platform<\/h2>\n<p>Saranno due le anime della nuova TIM: la consumer e la enterprise, pensate rispettivamente per il mercato retail e per quello delle grandi aziende e della Pubblica Amministrazione. Innovazione tecnologica e servizi saranno al centro delle scelte aziendali. Da un lato, la societ\u00e0 guidata da Pietro Labriola punter\u00e0 sui servizi con un approccio pi\u00f9 user friendly che porter\u00e0 alla semplificazione delle operazioni, allo snellimento dei contratti e a nuovi modelli di business basati sulla strategia della customer platform. Dall\u2019altro, affider\u00e0 alla business unit TIM Enterprise il compito di guidare la crescita del Gruppo attraverso soluzioni digitali innovative. \u201c<em>Non forniamo solo sim e connessioni, ma anche cloud, internet of things e cybersecurity<\/em> \u2013 ha spiegato l\u2019AD <strong>Pietro Labriola<\/strong> \u2013 <em>siamo gli unici a poter offrire un portafoglio di servizi completo e integrato<\/em>\u201d. TIM \u00e8 inoltre parte del progetto \u201cPolo Strategico Nazionale\u201d, ideato per portare la Pubblica Amministrazione sul cloud.<\/p>\n","protected":false},"excerpt":{"rendered":"<p>Si deve a lui il merito di aver trasformato quella che era considerata un fardello economico, TIM Brasil, in una delle prime aziende al mondo per ritorno sul capitale investito: Pietro Labriola, Amministratore Delegato di TIM, oggi guida il Gruppo verso un nuovo capitolo, incentrato su servizi, tecnologia e innovazione. Pietro Labriola guida TIM verso lo scorporo della rete fissa Un passo coraggioso sul quale si \u00e8 discusso tanto, ma<\/p>\n<p><a class=\"continue-reading\" href=\"https:\/\/www.article-marketing.eu\/comunicatistampa\/addio-rete-fissa-tim-punta-su-innovazione-e-servizi-il-progetto-dellad-pietro-labriola\/\">Continue reading&#8230;<\/a><\/p>\n","protected":false},"author":6477,"featured_media":0,"comment_status":"open","ping_status":"open","sticky":false,"template":"","format":"standard","meta":{"_monsterinsights_skip_tracking":false,"_monsterinsights_sitenote_active":false,"_monsterinsights_sitenote_note":"","_monsterinsights_sitenote_category":0,"footnotes":""},"categories":[388],"tags":[10949],"class_list":["post-30082","post","type-post","status-publish","format-standard","hentry","category-aziende","tag-pietro-labriola"],"yoast_head":"<!-- This site is optimized with the Yoast SEO plugin v27.3 - https:\/\/yoast.com\/product\/yoast-seo-wordpress\/ -->\n<title>Addio rete fissa, TIM punta su innovazione e servizi: il progetto dell\u2019AD Pietro Labriola<\/title>\n<meta name=\"robots\" content=\"index, follow, max-snippet:-1, max-image-preview:large, max-video-preview:-1\" \/>\n<link rel=\"canonical\" href=\"https:\/\/www.article-marketing.eu\/comunicatistampa\/addio-rete-fissa-tim-punta-su-innovazione-e-servizi-il-progetto-dellad-pietro-labriola\/\" \/>\n<meta property=\"og:locale\" content=\"it_IT\" \/>\n<meta property=\"og:type\" content=\"article\" \/>\n<meta property=\"og:title\" content=\"Addio rete fissa, TIM punta su innovazione e servizi: il progetto dell\u2019AD Pietro Labriola\" \/>\n<meta property=\"og:description\" content=\"Si deve a lui il merito di aver trasformato quella che era considerata un fardello economico, TIM Brasil, in una delle prime aziende al mondo per ritorno sul capitale investito: Pietro Labriola, Amministratore Delegato di TIM, oggi guida il Gruppo verso un nuovo capitolo, incentrato su servizi, tecnologia e innovazione. Pietro Labriola guida TIM verso lo scorporo della rete fissa Un passo coraggioso sul quale si \u00e8 discusso tanto, maContinue reading...\" \/>\n<meta property=\"og:url\" content=\"https:\/\/www.article-marketing.eu\/comunicatistampa\/addio-rete-fissa-tim-punta-su-innovazione-e-servizi-il-progetto-dellad-pietro-labriola\/\" \/>\n<meta property=\"og:site_name\" content=\"Article Marketing\" \/>\n<meta property=\"article:published_time\" content=\"2024-03-21T07:11:18+00:00\" \/>\n<meta property=\"article:modified_time\" content=\"2024-09-17T17:50:37+00:00\" \/>\n<meta property=\"og:image\" content=\"https:\/\/forbes.it\/wp-content\/uploads\/2024\/01\/pietro-labriola-tim.jpg\" \/>\n<meta name=\"author\" content=\"articolinews\" \/>\n<meta name=\"twitter:card\" content=\"summary_large_image\" \/>\n<meta name=\"twitter:label1\" content=\"Scritto da\" \/>\n\t<meta name=\"twitter:data1\" content=\"articolinews\" \/>\n\t<meta name=\"twitter:label2\" content=\"Tempo di lettura stimato\" \/>\n\t<meta name=\"twitter:data2\" content=\"3 minuti\" \/>\n<script type=\"application\/ld+json\" class=\"yoast-schema-graph\">{\"@context\":\"https:\\\/\\\/schema.org\",\"@graph\":[{\"@type\":\"Article\",\"@id\":\"https:\\\/\\\/www.article-marketing.eu\\\/comunicatistampa\\\/addio-rete-fissa-tim-punta-su-innovazione-e-servizi-il-progetto-dellad-pietro-labriola\\\/#article\",\"isPartOf\":{\"@id\":\"https:\\\/\\\/www.article-marketing.eu\\\/comunicatistampa\\\/addio-rete-fissa-tim-punta-su-innovazione-e-servizi-il-progetto-dellad-pietro-labriola\\\/\"},\"author\":{\"name\":\"articolinews\",\"@id\":\"https:\\\/\\\/www.article-marketing.eu\\\/comunicatistampa\\\/#\\\/schema\\\/person\\\/2fcaf8f8f3a9eef9eb7f27532d3ca458\"},\"headline\":\"Addio rete fissa, TIM punta su innovazione e servizi: il progetto dell\u2019AD Pietro Labriola\",\"datePublished\":\"2024-03-21T07:11:18+00:00\",\"dateModified\":\"2024-09-17T17:50:37+00:00\",\"mainEntityOfPage\":{\"@id\":\"https:\\\/\\\/www.article-marketing.eu\\\/comunicatistampa\\\/addio-rete-fissa-tim-punta-su-innovazione-e-servizi-il-progetto-dellad-pietro-labriola\\\/\"},\"wordCount\":376,\"commentCount\":0,\"image\":{\"@id\":\"https:\\\/\\\/www.article-marketing.eu\\\/comunicatistampa\\\/addio-rete-fissa-tim-punta-su-innovazione-e-servizi-il-progetto-dellad-pietro-labriola\\\/#primaryimage\"},\"thumbnailUrl\":\"https:\\\/\\\/forbes.it\\\/wp-content\\\/uploads\\\/2024\\\/01\\\/pietro-labriola-tim.jpg\",\"keywords\":[\"Pietro Labriola\"],\"articleSection\":[\"Aziende\"],\"inLanguage\":\"it-IT\",\"potentialAction\":[{\"@type\":\"CommentAction\",\"name\":\"Comment\",\"target\":[\"https:\\\/\\\/www.article-marketing.eu\\\/comunicatistampa\\\/addio-rete-fissa-tim-punta-su-innovazione-e-servizi-il-progetto-dellad-pietro-labriola\\\/#respond\"]}]},{\"@type\":\"WebPage\",\"@id\":\"https:\\\/\\\/www.article-marketing.eu\\\/comunicatistampa\\\/addio-rete-fissa-tim-punta-su-innovazione-e-servizi-il-progetto-dellad-pietro-labriola\\\/\",\"url\":\"https:\\\/\\\/www.article-marketing.eu\\\/comunicatistampa\\\/addio-rete-fissa-tim-punta-su-innovazione-e-servizi-il-progetto-dellad-pietro-labriola\\\/\",\"name\":\"Addio rete fissa, TIM punta su innovazione e servizi: il progetto dell\u2019AD Pietro Labriola\",\"isPartOf\":{\"@id\":\"https:\\\/\\\/www.article-marketing.eu\\\/comunicatistampa\\\/#website\"},\"primaryImageOfPage\":{\"@id\":\"https:\\\/\\\/www.article-marketing.eu\\\/comunicatistampa\\\/addio-rete-fissa-tim-punta-su-innovazione-e-servizi-il-progetto-dellad-pietro-labriola\\\/#primaryimage\"},\"image\":{\"@id\":\"https:\\\/\\\/www.article-marketing.eu\\\/comunicatistampa\\\/addio-rete-fissa-tim-punta-su-innovazione-e-servizi-il-progetto-dellad-pietro-labriola\\\/#primaryimage\"},\"thumbnailUrl\":\"https:\\\/\\\/forbes.it\\\/wp-content\\\/uploads\\\/2024\\\/01\\\/pietro-labriola-tim.jpg\",\"datePublished\":\"2024-03-21T07:11:18+00:00\",\"dateModified\":\"2024-09-17T17:50:37+00:00\",\"author\":{\"@id\":\"https:\\\/\\\/www.article-marketing.eu\\\/comunicatistampa\\\/#\\\/schema\\\/person\\\/2fcaf8f8f3a9eef9eb7f27532d3ca458\"},\"breadcrumb\":{\"@id\":\"https:\\\/\\\/www.article-marketing.eu\\\/comunicatistampa\\\/addio-rete-fissa-tim-punta-su-innovazione-e-servizi-il-progetto-dellad-pietro-labriola\\\/#breadcrumb\"},\"inLanguage\":\"it-IT\",\"potentialAction\":[{\"@type\":\"ReadAction\",\"target\":[\"https:\\\/\\\/www.article-marketing.eu\\\/comunicatistampa\\\/addio-rete-fissa-tim-punta-su-innovazione-e-servizi-il-progetto-dellad-pietro-labriola\\\/\"]}]},{\"@type\":\"ImageObject\",\"inLanguage\":\"it-IT\",\"@id\":\"https:\\\/\\\/www.article-marketing.eu\\\/comunicatistampa\\\/addio-rete-fissa-tim-punta-su-innovazione-e-servizi-il-progetto-dellad-pietro-labriola\\\/#primaryimage\",\"url\":\"https:\\\/\\\/forbes.it\\\/wp-content\\\/uploads\\\/2024\\\/01\\\/pietro-labriola-tim.jpg\",\"contentUrl\":\"https:\\\/\\\/forbes.it\\\/wp-content\\\/uploads\\\/2024\\\/01\\\/pietro-labriola-tim.jpg\"},{\"@type\":\"BreadcrumbList\",\"@id\":\"https:\\\/\\\/www.article-marketing.eu\\\/comunicatistampa\\\/addio-rete-fissa-tim-punta-su-innovazione-e-servizi-il-progetto-dellad-pietro-labriola\\\/#breadcrumb\",\"itemListElement\":[{\"@type\":\"ListItem\",\"position\":1,\"name\":\"Home\",\"item\":\"https:\\\/\\\/www.article-marketing.eu\\\/comunicatistampa\\\/\"},{\"@type\":\"ListItem\",\"position\":2,\"name\":\"Addio rete fissa, TIM punta su innovazione e servizi: il progetto dell\u2019AD Pietro Labriola\"}]},{\"@type\":\"WebSite\",\"@id\":\"https:\\\/\\\/www.article-marketing.eu\\\/comunicatistampa\\\/#website\",\"url\":\"https:\\\/\\\/www.article-marketing.eu\\\/comunicatistampa\\\/\",\"name\":\"Article Marketing\",\"description\":\"article marketing &amp; press release\",\"potentialAction\":[{\"@type\":\"SearchAction\",\"target\":{\"@type\":\"EntryPoint\",\"urlTemplate\":\"https:\\\/\\\/www.article-marketing.eu\\\/comunicatistampa\\\/?s={search_term_string}\"},\"query-input\":{\"@type\":\"PropertyValueSpecification\",\"valueRequired\":true,\"valueName\":\"search_term_string\"}}],\"inLanguage\":\"it-IT\"},{\"@type\":\"Person\",\"@id\":\"https:\\\/\\\/www.article-marketing.eu\\\/comunicatistampa\\\/#\\\/schema\\\/person\\\/2fcaf8f8f3a9eef9eb7f27532d3ca458\",\"name\":\"articolinews\",\"image\":{\"@type\":\"ImageObject\",\"inLanguage\":\"it-IT\",\"@id\":\"https:\\\/\\\/secure.gravatar.com\\\/avatar\\\/9e2a264bab04e17dea24d937c9956304649a848cb73c46747a692ff1bdeb1cb7?s=96&d=mm&r=g\",\"url\":\"https:\\\/\\\/secure.gravatar.com\\\/avatar\\\/9e2a264bab04e17dea24d937c9956304649a848cb73c46747a692ff1bdeb1cb7?s=96&d=mm&r=g\",\"contentUrl\":\"https:\\\/\\\/secure.gravatar.com\\\/avatar\\\/9e2a264bab04e17dea24d937c9956304649a848cb73c46747a692ff1bdeb1cb7?s=96&d=mm&r=g\",\"caption\":\"articolinews\"},\"url\":\"https:\\\/\\\/www.article-marketing.eu\\\/comunicatistampa\\\/author\\\/articolinews\\\/\"}]}<\/script>\n<!-- \/ Yoast SEO plugin. -->","yoast_head_json":{"title":"Addio rete fissa, TIM punta su innovazione e servizi: il progetto dell\u2019AD Pietro Labriola","robots":{"index":"index","follow":"follow","max-snippet":"max-snippet:-1","max-image-preview":"max-image-preview:large","max-video-preview":"max-video-preview:-1"},"canonical":"https:\/\/www.article-marketing.eu\/comunicatistampa\/addio-rete-fissa-tim-punta-su-innovazione-e-servizi-il-progetto-dellad-pietro-labriola\/","og_locale":"it_IT","og_type":"article","og_title":"Addio rete fissa, TIM punta su innovazione e servizi: il progetto dell\u2019AD Pietro Labriola","og_description":"Si deve a lui il merito di aver trasformato quella che era considerata un fardello economico, TIM Brasil, in una delle prime aziende al mondo per ritorno sul capitale investito: Pietro Labriola, Amministratore Delegato di TIM, oggi guida il Gruppo verso un nuovo capitolo, incentrato su servizi, tecnologia e innovazione. Pietro Labriola guida TIM verso lo scorporo della rete fissa Un passo coraggioso sul quale si \u00e8 discusso tanto, maContinue reading...","og_url":"https:\/\/www.article-marketing.eu\/comunicatistampa\/addio-rete-fissa-tim-punta-su-innovazione-e-servizi-il-progetto-dellad-pietro-labriola\/","og_site_name":"Article Marketing","article_published_time":"2024-03-21T07:11:18+00:00","article_modified_time":"2024-09-17T17:50:37+00:00","og_image":[{"url":"https:\/\/forbes.it\/wp-content\/uploads\/2024\/01\/pietro-labriola-tim.jpg","type":"","width":"","height":""}],"author":"articolinews","twitter_card":"summary_large_image","twitter_misc":{"Scritto da":"articolinews","Tempo di lettura stimato":"3 minuti"},"schema":{"@context":"https:\/\/schema.org","@graph":[{"@type":"Article","@id":"https:\/\/www.article-marketing.eu\/comunicatistampa\/addio-rete-fissa-tim-punta-su-innovazione-e-servizi-il-progetto-dellad-pietro-labriola\/#article","isPartOf":{"@id":"https:\/\/www.article-marketing.eu\/comunicatistampa\/addio-rete-fissa-tim-punta-su-innovazione-e-servizi-il-progetto-dellad-pietro-labriola\/"},"author":{"name":"articolinews","@id":"https:\/\/www.article-marketing.eu\/comunicatistampa\/#\/schema\/person\/2fcaf8f8f3a9eef9eb7f27532d3ca458"},"headline":"Addio rete fissa, TIM punta su innovazione e servizi: il progetto dell\u2019AD Pietro Labriola","datePublished":"2024-03-21T07:11:18+00:00","dateModified":"2024-09-17T17:50:37+00:00","mainEntityOfPage":{"@id":"https:\/\/www.article-marketing.eu\/comunicatistampa\/addio-rete-fissa-tim-punta-su-innovazione-e-servizi-il-progetto-dellad-pietro-labriola\/"},"wordCount":376,"commentCount":0,"image":{"@id":"https:\/\/www.article-marketing.eu\/comunicatistampa\/addio-rete-fissa-tim-punta-su-innovazione-e-servizi-il-progetto-dellad-pietro-labriola\/#primaryimage"},"thumbnailUrl":"https:\/\/forbes.it\/wp-content\/uploads\/2024\/01\/pietro-labriola-tim.jpg","keywords":["Pietro Labriola"],"articleSection":["Aziende"],"inLanguage":"it-IT","potentialAction":[{"@type":"CommentAction","name":"Comment","target":["https:\/\/www.article-marketing.eu\/comunicatistampa\/addio-rete-fissa-tim-punta-su-innovazione-e-servizi-il-progetto-dellad-pietro-labriola\/#respond"]}]},{"@type":"WebPage","@id":"https:\/\/www.article-marketing.eu\/comunicatistampa\/addio-rete-fissa-tim-punta-su-innovazione-e-servizi-il-progetto-dellad-pietro-labriola\/","url":"https:\/\/www.article-marketing.eu\/comunicatistampa\/addio-rete-fissa-tim-punta-su-innovazione-e-servizi-il-progetto-dellad-pietro-labriola\/","name":"Addio rete fissa, TIM punta su innovazione e servizi: il progetto dell\u2019AD Pietro Labriola","isPartOf":{"@id":"https:\/\/www.article-marketing.eu\/comunicatistampa\/#website"},"primaryImageOfPage":{"@id":"https:\/\/www.article-marketing.eu\/comunicatistampa\/addio-rete-fissa-tim-punta-su-innovazione-e-servizi-il-progetto-dellad-pietro-labriola\/#primaryimage"},"image":{"@id":"https:\/\/www.article-marketing.eu\/comunicatistampa\/addio-rete-fissa-tim-punta-su-innovazione-e-servizi-il-progetto-dellad-pietro-labriola\/#primaryimage"},"thumbnailUrl":"https:\/\/forbes.it\/wp-content\/uploads\/2024\/01\/pietro-labriola-tim.jpg","datePublished":"2024-03-21T07:11:18+00:00","dateModified":"2024-09-17T17:50:37+00:00","author":{"@id":"https:\/\/www.article-marketing.eu\/comunicatistampa\/#\/schema\/person\/2fcaf8f8f3a9eef9eb7f27532d3ca458"},"breadcrumb":{"@id":"https:\/\/www.article-marketing.eu\/comunicatistampa\/addio-rete-fissa-tim-punta-su-innovazione-e-servizi-il-progetto-dellad-pietro-labriola\/#breadcrumb"},"inLanguage":"it-IT","potentialAction":[{"@type":"ReadAction","target":["https:\/\/www.article-marketing.eu\/comunicatistampa\/addio-rete-fissa-tim-punta-su-innovazione-e-servizi-il-progetto-dellad-pietro-labriola\/"]}]},{"@type":"ImageObject","inLanguage":"it-IT","@id":"https:\/\/www.article-marketing.eu\/comunicatistampa\/addio-rete-fissa-tim-punta-su-innovazione-e-servizi-il-progetto-dellad-pietro-labriola\/#primaryimage","url":"https:\/\/forbes.it\/wp-content\/uploads\/2024\/01\/pietro-labriola-tim.jpg","contentUrl":"https:\/\/forbes.it\/wp-content\/uploads\/2024\/01\/pietro-labriola-tim.jpg"},{"@type":"BreadcrumbList","@id":"https:\/\/www.article-marketing.eu\/comunicatistampa\/addio-rete-fissa-tim-punta-su-innovazione-e-servizi-il-progetto-dellad-pietro-labriola\/#breadcrumb","itemListElement":[{"@type":"ListItem","position":1,"name":"Home","item":"https:\/\/www.article-marketing.eu\/comunicatistampa\/"},{"@type":"ListItem","position":2,"name":"Addio rete fissa, TIM punta su innovazione e servizi: il progetto dell\u2019AD Pietro Labriola"}]},{"@type":"WebSite","@id":"https:\/\/www.article-marketing.eu\/comunicatistampa\/#website","url":"https:\/\/www.article-marketing.eu\/comunicatistampa\/","name":"Article Marketing","description":"article marketing &amp; press release","potentialAction":[{"@type":"SearchAction","target":{"@type":"EntryPoint","urlTemplate":"https:\/\/www.article-marketing.eu\/comunicatistampa\/?s={search_term_string}"},"query-input":{"@type":"PropertyValueSpecification","valueRequired":true,"valueName":"search_term_string"}}],"inLanguage":"it-IT"},{"@type":"Person","@id":"https:\/\/www.article-marketing.eu\/comunicatistampa\/#\/schema\/person\/2fcaf8f8f3a9eef9eb7f27532d3ca458","name":"articolinews","image":{"@type":"ImageObject","inLanguage":"it-IT","@id":"https:\/\/secure.gravatar.com\/avatar\/9e2a264bab04e17dea24d937c9956304649a848cb73c46747a692ff1bdeb1cb7?s=96&d=mm&r=g","url":"https:\/\/secure.gravatar.com\/avatar\/9e2a264bab04e17dea24d937c9956304649a848cb73c46747a692ff1bdeb1cb7?s=96&d=mm&r=g","contentUrl":"https:\/\/secure.gravatar.com\/avatar\/9e2a264bab04e17dea24d937c9956304649a848cb73c46747a692ff1bdeb1cb7?s=96&d=mm&r=g","caption":"articolinews"},"url":"https:\/\/www.article-marketing.eu\/comunicatistampa\/author\/articolinews\/"}]}},"_links":{"self":[{"href":"https:\/\/www.article-marketing.eu\/comunicatistampa\/wp-json\/wp\/v2\/posts\/30082","targetHints":{"allow":["GET"]}}],"collection":[{"href":"https:\/\/www.article-marketing.eu\/comunicatistampa\/wp-json\/wp\/v2\/posts"}],"about":[{"href":"https:\/\/www.article-marketing.eu\/comunicatistampa\/wp-json\/wp\/v2\/types\/post"}],"author":[{"embeddable":true,"href":"https:\/\/www.article-marketing.eu\/comunicatistampa\/wp-json\/wp\/v2\/users\/6477"}],"replies":[{"embeddable":true,"href":"https:\/\/www.article-marketing.eu\/comunicatistampa\/wp-json\/wp\/v2\/comments?post=30082"}],"version-history":[{"count":3,"href":"https:\/\/www.article-marketing.eu\/comunicatistampa\/wp-json\/wp\/v2\/posts\/30082\/revisions"}],"predecessor-version":[{"id":30211,"href":"https:\/\/www.article-marketing.eu\/comunicatistampa\/wp-json\/wp\/v2\/posts\/30082\/revisions\/30211"}],"wp:attachment":[{"href":"https:\/\/www.article-marketing.eu\/comunicatistampa\/wp-json\/wp\/v2\/media?parent=30082"}],"wp:term":[{"taxonomy":"category","embeddable":true,"href":"https:\/\/www.article-marketing.eu\/comunicatistampa\/wp-json\/wp\/v2\/categories?post=30082"},{"taxonomy":"post_tag","embeddable":true,"href":"https:\/\/www.article-marketing.eu\/comunicatistampa\/wp-json\/wp\/v2\/tags?post=30082"}],"curies":[{"name":"wp","href":"https:\/\/api.w.org\/{rel}","templated":true}]}}