{"id":30090,"date":"2024-03-30T07:13:38","date_gmt":"2024-03-30T06:13:38","guid":{"rendered":"https:\/\/www.article-marketing.eu\/comunicatistampa\/?p=30090"},"modified":"2024-03-21T20:38:10","modified_gmt":"2024-03-21T19:38:10","slug":"atitech-il-presidente-gianni-lettieri-presenta-le-iniziative-solidali-per-il-natale","status":"publish","type":"post","link":"https:\/\/www.article-marketing.eu\/comunicatistampa\/atitech-il-presidente-gianni-lettieri-presenta-le-iniziative-solidali-per-il-natale\/","title":{"rendered":"Atitech, il Presidente Gianni Lettieri presenta le iniziative solidali per il Natale"},"content":{"rendered":"<p><strong><em>Sotto la guida del Presidente <a title=\"Gianni Lettieri su Youtube: la pagina ufficiale\" href=\"https:\/\/www.youtube.com\/channel\/UCNrFdsPdMCEYyeozAHK_siA\">Gianni Lettieri<\/a>, Atitech, societ\u00e0 leader nel settore della manutenzione degli aeromobili, ha rinnovato l\u2019iniziativa del Natale solidale, che ha messo a disposizione delle famiglie in difficolt\u00e0, per l\u2019intera durata del periodo natalizio, dei pasti caldi legati alla tradizione culinaria partenopea.<\/em><\/strong><\/p>\n<p><a title=\"La pagina Youtube di Gianni Lettieri\" href=\"https:\/\/www.youtube.com\/channel\/UCNrFdsPdMCEYyeozAHK_siA\"><img loading=\"lazy\" decoding=\"async\" src=\"https:\/\/www.giannilettieri.com\/wp-content\/uploads\/2020\/08\/gianni-lettieri-9.jpg\" alt=\"Gianni Lettieri\" width=\"200\" height=\"300\" \/><\/a><\/p>\n<h2>Gianni Lettieri: la quarta edizione del Natale solidale di Atitech<\/h2>\n<p>Atitech, sotto la guida del Presidente <strong>Gianni Lettieri<\/strong>, ha portato a termine anche la quarta edizione del Natale solidale, iniziativa volta a sostenere le famiglie del napoletano messe a dura prova dalla crisi. Per l\u2019intero periodo natalizio, dal 16 dicembre al 7 gennaio, 100 famiglie hanno potuto godere di pasti caldi e di qualit\u00e0 tutti i giorni. Il Presidente del Gruppo ha sottolineato come la solidariet\u00e0 e la responsabilit\u00e0 verso il territorio costituiscano veri e propri doveri per gli imprenditori: \u201c<em>Non \u00e8 elemosina ma solidariet\u00e0. Chi fa impresa ha la responsabilit\u00e0 solidale di curare il territorio in cui opera e noi, con la quarta edizione del Natale solidale di Atitech, abbiamo provato a rendere queste festivit\u00e0 pi\u00f9 serene per tante famiglie di Napoli e della sua provincia che sono state travolte dalla crisi economica, dalla pandemia e dalle tante emergenze che attanagliano la nostra citt\u00e0<\/em>\u201d. <strong>Gianni Lettieri<\/strong> ha tuttavia rivelato che la sua ambizione \u00e8 quella di dare luogo a una iniziativa permanente, ossia un \u201cristorante solidale\u201d, che permetta anche ai cittadini svantaggiati di trovare un\u2019occupazione e valorizzare le proprie competenze: \u201c<em>Il mio obiettivo, per\u00f2, resta quello di aprire un ristorante solidale nel cuore di Napoli dove accogliere le famiglie in difficolt\u00e0 che, al costo simbolico di 1 euro a persona, possono pranzare; un posto dove sia possibile anche ricollocare lavorativamente chi ha delle competenze, dove la domanda e l&#8217;offerta si incontrano e un lavoratore possa avere la possibilit\u00e0 di essere inserito nuovamente nel mondo del lavoro<\/em>\u201d.<\/p>\n<h2>Gianni Lettieri sottolinea il contributo di partner e volontari per l\u2019iniziativa<\/h2>\n<p>Il Natale solidale promosso da <a title=\"Video e approfondimenti su Gianni Lettieri nella pagina Youtube\" href=\"https:\/\/www.youtube.com\/channel\/UCNrFdsPdMCEYyeozAHK_siA\"><strong>Gianni Lettieri<\/strong><\/a> ha messo al primo posto la qualit\u00e0: i beneficiari del progetto hanno potuto assaporare piatti tipici della tradizione napoletana (pizza con le scarole, struffoli, pasta e ceci, riso e fagioli, cannelloni, baccal\u00e0 fritto con friarielli) realizzati con materie prime legate al territorio. Particolare attenzione \u00e8 stata data alla conservazione degli alimenti e ai valori nutrizionali: \u201c<em>I feedback provenienti dalle famiglie sono stati tutti positivi. Il menu &#8211; composto da primo, secondo, contorno e pane &#8211; ogni giorno \u00e8 stato diverso e vario<\/em>\u201d, ha sottolineato l\u2019imprenditore. Infine, <strong>Gianni Lettieri<\/strong> ha voluto evidenziare come il successo dell\u2019iniziativa non sia dovuto solamente all\u2019impegno di Atitech, ma anche agli sforzi di partner e associazioni solidali, tra cui volontari di Larsec, che hanno fatto da personale di distribuzione, e dai dipendenti della cooperativa Klarc, che hanno lavorato duramente in cucina per presentare alle famiglie napoletane piatti all\u2019altezza. Il Presidente ha concluso auspicando ulteriori interventi in collaborazione con le istituzioni: \u201c<em>Atitech ha messo a disposizione i propri locali mensa come centro per raccogliere i pasti e distribuirli ai destinatari ma bisogna dire che i volontari sono stati la vera forza di quest&#8217;iniziativa e lo saranno ancora di pi\u00f9 se, come mi auguro, l&#8217;esperienza del Ristorante solidale nei prossimi mesi prender\u00e0 vita. Io ci sono, sono certo che il Comune di Napoli e le altre istituzioni locali vogliano fare la propria parte nell&#8217;interesse esclusivo della citt\u00e0<\/em>\u201d.<\/p>\n","protected":false},"excerpt":{"rendered":"<p>Sotto la guida del Presidente Gianni Lettieri, Atitech, societ\u00e0 leader nel settore della manutenzione degli aeromobili, ha rinnovato l\u2019iniziativa del Natale solidale, che ha messo a disposizione delle famiglie in difficolt\u00e0, per l\u2019intera durata del periodo natalizio, dei pasti caldi legati alla tradizione culinaria partenopea. Gianni Lettieri: la quarta edizione del Natale solidale di Atitech Atitech, sotto la guida del Presidente Gianni Lettieri, ha portato a termine anche la quarta<\/p>\n<p><a class=\"continue-reading\" href=\"https:\/\/www.article-marketing.eu\/comunicatistampa\/atitech-il-presidente-gianni-lettieri-presenta-le-iniziative-solidali-per-il-natale\/\">Continue reading&#8230;<\/a><\/p>\n","protected":false},"author":7190,"featured_media":0,"comment_status":"open","ping_status":"open","sticky":false,"template":"","format":"standard","meta":{"_monsterinsights_skip_tracking":false,"_monsterinsights_sitenote_active":false,"_monsterinsights_sitenote_note":"","_monsterinsights_sitenote_category":0,"footnotes":""},"categories":[362],"tags":[9494],"class_list":["post-30090","post","type-post","status-publish","format-standard","hentry","category-societa","tag-gianni-lettieri"],"yoast_head":"<!-- This site is optimized with the Yoast SEO plugin v27.3 - https:\/\/yoast.com\/product\/yoast-seo-wordpress\/ -->\n<title>Atitech, il Presidente Gianni Lettieri presenta le iniziative solidali per il Natale<\/title>\n<meta name=\"robots\" content=\"index, follow, max-snippet:-1, max-image-preview:large, max-video-preview:-1\" \/>\n<link rel=\"canonical\" href=\"https:\/\/www.article-marketing.eu\/comunicatistampa\/atitech-il-presidente-gianni-lettieri-presenta-le-iniziative-solidali-per-il-natale\/\" \/>\n<meta property=\"og:locale\" content=\"it_IT\" \/>\n<meta property=\"og:type\" content=\"article\" \/>\n<meta property=\"og:title\" content=\"Atitech, il Presidente Gianni Lettieri presenta le iniziative solidali per il Natale\" \/>\n<meta property=\"og:description\" content=\"Sotto la guida del Presidente Gianni Lettieri, Atitech, societ\u00e0 leader nel settore della manutenzione degli aeromobili, ha rinnovato l\u2019iniziativa del Natale solidale, che ha messo a disposizione delle famiglie in difficolt\u00e0, per l\u2019intera durata del periodo natalizio, dei pasti caldi legati alla tradizione culinaria partenopea. Gianni Lettieri: la quarta edizione del Natale solidale di Atitech Atitech, sotto la guida del Presidente Gianni Lettieri, ha portato a termine anche la quartaContinue reading...\" \/>\n<meta property=\"og:url\" content=\"https:\/\/www.article-marketing.eu\/comunicatistampa\/atitech-il-presidente-gianni-lettieri-presenta-le-iniziative-solidali-per-il-natale\/\" \/>\n<meta property=\"og:site_name\" content=\"Article Marketing\" \/>\n<meta property=\"article:published_time\" content=\"2024-03-30T06:13:38+00:00\" \/>\n<meta property=\"og:image\" content=\"https:\/\/www.giannilettieri.com\/wp-content\/uploads\/2020\/08\/gianni-lettieri-9.jpg\" \/>\n<meta name=\"author\" content=\"glofficeprnews\" \/>\n<meta name=\"twitter:card\" content=\"summary_large_image\" \/>\n<meta name=\"twitter:label1\" content=\"Scritto da\" \/>\n\t<meta name=\"twitter:data1\" content=\"glofficeprnews\" \/>\n\t<meta name=\"twitter:label2\" content=\"Tempo di lettura stimato\" \/>\n\t<meta name=\"twitter:data2\" content=\"4 minuti\" \/>\n<script type=\"application\/ld+json\" class=\"yoast-schema-graph\">{\"@context\":\"https:\\\/\\\/schema.org\",\"@graph\":[{\"@type\":\"Article\",\"@id\":\"https:\\\/\\\/www.article-marketing.eu\\\/comunicatistampa\\\/atitech-il-presidente-gianni-lettieri-presenta-le-iniziative-solidali-per-il-natale\\\/#article\",\"isPartOf\":{\"@id\":\"https:\\\/\\\/www.article-marketing.eu\\\/comunicatistampa\\\/atitech-il-presidente-gianni-lettieri-presenta-le-iniziative-solidali-per-il-natale\\\/\"},\"author\":{\"name\":\"glofficeprnews\",\"@id\":\"https:\\\/\\\/www.article-marketing.eu\\\/comunicatistampa\\\/#\\\/schema\\\/person\\\/e671b60aab591381d585023cd318a080\"},\"headline\":\"Atitech, il Presidente Gianni Lettieri presenta le iniziative solidali per il Natale\",\"datePublished\":\"2024-03-30T06:13:38+00:00\",\"mainEntityOfPage\":{\"@id\":\"https:\\\/\\\/www.article-marketing.eu\\\/comunicatistampa\\\/atitech-il-presidente-gianni-lettieri-presenta-le-iniziative-solidali-per-il-natale\\\/\"},\"wordCount\":562,\"commentCount\":0,\"image\":{\"@id\":\"https:\\\/\\\/www.article-marketing.eu\\\/comunicatistampa\\\/atitech-il-presidente-gianni-lettieri-presenta-le-iniziative-solidali-per-il-natale\\\/#primaryimage\"},\"thumbnailUrl\":\"https:\\\/\\\/www.giannilettieri.com\\\/wp-content\\\/uploads\\\/2020\\\/08\\\/gianni-lettieri-9.jpg\",\"keywords\":[\"Gianni Lettieri\"],\"articleSection\":[\"Societ\u00e0\"],\"inLanguage\":\"it-IT\",\"potentialAction\":[{\"@type\":\"CommentAction\",\"name\":\"Comment\",\"target\":[\"https:\\\/\\\/www.article-marketing.eu\\\/comunicatistampa\\\/atitech-il-presidente-gianni-lettieri-presenta-le-iniziative-solidali-per-il-natale\\\/#respond\"]}]},{\"@type\":\"WebPage\",\"@id\":\"https:\\\/\\\/www.article-marketing.eu\\\/comunicatistampa\\\/atitech-il-presidente-gianni-lettieri-presenta-le-iniziative-solidali-per-il-natale\\\/\",\"url\":\"https:\\\/\\\/www.article-marketing.eu\\\/comunicatistampa\\\/atitech-il-presidente-gianni-lettieri-presenta-le-iniziative-solidali-per-il-natale\\\/\",\"name\":\"Atitech, il Presidente Gianni Lettieri presenta le iniziative solidali per il Natale\",\"isPartOf\":{\"@id\":\"https:\\\/\\\/www.article-marketing.eu\\\/comunicatistampa\\\/#website\"},\"primaryImageOfPage\":{\"@id\":\"https:\\\/\\\/www.article-marketing.eu\\\/comunicatistampa\\\/atitech-il-presidente-gianni-lettieri-presenta-le-iniziative-solidali-per-il-natale\\\/#primaryimage\"},\"image\":{\"@id\":\"https:\\\/\\\/www.article-marketing.eu\\\/comunicatistampa\\\/atitech-il-presidente-gianni-lettieri-presenta-le-iniziative-solidali-per-il-natale\\\/#primaryimage\"},\"thumbnailUrl\":\"https:\\\/\\\/www.giannilettieri.com\\\/wp-content\\\/uploads\\\/2020\\\/08\\\/gianni-lettieri-9.jpg\",\"datePublished\":\"2024-03-30T06:13:38+00:00\",\"author\":{\"@id\":\"https:\\\/\\\/www.article-marketing.eu\\\/comunicatistampa\\\/#\\\/schema\\\/person\\\/e671b60aab591381d585023cd318a080\"},\"breadcrumb\":{\"@id\":\"https:\\\/\\\/www.article-marketing.eu\\\/comunicatistampa\\\/atitech-il-presidente-gianni-lettieri-presenta-le-iniziative-solidali-per-il-natale\\\/#breadcrumb\"},\"inLanguage\":\"it-IT\",\"potentialAction\":[{\"@type\":\"ReadAction\",\"target\":[\"https:\\\/\\\/www.article-marketing.eu\\\/comunicatistampa\\\/atitech-il-presidente-gianni-lettieri-presenta-le-iniziative-solidali-per-il-natale\\\/\"]}]},{\"@type\":\"ImageObject\",\"inLanguage\":\"it-IT\",\"@id\":\"https:\\\/\\\/www.article-marketing.eu\\\/comunicatistampa\\\/atitech-il-presidente-gianni-lettieri-presenta-le-iniziative-solidali-per-il-natale\\\/#primaryimage\",\"url\":\"https:\\\/\\\/www.giannilettieri.com\\\/wp-content\\\/uploads\\\/2020\\\/08\\\/gianni-lettieri-9.jpg\",\"contentUrl\":\"https:\\\/\\\/www.giannilettieri.com\\\/wp-content\\\/uploads\\\/2020\\\/08\\\/gianni-lettieri-9.jpg\"},{\"@type\":\"BreadcrumbList\",\"@id\":\"https:\\\/\\\/www.article-marketing.eu\\\/comunicatistampa\\\/atitech-il-presidente-gianni-lettieri-presenta-le-iniziative-solidali-per-il-natale\\\/#breadcrumb\",\"itemListElement\":[{\"@type\":\"ListItem\",\"position\":1,\"name\":\"Home\",\"item\":\"https:\\\/\\\/www.article-marketing.eu\\\/comunicatistampa\\\/\"},{\"@type\":\"ListItem\",\"position\":2,\"name\":\"Atitech, il Presidente Gianni Lettieri presenta le iniziative solidali per il Natale\"}]},{\"@type\":\"WebSite\",\"@id\":\"https:\\\/\\\/www.article-marketing.eu\\\/comunicatistampa\\\/#website\",\"url\":\"https:\\\/\\\/www.article-marketing.eu\\\/comunicatistampa\\\/\",\"name\":\"Article Marketing\",\"description\":\"article marketing &amp; press release\",\"potentialAction\":[{\"@type\":\"SearchAction\",\"target\":{\"@type\":\"EntryPoint\",\"urlTemplate\":\"https:\\\/\\\/www.article-marketing.eu\\\/comunicatistampa\\\/?s={search_term_string}\"},\"query-input\":{\"@type\":\"PropertyValueSpecification\",\"valueRequired\":true,\"valueName\":\"search_term_string\"}}],\"inLanguage\":\"it-IT\"},{\"@type\":\"Person\",\"@id\":\"https:\\\/\\\/www.article-marketing.eu\\\/comunicatistampa\\\/#\\\/schema\\\/person\\\/e671b60aab591381d585023cd318a080\",\"name\":\"glofficeprnews\",\"image\":{\"@type\":\"ImageObject\",\"inLanguage\":\"it-IT\",\"@id\":\"https:\\\/\\\/secure.gravatar.com\\\/avatar\\\/8c63f677859ecaebf1cc4c53ba163fd5a5836461425fd7fc8231273fff4dfb68?s=96&d=mm&r=g\",\"url\":\"https:\\\/\\\/secure.gravatar.com\\\/avatar\\\/8c63f677859ecaebf1cc4c53ba163fd5a5836461425fd7fc8231273fff4dfb68?s=96&d=mm&r=g\",\"contentUrl\":\"https:\\\/\\\/secure.gravatar.com\\\/avatar\\\/8c63f677859ecaebf1cc4c53ba163fd5a5836461425fd7fc8231273fff4dfb68?s=96&d=mm&r=g\",\"caption\":\"glofficeprnews\"},\"url\":\"https:\\\/\\\/www.article-marketing.eu\\\/comunicatistampa\\\/author\\\/glofficeprnews\\\/\"}]}<\/script>\n<!-- \/ Yoast SEO plugin. -->","yoast_head_json":{"title":"Atitech, il Presidente Gianni Lettieri presenta le iniziative solidali per il Natale","robots":{"index":"index","follow":"follow","max-snippet":"max-snippet:-1","max-image-preview":"max-image-preview:large","max-video-preview":"max-video-preview:-1"},"canonical":"https:\/\/www.article-marketing.eu\/comunicatistampa\/atitech-il-presidente-gianni-lettieri-presenta-le-iniziative-solidali-per-il-natale\/","og_locale":"it_IT","og_type":"article","og_title":"Atitech, il Presidente Gianni Lettieri presenta le iniziative solidali per il Natale","og_description":"Sotto la guida del Presidente Gianni Lettieri, Atitech, societ\u00e0 leader nel settore della manutenzione degli aeromobili, ha rinnovato l\u2019iniziativa del Natale solidale, che ha messo a disposizione delle famiglie in difficolt\u00e0, per l\u2019intera durata del periodo natalizio, dei pasti caldi legati alla tradizione culinaria partenopea. Gianni Lettieri: la quarta edizione del Natale solidale di Atitech Atitech, sotto la guida del Presidente Gianni Lettieri, ha portato a termine anche la quartaContinue reading...","og_url":"https:\/\/www.article-marketing.eu\/comunicatistampa\/atitech-il-presidente-gianni-lettieri-presenta-le-iniziative-solidali-per-il-natale\/","og_site_name":"Article Marketing","article_published_time":"2024-03-30T06:13:38+00:00","og_image":[{"url":"https:\/\/www.giannilettieri.com\/wp-content\/uploads\/2020\/08\/gianni-lettieri-9.jpg","type":"","width":"","height":""}],"author":"glofficeprnews","twitter_card":"summary_large_image","twitter_misc":{"Scritto da":"glofficeprnews","Tempo di lettura stimato":"4 minuti"},"schema":{"@context":"https:\/\/schema.org","@graph":[{"@type":"Article","@id":"https:\/\/www.article-marketing.eu\/comunicatistampa\/atitech-il-presidente-gianni-lettieri-presenta-le-iniziative-solidali-per-il-natale\/#article","isPartOf":{"@id":"https:\/\/www.article-marketing.eu\/comunicatistampa\/atitech-il-presidente-gianni-lettieri-presenta-le-iniziative-solidali-per-il-natale\/"},"author":{"name":"glofficeprnews","@id":"https:\/\/www.article-marketing.eu\/comunicatistampa\/#\/schema\/person\/e671b60aab591381d585023cd318a080"},"headline":"Atitech, il Presidente Gianni Lettieri presenta le iniziative solidali per il Natale","datePublished":"2024-03-30T06:13:38+00:00","mainEntityOfPage":{"@id":"https:\/\/www.article-marketing.eu\/comunicatistampa\/atitech-il-presidente-gianni-lettieri-presenta-le-iniziative-solidali-per-il-natale\/"},"wordCount":562,"commentCount":0,"image":{"@id":"https:\/\/www.article-marketing.eu\/comunicatistampa\/atitech-il-presidente-gianni-lettieri-presenta-le-iniziative-solidali-per-il-natale\/#primaryimage"},"thumbnailUrl":"https:\/\/www.giannilettieri.com\/wp-content\/uploads\/2020\/08\/gianni-lettieri-9.jpg","keywords":["Gianni Lettieri"],"articleSection":["Societ\u00e0"],"inLanguage":"it-IT","potentialAction":[{"@type":"CommentAction","name":"Comment","target":["https:\/\/www.article-marketing.eu\/comunicatistampa\/atitech-il-presidente-gianni-lettieri-presenta-le-iniziative-solidali-per-il-natale\/#respond"]}]},{"@type":"WebPage","@id":"https:\/\/www.article-marketing.eu\/comunicatistampa\/atitech-il-presidente-gianni-lettieri-presenta-le-iniziative-solidali-per-il-natale\/","url":"https:\/\/www.article-marketing.eu\/comunicatistampa\/atitech-il-presidente-gianni-lettieri-presenta-le-iniziative-solidali-per-il-natale\/","name":"Atitech, il Presidente Gianni Lettieri presenta le iniziative solidali per il Natale","isPartOf":{"@id":"https:\/\/www.article-marketing.eu\/comunicatistampa\/#website"},"primaryImageOfPage":{"@id":"https:\/\/www.article-marketing.eu\/comunicatistampa\/atitech-il-presidente-gianni-lettieri-presenta-le-iniziative-solidali-per-il-natale\/#primaryimage"},"image":{"@id":"https:\/\/www.article-marketing.eu\/comunicatistampa\/atitech-il-presidente-gianni-lettieri-presenta-le-iniziative-solidali-per-il-natale\/#primaryimage"},"thumbnailUrl":"https:\/\/www.giannilettieri.com\/wp-content\/uploads\/2020\/08\/gianni-lettieri-9.jpg","datePublished":"2024-03-30T06:13:38+00:00","author":{"@id":"https:\/\/www.article-marketing.eu\/comunicatistampa\/#\/schema\/person\/e671b60aab591381d585023cd318a080"},"breadcrumb":{"@id":"https:\/\/www.article-marketing.eu\/comunicatistampa\/atitech-il-presidente-gianni-lettieri-presenta-le-iniziative-solidali-per-il-natale\/#breadcrumb"},"inLanguage":"it-IT","potentialAction":[{"@type":"ReadAction","target":["https:\/\/www.article-marketing.eu\/comunicatistampa\/atitech-il-presidente-gianni-lettieri-presenta-le-iniziative-solidali-per-il-natale\/"]}]},{"@type":"ImageObject","inLanguage":"it-IT","@id":"https:\/\/www.article-marketing.eu\/comunicatistampa\/atitech-il-presidente-gianni-lettieri-presenta-le-iniziative-solidali-per-il-natale\/#primaryimage","url":"https:\/\/www.giannilettieri.com\/wp-content\/uploads\/2020\/08\/gianni-lettieri-9.jpg","contentUrl":"https:\/\/www.giannilettieri.com\/wp-content\/uploads\/2020\/08\/gianni-lettieri-9.jpg"},{"@type":"BreadcrumbList","@id":"https:\/\/www.article-marketing.eu\/comunicatistampa\/atitech-il-presidente-gianni-lettieri-presenta-le-iniziative-solidali-per-il-natale\/#breadcrumb","itemListElement":[{"@type":"ListItem","position":1,"name":"Home","item":"https:\/\/www.article-marketing.eu\/comunicatistampa\/"},{"@type":"ListItem","position":2,"name":"Atitech, il Presidente Gianni Lettieri presenta le iniziative solidali per il Natale"}]},{"@type":"WebSite","@id":"https:\/\/www.article-marketing.eu\/comunicatistampa\/#website","url":"https:\/\/www.article-marketing.eu\/comunicatistampa\/","name":"Article Marketing","description":"article marketing &amp; press release","potentialAction":[{"@type":"SearchAction","target":{"@type":"EntryPoint","urlTemplate":"https:\/\/www.article-marketing.eu\/comunicatistampa\/?s={search_term_string}"},"query-input":{"@type":"PropertyValueSpecification","valueRequired":true,"valueName":"search_term_string"}}],"inLanguage":"it-IT"},{"@type":"Person","@id":"https:\/\/www.article-marketing.eu\/comunicatistampa\/#\/schema\/person\/e671b60aab591381d585023cd318a080","name":"glofficeprnews","image":{"@type":"ImageObject","inLanguage":"it-IT","@id":"https:\/\/secure.gravatar.com\/avatar\/8c63f677859ecaebf1cc4c53ba163fd5a5836461425fd7fc8231273fff4dfb68?s=96&d=mm&r=g","url":"https:\/\/secure.gravatar.com\/avatar\/8c63f677859ecaebf1cc4c53ba163fd5a5836461425fd7fc8231273fff4dfb68?s=96&d=mm&r=g","contentUrl":"https:\/\/secure.gravatar.com\/avatar\/8c63f677859ecaebf1cc4c53ba163fd5a5836461425fd7fc8231273fff4dfb68?s=96&d=mm&r=g","caption":"glofficeprnews"},"url":"https:\/\/www.article-marketing.eu\/comunicatistampa\/author\/glofficeprnews\/"}]}},"_links":{"self":[{"href":"https:\/\/www.article-marketing.eu\/comunicatistampa\/wp-json\/wp\/v2\/posts\/30090","targetHints":{"allow":["GET"]}}],"collection":[{"href":"https:\/\/www.article-marketing.eu\/comunicatistampa\/wp-json\/wp\/v2\/posts"}],"about":[{"href":"https:\/\/www.article-marketing.eu\/comunicatistampa\/wp-json\/wp\/v2\/types\/post"}],"author":[{"embeddable":true,"href":"https:\/\/www.article-marketing.eu\/comunicatistampa\/wp-json\/wp\/v2\/users\/7190"}],"replies":[{"embeddable":true,"href":"https:\/\/www.article-marketing.eu\/comunicatistampa\/wp-json\/wp\/v2\/comments?post=30090"}],"version-history":[{"count":2,"href":"https:\/\/www.article-marketing.eu\/comunicatistampa\/wp-json\/wp\/v2\/posts\/30090\/revisions"}],"predecessor-version":[{"id":30324,"href":"https:\/\/www.article-marketing.eu\/comunicatistampa\/wp-json\/wp\/v2\/posts\/30090\/revisions\/30324"}],"wp:attachment":[{"href":"https:\/\/www.article-marketing.eu\/comunicatistampa\/wp-json\/wp\/v2\/media?parent=30090"}],"wp:term":[{"taxonomy":"category","embeddable":true,"href":"https:\/\/www.article-marketing.eu\/comunicatistampa\/wp-json\/wp\/v2\/categories?post=30090"},{"taxonomy":"post_tag","embeddable":true,"href":"https:\/\/www.article-marketing.eu\/comunicatistampa\/wp-json\/wp\/v2\/tags?post=30090"}],"curies":[{"name":"wp","href":"https:\/\/api.w.org\/{rel}","templated":true}]}}