{"id":30176,"date":"2024-03-19T15:14:15","date_gmt":"2024-03-19T14:14:15","guid":{"rendered":"https:\/\/www.article-marketing.eu\/comunicatistampa\/?p=30176"},"modified":"2024-03-19T15:14:15","modified_gmt":"2024-03-19T14:14:15","slug":"amsa-carlotta-ventura-alla-guida-come-presidente-per-il-triennio-2024-2026","status":"publish","type":"post","link":"https:\/\/www.article-marketing.eu\/comunicatistampa\/amsa-carlotta-ventura-alla-guida-come-presidente-per-il-triennio-2024-2026\/","title":{"rendered":"Amsa: Carlotta Ventura alla guida come Presidente per il triennio 2024-2026"},"content":{"rendered":"<p><strong><em>Nominata alla Presidenza di Amsa, <a title=\"Carlotta Ventura diventa Presidente di Amsa: l'articolo su &quot;La Repubblica&quot;\" href=\"https:\/\/milano.repubblica.it\/cronaca\/2024\/03\/08\/news\/carlotta_ventura_nuova_presidente_amsa-422278042\/\">Carlotta Ventura<\/a> porta con s\u00e9 un bagaglio di esperienza nel campo della sostenibilit\u00e0 ambientale. Nelle sue prime dichiarazioni \u00e8 emersa la volont\u00e0 di incentivare valori quali il rispetto e l\u2019inclusivit\u00e0.<\/em><\/strong><\/p>\n<p><strong>\u00a0<a title=\"Carlotta Ventura \u00e8 la nuova Presidente di Amsa\" href=\"https:\/\/milano.repubblica.it\/cronaca\/2024\/03\/08\/news\/carlotta_ventura_nuova_presidente_amsa-422278042\/\"><img loading=\"lazy\" decoding=\"async\" src=\"https:\/\/h2biz.net\/images\/Plats\/crop_min_20220711135621.jpg\" alt=\"Carlotta Ventura\" width=\"200\" height=\"200\" \/><\/a><\/strong><\/p>\n<h2>Carlotta Ventura a capo di Amsa come Presidente<\/h2>\n<p>Sar\u00e0 <a title=\"Amsa nomina Carlotta Ventura come nuova Presidente: i dettagli in un articolo su &quot;La Repubblica&quot;\" href=\"https:\/\/milano.repubblica.it\/cronaca\/2024\/03\/08\/news\/carlotta_ventura_nuova_presidente_amsa-422278042\/\"><strong>Carlotta Ventura<\/strong><\/a>, Direttore comunicazione, sostenibilit\u00e0 e affari regionali di A2A, a guidare per il triennio 2024-2026 la controllata Amsa in qualit\u00e0 di Presidente. Al suo fianco ci saranno Marcello Milano, in qualit\u00e0 di Amministratore Delegato, Giulia Isola, Daniela Martinazzi e Fulvio Roncari. La societ\u00e0 che si occupa di gestire rifiuti nell\u2019area di Milano e in alcuni Comuni dell\u2019hinterland potr\u00e0 contare sulle solide competenze di una manager con un ampio background nei settori dell\u2019energia, della mobilit\u00e0, delle telecomunicazioni e del digitale. <strong>Carlotta Ventura<\/strong> vanta infatti esperienze in realt\u00e0 quali Telecom Italia, Gruppo FS ed EY (Ernst &amp; Young) e, in particolare, con progetti legati alla sostenibilit\u00e0 ambientale, sociale, nonch\u00e9 all\u2019inclusione.<\/p>\n<h2>Carlotta Ventura: l\u2019impegno a favore di una cultura aziendale inclusiva<\/h2>\n<p>Il ruolo di Presidente di Amsa \u00e8 per <strong>Carlotta Ventura<\/strong> anche un\u2019opportunit\u00e0 per farsi promotrice di una cultura aziendale inclusiva. A dichiararlo \u00e8 stata proprio la manager: \u201c<em>Il mio impegno sar\u00e0 al servizio dei cittadini e del territorio cos\u00ec come la mia esperienza sui temi della sostenibilit\u00e0 ambientale. Nel prossimo triennio cercher\u00f2 di rappresentare al meglio il lavoro e il talento dei miei colleghi, promuovendo una cultura aziendale rispettosa del contributo di tutti e inclusiva<\/em>\u201d. L\u2019incarico \u00e8 stato inoltre definito dalla neopresidente \u201c<em>motivo di orgoglio<\/em>\u201d, per la possibilit\u00e0 offerta di \u201c<em>rappresentare una societ\u00e0 storica e riconosciuta da tutti per il contributo fondamentale dato alla qualit\u00e0 della vita e al decoro della citt\u00e0 di Milano<\/em>\u201d.<\/p>\n","protected":false},"excerpt":{"rendered":"<p>Nominata alla Presidenza di Amsa, Carlotta Ventura porta con s\u00e9 un bagaglio di esperienza nel campo della sostenibilit\u00e0 ambientale. Nelle sue prime dichiarazioni \u00e8 emersa la volont\u00e0 di incentivare valori quali il rispetto e l\u2019inclusivit\u00e0. \u00a0 Carlotta Ventura a capo di Amsa come Presidente Sar\u00e0 Carlotta Ventura, Direttore comunicazione, sostenibilit\u00e0 e affari regionali di A2A, a guidare per il triennio 2024-2026 la controllata Amsa in qualit\u00e0 di Presidente. Al suo<\/p>\n<p><a class=\"continue-reading\" href=\"https:\/\/www.article-marketing.eu\/comunicatistampa\/amsa-carlotta-ventura-alla-guida-come-presidente-per-il-triennio-2024-2026\/\">Continue reading&#8230;<\/a><\/p>\n","protected":false},"author":6477,"featured_media":0,"comment_status":"open","ping_status":"open","sticky":false,"template":"","format":"standard","meta":{"_monsterinsights_skip_tracking":false,"_monsterinsights_sitenote_active":false,"_monsterinsights_sitenote_note":"","_monsterinsights_sitenote_category":0,"footnotes":""},"categories":[390],"tags":[9538],"class_list":["post-30176","post","type-post","status-publish","format-standard","hentry","category-professionisti","tag-carlotta-ventura"],"yoast_head":"<!-- This site is optimized with the Yoast SEO plugin v27.3 - https:\/\/yoast.com\/product\/yoast-seo-wordpress\/ -->\n<title>Amsa: Carlotta Ventura alla guida come Presidente per il triennio 2024-2026<\/title>\n<meta name=\"description\" content=\"Dopo la nomina, Carlotta Ventura ha ribadito il suo impegno a favore di una cultura aziendale basata sul rispetto e sull\u2019inclusivit\u00e0\" \/>\n<meta name=\"robots\" content=\"index, follow, max-snippet:-1, max-image-preview:large, max-video-preview:-1\" \/>\n<link rel=\"canonical\" href=\"https:\/\/www.article-marketing.eu\/comunicatistampa\/amsa-carlotta-ventura-alla-guida-come-presidente-per-il-triennio-2024-2026\/\" \/>\n<meta property=\"og:locale\" content=\"it_IT\" \/>\n<meta property=\"og:type\" content=\"article\" \/>\n<meta property=\"og:title\" content=\"Amsa: Carlotta Ventura alla guida come Presidente per il triennio 2024-2026\" \/>\n<meta property=\"og:description\" content=\"Dopo la nomina, Carlotta Ventura ha ribadito il suo impegno a favore di una cultura aziendale basata sul rispetto e sull\u2019inclusivit\u00e0\" \/>\n<meta property=\"og:url\" content=\"https:\/\/www.article-marketing.eu\/comunicatistampa\/amsa-carlotta-ventura-alla-guida-come-presidente-per-il-triennio-2024-2026\/\" \/>\n<meta property=\"og:site_name\" content=\"Article Marketing\" \/>\n<meta property=\"article:published_time\" content=\"2024-03-19T14:14:15+00:00\" \/>\n<meta property=\"og:image\" content=\"https:\/\/h2biz.net\/images\/Plats\/crop_min_20220711135621.jpg\" \/>\n<meta name=\"author\" content=\"articolinews\" \/>\n<meta name=\"twitter:card\" content=\"summary_large_image\" \/>\n<meta name=\"twitter:label1\" content=\"Scritto da\" \/>\n\t<meta name=\"twitter:data1\" content=\"articolinews\" \/>\n\t<meta name=\"twitter:label2\" content=\"Tempo di lettura stimato\" \/>\n\t<meta name=\"twitter:data2\" content=\"2 minuti\" \/>\n<script type=\"application\/ld+json\" class=\"yoast-schema-graph\">{\"@context\":\"https:\\\/\\\/schema.org\",\"@graph\":[{\"@type\":\"Article\",\"@id\":\"https:\\\/\\\/www.article-marketing.eu\\\/comunicatistampa\\\/amsa-carlotta-ventura-alla-guida-come-presidente-per-il-triennio-2024-2026\\\/#article\",\"isPartOf\":{\"@id\":\"https:\\\/\\\/www.article-marketing.eu\\\/comunicatistampa\\\/amsa-carlotta-ventura-alla-guida-come-presidente-per-il-triennio-2024-2026\\\/\"},\"author\":{\"name\":\"articolinews\",\"@id\":\"https:\\\/\\\/www.article-marketing.eu\\\/comunicatistampa\\\/#\\\/schema\\\/person\\\/2fcaf8f8f3a9eef9eb7f27532d3ca458\"},\"headline\":\"Amsa: Carlotta Ventura alla guida come Presidente per il triennio 2024-2026\",\"datePublished\":\"2024-03-19T14:14:15+00:00\",\"mainEntityOfPage\":{\"@id\":\"https:\\\/\\\/www.article-marketing.eu\\\/comunicatistampa\\\/amsa-carlotta-ventura-alla-guida-come-presidente-per-il-triennio-2024-2026\\\/\"},\"wordCount\":293,\"commentCount\":0,\"image\":{\"@id\":\"https:\\\/\\\/www.article-marketing.eu\\\/comunicatistampa\\\/amsa-carlotta-ventura-alla-guida-come-presidente-per-il-triennio-2024-2026\\\/#primaryimage\"},\"thumbnailUrl\":\"https:\\\/\\\/h2biz.net\\\/images\\\/Plats\\\/crop_min_20220711135621.jpg\",\"keywords\":[\"Carlotta Ventura\"],\"articleSection\":[\"Professionisti\"],\"inLanguage\":\"it-IT\",\"potentialAction\":[{\"@type\":\"CommentAction\",\"name\":\"Comment\",\"target\":[\"https:\\\/\\\/www.article-marketing.eu\\\/comunicatistampa\\\/amsa-carlotta-ventura-alla-guida-come-presidente-per-il-triennio-2024-2026\\\/#respond\"]}]},{\"@type\":\"WebPage\",\"@id\":\"https:\\\/\\\/www.article-marketing.eu\\\/comunicatistampa\\\/amsa-carlotta-ventura-alla-guida-come-presidente-per-il-triennio-2024-2026\\\/\",\"url\":\"https:\\\/\\\/www.article-marketing.eu\\\/comunicatistampa\\\/amsa-carlotta-ventura-alla-guida-come-presidente-per-il-triennio-2024-2026\\\/\",\"name\":\"Amsa: Carlotta Ventura alla guida come Presidente per il triennio 2024-2026\",\"isPartOf\":{\"@id\":\"https:\\\/\\\/www.article-marketing.eu\\\/comunicatistampa\\\/#website\"},\"primaryImageOfPage\":{\"@id\":\"https:\\\/\\\/www.article-marketing.eu\\\/comunicatistampa\\\/amsa-carlotta-ventura-alla-guida-come-presidente-per-il-triennio-2024-2026\\\/#primaryimage\"},\"image\":{\"@id\":\"https:\\\/\\\/www.article-marketing.eu\\\/comunicatistampa\\\/amsa-carlotta-ventura-alla-guida-come-presidente-per-il-triennio-2024-2026\\\/#primaryimage\"},\"thumbnailUrl\":\"https:\\\/\\\/h2biz.net\\\/images\\\/Plats\\\/crop_min_20220711135621.jpg\",\"datePublished\":\"2024-03-19T14:14:15+00:00\",\"author\":{\"@id\":\"https:\\\/\\\/www.article-marketing.eu\\\/comunicatistampa\\\/#\\\/schema\\\/person\\\/2fcaf8f8f3a9eef9eb7f27532d3ca458\"},\"description\":\"Dopo la nomina, Carlotta Ventura ha ribadito il suo impegno a favore di una cultura aziendale basata sul rispetto e sull\u2019inclusivit\u00e0\",\"breadcrumb\":{\"@id\":\"https:\\\/\\\/www.article-marketing.eu\\\/comunicatistampa\\\/amsa-carlotta-ventura-alla-guida-come-presidente-per-il-triennio-2024-2026\\\/#breadcrumb\"},\"inLanguage\":\"it-IT\",\"potentialAction\":[{\"@type\":\"ReadAction\",\"target\":[\"https:\\\/\\\/www.article-marketing.eu\\\/comunicatistampa\\\/amsa-carlotta-ventura-alla-guida-come-presidente-per-il-triennio-2024-2026\\\/\"]}]},{\"@type\":\"ImageObject\",\"inLanguage\":\"it-IT\",\"@id\":\"https:\\\/\\\/www.article-marketing.eu\\\/comunicatistampa\\\/amsa-carlotta-ventura-alla-guida-come-presidente-per-il-triennio-2024-2026\\\/#primaryimage\",\"url\":\"https:\\\/\\\/h2biz.net\\\/images\\\/Plats\\\/crop_min_20220711135621.jpg\",\"contentUrl\":\"https:\\\/\\\/h2biz.net\\\/images\\\/Plats\\\/crop_min_20220711135621.jpg\"},{\"@type\":\"BreadcrumbList\",\"@id\":\"https:\\\/\\\/www.article-marketing.eu\\\/comunicatistampa\\\/amsa-carlotta-ventura-alla-guida-come-presidente-per-il-triennio-2024-2026\\\/#breadcrumb\",\"itemListElement\":[{\"@type\":\"ListItem\",\"position\":1,\"name\":\"Home\",\"item\":\"https:\\\/\\\/www.article-marketing.eu\\\/comunicatistampa\\\/\"},{\"@type\":\"ListItem\",\"position\":2,\"name\":\"Amsa: Carlotta Ventura alla guida come Presidente per il triennio 2024-2026\"}]},{\"@type\":\"WebSite\",\"@id\":\"https:\\\/\\\/www.article-marketing.eu\\\/comunicatistampa\\\/#website\",\"url\":\"https:\\\/\\\/www.article-marketing.eu\\\/comunicatistampa\\\/\",\"name\":\"Article Marketing\",\"description\":\"article marketing &amp; press release\",\"potentialAction\":[{\"@type\":\"SearchAction\",\"target\":{\"@type\":\"EntryPoint\",\"urlTemplate\":\"https:\\\/\\\/www.article-marketing.eu\\\/comunicatistampa\\\/?s={search_term_string}\"},\"query-input\":{\"@type\":\"PropertyValueSpecification\",\"valueRequired\":true,\"valueName\":\"search_term_string\"}}],\"inLanguage\":\"it-IT\"},{\"@type\":\"Person\",\"@id\":\"https:\\\/\\\/www.article-marketing.eu\\\/comunicatistampa\\\/#\\\/schema\\\/person\\\/2fcaf8f8f3a9eef9eb7f27532d3ca458\",\"name\":\"articolinews\",\"image\":{\"@type\":\"ImageObject\",\"inLanguage\":\"it-IT\",\"@id\":\"https:\\\/\\\/secure.gravatar.com\\\/avatar\\\/9e2a264bab04e17dea24d937c9956304649a848cb73c46747a692ff1bdeb1cb7?s=96&d=mm&r=g\",\"url\":\"https:\\\/\\\/secure.gravatar.com\\\/avatar\\\/9e2a264bab04e17dea24d937c9956304649a848cb73c46747a692ff1bdeb1cb7?s=96&d=mm&r=g\",\"contentUrl\":\"https:\\\/\\\/secure.gravatar.com\\\/avatar\\\/9e2a264bab04e17dea24d937c9956304649a848cb73c46747a692ff1bdeb1cb7?s=96&d=mm&r=g\",\"caption\":\"articolinews\"},\"url\":\"https:\\\/\\\/www.article-marketing.eu\\\/comunicatistampa\\\/author\\\/articolinews\\\/\"}]}<\/script>\n<!-- \/ Yoast SEO plugin. -->","yoast_head_json":{"title":"Amsa: Carlotta Ventura alla guida come Presidente per il triennio 2024-2026","description":"Dopo la nomina, Carlotta Ventura ha ribadito il suo impegno a favore di una cultura aziendale basata sul rispetto e sull\u2019inclusivit\u00e0","robots":{"index":"index","follow":"follow","max-snippet":"max-snippet:-1","max-image-preview":"max-image-preview:large","max-video-preview":"max-video-preview:-1"},"canonical":"https:\/\/www.article-marketing.eu\/comunicatistampa\/amsa-carlotta-ventura-alla-guida-come-presidente-per-il-triennio-2024-2026\/","og_locale":"it_IT","og_type":"article","og_title":"Amsa: Carlotta Ventura alla guida come Presidente per il triennio 2024-2026","og_description":"Dopo la nomina, Carlotta Ventura ha ribadito il suo impegno a favore di una cultura aziendale basata sul rispetto e sull\u2019inclusivit\u00e0","og_url":"https:\/\/www.article-marketing.eu\/comunicatistampa\/amsa-carlotta-ventura-alla-guida-come-presidente-per-il-triennio-2024-2026\/","og_site_name":"Article Marketing","article_published_time":"2024-03-19T14:14:15+00:00","og_image":[{"url":"https:\/\/h2biz.net\/images\/Plats\/crop_min_20220711135621.jpg","type":"","width":"","height":""}],"author":"articolinews","twitter_card":"summary_large_image","twitter_misc":{"Scritto da":"articolinews","Tempo di lettura stimato":"2 minuti"},"schema":{"@context":"https:\/\/schema.org","@graph":[{"@type":"Article","@id":"https:\/\/www.article-marketing.eu\/comunicatistampa\/amsa-carlotta-ventura-alla-guida-come-presidente-per-il-triennio-2024-2026\/#article","isPartOf":{"@id":"https:\/\/www.article-marketing.eu\/comunicatistampa\/amsa-carlotta-ventura-alla-guida-come-presidente-per-il-triennio-2024-2026\/"},"author":{"name":"articolinews","@id":"https:\/\/www.article-marketing.eu\/comunicatistampa\/#\/schema\/person\/2fcaf8f8f3a9eef9eb7f27532d3ca458"},"headline":"Amsa: Carlotta Ventura alla guida come Presidente per il triennio 2024-2026","datePublished":"2024-03-19T14:14:15+00:00","mainEntityOfPage":{"@id":"https:\/\/www.article-marketing.eu\/comunicatistampa\/amsa-carlotta-ventura-alla-guida-come-presidente-per-il-triennio-2024-2026\/"},"wordCount":293,"commentCount":0,"image":{"@id":"https:\/\/www.article-marketing.eu\/comunicatistampa\/amsa-carlotta-ventura-alla-guida-come-presidente-per-il-triennio-2024-2026\/#primaryimage"},"thumbnailUrl":"https:\/\/h2biz.net\/images\/Plats\/crop_min_20220711135621.jpg","keywords":["Carlotta Ventura"],"articleSection":["Professionisti"],"inLanguage":"it-IT","potentialAction":[{"@type":"CommentAction","name":"Comment","target":["https:\/\/www.article-marketing.eu\/comunicatistampa\/amsa-carlotta-ventura-alla-guida-come-presidente-per-il-triennio-2024-2026\/#respond"]}]},{"@type":"WebPage","@id":"https:\/\/www.article-marketing.eu\/comunicatistampa\/amsa-carlotta-ventura-alla-guida-come-presidente-per-il-triennio-2024-2026\/","url":"https:\/\/www.article-marketing.eu\/comunicatistampa\/amsa-carlotta-ventura-alla-guida-come-presidente-per-il-triennio-2024-2026\/","name":"Amsa: Carlotta Ventura alla guida come Presidente per il triennio 2024-2026","isPartOf":{"@id":"https:\/\/www.article-marketing.eu\/comunicatistampa\/#website"},"primaryImageOfPage":{"@id":"https:\/\/www.article-marketing.eu\/comunicatistampa\/amsa-carlotta-ventura-alla-guida-come-presidente-per-il-triennio-2024-2026\/#primaryimage"},"image":{"@id":"https:\/\/www.article-marketing.eu\/comunicatistampa\/amsa-carlotta-ventura-alla-guida-come-presidente-per-il-triennio-2024-2026\/#primaryimage"},"thumbnailUrl":"https:\/\/h2biz.net\/images\/Plats\/crop_min_20220711135621.jpg","datePublished":"2024-03-19T14:14:15+00:00","author":{"@id":"https:\/\/www.article-marketing.eu\/comunicatistampa\/#\/schema\/person\/2fcaf8f8f3a9eef9eb7f27532d3ca458"},"description":"Dopo la nomina, Carlotta Ventura ha ribadito il suo impegno a favore di una cultura aziendale basata sul rispetto e sull\u2019inclusivit\u00e0","breadcrumb":{"@id":"https:\/\/www.article-marketing.eu\/comunicatistampa\/amsa-carlotta-ventura-alla-guida-come-presidente-per-il-triennio-2024-2026\/#breadcrumb"},"inLanguage":"it-IT","potentialAction":[{"@type":"ReadAction","target":["https:\/\/www.article-marketing.eu\/comunicatistampa\/amsa-carlotta-ventura-alla-guida-come-presidente-per-il-triennio-2024-2026\/"]}]},{"@type":"ImageObject","inLanguage":"it-IT","@id":"https:\/\/www.article-marketing.eu\/comunicatistampa\/amsa-carlotta-ventura-alla-guida-come-presidente-per-il-triennio-2024-2026\/#primaryimage","url":"https:\/\/h2biz.net\/images\/Plats\/crop_min_20220711135621.jpg","contentUrl":"https:\/\/h2biz.net\/images\/Plats\/crop_min_20220711135621.jpg"},{"@type":"BreadcrumbList","@id":"https:\/\/www.article-marketing.eu\/comunicatistampa\/amsa-carlotta-ventura-alla-guida-come-presidente-per-il-triennio-2024-2026\/#breadcrumb","itemListElement":[{"@type":"ListItem","position":1,"name":"Home","item":"https:\/\/www.article-marketing.eu\/comunicatistampa\/"},{"@type":"ListItem","position":2,"name":"Amsa: Carlotta Ventura alla guida come Presidente per il triennio 2024-2026"}]},{"@type":"WebSite","@id":"https:\/\/www.article-marketing.eu\/comunicatistampa\/#website","url":"https:\/\/www.article-marketing.eu\/comunicatistampa\/","name":"Article Marketing","description":"article marketing &amp; press release","potentialAction":[{"@type":"SearchAction","target":{"@type":"EntryPoint","urlTemplate":"https:\/\/www.article-marketing.eu\/comunicatistampa\/?s={search_term_string}"},"query-input":{"@type":"PropertyValueSpecification","valueRequired":true,"valueName":"search_term_string"}}],"inLanguage":"it-IT"},{"@type":"Person","@id":"https:\/\/www.article-marketing.eu\/comunicatistampa\/#\/schema\/person\/2fcaf8f8f3a9eef9eb7f27532d3ca458","name":"articolinews","image":{"@type":"ImageObject","inLanguage":"it-IT","@id":"https:\/\/secure.gravatar.com\/avatar\/9e2a264bab04e17dea24d937c9956304649a848cb73c46747a692ff1bdeb1cb7?s=96&d=mm&r=g","url":"https:\/\/secure.gravatar.com\/avatar\/9e2a264bab04e17dea24d937c9956304649a848cb73c46747a692ff1bdeb1cb7?s=96&d=mm&r=g","contentUrl":"https:\/\/secure.gravatar.com\/avatar\/9e2a264bab04e17dea24d937c9956304649a848cb73c46747a692ff1bdeb1cb7?s=96&d=mm&r=g","caption":"articolinews"},"url":"https:\/\/www.article-marketing.eu\/comunicatistampa\/author\/articolinews\/"}]}},"_links":{"self":[{"href":"https:\/\/www.article-marketing.eu\/comunicatistampa\/wp-json\/wp\/v2\/posts\/30176","targetHints":{"allow":["GET"]}}],"collection":[{"href":"https:\/\/www.article-marketing.eu\/comunicatistampa\/wp-json\/wp\/v2\/posts"}],"about":[{"href":"https:\/\/www.article-marketing.eu\/comunicatistampa\/wp-json\/wp\/v2\/types\/post"}],"author":[{"embeddable":true,"href":"https:\/\/www.article-marketing.eu\/comunicatistampa\/wp-json\/wp\/v2\/users\/6477"}],"replies":[{"embeddable":true,"href":"https:\/\/www.article-marketing.eu\/comunicatistampa\/wp-json\/wp\/v2\/comments?post=30176"}],"version-history":[{"count":2,"href":"https:\/\/www.article-marketing.eu\/comunicatistampa\/wp-json\/wp\/v2\/posts\/30176\/revisions"}],"predecessor-version":[{"id":30198,"href":"https:\/\/www.article-marketing.eu\/comunicatistampa\/wp-json\/wp\/v2\/posts\/30176\/revisions\/30198"}],"wp:attachment":[{"href":"https:\/\/www.article-marketing.eu\/comunicatistampa\/wp-json\/wp\/v2\/media?parent=30176"}],"wp:term":[{"taxonomy":"category","embeddable":true,"href":"https:\/\/www.article-marketing.eu\/comunicatistampa\/wp-json\/wp\/v2\/categories?post=30176"},{"taxonomy":"post_tag","embeddable":true,"href":"https:\/\/www.article-marketing.eu\/comunicatistampa\/wp-json\/wp\/v2\/tags?post=30176"}],"curies":[{"name":"wp","href":"https:\/\/api.w.org\/{rel}","templated":true}]}}