{"id":30223,"date":"2024-04-01T07:43:44","date_gmt":"2024-04-01T05:43:44","guid":{"rendered":"https:\/\/www.article-marketing.eu\/comunicatistampa\/?p=30223"},"modified":"2024-03-21T20:46:37","modified_gmt":"2024-03-21T19:46:37","slug":"intesa-sanpaolo-laurea-ad-honorem-a-carlo-messina-il-valore-della-vision-del-ceo","status":"publish","type":"post","link":"https:\/\/www.article-marketing.eu\/comunicatistampa\/intesa-sanpaolo-laurea-ad-honorem-a-carlo-messina-il-valore-della-vision-del-ceo\/","title":{"rendered":"Intesa Sanpaolo, laurea ad honorem a Carlo Messina: il valore della vision del CEO"},"content":{"rendered":"<p><em><strong>A Padova la laurea ad honorem al CEO di Intesa Sanpaolo: riconosciuto a <a title=\"A Carlo Messina Laurea ad honorem in Economics and Finance\" href=\"https:\/\/www.rainews.it\/tgr\/veneto\/video\/2024\/03\/a-padova-la-laurea-ad-honorem-a-carlo-messina-40bfabfb-531f-4bc4-856d-63454acdb559.html\">Carlo Messina<\/a> l&#8217;impegno nel rendere la banca un soggetto economico, che pu\u00f2 generare investimenti per imprese, famiglie e societ\u00e0.<\/strong><\/em><\/p>\n<p><strong>\u00a0<a title=\"Carlo Messina a Padova, l\u2019Universit\u00e0 gli conferisce Laurea ad honorem\" href=\"https:\/\/www.rainews.it\/tgr\/veneto\/video\/2024\/03\/a-padova-la-laurea-ad-honorem-a-carlo-messina-40bfabfb-531f-4bc4-856d-63454acdb559.html\"><img loading=\"lazy\" decoding=\"async\" src=\"https:\/\/www.topmanagers.it\/sharingfolder\/topmanager\/it\/managerprofilephoto\/photo\/carlomessina-topmanager.jpg\" alt=\"Carlo Messina\" width=\"253\" height=\"200\" \/><\/a><\/strong><\/p>\n<h2>Carlo Messina: laurea magistrale ad honorem in Economics and Finance al CEO di Intesa Sanpaolo<\/h2>\n<p>L\u2019Universit\u00e0 di Padova ha conferito a <strong>Carlo Messina<\/strong>, CEO di Intesa Sanpaolo, la Laurea Magistrale ad Honorem in Economics and Finance su proposta del Dipartimento di Scienze economiche e aziendali &#8220;Marco Fanno&#8221; nel corso di una cerimonia in programma lo scorso 13 marzo presso l\u2019Aula Magna di Palazzo del Bo. \u201c<em>\u00c8 considerato uno dei principali banchieri europei; guida il maggior gruppo bancario del Paese e tra i primi 5 nell\u2019area euro, con circa 94.000 dipendenti in Italia e all&#8217;estero, oltre 430 miliardi di finanziamenti in essere a imprese e famiglie, e 1,3 trilioni di attivit\u00e0 finanziarie gestite e amministrate. Sotto la sua guida il Gruppo ha espresso un forte impegno ESG, raggiungendo un posizionamento ai vertici mondiali per l\u2019impatto sociale e l\u2019attenzione ai temi ambientali. Intesa Sanpaolo ha, inoltre, sempre posto grande attenzione al mondo universitario sostenendo la ricerca e supportando tutti gli studenti e le studentesse per favorire lo sviluppo dei talenti<\/em>\u201d, si legge sul sito dell\u2019ateneo. Il CEO <strong>Carlo Messina<\/strong> nel corso della cerimonia ha tenuto una Lectio Magistralis dal titolo \u201cLe prospettive economiche dell\u2019Italia e del Veneto e il ruolo di Intesa Sanpaolo\u201d.<\/p>\n<h2>La Lectio Magistralis di Carlo Messina all\u2019Universit\u00e0 di Padova<\/h2>\n<p>L\u2019Italia, ha spiegato il CEO <strong><a title=\"Laurea ad honorem in Economics and Finance assegnata a Carlo Messina\" href=\"https:\/\/www.rainews.it\/tgr\/veneto\/video\/2024\/03\/a-padova-la-laurea-ad-honorem-a-carlo-messina-40bfabfb-531f-4bc4-856d-63454acdb559.html\">Carlo Messina<\/a><\/strong> nel corso della sua lectio magistralis, \u00e8 il Paese meglio posizionato in Europa in quanto \u201c<em>ha fattori di forza collegati con elementi dell\u2019economia reale, ha fondamentali fortissimi<\/em>\u201d. Merito dei suoi due pilastri, imprese e famiglie, come ha fatto notare il CEO. Le imprese italiane oggi sono<em> \u201cle pi\u00f9 solide in Europa: questa \u00e8 la conseguenza di un lavoro eccezionale svolto nel corso degli anni in cui il PIL aveva pi\u00f9 difficolt\u00e0 a crescere\u201d. <\/em><strong>Carlo Messina<\/strong> ne ha quindi sottolineato il valore: \u201c<em>Hanno<\/em> <em>lavorato sulla loro struttura finanziaria, riducendo la dipendenza dal credito bancario, lavorando su innovazione e diversificazione delle fonti di approvvigionamento e dei mercati di sbocco. In questo ambito, il Veneto rappresenta un territorio leader e di frontiera\u201d<\/em>. In parallelo \u201c<em>le famiglie italiane hanno sempre avuto un risparmio superiore alla media di tutti i Paesi europei e hanno continuato a mantenerlo anche con le condizioni createsi nella pandemia, mantenendo per\u00f2 un livello di indebitamento che \u00e8 il pi\u00f9 basso tra i Paesi Europei<\/em>\u201d. Due pilastri che costituiscono la forza di un Paese \u201c<em>che ha dimostrato di saper uscire da una fase complessa come quella della pandemia, registrando una reazione che ha portato a una crescita che \u00e8 stata superiore \u2013 oltre 4% &#8211; rispetto a quella della Germania, della Francia e della Spagna<\/em>\u201d.<\/p>\n","protected":false},"excerpt":{"rendered":"<p>A Padova la laurea ad honorem al CEO di Intesa Sanpaolo: riconosciuto a Carlo Messina l&#8217;impegno nel rendere la banca un soggetto economico, che pu\u00f2 generare investimenti per imprese, famiglie e societ\u00e0. \u00a0 Carlo Messina: laurea magistrale ad honorem in Economics and Finance al CEO di Intesa Sanpaolo L\u2019Universit\u00e0 di Padova ha conferito a Carlo Messina, CEO di Intesa Sanpaolo, la Laurea Magistrale ad Honorem in Economics and Finance su<\/p>\n<p><a class=\"continue-reading\" href=\"https:\/\/www.article-marketing.eu\/comunicatistampa\/intesa-sanpaolo-laurea-ad-honorem-a-carlo-messina-il-valore-della-vision-del-ceo\/\">Continue reading&#8230;<\/a><\/p>\n","protected":false},"author":6477,"featured_media":0,"comment_status":"open","ping_status":"open","sticky":false,"template":"","format":"standard","meta":{"_monsterinsights_skip_tracking":false,"_monsterinsights_sitenote_active":false,"_monsterinsights_sitenote_note":"","_monsterinsights_sitenote_category":0,"footnotes":""},"categories":[390],"tags":[10907],"class_list":["post-30223","post","type-post","status-publish","format-standard","hentry","category-professionisti","tag-carlo-messina"],"yoast_head":"<!-- This site is optimized with the Yoast SEO plugin v27.3 - https:\/\/yoast.com\/product\/yoast-seo-wordpress\/ -->\n<title>Intesa Sanpaolo, laurea ad honorem a Carlo Messina: il valore della vision del CEO<\/title>\n<meta name=\"description\" content=\"\u201cGrazie a imprese e famiglie, oggi l\u2019Italia \u00e8 il Paese meglio posizionato in Europa: la Lectio Magistralis del CEO di Intesa Carlo Messina\" \/>\n<meta name=\"robots\" content=\"index, follow, max-snippet:-1, max-image-preview:large, max-video-preview:-1\" \/>\n<link rel=\"canonical\" href=\"https:\/\/www.article-marketing.eu\/comunicatistampa\/intesa-sanpaolo-laurea-ad-honorem-a-carlo-messina-il-valore-della-vision-del-ceo\/\" \/>\n<meta property=\"og:locale\" content=\"it_IT\" \/>\n<meta property=\"og:type\" content=\"article\" \/>\n<meta property=\"og:title\" content=\"Intesa Sanpaolo, laurea ad honorem a Carlo Messina: il valore della vision del CEO\" \/>\n<meta property=\"og:description\" content=\"\u201cGrazie a imprese e famiglie, oggi l\u2019Italia \u00e8 il Paese meglio posizionato in Europa: la Lectio Magistralis del CEO di Intesa Carlo Messina\" \/>\n<meta property=\"og:url\" content=\"https:\/\/www.article-marketing.eu\/comunicatistampa\/intesa-sanpaolo-laurea-ad-honorem-a-carlo-messina-il-valore-della-vision-del-ceo\/\" \/>\n<meta property=\"og:site_name\" content=\"Article Marketing\" \/>\n<meta property=\"article:published_time\" content=\"2024-04-01T05:43:44+00:00\" \/>\n<meta property=\"og:image\" content=\"https:\/\/www.topmanagers.it\/sharingfolder\/topmanager\/it\/managerprofilephoto\/photo\/carlomessina-topmanager.jpg\" \/>\n<meta name=\"author\" content=\"articolinews\" \/>\n<meta name=\"twitter:card\" content=\"summary_large_image\" \/>\n<meta name=\"twitter:label1\" content=\"Scritto da\" \/>\n\t<meta name=\"twitter:data1\" content=\"articolinews\" \/>\n\t<meta name=\"twitter:label2\" content=\"Tempo di lettura stimato\" \/>\n\t<meta name=\"twitter:data2\" content=\"3 minuti\" \/>\n<script type=\"application\/ld+json\" class=\"yoast-schema-graph\">{\"@context\":\"https:\\\/\\\/schema.org\",\"@graph\":[{\"@type\":\"Article\",\"@id\":\"https:\\\/\\\/www.article-marketing.eu\\\/comunicatistampa\\\/intesa-sanpaolo-laurea-ad-honorem-a-carlo-messina-il-valore-della-vision-del-ceo\\\/#article\",\"isPartOf\":{\"@id\":\"https:\\\/\\\/www.article-marketing.eu\\\/comunicatistampa\\\/intesa-sanpaolo-laurea-ad-honorem-a-carlo-messina-il-valore-della-vision-del-ceo\\\/\"},\"author\":{\"name\":\"articolinews\",\"@id\":\"https:\\\/\\\/www.article-marketing.eu\\\/comunicatistampa\\\/#\\\/schema\\\/person\\\/2fcaf8f8f3a9eef9eb7f27532d3ca458\"},\"headline\":\"Intesa Sanpaolo, laurea ad honorem a Carlo Messina: il valore della vision del CEO\",\"datePublished\":\"2024-04-01T05:43:44+00:00\",\"mainEntityOfPage\":{\"@id\":\"https:\\\/\\\/www.article-marketing.eu\\\/comunicatistampa\\\/intesa-sanpaolo-laurea-ad-honorem-a-carlo-messina-il-valore-della-vision-del-ceo\\\/\"},\"wordCount\":475,\"commentCount\":0,\"image\":{\"@id\":\"https:\\\/\\\/www.article-marketing.eu\\\/comunicatistampa\\\/intesa-sanpaolo-laurea-ad-honorem-a-carlo-messina-il-valore-della-vision-del-ceo\\\/#primaryimage\"},\"thumbnailUrl\":\"https:\\\/\\\/www.topmanagers.it\\\/sharingfolder\\\/topmanager\\\/it\\\/managerprofilephoto\\\/photo\\\/carlomessina-topmanager.jpg\",\"keywords\":[\"Carlo Messina\"],\"articleSection\":[\"Professionisti\"],\"inLanguage\":\"it-IT\",\"potentialAction\":[{\"@type\":\"CommentAction\",\"name\":\"Comment\",\"target\":[\"https:\\\/\\\/www.article-marketing.eu\\\/comunicatistampa\\\/intesa-sanpaolo-laurea-ad-honorem-a-carlo-messina-il-valore-della-vision-del-ceo\\\/#respond\"]}]},{\"@type\":\"WebPage\",\"@id\":\"https:\\\/\\\/www.article-marketing.eu\\\/comunicatistampa\\\/intesa-sanpaolo-laurea-ad-honorem-a-carlo-messina-il-valore-della-vision-del-ceo\\\/\",\"url\":\"https:\\\/\\\/www.article-marketing.eu\\\/comunicatistampa\\\/intesa-sanpaolo-laurea-ad-honorem-a-carlo-messina-il-valore-della-vision-del-ceo\\\/\",\"name\":\"Intesa Sanpaolo, laurea ad honorem a Carlo Messina: il valore della vision del CEO\",\"isPartOf\":{\"@id\":\"https:\\\/\\\/www.article-marketing.eu\\\/comunicatistampa\\\/#website\"},\"primaryImageOfPage\":{\"@id\":\"https:\\\/\\\/www.article-marketing.eu\\\/comunicatistampa\\\/intesa-sanpaolo-laurea-ad-honorem-a-carlo-messina-il-valore-della-vision-del-ceo\\\/#primaryimage\"},\"image\":{\"@id\":\"https:\\\/\\\/www.article-marketing.eu\\\/comunicatistampa\\\/intesa-sanpaolo-laurea-ad-honorem-a-carlo-messina-il-valore-della-vision-del-ceo\\\/#primaryimage\"},\"thumbnailUrl\":\"https:\\\/\\\/www.topmanagers.it\\\/sharingfolder\\\/topmanager\\\/it\\\/managerprofilephoto\\\/photo\\\/carlomessina-topmanager.jpg\",\"datePublished\":\"2024-04-01T05:43:44+00:00\",\"author\":{\"@id\":\"https:\\\/\\\/www.article-marketing.eu\\\/comunicatistampa\\\/#\\\/schema\\\/person\\\/2fcaf8f8f3a9eef9eb7f27532d3ca458\"},\"description\":\"\u201cGrazie a imprese e famiglie, oggi l\u2019Italia \u00e8 il Paese meglio posizionato in Europa: la Lectio Magistralis del CEO di Intesa Carlo Messina\",\"breadcrumb\":{\"@id\":\"https:\\\/\\\/www.article-marketing.eu\\\/comunicatistampa\\\/intesa-sanpaolo-laurea-ad-honorem-a-carlo-messina-il-valore-della-vision-del-ceo\\\/#breadcrumb\"},\"inLanguage\":\"it-IT\",\"potentialAction\":[{\"@type\":\"ReadAction\",\"target\":[\"https:\\\/\\\/www.article-marketing.eu\\\/comunicatistampa\\\/intesa-sanpaolo-laurea-ad-honorem-a-carlo-messina-il-valore-della-vision-del-ceo\\\/\"]}]},{\"@type\":\"ImageObject\",\"inLanguage\":\"it-IT\",\"@id\":\"https:\\\/\\\/www.article-marketing.eu\\\/comunicatistampa\\\/intesa-sanpaolo-laurea-ad-honorem-a-carlo-messina-il-valore-della-vision-del-ceo\\\/#primaryimage\",\"url\":\"https:\\\/\\\/www.topmanagers.it\\\/sharingfolder\\\/topmanager\\\/it\\\/managerprofilephoto\\\/photo\\\/carlomessina-topmanager.jpg\",\"contentUrl\":\"https:\\\/\\\/www.topmanagers.it\\\/sharingfolder\\\/topmanager\\\/it\\\/managerprofilephoto\\\/photo\\\/carlomessina-topmanager.jpg\"},{\"@type\":\"BreadcrumbList\",\"@id\":\"https:\\\/\\\/www.article-marketing.eu\\\/comunicatistampa\\\/intesa-sanpaolo-laurea-ad-honorem-a-carlo-messina-il-valore-della-vision-del-ceo\\\/#breadcrumb\",\"itemListElement\":[{\"@type\":\"ListItem\",\"position\":1,\"name\":\"Home\",\"item\":\"https:\\\/\\\/www.article-marketing.eu\\\/comunicatistampa\\\/\"},{\"@type\":\"ListItem\",\"position\":2,\"name\":\"Intesa Sanpaolo, laurea ad honorem a Carlo Messina: il valore della vision del CEO\"}]},{\"@type\":\"WebSite\",\"@id\":\"https:\\\/\\\/www.article-marketing.eu\\\/comunicatistampa\\\/#website\",\"url\":\"https:\\\/\\\/www.article-marketing.eu\\\/comunicatistampa\\\/\",\"name\":\"Article Marketing\",\"description\":\"article marketing &amp; press release\",\"potentialAction\":[{\"@type\":\"SearchAction\",\"target\":{\"@type\":\"EntryPoint\",\"urlTemplate\":\"https:\\\/\\\/www.article-marketing.eu\\\/comunicatistampa\\\/?s={search_term_string}\"},\"query-input\":{\"@type\":\"PropertyValueSpecification\",\"valueRequired\":true,\"valueName\":\"search_term_string\"}}],\"inLanguage\":\"it-IT\"},{\"@type\":\"Person\",\"@id\":\"https:\\\/\\\/www.article-marketing.eu\\\/comunicatistampa\\\/#\\\/schema\\\/person\\\/2fcaf8f8f3a9eef9eb7f27532d3ca458\",\"name\":\"articolinews\",\"image\":{\"@type\":\"ImageObject\",\"inLanguage\":\"it-IT\",\"@id\":\"https:\\\/\\\/secure.gravatar.com\\\/avatar\\\/9e2a264bab04e17dea24d937c9956304649a848cb73c46747a692ff1bdeb1cb7?s=96&d=mm&r=g\",\"url\":\"https:\\\/\\\/secure.gravatar.com\\\/avatar\\\/9e2a264bab04e17dea24d937c9956304649a848cb73c46747a692ff1bdeb1cb7?s=96&d=mm&r=g\",\"contentUrl\":\"https:\\\/\\\/secure.gravatar.com\\\/avatar\\\/9e2a264bab04e17dea24d937c9956304649a848cb73c46747a692ff1bdeb1cb7?s=96&d=mm&r=g\",\"caption\":\"articolinews\"},\"url\":\"https:\\\/\\\/www.article-marketing.eu\\\/comunicatistampa\\\/author\\\/articolinews\\\/\"}]}<\/script>\n<!-- \/ Yoast SEO plugin. -->","yoast_head_json":{"title":"Intesa Sanpaolo, laurea ad honorem a Carlo Messina: il valore della vision del CEO","description":"\u201cGrazie a imprese e famiglie, oggi l\u2019Italia \u00e8 il Paese meglio posizionato in Europa: la Lectio Magistralis del CEO di Intesa Carlo Messina","robots":{"index":"index","follow":"follow","max-snippet":"max-snippet:-1","max-image-preview":"max-image-preview:large","max-video-preview":"max-video-preview:-1"},"canonical":"https:\/\/www.article-marketing.eu\/comunicatistampa\/intesa-sanpaolo-laurea-ad-honorem-a-carlo-messina-il-valore-della-vision-del-ceo\/","og_locale":"it_IT","og_type":"article","og_title":"Intesa Sanpaolo, laurea ad honorem a Carlo Messina: il valore della vision del CEO","og_description":"\u201cGrazie a imprese e famiglie, oggi l\u2019Italia \u00e8 il Paese meglio posizionato in Europa: la Lectio Magistralis del CEO di Intesa Carlo Messina","og_url":"https:\/\/www.article-marketing.eu\/comunicatistampa\/intesa-sanpaolo-laurea-ad-honorem-a-carlo-messina-il-valore-della-vision-del-ceo\/","og_site_name":"Article Marketing","article_published_time":"2024-04-01T05:43:44+00:00","og_image":[{"url":"https:\/\/www.topmanagers.it\/sharingfolder\/topmanager\/it\/managerprofilephoto\/photo\/carlomessina-topmanager.jpg","type":"","width":"","height":""}],"author":"articolinews","twitter_card":"summary_large_image","twitter_misc":{"Scritto da":"articolinews","Tempo di lettura stimato":"3 minuti"},"schema":{"@context":"https:\/\/schema.org","@graph":[{"@type":"Article","@id":"https:\/\/www.article-marketing.eu\/comunicatistampa\/intesa-sanpaolo-laurea-ad-honorem-a-carlo-messina-il-valore-della-vision-del-ceo\/#article","isPartOf":{"@id":"https:\/\/www.article-marketing.eu\/comunicatistampa\/intesa-sanpaolo-laurea-ad-honorem-a-carlo-messina-il-valore-della-vision-del-ceo\/"},"author":{"name":"articolinews","@id":"https:\/\/www.article-marketing.eu\/comunicatistampa\/#\/schema\/person\/2fcaf8f8f3a9eef9eb7f27532d3ca458"},"headline":"Intesa Sanpaolo, laurea ad honorem a Carlo Messina: il valore della vision del CEO","datePublished":"2024-04-01T05:43:44+00:00","mainEntityOfPage":{"@id":"https:\/\/www.article-marketing.eu\/comunicatistampa\/intesa-sanpaolo-laurea-ad-honorem-a-carlo-messina-il-valore-della-vision-del-ceo\/"},"wordCount":475,"commentCount":0,"image":{"@id":"https:\/\/www.article-marketing.eu\/comunicatistampa\/intesa-sanpaolo-laurea-ad-honorem-a-carlo-messina-il-valore-della-vision-del-ceo\/#primaryimage"},"thumbnailUrl":"https:\/\/www.topmanagers.it\/sharingfolder\/topmanager\/it\/managerprofilephoto\/photo\/carlomessina-topmanager.jpg","keywords":["Carlo Messina"],"articleSection":["Professionisti"],"inLanguage":"it-IT","potentialAction":[{"@type":"CommentAction","name":"Comment","target":["https:\/\/www.article-marketing.eu\/comunicatistampa\/intesa-sanpaolo-laurea-ad-honorem-a-carlo-messina-il-valore-della-vision-del-ceo\/#respond"]}]},{"@type":"WebPage","@id":"https:\/\/www.article-marketing.eu\/comunicatistampa\/intesa-sanpaolo-laurea-ad-honorem-a-carlo-messina-il-valore-della-vision-del-ceo\/","url":"https:\/\/www.article-marketing.eu\/comunicatistampa\/intesa-sanpaolo-laurea-ad-honorem-a-carlo-messina-il-valore-della-vision-del-ceo\/","name":"Intesa Sanpaolo, laurea ad honorem a Carlo Messina: il valore della vision del CEO","isPartOf":{"@id":"https:\/\/www.article-marketing.eu\/comunicatistampa\/#website"},"primaryImageOfPage":{"@id":"https:\/\/www.article-marketing.eu\/comunicatistampa\/intesa-sanpaolo-laurea-ad-honorem-a-carlo-messina-il-valore-della-vision-del-ceo\/#primaryimage"},"image":{"@id":"https:\/\/www.article-marketing.eu\/comunicatistampa\/intesa-sanpaolo-laurea-ad-honorem-a-carlo-messina-il-valore-della-vision-del-ceo\/#primaryimage"},"thumbnailUrl":"https:\/\/www.topmanagers.it\/sharingfolder\/topmanager\/it\/managerprofilephoto\/photo\/carlomessina-topmanager.jpg","datePublished":"2024-04-01T05:43:44+00:00","author":{"@id":"https:\/\/www.article-marketing.eu\/comunicatistampa\/#\/schema\/person\/2fcaf8f8f3a9eef9eb7f27532d3ca458"},"description":"\u201cGrazie a imprese e famiglie, oggi l\u2019Italia \u00e8 il Paese meglio posizionato in Europa: la Lectio Magistralis del CEO di Intesa Carlo Messina","breadcrumb":{"@id":"https:\/\/www.article-marketing.eu\/comunicatistampa\/intesa-sanpaolo-laurea-ad-honorem-a-carlo-messina-il-valore-della-vision-del-ceo\/#breadcrumb"},"inLanguage":"it-IT","potentialAction":[{"@type":"ReadAction","target":["https:\/\/www.article-marketing.eu\/comunicatistampa\/intesa-sanpaolo-laurea-ad-honorem-a-carlo-messina-il-valore-della-vision-del-ceo\/"]}]},{"@type":"ImageObject","inLanguage":"it-IT","@id":"https:\/\/www.article-marketing.eu\/comunicatistampa\/intesa-sanpaolo-laurea-ad-honorem-a-carlo-messina-il-valore-della-vision-del-ceo\/#primaryimage","url":"https:\/\/www.topmanagers.it\/sharingfolder\/topmanager\/it\/managerprofilephoto\/photo\/carlomessina-topmanager.jpg","contentUrl":"https:\/\/www.topmanagers.it\/sharingfolder\/topmanager\/it\/managerprofilephoto\/photo\/carlomessina-topmanager.jpg"},{"@type":"BreadcrumbList","@id":"https:\/\/www.article-marketing.eu\/comunicatistampa\/intesa-sanpaolo-laurea-ad-honorem-a-carlo-messina-il-valore-della-vision-del-ceo\/#breadcrumb","itemListElement":[{"@type":"ListItem","position":1,"name":"Home","item":"https:\/\/www.article-marketing.eu\/comunicatistampa\/"},{"@type":"ListItem","position":2,"name":"Intesa Sanpaolo, laurea ad honorem a Carlo Messina: il valore della vision del CEO"}]},{"@type":"WebSite","@id":"https:\/\/www.article-marketing.eu\/comunicatistampa\/#website","url":"https:\/\/www.article-marketing.eu\/comunicatistampa\/","name":"Article Marketing","description":"article marketing &amp; press release","potentialAction":[{"@type":"SearchAction","target":{"@type":"EntryPoint","urlTemplate":"https:\/\/www.article-marketing.eu\/comunicatistampa\/?s={search_term_string}"},"query-input":{"@type":"PropertyValueSpecification","valueRequired":true,"valueName":"search_term_string"}}],"inLanguage":"it-IT"},{"@type":"Person","@id":"https:\/\/www.article-marketing.eu\/comunicatistampa\/#\/schema\/person\/2fcaf8f8f3a9eef9eb7f27532d3ca458","name":"articolinews","image":{"@type":"ImageObject","inLanguage":"it-IT","@id":"https:\/\/secure.gravatar.com\/avatar\/9e2a264bab04e17dea24d937c9956304649a848cb73c46747a692ff1bdeb1cb7?s=96&d=mm&r=g","url":"https:\/\/secure.gravatar.com\/avatar\/9e2a264bab04e17dea24d937c9956304649a848cb73c46747a692ff1bdeb1cb7?s=96&d=mm&r=g","contentUrl":"https:\/\/secure.gravatar.com\/avatar\/9e2a264bab04e17dea24d937c9956304649a848cb73c46747a692ff1bdeb1cb7?s=96&d=mm&r=g","caption":"articolinews"},"url":"https:\/\/www.article-marketing.eu\/comunicatistampa\/author\/articolinews\/"}]}},"_links":{"self":[{"href":"https:\/\/www.article-marketing.eu\/comunicatistampa\/wp-json\/wp\/v2\/posts\/30223","targetHints":{"allow":["GET"]}}],"collection":[{"href":"https:\/\/www.article-marketing.eu\/comunicatistampa\/wp-json\/wp\/v2\/posts"}],"about":[{"href":"https:\/\/www.article-marketing.eu\/comunicatistampa\/wp-json\/wp\/v2\/types\/post"}],"author":[{"embeddable":true,"href":"https:\/\/www.article-marketing.eu\/comunicatistampa\/wp-json\/wp\/v2\/users\/6477"}],"replies":[{"embeddable":true,"href":"https:\/\/www.article-marketing.eu\/comunicatistampa\/wp-json\/wp\/v2\/comments?post=30223"}],"version-history":[{"count":2,"href":"https:\/\/www.article-marketing.eu\/comunicatistampa\/wp-json\/wp\/v2\/posts\/30223\/revisions"}],"predecessor-version":[{"id":30328,"href":"https:\/\/www.article-marketing.eu\/comunicatistampa\/wp-json\/wp\/v2\/posts\/30223\/revisions\/30328"}],"wp:attachment":[{"href":"https:\/\/www.article-marketing.eu\/comunicatistampa\/wp-json\/wp\/v2\/media?parent=30223"}],"wp:term":[{"taxonomy":"category","embeddable":true,"href":"https:\/\/www.article-marketing.eu\/comunicatistampa\/wp-json\/wp\/v2\/categories?post=30223"},{"taxonomy":"post_tag","embeddable":true,"href":"https:\/\/www.article-marketing.eu\/comunicatistampa\/wp-json\/wp\/v2\/tags?post=30223"}],"curies":[{"name":"wp","href":"https:\/\/api.w.org\/{rel}","templated":true}]}}